{"id":361862,"date":"2025-08-22T00:05:54","date_gmt":"2025-08-22T03:05:54","guid":{"rendered":"https:\/\/www.notibras.com\/site\/?p=361862"},"modified":"2025-08-22T06:57:22","modified_gmt":"2025-08-22T09:57:22","slug":"saiba-como-participar-de-mais-uma-edicao-do-mcdia-feliz","status":"publish","type":"post","link":"https:\/\/www.notibras.com\/site\/saiba-como-participar-de-mais-uma-edicao-do-mcdia-feliz\/","title":{"rendered":"Saiba como participar de mais uma edi\u00e7\u00e3o do McDia Feliz"},"content":{"rendered":"<p>O McDia Feliz, principal campanha solid\u00e1ria do McDonald\u2019s em prol da sa\u00fade e educa\u00e7\u00e3o de crian\u00e7as e jovens, acontece no s\u00e1bado, 23 de agosto, em todo o Brasil.<\/p>\n<p>Durante o dia, toda a renda gerada com as vendas de sandu\u00edches Big Mac, exceto alguns impostos, ser\u00e1 revertida para o Instituto Ronald McDonald e para o Instituto Ayrton Senna. Neste ano, quem completa o time da corrente do bem como embaixadora da campanha \u00e9 a skatista Rayssa Leal.<\/p>\n<p>Para fazer parte da corrente do bem e contribuir com aumento das chances de cura do c\u00e2ncer infantojuvenil no Brasil, al\u00e9m da amplia\u00e7\u00e3o de oportunidades para jovens por meio da educa\u00e7\u00e3o p\u00fablica de qualidade, basta o consumidor adquirir um sandu\u00edche Big Mac no dia da campanha, s\u00e1bado, 23 de agosto.<\/p>\n<p>O pedido pode ser feito em qualquer canal de atendimento dos restaurantes McDonald&#8217;s participantes, seja pelo Pe\u00e7a e Retire, Drive-Thru, balc\u00e3o e totens de autoatendimento. Os que quiserem participar sem sair de casa podem contribuir atrav\u00e9s do McDelivery no app do McDonald\u2019s, ou pelo app do iFood.<\/p>\n","protected":false},"excerpt":{"rendered":"<p>O McDia Feliz, principal campanha solid\u00e1ria do McDonald\u2019s em prol da sa\u00fade e educa\u00e7\u00e3o de crian\u00e7as e jovens, acontece no s\u00e1bado, 23 de agosto, em todo o Brasil. Durante o dia, toda a renda gerada com as vendas de sandu\u00edches Big Mac, exceto alguns impostos, ser\u00e1 revertida para o Instituto Ronald McDonald e para o [&hellip;]<\/p>\n","protected":false},"author":2,"featured_media":361863,"comment_status":"closed","ping_status":"closed","sticky":false,"template":"","format":"standard","meta":{"_acf_changed":false,"footnotes":""},"categories":[161],"tags":[],"class_list":["post-361862","post","type-post","status-publish","format-standard","has-post-thumbnail","hentry","category-quadradinho-em-foco"],"acf":[],"_links":{"self":[{"href":"https:\/\/www.notibras.com\/site\/wp-json\/wp\/v2\/posts\/361862","targetHints":{"allow":["GET"]}}],"collection":[{"href":"https:\/\/www.notibras.com\/site\/wp-json\/wp\/v2\/posts"}],"about":[{"href":"https:\/\/www.notibras.com\/site\/wp-json\/wp\/v2\/types\/post"}],"author":[{"embeddable":true,"href":"https:\/\/www.notibras.com\/site\/wp-json\/wp\/v2\/users\/2"}],"replies":[{"embeddable":true,"href":"https:\/\/www.notibras.com\/site\/wp-json\/wp\/v2\/comments?post=361862"}],"version-history":[{"count":1,"href":"https:\/\/www.notibras.com\/site\/wp-json\/wp\/v2\/posts\/361862\/revisions"}],"predecessor-version":[{"id":361864,"href":"https:\/\/www.notibras.com\/site\/wp-json\/wp\/v2\/posts\/361862\/revisions\/361864"}],"wp:featuredmedia":[{"embeddable":true,"href":"https:\/\/www.notibras.com\/site\/wp-json\/wp\/v2\/media\/361863"}],"wp:attachment":[{"href":"https:\/\/www.notibras.com\/site\/wp-json\/wp\/v2\/media?parent=361862"}],"wp:term":[{"taxonomy":"category","embeddable":true,"href":"https:\/\/www.notibras.com\/site\/wp-json\/wp\/v2\/categories?post=361862"},{"taxonomy":"post_tag","embeddable":true,"href":"https:\/\/www.notibras.com\/site\/wp-json\/wp\/v2\/tags?post=361862"}],"curies":[{"name":"wp","href":"https:\/\/api.w.org\/{rel}","templated":true}]}}