{"id":361968,"date":"2025-08-24T00:56:26","date_gmt":"2025-08-24T03:56:26","guid":{"rendered":"https:\/\/www.notibras.com\/site\/?p=361968"},"modified":"2025-08-24T09:40:10","modified_gmt":"2025-08-24T12:40:10","slug":"o-panteismo-no-seio-profundo-das-religioes-e-crencas-pagas","status":"publish","type":"post","link":"https:\/\/www.notibras.com\/site\/o-panteismo-no-seio-profundo-das-religioes-e-crencas-pagas\/","title":{"rendered":"O Pante\u00edsmo no seio profundo das religi\u00f5es e cren\u00e7as pag\u00e3s"},"content":{"rendered":"<p>O pante\u00edsmo \u00e9 o sistema de cren\u00e7a daqueles que sustentam\/defendem que a totalidade do universo \u00e9 o \u00fanico Deus. Esta cosmovis\u00e3o e, simultaneamente, doutrina filos\u00f3fica afirma que o Universo inteiro, a Natureza e Deus s\u00e3o a mesma coisa. Noutros termos, a exist\u00eancia, e tudo o que foi, \u00e9 e ser\u00e1, pode ser representada atrav\u00e9s da no\u00e7\u00e3o teol\u00f3gica de Deus. Assim, a concep\u00e7\u00e3o de que o divino se manifesta em toda a realidade c\u00f3smica, ocupa lugar central nas cren\u00e7as pag\u00e3s antigas e encontra continuidade no pensamento religioso contempor\u00e2neo da Wicca, que concebe o Cosmo como a manifesta\u00e7\u00e3o do sagrado. Na pr\u00e1tica pag\u00e3, isso implica uma espiritualidade profundamente integrada \u00e0 terra, aos ciclos naturais e aos Elementos da Natureza.<\/p>\n<p>Nas religi\u00f5es pag\u00e3s da Antiguidade, como a greco-romana, a celta e a eg\u00edpcia, a presen\u00e7a do divino na natureza era evidente. Montanhas, rios, astros e animais eram compreendidos como manifesta\u00e7\u00f5es da divindade, reverenciada por meio de ritos e oferendas. Entre os celtas, por exemplo, os bosques eram templos vivos; entre os eg\u00edpcios, o deus-sol Amon-R\u00e1 se confundia com o pr\u00f3prio cosmos. A filosofia estoica levou essa concep\u00e7\u00e3o a um n\u00edvel mais elaborado, ao afirmar que o universo \u00e9 animado pelo Logos, princ\u00edpio racional e divino que governa o cosmos.<\/p>\n<p>No Egito Antigo, apesar da multiplicidade de deuses, o deus solar Aton representava a ess\u00eancia de toda a cria\u00e7\u00e3o, unificando o divino com o universo vis\u00edvel. Essa tend\u00eancia tamb\u00e9m se encontra no hindu\u00edsmo v\u00e9dico, em que Brahman \u00e9 compreendido como realidade \u00faltima imanente e transcendente, aproximando-se de um pante\u00edsmo filos\u00f3fico.<\/p>\n<p>Entre os povos ancestrais americanos, a sacralidade da natureza tamb\u00e9m se refletia em pr\u00e1ticas religiosas pante\u00edstas. O culto aos bosques sagrados, \u00e0s \u00e1guas e \u00e0s pedras revelava uma percep\u00e7\u00e3o da iman\u00eancia do sagrado na mat\u00e9ria. A pr\u00f3pria figura da deusa-m\u00e3e, s\u00edmbolo da fertilidade e da terra, evidencia a identifica\u00e7\u00e3o entre divindade e natureza.<\/p>\n<p>Em muitas religi\u00f5es tradicionais africanas, a rela\u00e7\u00e3o entre o divino e o mundo natural \u00e9 vista de forma integrada, com a natureza sendo considerada sagrada e habitada por for\u00e7as espirituais.<\/p>\n<p>Todavia, o pante\u00edsmo pag\u00e3o difere do monote\u00edsmo por rejeitar a separa\u00e7\u00e3o entre criador e criatura. Enquanto no cristianismo e no juda\u00edsmo o divino \u00e9 distinto da cria\u00e7\u00e3o, no pante\u00edsmo o cosmos \u00e9 o pr\u00f3prio corpo divino. No entanto, o pante\u00edsmo n\u00e3o deve ser confundido com o polite\u00edsmo. Embora muitas religi\u00f5es pag\u00e3s cultuassem diversos deuses, esses eram frequentemente compreendidos como manifesta\u00e7\u00f5es de uma for\u00e7a \u00fanica e universal.<\/p>\n<p>Para os wiccanos, a divindade manifesta-se tanto na polaridade do Deus e da Deusa quanto em todas as formas de vida. Essa concep\u00e7\u00e3o \u00e9 simultaneamente polite\u00edsta e pante\u00edsta, pois os deuses s\u00e3o m\u00faltiplos e aut\u00f4nomos, mas tamb\u00e9m expressam a unidade c\u00f3smica do Todo. Um dos aspectos mais pante\u00edstas da Wicca \u00e9 a sua \u00eanfase nos ciclos da natureza, celebrados nos sabbats (solst\u00edcios, equin\u00f3cios e festivais sazonais). Tais ritos n\u00e3o apenas marcam a passagem do tempo, mas reafirmam a identidade do divino com a pr\u00f3pria terra. A roda do ano simboliza, portanto, a interpenetra\u00e7\u00e3o entre deuses, natureza e humanidade, em um movimento cont\u00ednuo de morte e renascimento.<\/p>\n<p>Do ponto de vista esot\u00e9rico, o pante\u00edsmo nas cren\u00e7as pag\u00e3s estabelece uma vis\u00e3o unit\u00e1ria da realidade, em que o ser humano \u00e9 parte integrante do cosmos divinizado. Esse princ\u00edpio foi herdado por correntes herm\u00e9ticas, alqu\u00edmicas e pela pr\u00f3pria magia renascentista, nas quais o Universo \u00e9 concebido como um \u201clivro vivo\u201d no qual o divino se manifesta em todas as coisas.<\/p>\n<p>Assim, o pante\u00edsmo pag\u00e3o n\u00e3o se resume a uma mera filosofia da Natureza, mas constitui uma verdadeira espiritualidade c\u00f3smica, na qual n\u00e3o h\u00e1 fronteiras r\u00edgidas entre Homem, Natureza e Divindade. Ao contr\u00e1rio do modelo transcendente das religi\u00f5es monote\u00edstas, o pante\u00edsmo entende o mundo vis\u00edvel como a express\u00e3o imediata do sagrado, numa vis\u00e3o integrada do ser e da totalidade.<\/p>\n<p>E voc\u00ea, qual a sua opini\u00e3o sobre a exist\u00eancia de um \u00danico Deus Universal?<br \/>\n&#8230;&#8230;&#8230;&#8230;&#8230;&#8230;&#8230;<\/p>\n<p><strong>Hussein Sabra el-Awar \u00e9 membro Conselheiro do Col\u00e9gio dos Magos e Sacerdotisas<\/strong><br \/>\n<strong>@colegiodosmagosesacerdotisas<\/strong><\/p>\n","protected":false},"excerpt":{"rendered":"<p>O pante\u00edsmo \u00e9 o sistema de cren\u00e7a daqueles que sustentam\/defendem que a totalidade do universo \u00e9 o \u00fanico Deus. Esta cosmovis\u00e3o e, simultaneamente, doutrina filos\u00f3fica afirma que o Universo inteiro, a Natureza e Deus s\u00e3o a mesma coisa. Noutros termos, a exist\u00eancia, e tudo o que foi, \u00e9 e ser\u00e1, pode ser representada atrav\u00e9s da [&hellip;]<\/p>\n","protected":false},"author":2,"featured_media":361969,"comment_status":"closed","ping_status":"closed","sticky":false,"template":"","format":"standard","meta":{"_acf_changed":false,"footnotes":""},"categories":[237],"tags":[],"class_list":["post-361968","post","type-post","status-publish","format-standard","has-post-thumbnail","hentry","category-oraculos"],"acf":[],"yoast_head":"<!-- This site is optimized with the Yoast SEO plugin v27.2 - https:\/\/yoast.com\/product\/yoast-seo-wordpress\/ -->\n<title>O Pante\u00edsmo no seio profundo das religi\u00f5es e cren\u00e7as pag\u00e3s - Notibras<\/title>\n<meta name=\"robots\" content=\"index, follow, max-snippet:-1, max-image-preview:large, max-video-preview:-1\" \/>\n<link rel=\"canonical\" href=\"https:\/\/www.notibras.com\/site\/o-panteismo-no-seio-profundo-das-religioes-e-crencas-pagas\/\" \/>\n<meta property=\"og:locale\" content=\"pt_BR\" \/>\n<meta property=\"og:type\" content=\"article\" \/>\n<meta property=\"og:title\" content=\"O Pante\u00edsmo no seio profundo das religi\u00f5es e cren\u00e7as pag\u00e3s - Notibras\" \/>\n<meta property=\"og:description\" content=\"O pante\u00edsmo \u00e9 o sistema de cren\u00e7a daqueles que sustentam\/defendem que a totalidade do universo \u00e9 o \u00fanico Deus. Esta cosmovis\u00e3o e, simultaneamente, doutrina filos\u00f3fica afirma que o Universo inteiro, a Natureza e Deus s\u00e3o a mesma coisa. Noutros termos, a exist\u00eancia, e tudo o que foi, \u00e9 e ser\u00e1, pode ser representada atrav\u00e9s da [&hellip;]\" \/>\n<meta property=\"og:url\" content=\"https:\/\/www.notibras.com\/site\/o-panteismo-no-seio-profundo-das-religioes-e-crencas-pagas\/\" \/>\n<meta property=\"og:site_name\" content=\"Notibras\" \/>\n<meta property=\"article:publisher\" content=\"https:\/\/www.facebook.com\/notibras\/\" \/>\n<meta property=\"article:published_time\" content=\"2025-08-24T03:56:26+00:00\" \/>\n<meta property=\"article:modified_time\" content=\"2025-08-24T12:40:10+00:00\" \/>\n<meta property=\"og:image\" content=\"https:\/\/www.notibras.com\/site\/wp-content\/uploads\/2025\/08\/4f885318-48ed-4c86-b521-5d39db5abe8e.jpg\" \/>\n\t<meta property=\"og:image:width\" content=\"768\" \/>\n\t<meta property=\"og:image:height\" content=\"1408\" \/>\n\t<meta property=\"og:image:type\" content=\"image\/jpeg\" \/>\n<meta name=\"author\" content=\"Reda\u00e7\u00e3o\" \/>\n<meta name=\"twitter:card\" content=\"summary_large_image\" \/>\n<meta name=\"twitter:creator\" content=\"@Notibras\" \/>\n<meta name=\"twitter:site\" content=\"@Notibras\" \/>\n<meta name=\"twitter:label1\" content=\"Escrito por\" \/>\n\t<meta name=\"twitter:data1\" content=\"Reda\u00e7\u00e3o\" \/>\n\t<meta name=\"twitter:label2\" content=\"Est. tempo de leitura\" \/>\n\t<meta name=\"twitter:data2\" content=\"4 minutos\" \/>\n<script type=\"application\/ld+json\" class=\"yoast-schema-graph\">{\"@context\":\"https:\/\/schema.org\",\"@graph\":[{\"@type\":\"Article\",\"@id\":\"https:\/\/www.notibras.com\/site\/o-panteismo-no-seio-profundo-das-religioes-e-crencas-pagas\/#article\",\"isPartOf\":{\"@id\":\"https:\/\/www.notibras.com\/site\/o-panteismo-no-seio-profundo-das-religioes-e-crencas-pagas\/\"},\"author\":{\"name\":\"Reda\u00e7\u00e3o\",\"@id\":\"https:\/\/www.notibras.com\/site\/#\/schema\/person\/36ab0979449956132d3e5b517ea76ac8\"},\"headline\":\"O Pante\u00edsmo no seio profundo das religi\u00f5es e cren\u00e7as pag\u00e3s\",\"datePublished\":\"2025-08-24T03:56:26+00:00\",\"dateModified\":\"2025-08-24T12:40:10+00:00\",\"mainEntityOfPage\":{\"@id\":\"https:\/\/www.notibras.com\/site\/o-panteismo-no-seio-profundo-das-religioes-e-crencas-pagas\/\"},\"wordCount\":761,\"publisher\":{\"@id\":\"https:\/\/www.notibras.com\/site\/#organization\"},\"image\":{\"@id\":\"https:\/\/www.notibras.com\/site\/o-panteismo-no-seio-profundo-das-religioes-e-crencas-pagas\/#primaryimage\"},\"thumbnailUrl\":\"https:\/\/www.notibras.com\/site\/wp-content\/uploads\/2025\/08\/4f885318-48ed-4c86-b521-5d39db5abe8e.jpg\",\"articleSection\":[\"Or\u00e1culos\"],\"inLanguage\":\"pt-BR\"},{\"@type\":\"WebPage\",\"@id\":\"https:\/\/www.notibras.com\/site\/o-panteismo-no-seio-profundo-das-religioes-e-crencas-pagas\/\",\"url\":\"https:\/\/www.notibras.com\/site\/o-panteismo-no-seio-profundo-das-religioes-e-crencas-pagas\/\",\"name\":\"O Pante\u00edsmo no seio profundo das religi\u00f5es e cren\u00e7as pag\u00e3s - Notibras\",\"isPartOf\":{\"@id\":\"https:\/\/www.notibras.com\/site\/#website\"},\"primaryImageOfPage\":{\"@id\":\"https:\/\/www.notibras.com\/site\/o-panteismo-no-seio-profundo-das-religioes-e-crencas-pagas\/#primaryimage\"},\"image\":{\"@id\":\"https:\/\/www.notibras.com\/site\/o-panteismo-no-seio-profundo-das-religioes-e-crencas-pagas\/#primaryimage\"},\"thumbnailUrl\":\"https:\/\/www.notibras.com\/site\/wp-content\/uploads\/2025\/08\/4f885318-48ed-4c86-b521-5d39db5abe8e.jpg\",\"datePublished\":\"2025-08-24T03:56:26+00:00\",\"dateModified\":\"2025-08-24T12:40:10+00:00\",\"breadcrumb\":{\"@id\":\"https:\/\/www.notibras.com\/site\/o-panteismo-no-seio-profundo-das-religioes-e-crencas-pagas\/#breadcrumb\"},\"inLanguage\":\"pt-BR\",\"potentialAction\":[{\"@type\":\"ReadAction\",\"target\":[\"https:\/\/www.notibras.com\/site\/o-panteismo-no-seio-profundo-das-religioes-e-crencas-pagas\/\"]}]},{\"@type\":\"ImageObject\",\"inLanguage\":\"pt-BR\",\"@id\":\"https:\/\/www.notibras.com\/site\/o-panteismo-no-seio-profundo-das-religioes-e-crencas-pagas\/#primaryimage\",\"url\":\"https:\/\/www.notibras.com\/site\/wp-content\/uploads\/2025\/08\/4f885318-48ed-4c86-b521-5d39db5abe8e.jpg\",\"contentUrl\":\"https:\/\/www.notibras.com\/site\/wp-content\/uploads\/2025\/08\/4f885318-48ed-4c86-b521-5d39db5abe8e.jpg\",\"width\":768,\"height\":1408},{\"@type\":\"BreadcrumbList\",\"@id\":\"https:\/\/www.notibras.com\/site\/o-panteismo-no-seio-profundo-das-religioes-e-crencas-pagas\/#breadcrumb\",\"itemListElement\":[{\"@type\":\"ListItem\",\"position\":1,\"name\":\"In\u00edcio\",\"item\":\"https:\/\/www.notibras.com\/site\/\"},{\"@type\":\"ListItem\",\"position\":2,\"name\":\"O Pante\u00edsmo no seio profundo das religi\u00f5es e cren\u00e7as pag\u00e3s\"}]},{\"@type\":\"WebSite\",\"@id\":\"https:\/\/www.notibras.com\/site\/#website\",\"url\":\"https:\/\/www.notibras.com\/site\/\",\"name\":\"Notibras\",\"description\":\"Not\u00edcias de Bras\u00edlia, do Brasil e do Mundo\",\"publisher\":{\"@id\":\"https:\/\/www.notibras.com\/site\/#organization\"},\"potentialAction\":[{\"@type\":\"SearchAction\",\"target\":{\"@type\":\"EntryPoint\",\"urlTemplate\":\"https:\/\/www.notibras.com\/site\/?s={search_term_string}\"},\"query-input\":{\"@type\":\"PropertyValueSpecification\",\"valueRequired\":true,\"valueName\":\"search_term_string\"}}],\"inLanguage\":\"pt-BR\"},{\"@type\":\"Organization\",\"@id\":\"https:\/\/www.notibras.com\/site\/#organization\",\"name\":\"Grupo Notibras de Comunica\u00e7\u00e3o\",\"url\":\"https:\/\/www.notibras.com\/site\/\",\"logo\":{\"@type\":\"ImageObject\",\"inLanguage\":\"pt-BR\",\"@id\":\"https:\/\/www.notibras.com\/site\/#\/schema\/logo\/image\/\",\"url\":\"https:\/\/www.notibras.com\/site\/wp-content\/uploads\/2023\/01\/notibras23.png\",\"contentUrl\":\"https:\/\/www.notibras.com\/site\/wp-content\/uploads\/2023\/01\/notibras23.png\",\"width\":350,\"height\":87,\"caption\":\"Grupo Notibras de Comunica\u00e7\u00e3o\"},\"image\":{\"@id\":\"https:\/\/www.notibras.com\/site\/#\/schema\/logo\/image\/\"},\"sameAs\":[\"https:\/\/www.facebook.com\/notibras\/\",\"https:\/\/x.com\/Notibras\",\"https:\/\/www.instagram.com\/notibras\/\"]},{\"@type\":\"Person\",\"@id\":\"https:\/\/www.notibras.com\/site\/#\/schema\/person\/36ab0979449956132d3e5b517ea76ac8\",\"name\":\"Reda\u00e7\u00e3o\",\"image\":{\"@type\":\"ImageObject\",\"inLanguage\":\"pt-BR\",\"@id\":\"https:\/\/secure.gravatar.com\/avatar\/e0a867bdedb85fd243eadf09663511f96fc81e0720a4a42581f334ad4303aa6b?s=96&d=mm&r=g\",\"url\":\"https:\/\/secure.gravatar.com\/avatar\/e0a867bdedb85fd243eadf09663511f96fc81e0720a4a42581f334ad4303aa6b?s=96&d=mm&r=g\",\"contentUrl\":\"https:\/\/secure.gravatar.com\/avatar\/e0a867bdedb85fd243eadf09663511f96fc81e0720a4a42581f334ad4303aa6b?s=96&d=mm&r=g\",\"caption\":\"Reda\u00e7\u00e3o\"}}]}<\/script>\n<!-- \/ Yoast SEO plugin. -->","yoast_head_json":{"title":"O Pante\u00edsmo no seio profundo das religi\u00f5es e cren\u00e7as pag\u00e3s - Notibras","robots":{"index":"index","follow":"follow","max-snippet":"max-snippet:-1","max-image-preview":"max-image-preview:large","max-video-preview":"max-video-preview:-1"},"canonical":"https:\/\/www.notibras.com\/site\/o-panteismo-no-seio-profundo-das-religioes-e-crencas-pagas\/","og_locale":"pt_BR","og_type":"article","og_title":"O Pante\u00edsmo no seio profundo das religi\u00f5es e cren\u00e7as pag\u00e3s - Notibras","og_description":"O pante\u00edsmo \u00e9 o sistema de cren\u00e7a daqueles que sustentam\/defendem que a totalidade do universo \u00e9 o \u00fanico Deus. Esta cosmovis\u00e3o e, simultaneamente, doutrina filos\u00f3fica afirma que o Universo inteiro, a Natureza e Deus s\u00e3o a mesma coisa. Noutros termos, a exist\u00eancia, e tudo o que foi, \u00e9 e ser\u00e1, pode ser representada atrav\u00e9s da [&hellip;]","og_url":"https:\/\/www.notibras.com\/site\/o-panteismo-no-seio-profundo-das-religioes-e-crencas-pagas\/","og_site_name":"Notibras","article_publisher":"https:\/\/www.facebook.com\/notibras\/","article_published_time":"2025-08-24T03:56:26+00:00","article_modified_time":"2025-08-24T12:40:10+00:00","og_image":[{"width":768,"height":1408,"url":"https:\/\/www.notibras.com\/site\/wp-content\/uploads\/2025\/08\/4f885318-48ed-4c86-b521-5d39db5abe8e.jpg","type":"image\/jpeg"}],"author":"Reda\u00e7\u00e3o","twitter_card":"summary_large_image","twitter_creator":"@Notibras","twitter_site":"@Notibras","twitter_misc":{"Escrito por":"Reda\u00e7\u00e3o","Est. tempo de leitura":"4 minutos"},"schema":{"@context":"https:\/\/schema.org","@graph":[{"@type":"Article","@id":"https:\/\/www.notibras.com\/site\/o-panteismo-no-seio-profundo-das-religioes-e-crencas-pagas\/#article","isPartOf":{"@id":"https:\/\/www.notibras.com\/site\/o-panteismo-no-seio-profundo-das-religioes-e-crencas-pagas\/"},"author":{"name":"Reda\u00e7\u00e3o","@id":"https:\/\/www.notibras.com\/site\/#\/schema\/person\/36ab0979449956132d3e5b517ea76ac8"},"headline":"O Pante\u00edsmo no seio profundo das religi\u00f5es e cren\u00e7as pag\u00e3s","datePublished":"2025-08-24T03:56:26+00:00","dateModified":"2025-08-24T12:40:10+00:00","mainEntityOfPage":{"@id":"https:\/\/www.notibras.com\/site\/o-panteismo-no-seio-profundo-das-religioes-e-crencas-pagas\/"},"wordCount":761,"publisher":{"@id":"https:\/\/www.notibras.com\/site\/#organization"},"image":{"@id":"https:\/\/www.notibras.com\/site\/o-panteismo-no-seio-profundo-das-religioes-e-crencas-pagas\/#primaryimage"},"thumbnailUrl":"https:\/\/www.notibras.com\/site\/wp-content\/uploads\/2025\/08\/4f885318-48ed-4c86-b521-5d39db5abe8e.jpg","articleSection":["Or\u00e1culos"],"inLanguage":"pt-BR"},{"@type":"WebPage","@id":"https:\/\/www.notibras.com\/site\/o-panteismo-no-seio-profundo-das-religioes-e-crencas-pagas\/","url":"https:\/\/www.notibras.com\/site\/o-panteismo-no-seio-profundo-das-religioes-e-crencas-pagas\/","name":"O Pante\u00edsmo no seio profundo das religi\u00f5es e cren\u00e7as pag\u00e3s - Notibras","isPartOf":{"@id":"https:\/\/www.notibras.com\/site\/#website"},"primaryImageOfPage":{"@id":"https:\/\/www.notibras.com\/site\/o-panteismo-no-seio-profundo-das-religioes-e-crencas-pagas\/#primaryimage"},"image":{"@id":"https:\/\/www.notibras.com\/site\/o-panteismo-no-seio-profundo-das-religioes-e-crencas-pagas\/#primaryimage"},"thumbnailUrl":"https:\/\/www.notibras.com\/site\/wp-content\/uploads\/2025\/08\/4f885318-48ed-4c86-b521-5d39db5abe8e.jpg","datePublished":"2025-08-24T03:56:26+00:00","dateModified":"2025-08-24T12:40:10+00:00","breadcrumb":{"@id":"https:\/\/www.notibras.com\/site\/o-panteismo-no-seio-profundo-das-religioes-e-crencas-pagas\/#breadcrumb"},"inLanguage":"pt-BR","potentialAction":[{"@type":"ReadAction","target":["https:\/\/www.notibras.com\/site\/o-panteismo-no-seio-profundo-das-religioes-e-crencas-pagas\/"]}]},{"@type":"ImageObject","inLanguage":"pt-BR","@id":"https:\/\/www.notibras.com\/site\/o-panteismo-no-seio-profundo-das-religioes-e-crencas-pagas\/#primaryimage","url":"https:\/\/www.notibras.com\/site\/wp-content\/uploads\/2025\/08\/4f885318-48ed-4c86-b521-5d39db5abe8e.jpg","contentUrl":"https:\/\/www.notibras.com\/site\/wp-content\/uploads\/2025\/08\/4f885318-48ed-4c86-b521-5d39db5abe8e.jpg","width":768,"height":1408},{"@type":"BreadcrumbList","@id":"https:\/\/www.notibras.com\/site\/o-panteismo-no-seio-profundo-das-religioes-e-crencas-pagas\/#breadcrumb","itemListElement":[{"@type":"ListItem","position":1,"name":"In\u00edcio","item":"https:\/\/www.notibras.com\/site\/"},{"@type":"ListItem","position":2,"name":"O Pante\u00edsmo no seio profundo das religi\u00f5es e cren\u00e7as pag\u00e3s"}]},{"@type":"WebSite","@id":"https:\/\/www.notibras.com\/site\/#website","url":"https:\/\/www.notibras.com\/site\/","name":"Notibras","description":"Not\u00edcias de Bras\u00edlia, do Brasil e do Mundo","publisher":{"@id":"https:\/\/www.notibras.com\/site\/#organization"},"potentialAction":[{"@type":"SearchAction","target":{"@type":"EntryPoint","urlTemplate":"https:\/\/www.notibras.com\/site\/?s={search_term_string}"},"query-input":{"@type":"PropertyValueSpecification","valueRequired":true,"valueName":"search_term_string"}}],"inLanguage":"pt-BR"},{"@type":"Organization","@id":"https:\/\/www.notibras.com\/site\/#organization","name":"Grupo Notibras de Comunica\u00e7\u00e3o","url":"https:\/\/www.notibras.com\/site\/","logo":{"@type":"ImageObject","inLanguage":"pt-BR","@id":"https:\/\/www.notibras.com\/site\/#\/schema\/logo\/image\/","url":"https:\/\/www.notibras.com\/site\/wp-content\/uploads\/2023\/01\/notibras23.png","contentUrl":"https:\/\/www.notibras.com\/site\/wp-content\/uploads\/2023\/01\/notibras23.png","width":350,"height":87,"caption":"Grupo Notibras de Comunica\u00e7\u00e3o"},"image":{"@id":"https:\/\/www.notibras.com\/site\/#\/schema\/logo\/image\/"},"sameAs":["https:\/\/www.facebook.com\/notibras\/","https:\/\/x.com\/Notibras","https:\/\/www.instagram.com\/notibras\/"]},{"@type":"Person","@id":"https:\/\/www.notibras.com\/site\/#\/schema\/person\/36ab0979449956132d3e5b517ea76ac8","name":"Reda\u00e7\u00e3o","image":{"@type":"ImageObject","inLanguage":"pt-BR","@id":"https:\/\/secure.gravatar.com\/avatar\/e0a867bdedb85fd243eadf09663511f96fc81e0720a4a42581f334ad4303aa6b?s=96&d=mm&r=g","url":"https:\/\/secure.gravatar.com\/avatar\/e0a867bdedb85fd243eadf09663511f96fc81e0720a4a42581f334ad4303aa6b?s=96&d=mm&r=g","contentUrl":"https:\/\/secure.gravatar.com\/avatar\/e0a867bdedb85fd243eadf09663511f96fc81e0720a4a42581f334ad4303aa6b?s=96&d=mm&r=g","caption":"Reda\u00e7\u00e3o"}}]}},"amp_enabled":true,"_links":{"self":[{"href":"https:\/\/www.notibras.com\/site\/wp-json\/wp\/v2\/posts\/361968","targetHints":{"allow":["GET"]}}],"collection":[{"href":"https:\/\/www.notibras.com\/site\/wp-json\/wp\/v2\/posts"}],"about":[{"href":"https:\/\/www.notibras.com\/site\/wp-json\/wp\/v2\/types\/post"}],"author":[{"embeddable":true,"href":"https:\/\/www.notibras.com\/site\/wp-json\/wp\/v2\/users\/2"}],"replies":[{"embeddable":true,"href":"https:\/\/www.notibras.com\/site\/wp-json\/wp\/v2\/comments?post=361968"}],"version-history":[{"count":1,"href":"https:\/\/www.notibras.com\/site\/wp-json\/wp\/v2\/posts\/361968\/revisions"}],"predecessor-version":[{"id":361970,"href":"https:\/\/www.notibras.com\/site\/wp-json\/wp\/v2\/posts\/361968\/revisions\/361970"}],"wp:featuredmedia":[{"embeddable":true,"href":"https:\/\/www.notibras.com\/site\/wp-json\/wp\/v2\/media\/361969"}],"wp:attachment":[{"href":"https:\/\/www.notibras.com\/site\/wp-json\/wp\/v2\/media?parent=361968"}],"wp:term":[{"taxonomy":"category","embeddable":true,"href":"https:\/\/www.notibras.com\/site\/wp-json\/wp\/v2\/categories?post=361968"},{"taxonomy":"post_tag","embeddable":true,"href":"https:\/\/www.notibras.com\/site\/wp-json\/wp\/v2\/tags?post=361968"}],"curies":[{"name":"wp","href":"https:\/\/api.w.org\/{rel}","templated":true}]}}