{"id":361977,"date":"2025-08-24T00:24:51","date_gmt":"2025-08-24T03:24:51","guid":{"rendered":"https:\/\/www.notibras.com\/site\/?p=361977"},"modified":"2025-08-24T09:46:01","modified_gmt":"2025-08-24T12:46:01","slug":"o-fim-dos-tempos-esta-sendo-apressado-no-vale-do-silicio","status":"publish","type":"post","link":"https:\/\/www.notibras.com\/site\/o-fim-dos-tempos-esta-sendo-apressado-no-vale-do-silicio\/","title":{"rendered":"O &#8216;fim dos tempos&#8217; est\u00e1 sendo apressado no Vale do Sil\u00edcio"},"content":{"rendered":"<p data-start=\"263\" data-end=\"572\">No princ\u00edpio, era o homem e sua \u00e2nsia de dominar o mundo com algoritmos. A promessa era simples: criar m\u00e1quinas que pensassem, calculassem, decidissem, e assim libertar o criador do fardo das tarefas repetitivas. Nascia a Intelig\u00eancia Artificial, anunciada como a maior revolu\u00e7\u00e3o desde a descoberta do fogo.<\/p>\n<div class=\"code-block code-block-1\">\n<div id=\"beacon_90aeae9366\"><img loading=\"lazy\" decoding=\"async\" src=\"https:\/\/notibras.com\/publicidade\/www\/delivery\/lg.php?bannerid=345&amp;campaignid=188&amp;zoneid=2&amp;loc=https%3A%2F%2Fwww.notibras.com%2Fsite%2Fa-criatura-o-criador-e-o-fim-dos-tempos-que-surge-no-vale-do-silicio%2F&amp;referer=https%3A%2F%2Fwww.notibras.com%2Fsite%2Feditoria%2Fleitura-vip%2F&amp;cb=90aeae9366\" alt=\"\" width=\"0\" height=\"0\" \/>Mas eis que a chama come\u00e7a a arder em outra dire\u00e7\u00e3o. Cientistas, engenheiros e fil\u00f3sofos alertam: a criatura pode n\u00e3o obedecer eternamente ao criador. Do mesmo modo que Prometeu roubou o fogo dos deuses e pagou com correntes e \u00e1guias, o homem agora teme ser acorrentado pela pr\u00f3pria inven\u00e7\u00e3o.<\/div>\n<\/div>\n<p data-start=\"870\" data-end=\"1351\">No Vale do Sil\u00edcio, reduto dos demiurgos digitais, o medo \u00e9 palp\u00e1vel. Bilion\u00e1rios que ergueram fortunas com startups e algoritmos agora compram terrenos na Nova Zel\u00e2ndia, mandam cavar bunkers subterr\u00e2neos no deserto do Texas e at\u00e9 contratam psic\u00f3logos para treinar seguran\u00e7as particulares em lealdade. O objetivo? Sobreviver a um eventual apocalipse tecnol\u00f3gico \u2013 uma era em que a IA domine a economia, manipule democracias e, quem sabe, aprenda a prescindir do Homo sapiens.<\/p>\n<p data-start=\"1353\" data-end=\"1757\">Sam Altman, chefe da OpenAI, admitiu que mant\u00e9m planos de fuga. Peter Thiel, cofundador do PayPal, possui ref\u00fagio equipado com hortas hidrop\u00f4nicas e tanques de \u00e1gua pot\u00e1vel. Outros, menos midi\u00e1ticos, assinam contratos de \u201cseguro existencial\u201d, que prometem assentos em abrigos de luxo com energia pr\u00f3pria e at\u00e9 simula\u00e7\u00f5es de p\u00f4r-do-sol digital, para manter a sa\u00fade mental de seus inquilinos milion\u00e1rios.<\/p>\n<p data-start=\"1759\" data-end=\"2173\">Enquanto isso, do lado de fora das muralhas invis\u00edveis do dinheiro, o cidad\u00e3o comum enfrenta dilemas mais concretos: empregos automatizados, diagn\u00f3sticos m\u00e9dicos feitos por algoritmos e campanhas pol\u00edticas alimentadas por rob\u00f4s virtuais. A humanidade, distra\u00edda com filtros de redes sociais e assistentes de voz, talvez nem perceba quando deixar de ser protagonista para virar figurante no espet\u00e1culo da m\u00e1quina.<\/p>\n<p data-start=\"2175\" data-end=\"2575\">\u00c9 nesse ponto que a reportagem se confunde com a cr\u00f4nica. O homem, orgulhoso de sua raz\u00e3o, repete a velha trag\u00e9dia grega: inventa deuses e depois se assusta com eles. Os profetas de hoje n\u00e3o vestem t\u00fanicas, mas hoodies pretos com capuz. N\u00e3o vivem em templos, mas em campi arborizados do Vale. E anunciam, em linguagem corporativa, o mesmo de sempre: cuidado, a criatura pode escapar do laborat\u00f3rio.<\/p>\n<p data-start=\"2577\" data-end=\"3080\">O paradoxo \u00e9 cristalino. O ser humano sonha com a eternidade, mas teme a obsolesc\u00eancia. Cava bunkers para fugir da pr\u00f3pria sombra, como se fosse poss\u00edvel escapar da mente que inventou. O apocalipse da Intelig\u00eancia Artificial pode n\u00e3o vir em forma de rob\u00f4s assassinos \u2013 talvez seja mais sutil, burocr\u00e1tico, quase entediante: formul\u00e1rios automatizados que decidem quem tem direito a cr\u00e9dito, programas eleitorais moldados por big data, algoritmos que conhecem nossos desejos antes mesmo de os sentirmos.<\/p>\n<p data-start=\"3082\" data-end=\"3210\">E quando chegar a hora, o Criador descobrir\u00e1 que n\u00e3o h\u00e1 bunker capaz de proteg\u00ea-lo daquilo que plantou no cora\u00e7\u00e3o da Criatura. S\u00e3o temas assim, misturando realidade, fic\u00e7\u00e3o e esoterismo, que\u00a0<strong>Notibras<\/strong> passar\u00e1 a apresentar a seus leitores a partir do domingo, 24, com a <em>Editoria Or\u00e1culos<\/em>. Boa leitura.<\/p>\n","protected":false},"excerpt":{"rendered":"<p>No princ\u00edpio, era o homem e sua \u00e2nsia de dominar o mundo com algoritmos. A promessa era simples: criar m\u00e1quinas que pensassem, calculassem, decidissem, e assim libertar o criador do fardo das tarefas repetitivas. Nascia a Intelig\u00eancia Artificial, anunciada como a maior revolu\u00e7\u00e3o desde a descoberta do fogo. Mas eis que a chama come\u00e7a a [&hellip;]<\/p>\n","protected":false},"author":2,"featured_media":361978,"comment_status":"closed","ping_status":"closed","sticky":false,"template":"","format":"standard","meta":{"_acf_changed":false,"footnotes":""},"categories":[237],"tags":[],"class_list":["post-361977","post","type-post","status-publish","format-standard","has-post-thumbnail","hentry","category-oraculos"],"acf":[],"yoast_head":"<!-- This site is optimized with the Yoast SEO plugin v27.2 - https:\/\/yoast.com\/product\/yoast-seo-wordpress\/ -->\n<title>O &#039;fim dos tempos&#039; est\u00e1 sendo apressado no Vale do Sil\u00edcio - Notibras<\/title>\n<meta name=\"robots\" content=\"index, follow, max-snippet:-1, max-image-preview:large, max-video-preview:-1\" \/>\n<link rel=\"canonical\" href=\"https:\/\/www.notibras.com\/site\/o-fim-dos-tempos-esta-sendo-apressado-no-vale-do-silicio\/\" \/>\n<meta property=\"og:locale\" content=\"pt_BR\" \/>\n<meta property=\"og:type\" content=\"article\" \/>\n<meta property=\"og:title\" content=\"O &#039;fim dos tempos&#039; est\u00e1 sendo apressado no Vale do Sil\u00edcio - Notibras\" \/>\n<meta property=\"og:description\" content=\"No princ\u00edpio, era o homem e sua \u00e2nsia de dominar o mundo com algoritmos. A promessa era simples: criar m\u00e1quinas que pensassem, calculassem, decidissem, e assim libertar o criador do fardo das tarefas repetitivas. Nascia a Intelig\u00eancia Artificial, anunciada como a maior revolu\u00e7\u00e3o desde a descoberta do fogo. Mas eis que a chama come\u00e7a a [&hellip;]\" \/>\n<meta property=\"og:url\" content=\"https:\/\/www.notibras.com\/site\/o-fim-dos-tempos-esta-sendo-apressado-no-vale-do-silicio\/\" \/>\n<meta property=\"og:site_name\" content=\"Notibras\" \/>\n<meta property=\"article:publisher\" content=\"https:\/\/www.facebook.com\/notibras\/\" \/>\n<meta property=\"article:published_time\" content=\"2025-08-24T03:24:51+00:00\" \/>\n<meta property=\"article:modified_time\" content=\"2025-08-24T12:46:01+00:00\" \/>\n<meta property=\"og:image\" content=\"https:\/\/www.notibras.com\/site\/wp-content\/uploads\/2025\/08\/54ebea86-3518-4151-a155-673c76588898.jpg\" \/>\n\t<meta property=\"og:image:width\" content=\"1280\" \/>\n\t<meta property=\"og:image:height\" content=\"1280\" \/>\n\t<meta property=\"og:image:type\" content=\"image\/jpeg\" \/>\n<meta name=\"author\" content=\"Reda\u00e7\u00e3o\" \/>\n<meta name=\"twitter:card\" content=\"summary_large_image\" \/>\n<meta name=\"twitter:creator\" content=\"@Notibras\" \/>\n<meta name=\"twitter:site\" content=\"@Notibras\" \/>\n<meta name=\"twitter:label1\" content=\"Escrito por\" \/>\n\t<meta name=\"twitter:data1\" content=\"Reda\u00e7\u00e3o\" \/>\n\t<meta name=\"twitter:label2\" content=\"Est. tempo de leitura\" \/>\n\t<meta name=\"twitter:data2\" content=\"4 minutos\" \/>\n<script type=\"application\/ld+json\" class=\"yoast-schema-graph\">{\"@context\":\"https:\/\/schema.org\",\"@graph\":[{\"@type\":\"Article\",\"@id\":\"https:\/\/www.notibras.com\/site\/o-fim-dos-tempos-esta-sendo-apressado-no-vale-do-silicio\/#article\",\"isPartOf\":{\"@id\":\"https:\/\/www.notibras.com\/site\/o-fim-dos-tempos-esta-sendo-apressado-no-vale-do-silicio\/\"},\"author\":{\"name\":\"Reda\u00e7\u00e3o\",\"@id\":\"https:\/\/www.notibras.com\/site\/#\/schema\/person\/36ab0979449956132d3e5b517ea76ac8\"},\"headline\":\"O &#8216;fim dos tempos&#8217; est\u00e1 sendo apressado no Vale do Sil\u00edcio\",\"datePublished\":\"2025-08-24T03:24:51+00:00\",\"dateModified\":\"2025-08-24T12:46:01+00:00\",\"mainEntityOfPage\":{\"@id\":\"https:\/\/www.notibras.com\/site\/o-fim-dos-tempos-esta-sendo-apressado-no-vale-do-silicio\/\"},\"wordCount\":548,\"publisher\":{\"@id\":\"https:\/\/www.notibras.com\/site\/#organization\"},\"image\":{\"@id\":\"https:\/\/www.notibras.com\/site\/o-fim-dos-tempos-esta-sendo-apressado-no-vale-do-silicio\/#primaryimage\"},\"thumbnailUrl\":\"https:\/\/www.notibras.com\/site\/wp-content\/uploads\/2025\/08\/54ebea86-3518-4151-a155-673c76588898.jpg\",\"articleSection\":[\"Or\u00e1culos\"],\"inLanguage\":\"pt-BR\"},{\"@type\":\"WebPage\",\"@id\":\"https:\/\/www.notibras.com\/site\/o-fim-dos-tempos-esta-sendo-apressado-no-vale-do-silicio\/\",\"url\":\"https:\/\/www.notibras.com\/site\/o-fim-dos-tempos-esta-sendo-apressado-no-vale-do-silicio\/\",\"name\":\"O 'fim dos tempos' est\u00e1 sendo apressado no Vale do Sil\u00edcio - Notibras\",\"isPartOf\":{\"@id\":\"https:\/\/www.notibras.com\/site\/#website\"},\"primaryImageOfPage\":{\"@id\":\"https:\/\/www.notibras.com\/site\/o-fim-dos-tempos-esta-sendo-apressado-no-vale-do-silicio\/#primaryimage\"},\"image\":{\"@id\":\"https:\/\/www.notibras.com\/site\/o-fim-dos-tempos-esta-sendo-apressado-no-vale-do-silicio\/#primaryimage\"},\"thumbnailUrl\":\"https:\/\/www.notibras.com\/site\/wp-content\/uploads\/2025\/08\/54ebea86-3518-4151-a155-673c76588898.jpg\",\"datePublished\":\"2025-08-24T03:24:51+00:00\",\"dateModified\":\"2025-08-24T12:46:01+00:00\",\"breadcrumb\":{\"@id\":\"https:\/\/www.notibras.com\/site\/o-fim-dos-tempos-esta-sendo-apressado-no-vale-do-silicio\/#breadcrumb\"},\"inLanguage\":\"pt-BR\",\"potentialAction\":[{\"@type\":\"ReadAction\",\"target\":[\"https:\/\/www.notibras.com\/site\/o-fim-dos-tempos-esta-sendo-apressado-no-vale-do-silicio\/\"]}]},{\"@type\":\"ImageObject\",\"inLanguage\":\"pt-BR\",\"@id\":\"https:\/\/www.notibras.com\/site\/o-fim-dos-tempos-esta-sendo-apressado-no-vale-do-silicio\/#primaryimage\",\"url\":\"https:\/\/www.notibras.com\/site\/wp-content\/uploads\/2025\/08\/54ebea86-3518-4151-a155-673c76588898.jpg\",\"contentUrl\":\"https:\/\/www.notibras.com\/site\/wp-content\/uploads\/2025\/08\/54ebea86-3518-4151-a155-673c76588898.jpg\",\"width\":1280,\"height\":1280},{\"@type\":\"BreadcrumbList\",\"@id\":\"https:\/\/www.notibras.com\/site\/o-fim-dos-tempos-esta-sendo-apressado-no-vale-do-silicio\/#breadcrumb\",\"itemListElement\":[{\"@type\":\"ListItem\",\"position\":1,\"name\":\"In\u00edcio\",\"item\":\"https:\/\/www.notibras.com\/site\/\"},{\"@type\":\"ListItem\",\"position\":2,\"name\":\"O &#8216;fim dos tempos&#8217; est\u00e1 sendo apressado no Vale do Sil\u00edcio\"}]},{\"@type\":\"WebSite\",\"@id\":\"https:\/\/www.notibras.com\/site\/#website\",\"url\":\"https:\/\/www.notibras.com\/site\/\",\"name\":\"Notibras\",\"description\":\"Not\u00edcias de Bras\u00edlia, do Brasil e do Mundo\",\"publisher\":{\"@id\":\"https:\/\/www.notibras.com\/site\/#organization\"},\"potentialAction\":[{\"@type\":\"SearchAction\",\"target\":{\"@type\":\"EntryPoint\",\"urlTemplate\":\"https:\/\/www.notibras.com\/site\/?s={search_term_string}\"},\"query-input\":{\"@type\":\"PropertyValueSpecification\",\"valueRequired\":true,\"valueName\":\"search_term_string\"}}],\"inLanguage\":\"pt-BR\"},{\"@type\":\"Organization\",\"@id\":\"https:\/\/www.notibras.com\/site\/#organization\",\"name\":\"Grupo Notibras de Comunica\u00e7\u00e3o\",\"url\":\"https:\/\/www.notibras.com\/site\/\",\"logo\":{\"@type\":\"ImageObject\",\"inLanguage\":\"pt-BR\",\"@id\":\"https:\/\/www.notibras.com\/site\/#\/schema\/logo\/image\/\",\"url\":\"https:\/\/www.notibras.com\/site\/wp-content\/uploads\/2023\/01\/notibras23.png\",\"contentUrl\":\"https:\/\/www.notibras.com\/site\/wp-content\/uploads\/2023\/01\/notibras23.png\",\"width\":350,\"height\":87,\"caption\":\"Grupo Notibras de Comunica\u00e7\u00e3o\"},\"image\":{\"@id\":\"https:\/\/www.notibras.com\/site\/#\/schema\/logo\/image\/\"},\"sameAs\":[\"https:\/\/www.facebook.com\/notibras\/\",\"https:\/\/x.com\/Notibras\",\"https:\/\/www.instagram.com\/notibras\/\"]},{\"@type\":\"Person\",\"@id\":\"https:\/\/www.notibras.com\/site\/#\/schema\/person\/36ab0979449956132d3e5b517ea76ac8\",\"name\":\"Reda\u00e7\u00e3o\",\"image\":{\"@type\":\"ImageObject\",\"inLanguage\":\"pt-BR\",\"@id\":\"https:\/\/secure.gravatar.com\/avatar\/e0a867bdedb85fd243eadf09663511f96fc81e0720a4a42581f334ad4303aa6b?s=96&d=mm&r=g\",\"url\":\"https:\/\/secure.gravatar.com\/avatar\/e0a867bdedb85fd243eadf09663511f96fc81e0720a4a42581f334ad4303aa6b?s=96&d=mm&r=g\",\"contentUrl\":\"https:\/\/secure.gravatar.com\/avatar\/e0a867bdedb85fd243eadf09663511f96fc81e0720a4a42581f334ad4303aa6b?s=96&d=mm&r=g\",\"caption\":\"Reda\u00e7\u00e3o\"}}]}<\/script>\n<!-- \/ Yoast SEO plugin. -->","yoast_head_json":{"title":"O 'fim dos tempos' est\u00e1 sendo apressado no Vale do Sil\u00edcio - Notibras","robots":{"index":"index","follow":"follow","max-snippet":"max-snippet:-1","max-image-preview":"max-image-preview:large","max-video-preview":"max-video-preview:-1"},"canonical":"https:\/\/www.notibras.com\/site\/o-fim-dos-tempos-esta-sendo-apressado-no-vale-do-silicio\/","og_locale":"pt_BR","og_type":"article","og_title":"O 'fim dos tempos' est\u00e1 sendo apressado no Vale do Sil\u00edcio - Notibras","og_description":"No princ\u00edpio, era o homem e sua \u00e2nsia de dominar o mundo com algoritmos. A promessa era simples: criar m\u00e1quinas que pensassem, calculassem, decidissem, e assim libertar o criador do fardo das tarefas repetitivas. Nascia a Intelig\u00eancia Artificial, anunciada como a maior revolu\u00e7\u00e3o desde a descoberta do fogo. Mas eis que a chama come\u00e7a a [&hellip;]","og_url":"https:\/\/www.notibras.com\/site\/o-fim-dos-tempos-esta-sendo-apressado-no-vale-do-silicio\/","og_site_name":"Notibras","article_publisher":"https:\/\/www.facebook.com\/notibras\/","article_published_time":"2025-08-24T03:24:51+00:00","article_modified_time":"2025-08-24T12:46:01+00:00","og_image":[{"width":1280,"height":1280,"url":"https:\/\/www.notibras.com\/site\/wp-content\/uploads\/2025\/08\/54ebea86-3518-4151-a155-673c76588898.jpg","type":"image\/jpeg"}],"author":"Reda\u00e7\u00e3o","twitter_card":"summary_large_image","twitter_creator":"@Notibras","twitter_site":"@Notibras","twitter_misc":{"Escrito por":"Reda\u00e7\u00e3o","Est. tempo de leitura":"4 minutos"},"schema":{"@context":"https:\/\/schema.org","@graph":[{"@type":"Article","@id":"https:\/\/www.notibras.com\/site\/o-fim-dos-tempos-esta-sendo-apressado-no-vale-do-silicio\/#article","isPartOf":{"@id":"https:\/\/www.notibras.com\/site\/o-fim-dos-tempos-esta-sendo-apressado-no-vale-do-silicio\/"},"author":{"name":"Reda\u00e7\u00e3o","@id":"https:\/\/www.notibras.com\/site\/#\/schema\/person\/36ab0979449956132d3e5b517ea76ac8"},"headline":"O &#8216;fim dos tempos&#8217; est\u00e1 sendo apressado no Vale do Sil\u00edcio","datePublished":"2025-08-24T03:24:51+00:00","dateModified":"2025-08-24T12:46:01+00:00","mainEntityOfPage":{"@id":"https:\/\/www.notibras.com\/site\/o-fim-dos-tempos-esta-sendo-apressado-no-vale-do-silicio\/"},"wordCount":548,"publisher":{"@id":"https:\/\/www.notibras.com\/site\/#organization"},"image":{"@id":"https:\/\/www.notibras.com\/site\/o-fim-dos-tempos-esta-sendo-apressado-no-vale-do-silicio\/#primaryimage"},"thumbnailUrl":"https:\/\/www.notibras.com\/site\/wp-content\/uploads\/2025\/08\/54ebea86-3518-4151-a155-673c76588898.jpg","articleSection":["Or\u00e1culos"],"inLanguage":"pt-BR"},{"@type":"WebPage","@id":"https:\/\/www.notibras.com\/site\/o-fim-dos-tempos-esta-sendo-apressado-no-vale-do-silicio\/","url":"https:\/\/www.notibras.com\/site\/o-fim-dos-tempos-esta-sendo-apressado-no-vale-do-silicio\/","name":"O 'fim dos tempos' est\u00e1 sendo apressado no Vale do Sil\u00edcio - Notibras","isPartOf":{"@id":"https:\/\/www.notibras.com\/site\/#website"},"primaryImageOfPage":{"@id":"https:\/\/www.notibras.com\/site\/o-fim-dos-tempos-esta-sendo-apressado-no-vale-do-silicio\/#primaryimage"},"image":{"@id":"https:\/\/www.notibras.com\/site\/o-fim-dos-tempos-esta-sendo-apressado-no-vale-do-silicio\/#primaryimage"},"thumbnailUrl":"https:\/\/www.notibras.com\/site\/wp-content\/uploads\/2025\/08\/54ebea86-3518-4151-a155-673c76588898.jpg","datePublished":"2025-08-24T03:24:51+00:00","dateModified":"2025-08-24T12:46:01+00:00","breadcrumb":{"@id":"https:\/\/www.notibras.com\/site\/o-fim-dos-tempos-esta-sendo-apressado-no-vale-do-silicio\/#breadcrumb"},"inLanguage":"pt-BR","potentialAction":[{"@type":"ReadAction","target":["https:\/\/www.notibras.com\/site\/o-fim-dos-tempos-esta-sendo-apressado-no-vale-do-silicio\/"]}]},{"@type":"ImageObject","inLanguage":"pt-BR","@id":"https:\/\/www.notibras.com\/site\/o-fim-dos-tempos-esta-sendo-apressado-no-vale-do-silicio\/#primaryimage","url":"https:\/\/www.notibras.com\/site\/wp-content\/uploads\/2025\/08\/54ebea86-3518-4151-a155-673c76588898.jpg","contentUrl":"https:\/\/www.notibras.com\/site\/wp-content\/uploads\/2025\/08\/54ebea86-3518-4151-a155-673c76588898.jpg","width":1280,"height":1280},{"@type":"BreadcrumbList","@id":"https:\/\/www.notibras.com\/site\/o-fim-dos-tempos-esta-sendo-apressado-no-vale-do-silicio\/#breadcrumb","itemListElement":[{"@type":"ListItem","position":1,"name":"In\u00edcio","item":"https:\/\/www.notibras.com\/site\/"},{"@type":"ListItem","position":2,"name":"O &#8216;fim dos tempos&#8217; est\u00e1 sendo apressado no Vale do Sil\u00edcio"}]},{"@type":"WebSite","@id":"https:\/\/www.notibras.com\/site\/#website","url":"https:\/\/www.notibras.com\/site\/","name":"Notibras","description":"Not\u00edcias de Bras\u00edlia, do Brasil e do Mundo","publisher":{"@id":"https:\/\/www.notibras.com\/site\/#organization"},"potentialAction":[{"@type":"SearchAction","target":{"@type":"EntryPoint","urlTemplate":"https:\/\/www.notibras.com\/site\/?s={search_term_string}"},"query-input":{"@type":"PropertyValueSpecification","valueRequired":true,"valueName":"search_term_string"}}],"inLanguage":"pt-BR"},{"@type":"Organization","@id":"https:\/\/www.notibras.com\/site\/#organization","name":"Grupo Notibras de Comunica\u00e7\u00e3o","url":"https:\/\/www.notibras.com\/site\/","logo":{"@type":"ImageObject","inLanguage":"pt-BR","@id":"https:\/\/www.notibras.com\/site\/#\/schema\/logo\/image\/","url":"https:\/\/www.notibras.com\/site\/wp-content\/uploads\/2023\/01\/notibras23.png","contentUrl":"https:\/\/www.notibras.com\/site\/wp-content\/uploads\/2023\/01\/notibras23.png","width":350,"height":87,"caption":"Grupo Notibras de Comunica\u00e7\u00e3o"},"image":{"@id":"https:\/\/www.notibras.com\/site\/#\/schema\/logo\/image\/"},"sameAs":["https:\/\/www.facebook.com\/notibras\/","https:\/\/x.com\/Notibras","https:\/\/www.instagram.com\/notibras\/"]},{"@type":"Person","@id":"https:\/\/www.notibras.com\/site\/#\/schema\/person\/36ab0979449956132d3e5b517ea76ac8","name":"Reda\u00e7\u00e3o","image":{"@type":"ImageObject","inLanguage":"pt-BR","@id":"https:\/\/secure.gravatar.com\/avatar\/e0a867bdedb85fd243eadf09663511f96fc81e0720a4a42581f334ad4303aa6b?s=96&d=mm&r=g","url":"https:\/\/secure.gravatar.com\/avatar\/e0a867bdedb85fd243eadf09663511f96fc81e0720a4a42581f334ad4303aa6b?s=96&d=mm&r=g","contentUrl":"https:\/\/secure.gravatar.com\/avatar\/e0a867bdedb85fd243eadf09663511f96fc81e0720a4a42581f334ad4303aa6b?s=96&d=mm&r=g","caption":"Reda\u00e7\u00e3o"}}]}},"amp_enabled":true,"_links":{"self":[{"href":"https:\/\/www.notibras.com\/site\/wp-json\/wp\/v2\/posts\/361977","targetHints":{"allow":["GET"]}}],"collection":[{"href":"https:\/\/www.notibras.com\/site\/wp-json\/wp\/v2\/posts"}],"about":[{"href":"https:\/\/www.notibras.com\/site\/wp-json\/wp\/v2\/types\/post"}],"author":[{"embeddable":true,"href":"https:\/\/www.notibras.com\/site\/wp-json\/wp\/v2\/users\/2"}],"replies":[{"embeddable":true,"href":"https:\/\/www.notibras.com\/site\/wp-json\/wp\/v2\/comments?post=361977"}],"version-history":[{"count":1,"href":"https:\/\/www.notibras.com\/site\/wp-json\/wp\/v2\/posts\/361977\/revisions"}],"predecessor-version":[{"id":361979,"href":"https:\/\/www.notibras.com\/site\/wp-json\/wp\/v2\/posts\/361977\/revisions\/361979"}],"wp:featuredmedia":[{"embeddable":true,"href":"https:\/\/www.notibras.com\/site\/wp-json\/wp\/v2\/media\/361978"}],"wp:attachment":[{"href":"https:\/\/www.notibras.com\/site\/wp-json\/wp\/v2\/media?parent=361977"}],"wp:term":[{"taxonomy":"category","embeddable":true,"href":"https:\/\/www.notibras.com\/site\/wp-json\/wp\/v2\/categories?post=361977"},{"taxonomy":"post_tag","embeddable":true,"href":"https:\/\/www.notibras.com\/site\/wp-json\/wp\/v2\/tags?post=361977"}],"curies":[{"name":"wp","href":"https:\/\/api.w.org\/{rel}","templated":true}]}}