{"id":361983,"date":"2025-08-24T00:58:36","date_gmt":"2025-08-24T03:58:36","guid":{"rendered":"https:\/\/www.notibras.com\/site\/?p=361983"},"modified":"2025-08-24T09:36:57","modified_gmt":"2025-08-24T12:36:57","slug":"o-misterio-de-delfos-com-a-frase-conhece-te-a-ti-mesmo","status":"publish","type":"post","link":"https:\/\/www.notibras.com\/site\/o-misterio-de-delfos-com-a-frase-conhece-te-a-ti-mesmo\/","title":{"rendered":"O mist\u00e9rio de Delfos com a frase &#8216;conhece-te a ti mesmo&#8217;"},"content":{"rendered":"<p data-start=\"208\" data-end=\"449\">Entre rochedos e abismos, onde o eco do vento parece carregar vozes que n\u00e3o pertencem a este mundo, erguia-se o Or\u00e1culo de Delfos. N\u00e3o era apenas um templo, mas um portal, uma fenda viva por onde a terra exalava vapores, mist\u00e9rios e press\u00e1gios.<\/p>\n<p data-start=\"451\" data-end=\"803\">Ali, a P\u00edtia n\u00e3o falava por si mesma. Seus olhos revirados e sua l\u00edngua tr\u00eamula eram apenas sinais de que for\u00e7as invis\u00edveis haviam se apoderado de sua carne. Muitos acreditavam ouvir Apolo. Outros, mais atentos, temiam que fossem entidades mais antigas que os pr\u00f3prios deuses ol\u00edmpicos, esp\u00edritos enredados no sangue da terra e na mem\u00f3ria dos homens.<\/p>\n<p data-start=\"805\" data-end=\"1059\">O buscador que ousava se aproximar raramente sa\u00eda ileso. Pois o or\u00e1culo n\u00e3o oferecia respostas, mas maldi\u00e7\u00f5es travestidas de sabedoria. Cada palavra era uma chave e, ao mesmo tempo, uma armadilha. O futuro, quando revelado, nunca era b\u00ean\u00e7\u00e3o, mas fardo.<\/p>\n<p data-start=\"1061\" data-end=\"1367\">Nas pedras do templo ainda ressoa a inscri\u00e7\u00e3o: \u201cConhece-te a ti mesmo\u201d. Mas os iniciados sussurravam uma continua\u00e7\u00e3o nunca revelada: \u201c&#8230;e conhecer\u00e1s o abismo que te habita\u201d. Porque em Delfos, n\u00e3o era o deus quem falava \u2014 era o destino, com sua boca incandescente e sombria, que se abria diante do homem.<\/p>\n<p data-start=\"1369\" data-end=\"1627\">E assim, cada consulta ao or\u00e1culo era um rito de passagem. Alguns voltavam transformados, outros enlouqueciam, mas todos, sem exce\u00e7\u00e3o, deixavam em Delfos uma parte de si \u2014 como se o templo fosse tamb\u00e9m um cofre das almas que ousaram perscrutar o invis\u00edvel.<\/p>\n","protected":false},"excerpt":{"rendered":"<p>Entre rochedos e abismos, onde o eco do vento parece carregar vozes que n\u00e3o pertencem a este mundo, erguia-se o Or\u00e1culo de Delfos. N\u00e3o era apenas um templo, mas um portal, uma fenda viva por onde a terra exalava vapores, mist\u00e9rios e press\u00e1gios. Ali, a P\u00edtia n\u00e3o falava por si mesma. Seus olhos revirados e [&hellip;]<\/p>\n","protected":false},"author":2,"featured_media":361984,"comment_status":"closed","ping_status":"closed","sticky":false,"template":"","format":"standard","meta":{"_acf_changed":false,"footnotes":""},"categories":[237],"tags":[],"class_list":["post-361983","post","type-post","status-publish","format-standard","has-post-thumbnail","hentry","category-oraculos"],"acf":[],"yoast_head":"<!-- This site is optimized with the Yoast SEO plugin v27.2 - https:\/\/yoast.com\/product\/yoast-seo-wordpress\/ -->\n<title>O mist\u00e9rio de Delfos com a frase &#039;conhece-te a ti mesmo&#039; - Notibras<\/title>\n<meta name=\"robots\" content=\"index, follow, max-snippet:-1, max-image-preview:large, max-video-preview:-1\" \/>\n<link rel=\"canonical\" href=\"https:\/\/www.notibras.com\/site\/o-misterio-de-delfos-com-a-frase-conhece-te-a-ti-mesmo\/\" \/>\n<meta property=\"og:locale\" content=\"pt_BR\" \/>\n<meta property=\"og:type\" content=\"article\" \/>\n<meta property=\"og:title\" content=\"O mist\u00e9rio de Delfos com a frase &#039;conhece-te a ti mesmo&#039; - Notibras\" \/>\n<meta property=\"og:description\" content=\"Entre rochedos e abismos, onde o eco do vento parece carregar vozes que n\u00e3o pertencem a este mundo, erguia-se o Or\u00e1culo de Delfos. N\u00e3o era apenas um templo, mas um portal, uma fenda viva por onde a terra exalava vapores, mist\u00e9rios e press\u00e1gios. Ali, a P\u00edtia n\u00e3o falava por si mesma. Seus olhos revirados e [&hellip;]\" \/>\n<meta property=\"og:url\" content=\"https:\/\/www.notibras.com\/site\/o-misterio-de-delfos-com-a-frase-conhece-te-a-ti-mesmo\/\" \/>\n<meta property=\"og:site_name\" content=\"Notibras\" \/>\n<meta property=\"article:publisher\" content=\"https:\/\/www.facebook.com\/notibras\/\" \/>\n<meta property=\"article:published_time\" content=\"2025-08-24T03:58:36+00:00\" \/>\n<meta property=\"article:modified_time\" content=\"2025-08-24T12:36:57+00:00\" \/>\n<meta property=\"og:image\" content=\"https:\/\/www.notibras.com\/site\/wp-content\/uploads\/2025\/08\/fc254eb9-d78b-4aca-8767-8cfe2f90f72e.jpg\" \/>\n\t<meta property=\"og:image:width\" content=\"1280\" \/>\n\t<meta property=\"og:image:height\" content=\"1280\" \/>\n\t<meta property=\"og:image:type\" content=\"image\/jpeg\" \/>\n<meta name=\"author\" content=\"Reda\u00e7\u00e3o\" \/>\n<meta name=\"twitter:card\" content=\"summary_large_image\" \/>\n<meta name=\"twitter:creator\" content=\"@Notibras\" \/>\n<meta name=\"twitter:site\" content=\"@Notibras\" \/>\n<meta name=\"twitter:label1\" content=\"Escrito por\" \/>\n\t<meta name=\"twitter:data1\" content=\"Reda\u00e7\u00e3o\" \/>\n\t<meta name=\"twitter:label2\" content=\"Est. tempo de leitura\" \/>\n\t<meta name=\"twitter:data2\" content=\"2 minutos\" \/>\n<script type=\"application\/ld+json\" class=\"yoast-schema-graph\">{\"@context\":\"https:\/\/schema.org\",\"@graph\":[{\"@type\":\"Article\",\"@id\":\"https:\/\/www.notibras.com\/site\/o-misterio-de-delfos-com-a-frase-conhece-te-a-ti-mesmo\/#article\",\"isPartOf\":{\"@id\":\"https:\/\/www.notibras.com\/site\/o-misterio-de-delfos-com-a-frase-conhece-te-a-ti-mesmo\/\"},\"author\":{\"name\":\"Reda\u00e7\u00e3o\",\"@id\":\"https:\/\/www.notibras.com\/site\/#\/schema\/person\/36ab0979449956132d3e5b517ea76ac8\"},\"headline\":\"O mist\u00e9rio de Delfos com a frase &#8216;conhece-te a ti mesmo&#8217;\",\"datePublished\":\"2025-08-24T03:58:36+00:00\",\"dateModified\":\"2025-08-24T12:36:57+00:00\",\"mainEntityOfPage\":{\"@id\":\"https:\/\/www.notibras.com\/site\/o-misterio-de-delfos-com-a-frase-conhece-te-a-ti-mesmo\/\"},\"wordCount\":274,\"publisher\":{\"@id\":\"https:\/\/www.notibras.com\/site\/#organization\"},\"image\":{\"@id\":\"https:\/\/www.notibras.com\/site\/o-misterio-de-delfos-com-a-frase-conhece-te-a-ti-mesmo\/#primaryimage\"},\"thumbnailUrl\":\"https:\/\/www.notibras.com\/site\/wp-content\/uploads\/2025\/08\/fc254eb9-d78b-4aca-8767-8cfe2f90f72e.jpg\",\"articleSection\":[\"Or\u00e1culos\"],\"inLanguage\":\"pt-BR\"},{\"@type\":\"WebPage\",\"@id\":\"https:\/\/www.notibras.com\/site\/o-misterio-de-delfos-com-a-frase-conhece-te-a-ti-mesmo\/\",\"url\":\"https:\/\/www.notibras.com\/site\/o-misterio-de-delfos-com-a-frase-conhece-te-a-ti-mesmo\/\",\"name\":\"O mist\u00e9rio de Delfos com a frase 'conhece-te a ti mesmo' - Notibras\",\"isPartOf\":{\"@id\":\"https:\/\/www.notibras.com\/site\/#website\"},\"primaryImageOfPage\":{\"@id\":\"https:\/\/www.notibras.com\/site\/o-misterio-de-delfos-com-a-frase-conhece-te-a-ti-mesmo\/#primaryimage\"},\"image\":{\"@id\":\"https:\/\/www.notibras.com\/site\/o-misterio-de-delfos-com-a-frase-conhece-te-a-ti-mesmo\/#primaryimage\"},\"thumbnailUrl\":\"https:\/\/www.notibras.com\/site\/wp-content\/uploads\/2025\/08\/fc254eb9-d78b-4aca-8767-8cfe2f90f72e.jpg\",\"datePublished\":\"2025-08-24T03:58:36+00:00\",\"dateModified\":\"2025-08-24T12:36:57+00:00\",\"breadcrumb\":{\"@id\":\"https:\/\/www.notibras.com\/site\/o-misterio-de-delfos-com-a-frase-conhece-te-a-ti-mesmo\/#breadcrumb\"},\"inLanguage\":\"pt-BR\",\"potentialAction\":[{\"@type\":\"ReadAction\",\"target\":[\"https:\/\/www.notibras.com\/site\/o-misterio-de-delfos-com-a-frase-conhece-te-a-ti-mesmo\/\"]}]},{\"@type\":\"ImageObject\",\"inLanguage\":\"pt-BR\",\"@id\":\"https:\/\/www.notibras.com\/site\/o-misterio-de-delfos-com-a-frase-conhece-te-a-ti-mesmo\/#primaryimage\",\"url\":\"https:\/\/www.notibras.com\/site\/wp-content\/uploads\/2025\/08\/fc254eb9-d78b-4aca-8767-8cfe2f90f72e.jpg\",\"contentUrl\":\"https:\/\/www.notibras.com\/site\/wp-content\/uploads\/2025\/08\/fc254eb9-d78b-4aca-8767-8cfe2f90f72e.jpg\",\"width\":1280,\"height\":1280},{\"@type\":\"BreadcrumbList\",\"@id\":\"https:\/\/www.notibras.com\/site\/o-misterio-de-delfos-com-a-frase-conhece-te-a-ti-mesmo\/#breadcrumb\",\"itemListElement\":[{\"@type\":\"ListItem\",\"position\":1,\"name\":\"In\u00edcio\",\"item\":\"https:\/\/www.notibras.com\/site\/\"},{\"@type\":\"ListItem\",\"position\":2,\"name\":\"O mist\u00e9rio de Delfos com a frase &#8216;conhece-te a ti mesmo&#8217;\"}]},{\"@type\":\"WebSite\",\"@id\":\"https:\/\/www.notibras.com\/site\/#website\",\"url\":\"https:\/\/www.notibras.com\/site\/\",\"name\":\"Notibras\",\"description\":\"Not\u00edcias de Bras\u00edlia, do Brasil e do Mundo\",\"publisher\":{\"@id\":\"https:\/\/www.notibras.com\/site\/#organization\"},\"potentialAction\":[{\"@type\":\"SearchAction\",\"target\":{\"@type\":\"EntryPoint\",\"urlTemplate\":\"https:\/\/www.notibras.com\/site\/?s={search_term_string}\"},\"query-input\":{\"@type\":\"PropertyValueSpecification\",\"valueRequired\":true,\"valueName\":\"search_term_string\"}}],\"inLanguage\":\"pt-BR\"},{\"@type\":\"Organization\",\"@id\":\"https:\/\/www.notibras.com\/site\/#organization\",\"name\":\"Grupo Notibras de Comunica\u00e7\u00e3o\",\"url\":\"https:\/\/www.notibras.com\/site\/\",\"logo\":{\"@type\":\"ImageObject\",\"inLanguage\":\"pt-BR\",\"@id\":\"https:\/\/www.notibras.com\/site\/#\/schema\/logo\/image\/\",\"url\":\"https:\/\/www.notibras.com\/site\/wp-content\/uploads\/2023\/01\/notibras23.png\",\"contentUrl\":\"https:\/\/www.notibras.com\/site\/wp-content\/uploads\/2023\/01\/notibras23.png\",\"width\":350,\"height\":87,\"caption\":\"Grupo Notibras de Comunica\u00e7\u00e3o\"},\"image\":{\"@id\":\"https:\/\/www.notibras.com\/site\/#\/schema\/logo\/image\/\"},\"sameAs\":[\"https:\/\/www.facebook.com\/notibras\/\",\"https:\/\/x.com\/Notibras\",\"https:\/\/www.instagram.com\/notibras\/\"]},{\"@type\":\"Person\",\"@id\":\"https:\/\/www.notibras.com\/site\/#\/schema\/person\/36ab0979449956132d3e5b517ea76ac8\",\"name\":\"Reda\u00e7\u00e3o\",\"image\":{\"@type\":\"ImageObject\",\"inLanguage\":\"pt-BR\",\"@id\":\"https:\/\/secure.gravatar.com\/avatar\/e0a867bdedb85fd243eadf09663511f96fc81e0720a4a42581f334ad4303aa6b?s=96&d=mm&r=g\",\"url\":\"https:\/\/secure.gravatar.com\/avatar\/e0a867bdedb85fd243eadf09663511f96fc81e0720a4a42581f334ad4303aa6b?s=96&d=mm&r=g\",\"contentUrl\":\"https:\/\/secure.gravatar.com\/avatar\/e0a867bdedb85fd243eadf09663511f96fc81e0720a4a42581f334ad4303aa6b?s=96&d=mm&r=g\",\"caption\":\"Reda\u00e7\u00e3o\"}}]}<\/script>\n<!-- \/ Yoast SEO plugin. -->","yoast_head_json":{"title":"O mist\u00e9rio de Delfos com a frase 'conhece-te a ti mesmo' - Notibras","robots":{"index":"index","follow":"follow","max-snippet":"max-snippet:-1","max-image-preview":"max-image-preview:large","max-video-preview":"max-video-preview:-1"},"canonical":"https:\/\/www.notibras.com\/site\/o-misterio-de-delfos-com-a-frase-conhece-te-a-ti-mesmo\/","og_locale":"pt_BR","og_type":"article","og_title":"O mist\u00e9rio de Delfos com a frase 'conhece-te a ti mesmo' - Notibras","og_description":"Entre rochedos e abismos, onde o eco do vento parece carregar vozes que n\u00e3o pertencem a este mundo, erguia-se o Or\u00e1culo de Delfos. N\u00e3o era apenas um templo, mas um portal, uma fenda viva por onde a terra exalava vapores, mist\u00e9rios e press\u00e1gios. Ali, a P\u00edtia n\u00e3o falava por si mesma. Seus olhos revirados e [&hellip;]","og_url":"https:\/\/www.notibras.com\/site\/o-misterio-de-delfos-com-a-frase-conhece-te-a-ti-mesmo\/","og_site_name":"Notibras","article_publisher":"https:\/\/www.facebook.com\/notibras\/","article_published_time":"2025-08-24T03:58:36+00:00","article_modified_time":"2025-08-24T12:36:57+00:00","og_image":[{"width":1280,"height":1280,"url":"https:\/\/www.notibras.com\/site\/wp-content\/uploads\/2025\/08\/fc254eb9-d78b-4aca-8767-8cfe2f90f72e.jpg","type":"image\/jpeg"}],"author":"Reda\u00e7\u00e3o","twitter_card":"summary_large_image","twitter_creator":"@Notibras","twitter_site":"@Notibras","twitter_misc":{"Escrito por":"Reda\u00e7\u00e3o","Est. tempo de leitura":"2 minutos"},"schema":{"@context":"https:\/\/schema.org","@graph":[{"@type":"Article","@id":"https:\/\/www.notibras.com\/site\/o-misterio-de-delfos-com-a-frase-conhece-te-a-ti-mesmo\/#article","isPartOf":{"@id":"https:\/\/www.notibras.com\/site\/o-misterio-de-delfos-com-a-frase-conhece-te-a-ti-mesmo\/"},"author":{"name":"Reda\u00e7\u00e3o","@id":"https:\/\/www.notibras.com\/site\/#\/schema\/person\/36ab0979449956132d3e5b517ea76ac8"},"headline":"O mist\u00e9rio de Delfos com a frase &#8216;conhece-te a ti mesmo&#8217;","datePublished":"2025-08-24T03:58:36+00:00","dateModified":"2025-08-24T12:36:57+00:00","mainEntityOfPage":{"@id":"https:\/\/www.notibras.com\/site\/o-misterio-de-delfos-com-a-frase-conhece-te-a-ti-mesmo\/"},"wordCount":274,"publisher":{"@id":"https:\/\/www.notibras.com\/site\/#organization"},"image":{"@id":"https:\/\/www.notibras.com\/site\/o-misterio-de-delfos-com-a-frase-conhece-te-a-ti-mesmo\/#primaryimage"},"thumbnailUrl":"https:\/\/www.notibras.com\/site\/wp-content\/uploads\/2025\/08\/fc254eb9-d78b-4aca-8767-8cfe2f90f72e.jpg","articleSection":["Or\u00e1culos"],"inLanguage":"pt-BR"},{"@type":"WebPage","@id":"https:\/\/www.notibras.com\/site\/o-misterio-de-delfos-com-a-frase-conhece-te-a-ti-mesmo\/","url":"https:\/\/www.notibras.com\/site\/o-misterio-de-delfos-com-a-frase-conhece-te-a-ti-mesmo\/","name":"O mist\u00e9rio de Delfos com a frase 'conhece-te a ti mesmo' - Notibras","isPartOf":{"@id":"https:\/\/www.notibras.com\/site\/#website"},"primaryImageOfPage":{"@id":"https:\/\/www.notibras.com\/site\/o-misterio-de-delfos-com-a-frase-conhece-te-a-ti-mesmo\/#primaryimage"},"image":{"@id":"https:\/\/www.notibras.com\/site\/o-misterio-de-delfos-com-a-frase-conhece-te-a-ti-mesmo\/#primaryimage"},"thumbnailUrl":"https:\/\/www.notibras.com\/site\/wp-content\/uploads\/2025\/08\/fc254eb9-d78b-4aca-8767-8cfe2f90f72e.jpg","datePublished":"2025-08-24T03:58:36+00:00","dateModified":"2025-08-24T12:36:57+00:00","breadcrumb":{"@id":"https:\/\/www.notibras.com\/site\/o-misterio-de-delfos-com-a-frase-conhece-te-a-ti-mesmo\/#breadcrumb"},"inLanguage":"pt-BR","potentialAction":[{"@type":"ReadAction","target":["https:\/\/www.notibras.com\/site\/o-misterio-de-delfos-com-a-frase-conhece-te-a-ti-mesmo\/"]}]},{"@type":"ImageObject","inLanguage":"pt-BR","@id":"https:\/\/www.notibras.com\/site\/o-misterio-de-delfos-com-a-frase-conhece-te-a-ti-mesmo\/#primaryimage","url":"https:\/\/www.notibras.com\/site\/wp-content\/uploads\/2025\/08\/fc254eb9-d78b-4aca-8767-8cfe2f90f72e.jpg","contentUrl":"https:\/\/www.notibras.com\/site\/wp-content\/uploads\/2025\/08\/fc254eb9-d78b-4aca-8767-8cfe2f90f72e.jpg","width":1280,"height":1280},{"@type":"BreadcrumbList","@id":"https:\/\/www.notibras.com\/site\/o-misterio-de-delfos-com-a-frase-conhece-te-a-ti-mesmo\/#breadcrumb","itemListElement":[{"@type":"ListItem","position":1,"name":"In\u00edcio","item":"https:\/\/www.notibras.com\/site\/"},{"@type":"ListItem","position":2,"name":"O mist\u00e9rio de Delfos com a frase &#8216;conhece-te a ti mesmo&#8217;"}]},{"@type":"WebSite","@id":"https:\/\/www.notibras.com\/site\/#website","url":"https:\/\/www.notibras.com\/site\/","name":"Notibras","description":"Not\u00edcias de Bras\u00edlia, do Brasil e do Mundo","publisher":{"@id":"https:\/\/www.notibras.com\/site\/#organization"},"potentialAction":[{"@type":"SearchAction","target":{"@type":"EntryPoint","urlTemplate":"https:\/\/www.notibras.com\/site\/?s={search_term_string}"},"query-input":{"@type":"PropertyValueSpecification","valueRequired":true,"valueName":"search_term_string"}}],"inLanguage":"pt-BR"},{"@type":"Organization","@id":"https:\/\/www.notibras.com\/site\/#organization","name":"Grupo Notibras de Comunica\u00e7\u00e3o","url":"https:\/\/www.notibras.com\/site\/","logo":{"@type":"ImageObject","inLanguage":"pt-BR","@id":"https:\/\/www.notibras.com\/site\/#\/schema\/logo\/image\/","url":"https:\/\/www.notibras.com\/site\/wp-content\/uploads\/2023\/01\/notibras23.png","contentUrl":"https:\/\/www.notibras.com\/site\/wp-content\/uploads\/2023\/01\/notibras23.png","width":350,"height":87,"caption":"Grupo Notibras de Comunica\u00e7\u00e3o"},"image":{"@id":"https:\/\/www.notibras.com\/site\/#\/schema\/logo\/image\/"},"sameAs":["https:\/\/www.facebook.com\/notibras\/","https:\/\/x.com\/Notibras","https:\/\/www.instagram.com\/notibras\/"]},{"@type":"Person","@id":"https:\/\/www.notibras.com\/site\/#\/schema\/person\/36ab0979449956132d3e5b517ea76ac8","name":"Reda\u00e7\u00e3o","image":{"@type":"ImageObject","inLanguage":"pt-BR","@id":"https:\/\/secure.gravatar.com\/avatar\/e0a867bdedb85fd243eadf09663511f96fc81e0720a4a42581f334ad4303aa6b?s=96&d=mm&r=g","url":"https:\/\/secure.gravatar.com\/avatar\/e0a867bdedb85fd243eadf09663511f96fc81e0720a4a42581f334ad4303aa6b?s=96&d=mm&r=g","contentUrl":"https:\/\/secure.gravatar.com\/avatar\/e0a867bdedb85fd243eadf09663511f96fc81e0720a4a42581f334ad4303aa6b?s=96&d=mm&r=g","caption":"Reda\u00e7\u00e3o"}}]}},"amp_enabled":true,"_links":{"self":[{"href":"https:\/\/www.notibras.com\/site\/wp-json\/wp\/v2\/posts\/361983","targetHints":{"allow":["GET"]}}],"collection":[{"href":"https:\/\/www.notibras.com\/site\/wp-json\/wp\/v2\/posts"}],"about":[{"href":"https:\/\/www.notibras.com\/site\/wp-json\/wp\/v2\/types\/post"}],"author":[{"embeddable":true,"href":"https:\/\/www.notibras.com\/site\/wp-json\/wp\/v2\/users\/2"}],"replies":[{"embeddable":true,"href":"https:\/\/www.notibras.com\/site\/wp-json\/wp\/v2\/comments?post=361983"}],"version-history":[{"count":1,"href":"https:\/\/www.notibras.com\/site\/wp-json\/wp\/v2\/posts\/361983\/revisions"}],"predecessor-version":[{"id":361985,"href":"https:\/\/www.notibras.com\/site\/wp-json\/wp\/v2\/posts\/361983\/revisions\/361985"}],"wp:featuredmedia":[{"embeddable":true,"href":"https:\/\/www.notibras.com\/site\/wp-json\/wp\/v2\/media\/361984"}],"wp:attachment":[{"href":"https:\/\/www.notibras.com\/site\/wp-json\/wp\/v2\/media?parent=361983"}],"wp:term":[{"taxonomy":"category","embeddable":true,"href":"https:\/\/www.notibras.com\/site\/wp-json\/wp\/v2\/categories?post=361983"},{"taxonomy":"post_tag","embeddable":true,"href":"https:\/\/www.notibras.com\/site\/wp-json\/wp\/v2\/tags?post=361983"}],"curies":[{"name":"wp","href":"https:\/\/api.w.org\/{rel}","templated":true}]}}