{"id":36205,"date":"2015-02-06T08:29:27","date_gmt":"2015-02-06T11:29:27","guid":{"rendered":"http:\/\/www.notibras.com\/site\/?p=36205"},"modified":"2015-02-07T09:36:34","modified_gmt":"2015-02-07T12:36:34","slug":"governante-que-mente-merece-punicao-e-impeachment-ronda-dilma","status":"publish","type":"post","link":"https:\/\/www.notibras.com\/site\/governante-que-mente-merece-punicao-e-impeachment-ronda-dilma\/","title":{"rendered":"Governante que mente merece puni\u00e7\u00e3o; d\u00e1 impeachment?"},"content":{"rendered":"<p>Dilma Rousseff mentiu tanto durante a sua campanha a presidente da Rep\u00fablica que resolveu adotar a mentira como estrat\u00e9gia de governo. Afinal de contas, a t\u00e1tica funcionou e ela ganhou a elei\u00e7\u00e3o mentindo.<\/p>\n<p>Se n\u00e3o, vejamos. Ela, durante a campanha, dizia que a infla\u00e7\u00e3o estava sob controle. E que n\u00e3o haveria aumento da taxa de juros. Nem bem as urnas foram fechadas e a taxa de juros voltou a ser elevada para controlar a infla\u00e7\u00e3o.<\/p>\n<p>Dilma dizia que n\u00e3o retiraria direitos sociais e trabalhistas e que n\u00e3o prejudicaria os trabalhadores &#8220;nem que a vaca tussa&#8221;. Dizia que n\u00e3o havia necessidade de ajuste fiscal porque as contas p\u00fablicas estavam sob controle.<\/p>\n<p>Mas, mal foi anunciada a nova equipe econ\u00f4mica do governo, no in\u00edcio do ano, uma medida provis\u00f3ria ampliou de 6 meses para 18 meses o prazo de car\u00eancia para a concess\u00e3o do seguro-desemprego pela primeira vez, e de 6 para 12 no segundo pedido. O prazo permaneceu de seis meses s\u00f3 a partir da terceira solicita\u00e7\u00e3o.<\/p>\n<p>Como a rotatividade do mercado de trabalho brasileiro \u00e9 muito grande, e poucos permanecem mais de 18 meses no emprego, a avalia\u00e7\u00e3o \u00e9 de que mais de 60% dos demitidos n\u00e3o ter\u00e3o direito ao seguro desemprego \u2013 principalmente os jovens que conseguem a sua primeira ocupa\u00e7\u00e3o.<\/p>\n<p>Mas o pacote de maldades contra os trabalhadores n\u00e3o parou por ai. Nessa medida provis\u00f3ria, o governo colocou ainda a redu\u00e7\u00e3o do abono salarial do PIS\/Pasep para quem ganha at\u00e9 dois sal\u00e1rios m\u00ednimos, reduziu em 50% a pens\u00e3o por morte das vi\u00favas e transferiu para as empresas o pagamento dos primeiros 30 dias do pagamento do aux\u00edlio-doen\u00e7a (antes eram 15 dias).<\/p>\n<p>A facada, de quem dizia que n\u00e3o prejudicaria os trabalhadores, n\u00e3o parou por ai. Dilma tamb\u00e9m cortou o pagamento do seguro-defeso dos pescadores. E, para n\u00e3o dizer que foi injusta, vetou a corre\u00e7\u00e3o de 6,5% na tabela do Imposto de Renda, prejudicando todo mundo que trabalha.<\/p>\n<blockquote><p>Sobrou at\u00e9 para os estudantes que dependem do Fies, o fundo de financiamento ao estudante do ensino superior. Em dezembro, o Minist\u00e9rio da Educa\u00e7\u00e3o reduziu os repasses para os grupos privados de educa\u00e7\u00e3o superior e estabeleceu uma nova nota de corte para os alunos interessados em ingressar no Fies (450 pontos no Enem).<\/p><\/blockquote>\n<p>Dilma dizia que n\u00e3o aumentaria impostos. Subiu o PIS\/Cofins, reativou a Cide sobre os combust\u00edveis e aumentou a tarifa da energia el\u00e9trica, que ela prometeu, dois anos atr\u00e1s, que ficaria mais barata e nunca iria faltar.<\/p>\n<p>Tudo isso sem qualquer di\u00e1logo com o Congresso e com o movimento sindical, o que levou as centrais sindicais a promoverem grandes manifesta\u00e7\u00f5es no \u00faltimo dia 28 de janeiro. E uma grande marcha a Bras\u00edlia j\u00e1 foi marcada para o pr\u00f3ximo dia 26 de fevereiro.<\/p>\n<p>No seu primeiro discurso, durante a reuni\u00e3o do novo minist\u00e9rio, Dilma disse que as medidas visavam promover o &#8220;reequil\u00edbrio&#8221; fiscal. Mas, como? As contas do governo n\u00e3o estavam equilibradas? N\u00e3o foi isso que ela disse durante a campanha?<\/p>\n<p>Dilma n\u00e3o fala em corte de gastos de um governo ineficiente, obeso, inchado, com milhares de cargos em comiss\u00e3o de apadrinhados do seu partido. N\u00e3o fala em reduzir subs\u00eddios para empresas amigas do BNDES.\u00a0 Em impor limites e taxar os grandes conglomerados financeiros, que praticam juros escorchantes. N\u00e3o fala em tributar grandes fortunas e cobrar impostos justos de quem compra jatinhos e lanchas.<\/p>\n<blockquote><p>Com toda a sua prepot\u00eancia e arrog\u00e2ncia, aliada a incompet\u00eancia para governar, Dilma colecionar\u00e1 grandes derrotas nesse segundo mandato. A primeira delas aconteceu na elei\u00e7\u00e3o para a presid\u00eancia da C\u00e2mara dos Deputados, quando o seu candidato foi fragorosamente derrotado por Eduardo Cunha \u2013 apesar de toda a press\u00e3o dos ministros prepostos do Pal\u00e1cio do Planalto.<\/p><\/blockquote>\n<p>Mesmo com 39 minist\u00e9rios, que em tese cooptariam quase todos os partidos, os deputados e senadores v\u00e3o impor severas derrotas ao governo. E as ruas v\u00e3o gritar.<\/p>\n<p>Por enquanto, Dilma est\u00e1 conseguindo se safar das den\u00fancias das roubalheiras na Petrobras, apesar de ter sido ministra da Energia e presidente do conselho da estatal quando se deram os desvios na compra na usina de Pasadena, nos EUA, e na constru\u00e7\u00e3o da usina de Abreu e Lima, em Pernambuco.<\/p>\n<p>Mas, na Constitui\u00e7\u00e3o Brasileira est\u00e1 escrito que o presidente da Rep\u00fablica n\u00e3o pode mentir. E, como um Joseph Goebbels (ministro da Propaganda na Alemanha nazista) de saias, Dilma mente sistem\u00e1tica e descaradamente, e faz disso uma estrat\u00e9gia para enganar o povo brasileiro. E, se continuar assim, s\u00f3 restar\u00e1 ao Congresso a obriga\u00e7\u00e3o e o dever de cassar o seu mandato.<\/p>\n<p><strong>Paulo Pereira da Silva<\/strong><\/p>\n","protected":false},"excerpt":{"rendered":"<p>Dilma Rousseff mentiu tanto durante a sua campanha a presidente da Rep\u00fablica que resolveu adotar a mentira como estrat\u00e9gia de governo. Afinal de contas, a t\u00e1tica funcionou e ela ganhou a elei\u00e7\u00e3o mentindo. Se n\u00e3o, vejamos. Ela, durante a campanha, dizia que a infla\u00e7\u00e3o estava sob controle. E que n\u00e3o haveria aumento da taxa de [&hellip;]<\/p>\n","protected":false},"author":2,"featured_media":36206,"comment_status":"open","ping_status":"closed","sticky":false,"template":"","format":"standard","meta":{"_acf_changed":false,"footnotes":""},"categories":[25],"tags":[],"class_list":["post-36205","post","type-post","status-publish","format-standard","has-post-thumbnail","hentry","category-opina-ai"],"acf":[],"yoast_head":"<!-- This site is optimized with the Yoast SEO plugin v27.2 - https:\/\/yoast.com\/product\/yoast-seo-wordpress\/ -->\n<title>Governante que mente merece puni\u00e7\u00e3o; d\u00e1 impeachment? - Notibras<\/title>\n<meta name=\"robots\" content=\"index, follow, max-snippet:-1, max-image-preview:large, max-video-preview:-1\" \/>\n<link rel=\"canonical\" href=\"https:\/\/www.notibras.com\/site\/governante-que-mente-merece-punicao-e-impeachment-ronda-dilma\/\" \/>\n<meta property=\"og:locale\" content=\"pt_BR\" \/>\n<meta property=\"og:type\" content=\"article\" \/>\n<meta property=\"og:title\" content=\"Governante que mente merece puni\u00e7\u00e3o; d\u00e1 impeachment? - Notibras\" \/>\n<meta property=\"og:description\" content=\"Dilma Rousseff mentiu tanto durante a sua campanha a presidente da Rep\u00fablica que resolveu adotar a mentira como estrat\u00e9gia de governo. Afinal de contas, a t\u00e1tica funcionou e ela ganhou a elei\u00e7\u00e3o mentindo. Se n\u00e3o, vejamos. Ela, durante a campanha, dizia que a infla\u00e7\u00e3o estava sob controle. E que n\u00e3o haveria aumento da taxa de [&hellip;]\" \/>\n<meta property=\"og:url\" content=\"https:\/\/www.notibras.com\/site\/governante-que-mente-merece-punicao-e-impeachment-ronda-dilma\/\" \/>\n<meta property=\"og:site_name\" content=\"Notibras\" \/>\n<meta property=\"article:publisher\" content=\"https:\/\/www.facebook.com\/notibras\/\" \/>\n<meta property=\"article:published_time\" content=\"2015-02-06T11:29:27+00:00\" \/>\n<meta property=\"article:modified_time\" content=\"2015-02-07T12:36:34+00:00\" \/>\n<meta property=\"og:image\" content=\"https:\/\/www.notibras.com\/site\/wp-content\/uploads\/2015\/02\/dilma.jpeg\" \/>\n\t<meta property=\"og:image:width\" content=\"660\" \/>\n\t<meta property=\"og:image:height\" content=\"400\" \/>\n\t<meta property=\"og:image:type\" content=\"image\/jpeg\" \/>\n<meta name=\"author\" content=\"Reda\u00e7\u00e3o\" \/>\n<meta name=\"twitter:card\" content=\"summary_large_image\" \/>\n<meta name=\"twitter:creator\" content=\"@Notibras\" \/>\n<meta name=\"twitter:site\" content=\"@Notibras\" \/>\n<meta name=\"twitter:label1\" content=\"Escrito por\" \/>\n\t<meta name=\"twitter:data1\" content=\"Reda\u00e7\u00e3o\" \/>\n\t<meta name=\"twitter:label2\" content=\"Est. tempo de leitura\" \/>\n\t<meta name=\"twitter:data2\" content=\"4 minutos\" \/>\n<script type=\"application\/ld+json\" class=\"yoast-schema-graph\">{\"@context\":\"https:\/\/schema.org\",\"@graph\":[{\"@type\":\"Article\",\"@id\":\"https:\/\/www.notibras.com\/site\/governante-que-mente-merece-punicao-e-impeachment-ronda-dilma\/#article\",\"isPartOf\":{\"@id\":\"https:\/\/www.notibras.com\/site\/governante-que-mente-merece-punicao-e-impeachment-ronda-dilma\/\"},\"author\":{\"name\":\"Reda\u00e7\u00e3o\",\"@id\":\"https:\/\/www.notibras.com\/site\/#\/schema\/person\/36ab0979449956132d3e5b517ea76ac8\"},\"headline\":\"Governante que mente merece puni\u00e7\u00e3o; d\u00e1 impeachment?\",\"datePublished\":\"2015-02-06T11:29:27+00:00\",\"dateModified\":\"2015-02-07T12:36:34+00:00\",\"mainEntityOfPage\":{\"@id\":\"https:\/\/www.notibras.com\/site\/governante-que-mente-merece-punicao-e-impeachment-ronda-dilma\/\"},\"wordCount\":818,\"commentCount\":0,\"publisher\":{\"@id\":\"https:\/\/www.notibras.com\/site\/#organization\"},\"image\":{\"@id\":\"https:\/\/www.notibras.com\/site\/governante-que-mente-merece-punicao-e-impeachment-ronda-dilma\/#primaryimage\"},\"thumbnailUrl\":\"https:\/\/www.notibras.com\/site\/wp-content\/uploads\/2015\/02\/dilma.jpeg\",\"articleSection\":[\"Opina a\u00ed\"],\"inLanguage\":\"pt-BR\",\"potentialAction\":[{\"@type\":\"CommentAction\",\"name\":\"Comment\",\"target\":[\"https:\/\/www.notibras.com\/site\/governante-que-mente-merece-punicao-e-impeachment-ronda-dilma\/#respond\"]}]},{\"@type\":\"WebPage\",\"@id\":\"https:\/\/www.notibras.com\/site\/governante-que-mente-merece-punicao-e-impeachment-ronda-dilma\/\",\"url\":\"https:\/\/www.notibras.com\/site\/governante-que-mente-merece-punicao-e-impeachment-ronda-dilma\/\",\"name\":\"Governante que mente merece puni\u00e7\u00e3o; d\u00e1 impeachment? - Notibras\",\"isPartOf\":{\"@id\":\"https:\/\/www.notibras.com\/site\/#website\"},\"primaryImageOfPage\":{\"@id\":\"https:\/\/www.notibras.com\/site\/governante-que-mente-merece-punicao-e-impeachment-ronda-dilma\/#primaryimage\"},\"image\":{\"@id\":\"https:\/\/www.notibras.com\/site\/governante-que-mente-merece-punicao-e-impeachment-ronda-dilma\/#primaryimage\"},\"thumbnailUrl\":\"https:\/\/www.notibras.com\/site\/wp-content\/uploads\/2015\/02\/dilma.jpeg\",\"datePublished\":\"2015-02-06T11:29:27+00:00\",\"dateModified\":\"2015-02-07T12:36:34+00:00\",\"breadcrumb\":{\"@id\":\"https:\/\/www.notibras.com\/site\/governante-que-mente-merece-punicao-e-impeachment-ronda-dilma\/#breadcrumb\"},\"inLanguage\":\"pt-BR\",\"potentialAction\":[{\"@type\":\"ReadAction\",\"target\":[\"https:\/\/www.notibras.com\/site\/governante-que-mente-merece-punicao-e-impeachment-ronda-dilma\/\"]}]},{\"@type\":\"ImageObject\",\"inLanguage\":\"pt-BR\",\"@id\":\"https:\/\/www.notibras.com\/site\/governante-que-mente-merece-punicao-e-impeachment-ronda-dilma\/#primaryimage\",\"url\":\"https:\/\/www.notibras.com\/site\/wp-content\/uploads\/2015\/02\/dilma.jpeg\",\"contentUrl\":\"https:\/\/www.notibras.com\/site\/wp-content\/uploads\/2015\/02\/dilma.jpeg\",\"width\":660,\"height\":400},{\"@type\":\"BreadcrumbList\",\"@id\":\"https:\/\/www.notibras.com\/site\/governante-que-mente-merece-punicao-e-impeachment-ronda-dilma\/#breadcrumb\",\"itemListElement\":[{\"@type\":\"ListItem\",\"position\":1,\"name\":\"In\u00edcio\",\"item\":\"https:\/\/www.notibras.com\/site\/\"},{\"@type\":\"ListItem\",\"position\":2,\"name\":\"Governante que mente merece puni\u00e7\u00e3o; d\u00e1 impeachment?\"}]},{\"@type\":\"WebSite\",\"@id\":\"https:\/\/www.notibras.com\/site\/#website\",\"url\":\"https:\/\/www.notibras.com\/site\/\",\"name\":\"Notibras\",\"description\":\"Not\u00edcias de Bras\u00edlia, do Brasil e do Mundo\",\"publisher\":{\"@id\":\"https:\/\/www.notibras.com\/site\/#organization\"},\"potentialAction\":[{\"@type\":\"SearchAction\",\"target\":{\"@type\":\"EntryPoint\",\"urlTemplate\":\"https:\/\/www.notibras.com\/site\/?s={search_term_string}\"},\"query-input\":{\"@type\":\"PropertyValueSpecification\",\"valueRequired\":true,\"valueName\":\"search_term_string\"}}],\"inLanguage\":\"pt-BR\"},{\"@type\":\"Organization\",\"@id\":\"https:\/\/www.notibras.com\/site\/#organization\",\"name\":\"Grupo Notibras de Comunica\u00e7\u00e3o\",\"url\":\"https:\/\/www.notibras.com\/site\/\",\"logo\":{\"@type\":\"ImageObject\",\"inLanguage\":\"pt-BR\",\"@id\":\"https:\/\/www.notibras.com\/site\/#\/schema\/logo\/image\/\",\"url\":\"https:\/\/www.notibras.com\/site\/wp-content\/uploads\/2023\/01\/notibras23.png\",\"contentUrl\":\"https:\/\/www.notibras.com\/site\/wp-content\/uploads\/2023\/01\/notibras23.png\",\"width\":350,\"height\":87,\"caption\":\"Grupo Notibras de Comunica\u00e7\u00e3o\"},\"image\":{\"@id\":\"https:\/\/www.notibras.com\/site\/#\/schema\/logo\/image\/\"},\"sameAs\":[\"https:\/\/www.facebook.com\/notibras\/\",\"https:\/\/x.com\/Notibras\",\"https:\/\/www.instagram.com\/notibras\/\"]},{\"@type\":\"Person\",\"@id\":\"https:\/\/www.notibras.com\/site\/#\/schema\/person\/36ab0979449956132d3e5b517ea76ac8\",\"name\":\"Reda\u00e7\u00e3o\",\"image\":{\"@type\":\"ImageObject\",\"inLanguage\":\"pt-BR\",\"@id\":\"https:\/\/secure.gravatar.com\/avatar\/e0a867bdedb85fd243eadf09663511f96fc81e0720a4a42581f334ad4303aa6b?s=96&d=mm&r=g\",\"url\":\"https:\/\/secure.gravatar.com\/avatar\/e0a867bdedb85fd243eadf09663511f96fc81e0720a4a42581f334ad4303aa6b?s=96&d=mm&r=g\",\"contentUrl\":\"https:\/\/secure.gravatar.com\/avatar\/e0a867bdedb85fd243eadf09663511f96fc81e0720a4a42581f334ad4303aa6b?s=96&d=mm&r=g\",\"caption\":\"Reda\u00e7\u00e3o\"}}]}<\/script>\n<!-- \/ Yoast SEO plugin. -->","yoast_head_json":{"title":"Governante que mente merece puni\u00e7\u00e3o; d\u00e1 impeachment? - Notibras","robots":{"index":"index","follow":"follow","max-snippet":"max-snippet:-1","max-image-preview":"max-image-preview:large","max-video-preview":"max-video-preview:-1"},"canonical":"https:\/\/www.notibras.com\/site\/governante-que-mente-merece-punicao-e-impeachment-ronda-dilma\/","og_locale":"pt_BR","og_type":"article","og_title":"Governante que mente merece puni\u00e7\u00e3o; d\u00e1 impeachment? - Notibras","og_description":"Dilma Rousseff mentiu tanto durante a sua campanha a presidente da Rep\u00fablica que resolveu adotar a mentira como estrat\u00e9gia de governo. Afinal de contas, a t\u00e1tica funcionou e ela ganhou a elei\u00e7\u00e3o mentindo. Se n\u00e3o, vejamos. Ela, durante a campanha, dizia que a infla\u00e7\u00e3o estava sob controle. E que n\u00e3o haveria aumento da taxa de [&hellip;]","og_url":"https:\/\/www.notibras.com\/site\/governante-que-mente-merece-punicao-e-impeachment-ronda-dilma\/","og_site_name":"Notibras","article_publisher":"https:\/\/www.facebook.com\/notibras\/","article_published_time":"2015-02-06T11:29:27+00:00","article_modified_time":"2015-02-07T12:36:34+00:00","og_image":[{"width":660,"height":400,"url":"https:\/\/www.notibras.com\/site\/wp-content\/uploads\/2015\/02\/dilma.jpeg","type":"image\/jpeg"}],"author":"Reda\u00e7\u00e3o","twitter_card":"summary_large_image","twitter_creator":"@Notibras","twitter_site":"@Notibras","twitter_misc":{"Escrito por":"Reda\u00e7\u00e3o","Est. tempo de leitura":"4 minutos"},"schema":{"@context":"https:\/\/schema.org","@graph":[{"@type":"Article","@id":"https:\/\/www.notibras.com\/site\/governante-que-mente-merece-punicao-e-impeachment-ronda-dilma\/#article","isPartOf":{"@id":"https:\/\/www.notibras.com\/site\/governante-que-mente-merece-punicao-e-impeachment-ronda-dilma\/"},"author":{"name":"Reda\u00e7\u00e3o","@id":"https:\/\/www.notibras.com\/site\/#\/schema\/person\/36ab0979449956132d3e5b517ea76ac8"},"headline":"Governante que mente merece puni\u00e7\u00e3o; d\u00e1 impeachment?","datePublished":"2015-02-06T11:29:27+00:00","dateModified":"2015-02-07T12:36:34+00:00","mainEntityOfPage":{"@id":"https:\/\/www.notibras.com\/site\/governante-que-mente-merece-punicao-e-impeachment-ronda-dilma\/"},"wordCount":818,"commentCount":0,"publisher":{"@id":"https:\/\/www.notibras.com\/site\/#organization"},"image":{"@id":"https:\/\/www.notibras.com\/site\/governante-que-mente-merece-punicao-e-impeachment-ronda-dilma\/#primaryimage"},"thumbnailUrl":"https:\/\/www.notibras.com\/site\/wp-content\/uploads\/2015\/02\/dilma.jpeg","articleSection":["Opina a\u00ed"],"inLanguage":"pt-BR","potentialAction":[{"@type":"CommentAction","name":"Comment","target":["https:\/\/www.notibras.com\/site\/governante-que-mente-merece-punicao-e-impeachment-ronda-dilma\/#respond"]}]},{"@type":"WebPage","@id":"https:\/\/www.notibras.com\/site\/governante-que-mente-merece-punicao-e-impeachment-ronda-dilma\/","url":"https:\/\/www.notibras.com\/site\/governante-que-mente-merece-punicao-e-impeachment-ronda-dilma\/","name":"Governante que mente merece puni\u00e7\u00e3o; d\u00e1 impeachment? - Notibras","isPartOf":{"@id":"https:\/\/www.notibras.com\/site\/#website"},"primaryImageOfPage":{"@id":"https:\/\/www.notibras.com\/site\/governante-que-mente-merece-punicao-e-impeachment-ronda-dilma\/#primaryimage"},"image":{"@id":"https:\/\/www.notibras.com\/site\/governante-que-mente-merece-punicao-e-impeachment-ronda-dilma\/#primaryimage"},"thumbnailUrl":"https:\/\/www.notibras.com\/site\/wp-content\/uploads\/2015\/02\/dilma.jpeg","datePublished":"2015-02-06T11:29:27+00:00","dateModified":"2015-02-07T12:36:34+00:00","breadcrumb":{"@id":"https:\/\/www.notibras.com\/site\/governante-que-mente-merece-punicao-e-impeachment-ronda-dilma\/#breadcrumb"},"inLanguage":"pt-BR","potentialAction":[{"@type":"ReadAction","target":["https:\/\/www.notibras.com\/site\/governante-que-mente-merece-punicao-e-impeachment-ronda-dilma\/"]}]},{"@type":"ImageObject","inLanguage":"pt-BR","@id":"https:\/\/www.notibras.com\/site\/governante-que-mente-merece-punicao-e-impeachment-ronda-dilma\/#primaryimage","url":"https:\/\/www.notibras.com\/site\/wp-content\/uploads\/2015\/02\/dilma.jpeg","contentUrl":"https:\/\/www.notibras.com\/site\/wp-content\/uploads\/2015\/02\/dilma.jpeg","width":660,"height":400},{"@type":"BreadcrumbList","@id":"https:\/\/www.notibras.com\/site\/governante-que-mente-merece-punicao-e-impeachment-ronda-dilma\/#breadcrumb","itemListElement":[{"@type":"ListItem","position":1,"name":"In\u00edcio","item":"https:\/\/www.notibras.com\/site\/"},{"@type":"ListItem","position":2,"name":"Governante que mente merece puni\u00e7\u00e3o; d\u00e1 impeachment?"}]},{"@type":"WebSite","@id":"https:\/\/www.notibras.com\/site\/#website","url":"https:\/\/www.notibras.com\/site\/","name":"Notibras","description":"Not\u00edcias de Bras\u00edlia, do Brasil e do Mundo","publisher":{"@id":"https:\/\/www.notibras.com\/site\/#organization"},"potentialAction":[{"@type":"SearchAction","target":{"@type":"EntryPoint","urlTemplate":"https:\/\/www.notibras.com\/site\/?s={search_term_string}"},"query-input":{"@type":"PropertyValueSpecification","valueRequired":true,"valueName":"search_term_string"}}],"inLanguage":"pt-BR"},{"@type":"Organization","@id":"https:\/\/www.notibras.com\/site\/#organization","name":"Grupo Notibras de Comunica\u00e7\u00e3o","url":"https:\/\/www.notibras.com\/site\/","logo":{"@type":"ImageObject","inLanguage":"pt-BR","@id":"https:\/\/www.notibras.com\/site\/#\/schema\/logo\/image\/","url":"https:\/\/www.notibras.com\/site\/wp-content\/uploads\/2023\/01\/notibras23.png","contentUrl":"https:\/\/www.notibras.com\/site\/wp-content\/uploads\/2023\/01\/notibras23.png","width":350,"height":87,"caption":"Grupo Notibras de Comunica\u00e7\u00e3o"},"image":{"@id":"https:\/\/www.notibras.com\/site\/#\/schema\/logo\/image\/"},"sameAs":["https:\/\/www.facebook.com\/notibras\/","https:\/\/x.com\/Notibras","https:\/\/www.instagram.com\/notibras\/"]},{"@type":"Person","@id":"https:\/\/www.notibras.com\/site\/#\/schema\/person\/36ab0979449956132d3e5b517ea76ac8","name":"Reda\u00e7\u00e3o","image":{"@type":"ImageObject","inLanguage":"pt-BR","@id":"https:\/\/secure.gravatar.com\/avatar\/e0a867bdedb85fd243eadf09663511f96fc81e0720a4a42581f334ad4303aa6b?s=96&d=mm&r=g","url":"https:\/\/secure.gravatar.com\/avatar\/e0a867bdedb85fd243eadf09663511f96fc81e0720a4a42581f334ad4303aa6b?s=96&d=mm&r=g","contentUrl":"https:\/\/secure.gravatar.com\/avatar\/e0a867bdedb85fd243eadf09663511f96fc81e0720a4a42581f334ad4303aa6b?s=96&d=mm&r=g","caption":"Reda\u00e7\u00e3o"}}]}},"amp_enabled":true,"_links":{"self":[{"href":"https:\/\/www.notibras.com\/site\/wp-json\/wp\/v2\/posts\/36205","targetHints":{"allow":["GET"]}}],"collection":[{"href":"https:\/\/www.notibras.com\/site\/wp-json\/wp\/v2\/posts"}],"about":[{"href":"https:\/\/www.notibras.com\/site\/wp-json\/wp\/v2\/types\/post"}],"author":[{"embeddable":true,"href":"https:\/\/www.notibras.com\/site\/wp-json\/wp\/v2\/users\/2"}],"replies":[{"embeddable":true,"href":"https:\/\/www.notibras.com\/site\/wp-json\/wp\/v2\/comments?post=36205"}],"version-history":[{"count":0,"href":"https:\/\/www.notibras.com\/site\/wp-json\/wp\/v2\/posts\/36205\/revisions"}],"wp:featuredmedia":[{"embeddable":true,"href":"https:\/\/www.notibras.com\/site\/wp-json\/wp\/v2\/media\/36206"}],"wp:attachment":[{"href":"https:\/\/www.notibras.com\/site\/wp-json\/wp\/v2\/media?parent=36205"}],"wp:term":[{"taxonomy":"category","embeddable":true,"href":"https:\/\/www.notibras.com\/site\/wp-json\/wp\/v2\/categories?post=36205"},{"taxonomy":"post_tag","embeddable":true,"href":"https:\/\/www.notibras.com\/site\/wp-json\/wp\/v2\/tags?post=36205"}],"curies":[{"name":"wp","href":"https:\/\/api.w.org\/{rel}","templated":true}]}}