{"id":362067,"date":"2025-08-25T00:01:20","date_gmt":"2025-08-25T03:01:20","guid":{"rendered":"https:\/\/www.notibras.com\/site\/?p=362067"},"modified":"2025-08-25T06:32:50","modified_gmt":"2025-08-25T09:32:50","slug":"ultima-semana-de-agosto-vai-ser-marcada-por-excessos-e-preocupacoes","status":"publish","type":"post","link":"https:\/\/www.notibras.com\/site\/ultima-semana-de-agosto-vai-ser-marcada-por-excessos-e-preocupacoes\/","title":{"rendered":"\u00daltima semana de agosto vai ser marcada por excessos e preocupa\u00e7\u00f5es"},"content":{"rendered":"<p>Esse \u00e9 o per\u00edodo de fechamento do m\u00eas, marcado pela energia de Virgem (Sol em Virgem), com forte influ\u00eancia de organiza\u00e7\u00e3o, rotina, trabalho e sa\u00fade. O c\u00e9u tamb\u00e9m traz movimenta\u00e7\u00f5es importantes de Merc\u00fario (comunica\u00e7\u00e3o), V\u00eanus (relacionamentos) e Marte (a\u00e7\u00f5es), mexendo bastante nas rela\u00e7\u00f5es pessoais e na forma como lidamos com responsabilidades.<\/p>\n<p>Ser\u00e1 uma fase de encerramento e reorganiza\u00e7\u00e3o de um ciclo. O Sol em Virgem favorece o cuidado com detalhes, a revis\u00e3o de planos e o preparo para o pr\u00f3ximo per\u00edodo. \u00c9 uma semana de colheita e ajustes, em que os excessos ficam evidentes e pedem corre\u00e7\u00e3o. No amor, alguns signos sentir\u00e3o mais instabilidade, mas tamb\u00e9m oportunidades de novos come\u00e7os.<\/p>\n<p>Veja a previs\u00e3o individual para cada signo no per\u00edodo de 25 (segunda) a 31 (domingo) de agosto:<\/p>\n<p>\u2648 \u00c1ries (21\/3 a 20\/4)<\/p>\n<p>A \u00faltima semana de agosto pede disciplina. O excesso de tarefas pode gerar ansiedade, mas se voc\u00ea priorizar o que importa, vai fechar o m\u00eas com chave de ouro. No amor, cuidado com palavras ditas no calor da emo\u00e7\u00e3o. A sa\u00fade pede aten\u00e7\u00e3o \u00e0 alimenta\u00e7\u00e3o.<\/p>\n<p>\u2649 Touro (21\/4 a 20\/5)<\/p>\n<p>A energia favorece o lazer e a criatividade, mas n\u00e3o descuide de prazos e obriga\u00e7\u00f5es. Projetos art\u00edsticos ou rom\u00e2nticos ganham for\u00e7a. No campo afetivo, V\u00eanus favorece encontros e reconcilia\u00e7\u00f5es. Bom momento para cuidar da autoestima.<\/p>\n<p>\u264a G\u00eameos (21\/5 a 20\/6)<\/p>\n<p>A vida familiar chama sua aten\u00e7\u00e3o. Pode haver ajustes necess\u00e1rios em casa ou nas rela\u00e7\u00f5es com parentes. Conversas francas trar\u00e3o solu\u00e7\u00f5es. No trabalho, foque em clareza e organiza\u00e7\u00e3o. Boa fase para retomar um projeto interrompido.<\/p>\n<p>\u264b C\u00e2ncer (21\/6 a 21\/7)<\/p>\n<p>A semana traz dinamismo, mas tamb\u00e9m dispers\u00e3o. A mente est\u00e1 \u00e1gil, \u00f3tima para estudos, cursos e viagens curtas. Por\u00e9m, evite falar mais do que deve. No amor, pequenas discuss\u00f5es podem ser resolvidas com di\u00e1logo. Aten\u00e7\u00e3o com mensagens e contratos.<\/p>\n<p>\u264c Le\u00e3o (22\/7 a 22\/8)<\/p>\n<p>O ciclo leonino se despede deixando aprendizados. A \u00e1rea financeira ganha destaque: revise gastos e planeje melhor. No campo amoroso, cuidado com ci\u00fames e possessividade. Uma nova oportunidade de neg\u00f3cio ou parceria pode surgir.<\/p>\n<p>\u264d Virgem (23\/8 a 22\/9)<\/p>\n<p>Com o Sol em seu signo, a semana \u00e9 de vitalidade e renova\u00e7\u00f5es pessoais. Excelente para iniciar projetos, cuidar da sa\u00fade e organizar planos futuros. No amor, seu brilho atrai olhares. Evite apenas a autocr\u00edtica excessiva, que pode atrapalhar.<\/p>\n<p>\u264e Libra (23\/9 a 22\/10)<\/p>\n<p>Semana de recolhimento e introspec\u00e7\u00e3o. Voc\u00ea pode sentir necessidade de descansar mais e refletir antes de agir. Quest\u00f5es antigas podem voltar para serem resolvidas. No amor, paci\u00eancia ser\u00e1 essencial. Uma boa fase para medita\u00e7\u00e3o e autoconhecimento.<\/p>\n<p>\u264f Escorpi\u00e3o (23\/10 a 21\/11)<\/p>\n<p>O per\u00edodo favorece amizades e vida social. Convites inesperados podem trazer bons contatos. No amor, algu\u00e9m do passado pode reaparecer. Financeiramente, \u00e9 hora de rever planos em grupo ou projetos coletivos.<\/p>\n<p>\u2650 Sagit\u00e1rio (22\/11 a 21\/12)<\/p>\n<p>A carreira e os objetivos de longo prazo estar\u00e3o no centro da sua aten\u00e7\u00e3o. A semana pede foco no trabalho, evitando prometer mais do que pode cumprir. No amor, a rotina pode pesar, mas um gesto de carinho far\u00e1 diferen\u00e7a.<\/p>\n<p>\u2651 Capric\u00f3rnio (22\/12 a 20\/1)<\/p>\n<p>Bom momento para abrir horizontes: estudos, viagens e novos aprendizados est\u00e3o favorecidos. A vida profissional pode ganhar for\u00e7a com contatos internacionais ou pessoas de fora. No amor, evite rigidez, d\u00ea espa\u00e7o ao di\u00e1logo.<\/p>\n<p>\u2652 Aqu\u00e1rio (21\/1 a 19\/2)<\/p>\n<p>O per\u00edodo traz transforma\u00e7\u00f5es internas. \u00c9 tempo de desapegar de velhos padr\u00f5es e rever cren\u00e7as. Nas finan\u00e7as, cuidado com gastos inesperados. No amor, a intensidade cresce: pode ser paix\u00e3o \u00e0 primeira vista ou um ciclo de mudan\u00e7as em um relacionamento j\u00e1 existente.<\/p>\n<p>\u2653 Peixes (20\/2 a 20\/3)<\/p>\n<p>As rela\u00e7\u00f5es ganham destaque: tanto parcerias de trabalho quanto a vida amorosa. Pode ser necess\u00e1rio rever acordos e alinhar expectativas. No campo afetivo, a sinceridade \u00e9 a chave. O fim do m\u00eas pede equil\u00edbrio entre dar e receber.<\/p>\n","protected":false},"excerpt":{"rendered":"<p>Esse \u00e9 o per\u00edodo de fechamento do m\u00eas, marcado pela energia de Virgem (Sol em Virgem), com forte influ\u00eancia de organiza\u00e7\u00e3o, rotina, trabalho e sa\u00fade. O c\u00e9u tamb\u00e9m traz movimenta\u00e7\u00f5es importantes de Merc\u00fario (comunica\u00e7\u00e3o), V\u00eanus (relacionamentos) e Marte (a\u00e7\u00f5es), mexendo bastante nas rela\u00e7\u00f5es pessoais e na forma como lidamos com responsabilidades. Ser\u00e1 uma fase de [&hellip;]<\/p>\n","protected":false},"author":2,"featured_media":362068,"comment_status":"closed","ping_status":"closed","sticky":false,"template":"","format":"standard","meta":{"_acf_changed":false,"footnotes":""},"categories":[237],"tags":[95],"class_list":["post-362067","post","type-post","status-publish","format-standard","has-post-thumbnail","hentry","category-oraculos","tag-capa"],"acf":[],"yoast_head":"<!-- This site is optimized with the Yoast SEO plugin v27.2 - https:\/\/yoast.com\/product\/yoast-seo-wordpress\/ -->\n<title>\u00daltima semana de agosto vai ser marcada por excessos e preocupa\u00e7\u00f5es - Notibras<\/title>\n<meta name=\"robots\" content=\"index, follow, max-snippet:-1, max-image-preview:large, max-video-preview:-1\" \/>\n<link rel=\"canonical\" href=\"https:\/\/www.notibras.com\/site\/ultima-semana-de-agosto-vai-ser-marcada-por-excessos-e-preocupacoes\/\" \/>\n<meta property=\"og:locale\" content=\"pt_BR\" \/>\n<meta property=\"og:type\" content=\"article\" \/>\n<meta property=\"og:title\" content=\"\u00daltima semana de agosto vai ser marcada por excessos e preocupa\u00e7\u00f5es - Notibras\" \/>\n<meta property=\"og:description\" content=\"Esse \u00e9 o per\u00edodo de fechamento do m\u00eas, marcado pela energia de Virgem (Sol em Virgem), com forte influ\u00eancia de organiza\u00e7\u00e3o, rotina, trabalho e sa\u00fade. O c\u00e9u tamb\u00e9m traz movimenta\u00e7\u00f5es importantes de Merc\u00fario (comunica\u00e7\u00e3o), V\u00eanus (relacionamentos) e Marte (a\u00e7\u00f5es), mexendo bastante nas rela\u00e7\u00f5es pessoais e na forma como lidamos com responsabilidades. Ser\u00e1 uma fase de [&hellip;]\" \/>\n<meta property=\"og:url\" content=\"https:\/\/www.notibras.com\/site\/ultima-semana-de-agosto-vai-ser-marcada-por-excessos-e-preocupacoes\/\" \/>\n<meta property=\"og:site_name\" content=\"Notibras\" \/>\n<meta property=\"article:publisher\" content=\"https:\/\/www.facebook.com\/notibras\/\" \/>\n<meta property=\"article:published_time\" content=\"2025-08-25T03:01:20+00:00\" \/>\n<meta property=\"article:modified_time\" content=\"2025-08-25T09:32:50+00:00\" \/>\n<meta property=\"og:image\" content=\"https:\/\/www.notibras.com\/site\/wp-content\/uploads\/2025\/08\/088a1229-78bb-4cce-a4dc-dae8160efbbc.jpg\" \/>\n\t<meta property=\"og:image:width\" content=\"1280\" \/>\n\t<meta property=\"og:image:height\" content=\"1280\" \/>\n\t<meta property=\"og:image:type\" content=\"image\/jpeg\" \/>\n<meta name=\"author\" content=\"Reda\u00e7\u00e3o\" \/>\n<meta name=\"twitter:card\" content=\"summary_large_image\" \/>\n<meta name=\"twitter:creator\" content=\"@Notibras\" \/>\n<meta name=\"twitter:site\" content=\"@Notibras\" \/>\n<meta name=\"twitter:label1\" content=\"Escrito por\" \/>\n\t<meta name=\"twitter:data1\" content=\"Reda\u00e7\u00e3o\" \/>\n\t<meta name=\"twitter:label2\" content=\"Est. tempo de leitura\" \/>\n\t<meta name=\"twitter:data2\" content=\"4 minutos\" \/>\n<script type=\"application\/ld+json\" class=\"yoast-schema-graph\">{\"@context\":\"https:\/\/schema.org\",\"@graph\":[{\"@type\":\"Article\",\"@id\":\"https:\/\/www.notibras.com\/site\/ultima-semana-de-agosto-vai-ser-marcada-por-excessos-e-preocupacoes\/#article\",\"isPartOf\":{\"@id\":\"https:\/\/www.notibras.com\/site\/ultima-semana-de-agosto-vai-ser-marcada-por-excessos-e-preocupacoes\/\"},\"author\":{\"name\":\"Reda\u00e7\u00e3o\",\"@id\":\"https:\/\/www.notibras.com\/site\/#\/schema\/person\/36ab0979449956132d3e5b517ea76ac8\"},\"headline\":\"\u00daltima semana de agosto vai ser marcada por excessos e preocupa\u00e7\u00f5es\",\"datePublished\":\"2025-08-25T03:01:20+00:00\",\"dateModified\":\"2025-08-25T09:32:50+00:00\",\"mainEntityOfPage\":{\"@id\":\"https:\/\/www.notibras.com\/site\/ultima-semana-de-agosto-vai-ser-marcada-por-excessos-e-preocupacoes\/\"},\"wordCount\":683,\"publisher\":{\"@id\":\"https:\/\/www.notibras.com\/site\/#organization\"},\"image\":{\"@id\":\"https:\/\/www.notibras.com\/site\/ultima-semana-de-agosto-vai-ser-marcada-por-excessos-e-preocupacoes\/#primaryimage\"},\"thumbnailUrl\":\"https:\/\/www.notibras.com\/site\/wp-content\/uploads\/2025\/08\/088a1229-78bb-4cce-a4dc-dae8160efbbc.jpg\",\"keywords\":[\"capa\"],\"articleSection\":[\"Or\u00e1culos\"],\"inLanguage\":\"pt-BR\"},{\"@type\":\"WebPage\",\"@id\":\"https:\/\/www.notibras.com\/site\/ultima-semana-de-agosto-vai-ser-marcada-por-excessos-e-preocupacoes\/\",\"url\":\"https:\/\/www.notibras.com\/site\/ultima-semana-de-agosto-vai-ser-marcada-por-excessos-e-preocupacoes\/\",\"name\":\"\u00daltima semana de agosto vai ser marcada por excessos e preocupa\u00e7\u00f5es - Notibras\",\"isPartOf\":{\"@id\":\"https:\/\/www.notibras.com\/site\/#website\"},\"primaryImageOfPage\":{\"@id\":\"https:\/\/www.notibras.com\/site\/ultima-semana-de-agosto-vai-ser-marcada-por-excessos-e-preocupacoes\/#primaryimage\"},\"image\":{\"@id\":\"https:\/\/www.notibras.com\/site\/ultima-semana-de-agosto-vai-ser-marcada-por-excessos-e-preocupacoes\/#primaryimage\"},\"thumbnailUrl\":\"https:\/\/www.notibras.com\/site\/wp-content\/uploads\/2025\/08\/088a1229-78bb-4cce-a4dc-dae8160efbbc.jpg\",\"datePublished\":\"2025-08-25T03:01:20+00:00\",\"dateModified\":\"2025-08-25T09:32:50+00:00\",\"breadcrumb\":{\"@id\":\"https:\/\/www.notibras.com\/site\/ultima-semana-de-agosto-vai-ser-marcada-por-excessos-e-preocupacoes\/#breadcrumb\"},\"inLanguage\":\"pt-BR\",\"potentialAction\":[{\"@type\":\"ReadAction\",\"target\":[\"https:\/\/www.notibras.com\/site\/ultima-semana-de-agosto-vai-ser-marcada-por-excessos-e-preocupacoes\/\"]}]},{\"@type\":\"ImageObject\",\"inLanguage\":\"pt-BR\",\"@id\":\"https:\/\/www.notibras.com\/site\/ultima-semana-de-agosto-vai-ser-marcada-por-excessos-e-preocupacoes\/#primaryimage\",\"url\":\"https:\/\/www.notibras.com\/site\/wp-content\/uploads\/2025\/08\/088a1229-78bb-4cce-a4dc-dae8160efbbc.jpg\",\"contentUrl\":\"https:\/\/www.notibras.com\/site\/wp-content\/uploads\/2025\/08\/088a1229-78bb-4cce-a4dc-dae8160efbbc.jpg\",\"width\":1280,\"height\":1280},{\"@type\":\"BreadcrumbList\",\"@id\":\"https:\/\/www.notibras.com\/site\/ultima-semana-de-agosto-vai-ser-marcada-por-excessos-e-preocupacoes\/#breadcrumb\",\"itemListElement\":[{\"@type\":\"ListItem\",\"position\":1,\"name\":\"In\u00edcio\",\"item\":\"https:\/\/www.notibras.com\/site\/\"},{\"@type\":\"ListItem\",\"position\":2,\"name\":\"\u00daltima semana de agosto vai ser marcada por excessos e preocupa\u00e7\u00f5es\"}]},{\"@type\":\"WebSite\",\"@id\":\"https:\/\/www.notibras.com\/site\/#website\",\"url\":\"https:\/\/www.notibras.com\/site\/\",\"name\":\"Notibras\",\"description\":\"Not\u00edcias de Bras\u00edlia, do Brasil e do Mundo\",\"publisher\":{\"@id\":\"https:\/\/www.notibras.com\/site\/#organization\"},\"potentialAction\":[{\"@type\":\"SearchAction\",\"target\":{\"@type\":\"EntryPoint\",\"urlTemplate\":\"https:\/\/www.notibras.com\/site\/?s={search_term_string}\"},\"query-input\":{\"@type\":\"PropertyValueSpecification\",\"valueRequired\":true,\"valueName\":\"search_term_string\"}}],\"inLanguage\":\"pt-BR\"},{\"@type\":\"Organization\",\"@id\":\"https:\/\/www.notibras.com\/site\/#organization\",\"name\":\"Grupo Notibras de Comunica\u00e7\u00e3o\",\"url\":\"https:\/\/www.notibras.com\/site\/\",\"logo\":{\"@type\":\"ImageObject\",\"inLanguage\":\"pt-BR\",\"@id\":\"https:\/\/www.notibras.com\/site\/#\/schema\/logo\/image\/\",\"url\":\"https:\/\/www.notibras.com\/site\/wp-content\/uploads\/2023\/01\/notibras23.png\",\"contentUrl\":\"https:\/\/www.notibras.com\/site\/wp-content\/uploads\/2023\/01\/notibras23.png\",\"width\":350,\"height\":87,\"caption\":\"Grupo Notibras de Comunica\u00e7\u00e3o\"},\"image\":{\"@id\":\"https:\/\/www.notibras.com\/site\/#\/schema\/logo\/image\/\"},\"sameAs\":[\"https:\/\/www.facebook.com\/notibras\/\",\"https:\/\/x.com\/Notibras\",\"https:\/\/www.instagram.com\/notibras\/\"]},{\"@type\":\"Person\",\"@id\":\"https:\/\/www.notibras.com\/site\/#\/schema\/person\/36ab0979449956132d3e5b517ea76ac8\",\"name\":\"Reda\u00e7\u00e3o\",\"image\":{\"@type\":\"ImageObject\",\"inLanguage\":\"pt-BR\",\"@id\":\"https:\/\/secure.gravatar.com\/avatar\/e0a867bdedb85fd243eadf09663511f96fc81e0720a4a42581f334ad4303aa6b?s=96&d=mm&r=g\",\"url\":\"https:\/\/secure.gravatar.com\/avatar\/e0a867bdedb85fd243eadf09663511f96fc81e0720a4a42581f334ad4303aa6b?s=96&d=mm&r=g\",\"contentUrl\":\"https:\/\/secure.gravatar.com\/avatar\/e0a867bdedb85fd243eadf09663511f96fc81e0720a4a42581f334ad4303aa6b?s=96&d=mm&r=g\",\"caption\":\"Reda\u00e7\u00e3o\"}}]}<\/script>\n<!-- \/ Yoast SEO plugin. -->","yoast_head_json":{"title":"\u00daltima semana de agosto vai ser marcada por excessos e preocupa\u00e7\u00f5es - Notibras","robots":{"index":"index","follow":"follow","max-snippet":"max-snippet:-1","max-image-preview":"max-image-preview:large","max-video-preview":"max-video-preview:-1"},"canonical":"https:\/\/www.notibras.com\/site\/ultima-semana-de-agosto-vai-ser-marcada-por-excessos-e-preocupacoes\/","og_locale":"pt_BR","og_type":"article","og_title":"\u00daltima semana de agosto vai ser marcada por excessos e preocupa\u00e7\u00f5es - Notibras","og_description":"Esse \u00e9 o per\u00edodo de fechamento do m\u00eas, marcado pela energia de Virgem (Sol em Virgem), com forte influ\u00eancia de organiza\u00e7\u00e3o, rotina, trabalho e sa\u00fade. O c\u00e9u tamb\u00e9m traz movimenta\u00e7\u00f5es importantes de Merc\u00fario (comunica\u00e7\u00e3o), V\u00eanus (relacionamentos) e Marte (a\u00e7\u00f5es), mexendo bastante nas rela\u00e7\u00f5es pessoais e na forma como lidamos com responsabilidades. Ser\u00e1 uma fase de [&hellip;]","og_url":"https:\/\/www.notibras.com\/site\/ultima-semana-de-agosto-vai-ser-marcada-por-excessos-e-preocupacoes\/","og_site_name":"Notibras","article_publisher":"https:\/\/www.facebook.com\/notibras\/","article_published_time":"2025-08-25T03:01:20+00:00","article_modified_time":"2025-08-25T09:32:50+00:00","og_image":[{"width":1280,"height":1280,"url":"https:\/\/www.notibras.com\/site\/wp-content\/uploads\/2025\/08\/088a1229-78bb-4cce-a4dc-dae8160efbbc.jpg","type":"image\/jpeg"}],"author":"Reda\u00e7\u00e3o","twitter_card":"summary_large_image","twitter_creator":"@Notibras","twitter_site":"@Notibras","twitter_misc":{"Escrito por":"Reda\u00e7\u00e3o","Est. tempo de leitura":"4 minutos"},"schema":{"@context":"https:\/\/schema.org","@graph":[{"@type":"Article","@id":"https:\/\/www.notibras.com\/site\/ultima-semana-de-agosto-vai-ser-marcada-por-excessos-e-preocupacoes\/#article","isPartOf":{"@id":"https:\/\/www.notibras.com\/site\/ultima-semana-de-agosto-vai-ser-marcada-por-excessos-e-preocupacoes\/"},"author":{"name":"Reda\u00e7\u00e3o","@id":"https:\/\/www.notibras.com\/site\/#\/schema\/person\/36ab0979449956132d3e5b517ea76ac8"},"headline":"\u00daltima semana de agosto vai ser marcada por excessos e preocupa\u00e7\u00f5es","datePublished":"2025-08-25T03:01:20+00:00","dateModified":"2025-08-25T09:32:50+00:00","mainEntityOfPage":{"@id":"https:\/\/www.notibras.com\/site\/ultima-semana-de-agosto-vai-ser-marcada-por-excessos-e-preocupacoes\/"},"wordCount":683,"publisher":{"@id":"https:\/\/www.notibras.com\/site\/#organization"},"image":{"@id":"https:\/\/www.notibras.com\/site\/ultima-semana-de-agosto-vai-ser-marcada-por-excessos-e-preocupacoes\/#primaryimage"},"thumbnailUrl":"https:\/\/www.notibras.com\/site\/wp-content\/uploads\/2025\/08\/088a1229-78bb-4cce-a4dc-dae8160efbbc.jpg","keywords":["capa"],"articleSection":["Or\u00e1culos"],"inLanguage":"pt-BR"},{"@type":"WebPage","@id":"https:\/\/www.notibras.com\/site\/ultima-semana-de-agosto-vai-ser-marcada-por-excessos-e-preocupacoes\/","url":"https:\/\/www.notibras.com\/site\/ultima-semana-de-agosto-vai-ser-marcada-por-excessos-e-preocupacoes\/","name":"\u00daltima semana de agosto vai ser marcada por excessos e preocupa\u00e7\u00f5es - Notibras","isPartOf":{"@id":"https:\/\/www.notibras.com\/site\/#website"},"primaryImageOfPage":{"@id":"https:\/\/www.notibras.com\/site\/ultima-semana-de-agosto-vai-ser-marcada-por-excessos-e-preocupacoes\/#primaryimage"},"image":{"@id":"https:\/\/www.notibras.com\/site\/ultima-semana-de-agosto-vai-ser-marcada-por-excessos-e-preocupacoes\/#primaryimage"},"thumbnailUrl":"https:\/\/www.notibras.com\/site\/wp-content\/uploads\/2025\/08\/088a1229-78bb-4cce-a4dc-dae8160efbbc.jpg","datePublished":"2025-08-25T03:01:20+00:00","dateModified":"2025-08-25T09:32:50+00:00","breadcrumb":{"@id":"https:\/\/www.notibras.com\/site\/ultima-semana-de-agosto-vai-ser-marcada-por-excessos-e-preocupacoes\/#breadcrumb"},"inLanguage":"pt-BR","potentialAction":[{"@type":"ReadAction","target":["https:\/\/www.notibras.com\/site\/ultima-semana-de-agosto-vai-ser-marcada-por-excessos-e-preocupacoes\/"]}]},{"@type":"ImageObject","inLanguage":"pt-BR","@id":"https:\/\/www.notibras.com\/site\/ultima-semana-de-agosto-vai-ser-marcada-por-excessos-e-preocupacoes\/#primaryimage","url":"https:\/\/www.notibras.com\/site\/wp-content\/uploads\/2025\/08\/088a1229-78bb-4cce-a4dc-dae8160efbbc.jpg","contentUrl":"https:\/\/www.notibras.com\/site\/wp-content\/uploads\/2025\/08\/088a1229-78bb-4cce-a4dc-dae8160efbbc.jpg","width":1280,"height":1280},{"@type":"BreadcrumbList","@id":"https:\/\/www.notibras.com\/site\/ultima-semana-de-agosto-vai-ser-marcada-por-excessos-e-preocupacoes\/#breadcrumb","itemListElement":[{"@type":"ListItem","position":1,"name":"In\u00edcio","item":"https:\/\/www.notibras.com\/site\/"},{"@type":"ListItem","position":2,"name":"\u00daltima semana de agosto vai ser marcada por excessos e preocupa\u00e7\u00f5es"}]},{"@type":"WebSite","@id":"https:\/\/www.notibras.com\/site\/#website","url":"https:\/\/www.notibras.com\/site\/","name":"Notibras","description":"Not\u00edcias de Bras\u00edlia, do Brasil e do Mundo","publisher":{"@id":"https:\/\/www.notibras.com\/site\/#organization"},"potentialAction":[{"@type":"SearchAction","target":{"@type":"EntryPoint","urlTemplate":"https:\/\/www.notibras.com\/site\/?s={search_term_string}"},"query-input":{"@type":"PropertyValueSpecification","valueRequired":true,"valueName":"search_term_string"}}],"inLanguage":"pt-BR"},{"@type":"Organization","@id":"https:\/\/www.notibras.com\/site\/#organization","name":"Grupo Notibras de Comunica\u00e7\u00e3o","url":"https:\/\/www.notibras.com\/site\/","logo":{"@type":"ImageObject","inLanguage":"pt-BR","@id":"https:\/\/www.notibras.com\/site\/#\/schema\/logo\/image\/","url":"https:\/\/www.notibras.com\/site\/wp-content\/uploads\/2023\/01\/notibras23.png","contentUrl":"https:\/\/www.notibras.com\/site\/wp-content\/uploads\/2023\/01\/notibras23.png","width":350,"height":87,"caption":"Grupo Notibras de Comunica\u00e7\u00e3o"},"image":{"@id":"https:\/\/www.notibras.com\/site\/#\/schema\/logo\/image\/"},"sameAs":["https:\/\/www.facebook.com\/notibras\/","https:\/\/x.com\/Notibras","https:\/\/www.instagram.com\/notibras\/"]},{"@type":"Person","@id":"https:\/\/www.notibras.com\/site\/#\/schema\/person\/36ab0979449956132d3e5b517ea76ac8","name":"Reda\u00e7\u00e3o","image":{"@type":"ImageObject","inLanguage":"pt-BR","@id":"https:\/\/secure.gravatar.com\/avatar\/e0a867bdedb85fd243eadf09663511f96fc81e0720a4a42581f334ad4303aa6b?s=96&d=mm&r=g","url":"https:\/\/secure.gravatar.com\/avatar\/e0a867bdedb85fd243eadf09663511f96fc81e0720a4a42581f334ad4303aa6b?s=96&d=mm&r=g","contentUrl":"https:\/\/secure.gravatar.com\/avatar\/e0a867bdedb85fd243eadf09663511f96fc81e0720a4a42581f334ad4303aa6b?s=96&d=mm&r=g","caption":"Reda\u00e7\u00e3o"}}]}},"amp_enabled":true,"_links":{"self":[{"href":"https:\/\/www.notibras.com\/site\/wp-json\/wp\/v2\/posts\/362067","targetHints":{"allow":["GET"]}}],"collection":[{"href":"https:\/\/www.notibras.com\/site\/wp-json\/wp\/v2\/posts"}],"about":[{"href":"https:\/\/www.notibras.com\/site\/wp-json\/wp\/v2\/types\/post"}],"author":[{"embeddable":true,"href":"https:\/\/www.notibras.com\/site\/wp-json\/wp\/v2\/users\/2"}],"replies":[{"embeddable":true,"href":"https:\/\/www.notibras.com\/site\/wp-json\/wp\/v2\/comments?post=362067"}],"version-history":[{"count":3,"href":"https:\/\/www.notibras.com\/site\/wp-json\/wp\/v2\/posts\/362067\/revisions"}],"predecessor-version":[{"id":362071,"href":"https:\/\/www.notibras.com\/site\/wp-json\/wp\/v2\/posts\/362067\/revisions\/362071"}],"wp:featuredmedia":[{"embeddable":true,"href":"https:\/\/www.notibras.com\/site\/wp-json\/wp\/v2\/media\/362068"}],"wp:attachment":[{"href":"https:\/\/www.notibras.com\/site\/wp-json\/wp\/v2\/media?parent=362067"}],"wp:term":[{"taxonomy":"category","embeddable":true,"href":"https:\/\/www.notibras.com\/site\/wp-json\/wp\/v2\/categories?post=362067"},{"taxonomy":"post_tag","embeddable":true,"href":"https:\/\/www.notibras.com\/site\/wp-json\/wp\/v2\/tags?post=362067"}],"curies":[{"name":"wp","href":"https:\/\/api.w.org\/{rel}","templated":true}]}}