{"id":362072,"date":"2025-08-25T00:23:27","date_gmt":"2025-08-25T03:23:27","guid":{"rendered":"https:\/\/www.notibras.com\/site\/?p=362072"},"modified":"2025-08-24T19:24:39","modified_gmt":"2025-08-24T22:24:39","slug":"algumas-reflexoes-sobre-a-liturgia-alquimica-do-fogo","status":"publish","type":"post","link":"https:\/\/www.notibras.com\/site\/algumas-reflexoes-sobre-a-liturgia-alquimica-do-fogo\/","title":{"rendered":"Algumas reflex\u00f5es sobre a liturgia alqu\u00edmica do fogo"},"content":{"rendered":"<p>O fogo, esta centelha divina, \u00e9 a pr\u00f3pria ess\u00eancia da transforma\u00e7\u00e3o e o s\u00edmbolo eterno da luz que dissipa a escurid\u00e3o. Ele \u00e9 o guia dos homens e o guardi\u00e3o dos mist\u00e9rios que residem nas sombras. Sem o fogo, o homem estaria perdido no frio e na noite eterna, privado do calor que sustenta e anima a vida, aquecendo os corpos e os cora\u00e7\u00f5es, unindo aqueles que se re\u00fanem ao seu redor em la\u00e7os de comunidade e prop\u00f3sito comum. Ele \u00e9 a manifesta\u00e7\u00e3o da luz divina, combatendo a escurid\u00e3o que obscurece a verdade. Em tempos de d\u00favida, a chama representa clareza e orienta\u00e7\u00e3o, ajudando o buscador a encontrar seu verdadeiro caminho.<\/p>\n<p>Em noites de introspec\u00e7\u00e3o, o alquimista observa a chama de uma vela, meditando sobre suas pr\u00f3prias paix\u00f5es e impulsos. Este ritual ajuda a trazer foco e prop\u00f3sito, alinhando o desejo pessoal com o divino. Em noites de comunh\u00e3o, encontros de aprendizagem e celebra\u00e7\u00e3o, os alquimistas se re\u00fanem ao redor de uma fogueira. Aqui, hist\u00f3rias s\u00e3o contadas, conhecimentos partilhados, e a chama serve como testemunha dos votos de fraternidade e busca coletiva.<\/p>\n<p>Na lua cheia, os alquimistas se re\u00fanem ao redor da fogueira, onde c\u00e2nticos e medita\u00e7\u00f5es s\u00e3o oferecidos ao fogo, invocando n\u00e3o apenas prote\u00e7\u00e3o, mas a inspira\u00e7\u00e3o necess\u00e1ria para continuar a Grande Obra. Ainda hoje, \u00e9 poss\u00edvel ouvir ecos de ora\u00e7\u00f5es ao fogo noite adentro. Algo como: \u201cOh, grandioso Fogo, manifesta\u00e7\u00e3o sublime dos c\u00e9us, presen\u00e7a viva do esp\u00edrito universal! Em tuas chamas arde o poder transformador que molda e transfigura a ess\u00eancia da mat\u00e9ria. Aquele que busca o conhecimento alqu\u00edmico deve primeiro compreender teu mist\u00e9rio, pois tu \u00e9s a chave para a transmuta\u00e7\u00e3o e a purifica\u00e7\u00e3o da alma e da mat\u00e9ria!\u201d<\/p>\n<p>E assim, como o fogo transforma a mat\u00e9ria, ele tamb\u00e9m simboliza a purifica\u00e7\u00e3o da alma. Os alquimistas acreditam que, ao enfrentar o fogo interno das paix\u00f5es e desafios, o esp\u00edrito emerge mais forte e purificado. \u00c9 o s\u00edmbolo de renascimento, como a lend\u00e1ria f\u00eanix que ressurge de suas cinzas. Ele nos ensina que, ap\u00f3s a destrui\u00e7\u00e3o e o caos, vem a cria\u00e7\u00e3o e a renova\u00e7\u00e3o.<\/p>\n<p>Nas cerim\u00f4nias lit\u00fargicas, o fogo atua como um elo entre o humano e o divino. As chamas dan\u00e7antes s\u00e3o vistas como a manifesta\u00e7\u00e3o vis\u00edvel do esp\u00edrito invis\u00edvel, um lembrete da presen\u00e7a do divino em todo o cosmos.<\/p>\n<p>O Fogo Alqu\u00edmico \u00e9 um dos s\u00edmbolos de transmuta\u00e7\u00e3o. Nos textos antigos, o fogo \u00e9 visto n\u00e3o apenas como um agente f\u00edsico, mas como uma met\u00e1fora da transforma\u00e7\u00e3o espiritual. Assim como o metal bruto \u00e9 purificado pelo fogo, tamb\u00e9m o esp\u00edrito humano encontra ilumina\u00e7\u00e3o ao passar por tua prova ardente. O fogo \u00e9 o agente que dissolve o impuro, revelando a ess\u00eancia pura e perfeita oculta em cada ser.<\/p>\n<p>Antes de iniciar qualquer obra alqu\u00edmica, o alquimista deve acender uma vela, s\u00edmbolo da chama do conhecimento divino que ilumina a escurid\u00e3o da ignor\u00e2ncia. A chama deve ser mantida constante, representando a busca incessante pela verdade. E uma ora\u00e7\u00e3o, ou s\u00faplica, ecoa: \u201cOh, fogo eterno, guardi\u00e3o dos segredos da natureza, guia-nos em nossa jornada alqu\u00edmica. Que possamos aprender contigo a arte da transforma\u00e7\u00e3o, a coragem de enfrentar nossas pr\u00f3prias sombras e a sabedoria de emergir renovados, como a f\u00eanix das cinzas. Assim \u00e9 a promessa do fogo: destrui\u00e7\u00e3o e renascimento, o ciclo intermin\u00e1vel da vida! Que assim seja! Assim \u00e9!<\/p>\n<p>Em rituais de purifica\u00e7\u00e3o, ervas sagradas s\u00e3o queimadas em brasas, e sua fuma\u00e7a ascendente \u00e9 vista como preces elevando-se aos c\u00e9us. Este ato simboliza a purifica\u00e7\u00e3o da mente e do corpo, preparando o alquimista para receber sabedoria. Na forja do alquimista, o Athanor, reside o microcosmo alqu\u00edmico. \u00c9 l\u00e1 que o fogo realiza suas maravilhas. Local, onde o chumbo da ignor\u00e2ncia \u00e9 transformado no ouro da sabedoria. O fogo do athanor \u00e9 alimentado n\u00e3o apenas por carv\u00e3o, mas pela vontade e inten\u00e7\u00e3o do alquimista. E voc\u00ea, meu caro disc\u00edpulo, ao contemplar a chama, o que ela revela sobre o fogo que arde dentro de ti?<\/p>\n<p>&#8230;&#8230;&#8230;&#8230;&#8230;&#8230;&#8230;&#8230;..<\/p>\n<p><strong>Marco Mammoli \u00e9 mestre Conselheiro e Membro do conselho do Col\u00e9gio dos Magos e Sacerdotisas. Contato direto com o Col\u00e9gio dos Magos e Sacerdotisas atrav\u00e9s da Bio, Direct e o Whatsapp: 81 997302139.<\/strong><\/p>\n","protected":false},"excerpt":{"rendered":"<p>O fogo, esta centelha divina, \u00e9 a pr\u00f3pria ess\u00eancia da transforma\u00e7\u00e3o e o s\u00edmbolo eterno da luz que dissipa a escurid\u00e3o. Ele \u00e9 o guia dos homens e o guardi\u00e3o dos mist\u00e9rios que residem nas sombras. Sem o fogo, o homem estaria perdido no frio e na noite eterna, privado do calor que sustenta e [&hellip;]<\/p>\n","protected":false},"author":2,"featured_media":362073,"comment_status":"closed","ping_status":"closed","sticky":false,"template":"","format":"standard","meta":{"_acf_changed":false,"footnotes":""},"categories":[237],"tags":[],"class_list":["post-362072","post","type-post","status-publish","format-standard","has-post-thumbnail","hentry","category-oraculos"],"acf":[],"yoast_head":"<!-- This site is optimized with the Yoast SEO plugin v27.2 - https:\/\/yoast.com\/product\/yoast-seo-wordpress\/ -->\n<title>Algumas reflex\u00f5es sobre a liturgia alqu\u00edmica do fogo - Notibras<\/title>\n<meta name=\"robots\" content=\"index, follow, max-snippet:-1, max-image-preview:large, max-video-preview:-1\" \/>\n<link rel=\"canonical\" href=\"https:\/\/www.notibras.com\/site\/algumas-reflexoes-sobre-a-liturgia-alquimica-do-fogo\/\" \/>\n<meta property=\"og:locale\" content=\"pt_BR\" \/>\n<meta property=\"og:type\" content=\"article\" \/>\n<meta property=\"og:title\" content=\"Algumas reflex\u00f5es sobre a liturgia alqu\u00edmica do fogo - Notibras\" \/>\n<meta property=\"og:description\" content=\"O fogo, esta centelha divina, \u00e9 a pr\u00f3pria ess\u00eancia da transforma\u00e7\u00e3o e o s\u00edmbolo eterno da luz que dissipa a escurid\u00e3o. Ele \u00e9 o guia dos homens e o guardi\u00e3o dos mist\u00e9rios que residem nas sombras. Sem o fogo, o homem estaria perdido no frio e na noite eterna, privado do calor que sustenta e [&hellip;]\" \/>\n<meta property=\"og:url\" content=\"https:\/\/www.notibras.com\/site\/algumas-reflexoes-sobre-a-liturgia-alquimica-do-fogo\/\" \/>\n<meta property=\"og:site_name\" content=\"Notibras\" \/>\n<meta property=\"article:publisher\" content=\"https:\/\/www.facebook.com\/notibras\/\" \/>\n<meta property=\"article:published_time\" content=\"2025-08-25T03:23:27+00:00\" \/>\n<meta property=\"og:image\" content=\"https:\/\/www.notibras.com\/site\/wp-content\/uploads\/2025\/08\/ab9b18d5-cbf0-4f2a-8a2a-b9c0624a2d4c.jpg\" \/>\n\t<meta property=\"og:image:width\" content=\"628\" \/>\n\t<meta property=\"og:image:height\" content=\"628\" \/>\n\t<meta property=\"og:image:type\" content=\"image\/jpeg\" \/>\n<meta name=\"author\" content=\"Reda\u00e7\u00e3o\" \/>\n<meta name=\"twitter:card\" content=\"summary_large_image\" \/>\n<meta name=\"twitter:creator\" content=\"@Notibras\" \/>\n<meta name=\"twitter:site\" content=\"@Notibras\" \/>\n<meta name=\"twitter:label1\" content=\"Escrito por\" \/>\n\t<meta name=\"twitter:data1\" content=\"Reda\u00e7\u00e3o\" \/>\n\t<meta name=\"twitter:label2\" content=\"Est. tempo de leitura\" \/>\n\t<meta name=\"twitter:data2\" content=\"5 minutos\" \/>\n<script type=\"application\/ld+json\" class=\"yoast-schema-graph\">{\"@context\":\"https:\/\/schema.org\",\"@graph\":[{\"@type\":\"Article\",\"@id\":\"https:\/\/www.notibras.com\/site\/algumas-reflexoes-sobre-a-liturgia-alquimica-do-fogo\/#article\",\"isPartOf\":{\"@id\":\"https:\/\/www.notibras.com\/site\/algumas-reflexoes-sobre-a-liturgia-alquimica-do-fogo\/\"},\"author\":{\"name\":\"Reda\u00e7\u00e3o\",\"@id\":\"https:\/\/www.notibras.com\/site\/#\/schema\/person\/36ab0979449956132d3e5b517ea76ac8\"},\"headline\":\"Algumas reflex\u00f5es sobre a liturgia alqu\u00edmica do fogo\",\"datePublished\":\"2025-08-25T03:23:27+00:00\",\"mainEntityOfPage\":{\"@id\":\"https:\/\/www.notibras.com\/site\/algumas-reflexoes-sobre-a-liturgia-alquimica-do-fogo\/\"},\"wordCount\":787,\"publisher\":{\"@id\":\"https:\/\/www.notibras.com\/site\/#organization\"},\"image\":{\"@id\":\"https:\/\/www.notibras.com\/site\/algumas-reflexoes-sobre-a-liturgia-alquimica-do-fogo\/#primaryimage\"},\"thumbnailUrl\":\"https:\/\/www.notibras.com\/site\/wp-content\/uploads\/2025\/08\/ab9b18d5-cbf0-4f2a-8a2a-b9c0624a2d4c.jpg\",\"articleSection\":[\"Or\u00e1culos\"],\"inLanguage\":\"pt-BR\"},{\"@type\":\"WebPage\",\"@id\":\"https:\/\/www.notibras.com\/site\/algumas-reflexoes-sobre-a-liturgia-alquimica-do-fogo\/\",\"url\":\"https:\/\/www.notibras.com\/site\/algumas-reflexoes-sobre-a-liturgia-alquimica-do-fogo\/\",\"name\":\"Algumas reflex\u00f5es sobre a liturgia alqu\u00edmica do fogo - Notibras\",\"isPartOf\":{\"@id\":\"https:\/\/www.notibras.com\/site\/#website\"},\"primaryImageOfPage\":{\"@id\":\"https:\/\/www.notibras.com\/site\/algumas-reflexoes-sobre-a-liturgia-alquimica-do-fogo\/#primaryimage\"},\"image\":{\"@id\":\"https:\/\/www.notibras.com\/site\/algumas-reflexoes-sobre-a-liturgia-alquimica-do-fogo\/#primaryimage\"},\"thumbnailUrl\":\"https:\/\/www.notibras.com\/site\/wp-content\/uploads\/2025\/08\/ab9b18d5-cbf0-4f2a-8a2a-b9c0624a2d4c.jpg\",\"datePublished\":\"2025-08-25T03:23:27+00:00\",\"breadcrumb\":{\"@id\":\"https:\/\/www.notibras.com\/site\/algumas-reflexoes-sobre-a-liturgia-alquimica-do-fogo\/#breadcrumb\"},\"inLanguage\":\"pt-BR\",\"potentialAction\":[{\"@type\":\"ReadAction\",\"target\":[\"https:\/\/www.notibras.com\/site\/algumas-reflexoes-sobre-a-liturgia-alquimica-do-fogo\/\"]}]},{\"@type\":\"ImageObject\",\"inLanguage\":\"pt-BR\",\"@id\":\"https:\/\/www.notibras.com\/site\/algumas-reflexoes-sobre-a-liturgia-alquimica-do-fogo\/#primaryimage\",\"url\":\"https:\/\/www.notibras.com\/site\/wp-content\/uploads\/2025\/08\/ab9b18d5-cbf0-4f2a-8a2a-b9c0624a2d4c.jpg\",\"contentUrl\":\"https:\/\/www.notibras.com\/site\/wp-content\/uploads\/2025\/08\/ab9b18d5-cbf0-4f2a-8a2a-b9c0624a2d4c.jpg\",\"width\":628,\"height\":628},{\"@type\":\"BreadcrumbList\",\"@id\":\"https:\/\/www.notibras.com\/site\/algumas-reflexoes-sobre-a-liturgia-alquimica-do-fogo\/#breadcrumb\",\"itemListElement\":[{\"@type\":\"ListItem\",\"position\":1,\"name\":\"In\u00edcio\",\"item\":\"https:\/\/www.notibras.com\/site\/\"},{\"@type\":\"ListItem\",\"position\":2,\"name\":\"Algumas reflex\u00f5es sobre a liturgia alqu\u00edmica do fogo\"}]},{\"@type\":\"WebSite\",\"@id\":\"https:\/\/www.notibras.com\/site\/#website\",\"url\":\"https:\/\/www.notibras.com\/site\/\",\"name\":\"Notibras\",\"description\":\"Not\u00edcias de Bras\u00edlia, do Brasil e do Mundo\",\"publisher\":{\"@id\":\"https:\/\/www.notibras.com\/site\/#organization\"},\"potentialAction\":[{\"@type\":\"SearchAction\",\"target\":{\"@type\":\"EntryPoint\",\"urlTemplate\":\"https:\/\/www.notibras.com\/site\/?s={search_term_string}\"},\"query-input\":{\"@type\":\"PropertyValueSpecification\",\"valueRequired\":true,\"valueName\":\"search_term_string\"}}],\"inLanguage\":\"pt-BR\"},{\"@type\":\"Organization\",\"@id\":\"https:\/\/www.notibras.com\/site\/#organization\",\"name\":\"Grupo Notibras de Comunica\u00e7\u00e3o\",\"url\":\"https:\/\/www.notibras.com\/site\/\",\"logo\":{\"@type\":\"ImageObject\",\"inLanguage\":\"pt-BR\",\"@id\":\"https:\/\/www.notibras.com\/site\/#\/schema\/logo\/image\/\",\"url\":\"https:\/\/www.notibras.com\/site\/wp-content\/uploads\/2023\/01\/notibras23.png\",\"contentUrl\":\"https:\/\/www.notibras.com\/site\/wp-content\/uploads\/2023\/01\/notibras23.png\",\"width\":350,\"height\":87,\"caption\":\"Grupo Notibras de Comunica\u00e7\u00e3o\"},\"image\":{\"@id\":\"https:\/\/www.notibras.com\/site\/#\/schema\/logo\/image\/\"},\"sameAs\":[\"https:\/\/www.facebook.com\/notibras\/\",\"https:\/\/x.com\/Notibras\",\"https:\/\/www.instagram.com\/notibras\/\"]},{\"@type\":\"Person\",\"@id\":\"https:\/\/www.notibras.com\/site\/#\/schema\/person\/36ab0979449956132d3e5b517ea76ac8\",\"name\":\"Reda\u00e7\u00e3o\",\"image\":{\"@type\":\"ImageObject\",\"inLanguage\":\"pt-BR\",\"@id\":\"https:\/\/secure.gravatar.com\/avatar\/e0a867bdedb85fd243eadf09663511f96fc81e0720a4a42581f334ad4303aa6b?s=96&d=mm&r=g\",\"url\":\"https:\/\/secure.gravatar.com\/avatar\/e0a867bdedb85fd243eadf09663511f96fc81e0720a4a42581f334ad4303aa6b?s=96&d=mm&r=g\",\"contentUrl\":\"https:\/\/secure.gravatar.com\/avatar\/e0a867bdedb85fd243eadf09663511f96fc81e0720a4a42581f334ad4303aa6b?s=96&d=mm&r=g\",\"caption\":\"Reda\u00e7\u00e3o\"}}]}<\/script>\n<!-- \/ Yoast SEO plugin. -->","yoast_head_json":{"title":"Algumas reflex\u00f5es sobre a liturgia alqu\u00edmica do fogo - Notibras","robots":{"index":"index","follow":"follow","max-snippet":"max-snippet:-1","max-image-preview":"max-image-preview:large","max-video-preview":"max-video-preview:-1"},"canonical":"https:\/\/www.notibras.com\/site\/algumas-reflexoes-sobre-a-liturgia-alquimica-do-fogo\/","og_locale":"pt_BR","og_type":"article","og_title":"Algumas reflex\u00f5es sobre a liturgia alqu\u00edmica do fogo - Notibras","og_description":"O fogo, esta centelha divina, \u00e9 a pr\u00f3pria ess\u00eancia da transforma\u00e7\u00e3o e o s\u00edmbolo eterno da luz que dissipa a escurid\u00e3o. Ele \u00e9 o guia dos homens e o guardi\u00e3o dos mist\u00e9rios que residem nas sombras. Sem o fogo, o homem estaria perdido no frio e na noite eterna, privado do calor que sustenta e [&hellip;]","og_url":"https:\/\/www.notibras.com\/site\/algumas-reflexoes-sobre-a-liturgia-alquimica-do-fogo\/","og_site_name":"Notibras","article_publisher":"https:\/\/www.facebook.com\/notibras\/","article_published_time":"2025-08-25T03:23:27+00:00","og_image":[{"width":628,"height":628,"url":"https:\/\/www.notibras.com\/site\/wp-content\/uploads\/2025\/08\/ab9b18d5-cbf0-4f2a-8a2a-b9c0624a2d4c.jpg","type":"image\/jpeg"}],"author":"Reda\u00e7\u00e3o","twitter_card":"summary_large_image","twitter_creator":"@Notibras","twitter_site":"@Notibras","twitter_misc":{"Escrito por":"Reda\u00e7\u00e3o","Est. tempo de leitura":"5 minutos"},"schema":{"@context":"https:\/\/schema.org","@graph":[{"@type":"Article","@id":"https:\/\/www.notibras.com\/site\/algumas-reflexoes-sobre-a-liturgia-alquimica-do-fogo\/#article","isPartOf":{"@id":"https:\/\/www.notibras.com\/site\/algumas-reflexoes-sobre-a-liturgia-alquimica-do-fogo\/"},"author":{"name":"Reda\u00e7\u00e3o","@id":"https:\/\/www.notibras.com\/site\/#\/schema\/person\/36ab0979449956132d3e5b517ea76ac8"},"headline":"Algumas reflex\u00f5es sobre a liturgia alqu\u00edmica do fogo","datePublished":"2025-08-25T03:23:27+00:00","mainEntityOfPage":{"@id":"https:\/\/www.notibras.com\/site\/algumas-reflexoes-sobre-a-liturgia-alquimica-do-fogo\/"},"wordCount":787,"publisher":{"@id":"https:\/\/www.notibras.com\/site\/#organization"},"image":{"@id":"https:\/\/www.notibras.com\/site\/algumas-reflexoes-sobre-a-liturgia-alquimica-do-fogo\/#primaryimage"},"thumbnailUrl":"https:\/\/www.notibras.com\/site\/wp-content\/uploads\/2025\/08\/ab9b18d5-cbf0-4f2a-8a2a-b9c0624a2d4c.jpg","articleSection":["Or\u00e1culos"],"inLanguage":"pt-BR"},{"@type":"WebPage","@id":"https:\/\/www.notibras.com\/site\/algumas-reflexoes-sobre-a-liturgia-alquimica-do-fogo\/","url":"https:\/\/www.notibras.com\/site\/algumas-reflexoes-sobre-a-liturgia-alquimica-do-fogo\/","name":"Algumas reflex\u00f5es sobre a liturgia alqu\u00edmica do fogo - Notibras","isPartOf":{"@id":"https:\/\/www.notibras.com\/site\/#website"},"primaryImageOfPage":{"@id":"https:\/\/www.notibras.com\/site\/algumas-reflexoes-sobre-a-liturgia-alquimica-do-fogo\/#primaryimage"},"image":{"@id":"https:\/\/www.notibras.com\/site\/algumas-reflexoes-sobre-a-liturgia-alquimica-do-fogo\/#primaryimage"},"thumbnailUrl":"https:\/\/www.notibras.com\/site\/wp-content\/uploads\/2025\/08\/ab9b18d5-cbf0-4f2a-8a2a-b9c0624a2d4c.jpg","datePublished":"2025-08-25T03:23:27+00:00","breadcrumb":{"@id":"https:\/\/www.notibras.com\/site\/algumas-reflexoes-sobre-a-liturgia-alquimica-do-fogo\/#breadcrumb"},"inLanguage":"pt-BR","potentialAction":[{"@type":"ReadAction","target":["https:\/\/www.notibras.com\/site\/algumas-reflexoes-sobre-a-liturgia-alquimica-do-fogo\/"]}]},{"@type":"ImageObject","inLanguage":"pt-BR","@id":"https:\/\/www.notibras.com\/site\/algumas-reflexoes-sobre-a-liturgia-alquimica-do-fogo\/#primaryimage","url":"https:\/\/www.notibras.com\/site\/wp-content\/uploads\/2025\/08\/ab9b18d5-cbf0-4f2a-8a2a-b9c0624a2d4c.jpg","contentUrl":"https:\/\/www.notibras.com\/site\/wp-content\/uploads\/2025\/08\/ab9b18d5-cbf0-4f2a-8a2a-b9c0624a2d4c.jpg","width":628,"height":628},{"@type":"BreadcrumbList","@id":"https:\/\/www.notibras.com\/site\/algumas-reflexoes-sobre-a-liturgia-alquimica-do-fogo\/#breadcrumb","itemListElement":[{"@type":"ListItem","position":1,"name":"In\u00edcio","item":"https:\/\/www.notibras.com\/site\/"},{"@type":"ListItem","position":2,"name":"Algumas reflex\u00f5es sobre a liturgia alqu\u00edmica do fogo"}]},{"@type":"WebSite","@id":"https:\/\/www.notibras.com\/site\/#website","url":"https:\/\/www.notibras.com\/site\/","name":"Notibras","description":"Not\u00edcias de Bras\u00edlia, do Brasil e do Mundo","publisher":{"@id":"https:\/\/www.notibras.com\/site\/#organization"},"potentialAction":[{"@type":"SearchAction","target":{"@type":"EntryPoint","urlTemplate":"https:\/\/www.notibras.com\/site\/?s={search_term_string}"},"query-input":{"@type":"PropertyValueSpecification","valueRequired":true,"valueName":"search_term_string"}}],"inLanguage":"pt-BR"},{"@type":"Organization","@id":"https:\/\/www.notibras.com\/site\/#organization","name":"Grupo Notibras de Comunica\u00e7\u00e3o","url":"https:\/\/www.notibras.com\/site\/","logo":{"@type":"ImageObject","inLanguage":"pt-BR","@id":"https:\/\/www.notibras.com\/site\/#\/schema\/logo\/image\/","url":"https:\/\/www.notibras.com\/site\/wp-content\/uploads\/2023\/01\/notibras23.png","contentUrl":"https:\/\/www.notibras.com\/site\/wp-content\/uploads\/2023\/01\/notibras23.png","width":350,"height":87,"caption":"Grupo Notibras de Comunica\u00e7\u00e3o"},"image":{"@id":"https:\/\/www.notibras.com\/site\/#\/schema\/logo\/image\/"},"sameAs":["https:\/\/www.facebook.com\/notibras\/","https:\/\/x.com\/Notibras","https:\/\/www.instagram.com\/notibras\/"]},{"@type":"Person","@id":"https:\/\/www.notibras.com\/site\/#\/schema\/person\/36ab0979449956132d3e5b517ea76ac8","name":"Reda\u00e7\u00e3o","image":{"@type":"ImageObject","inLanguage":"pt-BR","@id":"https:\/\/secure.gravatar.com\/avatar\/e0a867bdedb85fd243eadf09663511f96fc81e0720a4a42581f334ad4303aa6b?s=96&d=mm&r=g","url":"https:\/\/secure.gravatar.com\/avatar\/e0a867bdedb85fd243eadf09663511f96fc81e0720a4a42581f334ad4303aa6b?s=96&d=mm&r=g","contentUrl":"https:\/\/secure.gravatar.com\/avatar\/e0a867bdedb85fd243eadf09663511f96fc81e0720a4a42581f334ad4303aa6b?s=96&d=mm&r=g","caption":"Reda\u00e7\u00e3o"}}]}},"amp_enabled":true,"_links":{"self":[{"href":"https:\/\/www.notibras.com\/site\/wp-json\/wp\/v2\/posts\/362072","targetHints":{"allow":["GET"]}}],"collection":[{"href":"https:\/\/www.notibras.com\/site\/wp-json\/wp\/v2\/posts"}],"about":[{"href":"https:\/\/www.notibras.com\/site\/wp-json\/wp\/v2\/types\/post"}],"author":[{"embeddable":true,"href":"https:\/\/www.notibras.com\/site\/wp-json\/wp\/v2\/users\/2"}],"replies":[{"embeddable":true,"href":"https:\/\/www.notibras.com\/site\/wp-json\/wp\/v2\/comments?post=362072"}],"version-history":[{"count":1,"href":"https:\/\/www.notibras.com\/site\/wp-json\/wp\/v2\/posts\/362072\/revisions"}],"predecessor-version":[{"id":362074,"href":"https:\/\/www.notibras.com\/site\/wp-json\/wp\/v2\/posts\/362072\/revisions\/362074"}],"wp:featuredmedia":[{"embeddable":true,"href":"https:\/\/www.notibras.com\/site\/wp-json\/wp\/v2\/media\/362073"}],"wp:attachment":[{"href":"https:\/\/www.notibras.com\/site\/wp-json\/wp\/v2\/media?parent=362072"}],"wp:term":[{"taxonomy":"category","embeddable":true,"href":"https:\/\/www.notibras.com\/site\/wp-json\/wp\/v2\/categories?post=362072"},{"taxonomy":"post_tag","embeddable":true,"href":"https:\/\/www.notibras.com\/site\/wp-json\/wp\/v2\/tags?post=362072"}],"curies":[{"name":"wp","href":"https:\/\/api.w.org\/{rel}","templated":true}]}}