{"id":362079,"date":"2025-08-25T00:15:30","date_gmt":"2025-08-25T03:15:30","guid":{"rendered":"https:\/\/www.notibras.com\/site\/?p=362079"},"modified":"2025-08-24T20:51:08","modified_gmt":"2025-08-24T23:51:08","slug":"mes-fecha-a-ultima-semana-com-os-quatro-elementos-em-destaque","status":"publish","type":"post","link":"https:\/\/www.notibras.com\/site\/mes-fecha-a-ultima-semana-com-os-quatro-elementos-em-destaque\/","title":{"rendered":"M\u00eas fecha a \u00faltima semana com os Quatro Elementos em destaque"},"content":{"rendered":"<p>O c\u00e9u que cobre o per\u00edodo de 25 a 31 de agosto de 2025 \u00e9 guiado pela energia do Sol em Virgem. Esse signo de Terra imprime ritmo de organiza\u00e7\u00e3o, disciplina e revis\u00e3o de h\u00e1bitos. \u00c9 uma semana de transi\u00e7\u00e3o: o m\u00eas chega ao fim pedindo ajustes, e o pr\u00f3ximo ciclo come\u00e7a a ser desenhado no horizonte.<\/p>\n<p>Ao olharmos para os quatro elementos, percebemos que a semana n\u00e3o pede pressa, mas ajustes conscientes. \u00c9 tempo de revisar, reorganizar e deixar para tr\u00e1s aquilo que n\u00e3o serve mais. No ciclo que se encerra, cada elemento recebe uma li\u00e7\u00e3o distinta: o Fogo deve dosar o \u00edmpeto, a Terra deve semear com const\u00e2ncia, o Ar deve encontrar equil\u00edbrio nos pensamentos, e a \u00c1gua deve purificar-se pela verdade.<\/p>\n<p>Assim, agosto se despede. N\u00e3o como um m\u00eas de grandes explos\u00f5es, mas como um per\u00edodo de recolhimento e prepara\u00e7\u00e3o para novos come\u00e7os. Mas cada elemento do zod\u00edaco absorve essa influ\u00eancia de maneira pr\u00f3pria. Vamos a eles:<\/p>\n<p><strong>Elemento Fogo<\/strong> (\u00c1ries, Le\u00e3o e Sagit\u00e1rio)<\/p>\n<p>Os signos de Fogo sentir\u00e3o o chamado para reduzir a pressa e respeitar os limites do tempo. \u00c1ries deve aprender a priorizar, Le\u00e3o fecha o ciclo leonino revendo suas finan\u00e7as, e Sagit\u00e1rio ser\u00e1 lembrado de que prometer demais pode custar caro. A li\u00e7\u00e3o para o Fogo \u00e9 simples: energia s\u00f3 tem valor quando bem direcionada.<\/p>\n<p><strong>Elemento Terra<\/strong> (Touro, Virgem e Capric\u00f3rnio)<\/p>\n<p>Com o Sol em Virgem, os signos de Terra est\u00e3o em sintonia com o cosmos. Touro encontra prazer no cotidiano, Virgem renasce com vitalidade e foco, e Capric\u00f3rnio abre horizontes para crescer al\u00e9m das estruturas j\u00e1 conhecidas. Para a Terra, esta semana \u00e9 de constru\u00e7\u00e3o: organizar, planejar e preparar o terreno do que vir\u00e1.<\/p>\n<p><strong>\ufe0f Elemento Ar<\/strong> (G\u00eameos, Libra e Aqu\u00e1rio)<\/p>\n<p>Os signos de Ar enfrentam desafios na comunica\u00e7\u00e3o e nas rela\u00e7\u00f5es. G\u00eameos deve medir as palavras, Libra se recolhe para refletir e Aqu\u00e1rio mergulha em transforma\u00e7\u00f5es emocionais. A li\u00e7\u00e3o do Ar \u00e9 aprender a transformar pensamentos em clareza, n\u00e3o em dispers\u00e3o.<\/p>\n<p><strong>Elemento \u00c1gua<\/strong> (C\u00e2ncer, Escorpi\u00e3o e Peixes)<\/p>\n<p>A sensibilidade dos signos de \u00c1gua se acentua. C\u00e2ncer precisa equilibrar emo\u00e7\u00e3o e raz\u00e3o, Escorpi\u00e3o encontra for\u00e7a nas amizades e conex\u00f5es, e Peixes encara a necessidade de alinhar expectativas com parceiros. A \u00e1gua flui quando h\u00e1 sinceridade: essa \u00e9 a chave para a \u00faltima semana de agosto.<\/p>\n","protected":false},"excerpt":{"rendered":"<p>O c\u00e9u que cobre o per\u00edodo de 25 a 31 de agosto de 2025 \u00e9 guiado pela energia do Sol em Virgem. Esse signo de Terra imprime ritmo de organiza\u00e7\u00e3o, disciplina e revis\u00e3o de h\u00e1bitos. \u00c9 uma semana de transi\u00e7\u00e3o: o m\u00eas chega ao fim pedindo ajustes, e o pr\u00f3ximo ciclo come\u00e7a a ser desenhado [&hellip;]<\/p>\n","protected":false},"author":2,"featured_media":362080,"comment_status":"closed","ping_status":"closed","sticky":false,"template":"","format":"standard","meta":{"_acf_changed":false,"footnotes":""},"categories":[237],"tags":[],"class_list":["post-362079","post","type-post","status-publish","format-standard","has-post-thumbnail","hentry","category-oraculos"],"acf":[],"yoast_head":"<!-- This site is optimized with the Yoast SEO plugin v27.2 - https:\/\/yoast.com\/product\/yoast-seo-wordpress\/ -->\n<title>M\u00eas fecha a \u00faltima semana com os Quatro Elementos em destaque - Notibras<\/title>\n<meta name=\"robots\" content=\"index, follow, max-snippet:-1, max-image-preview:large, max-video-preview:-1\" \/>\n<link rel=\"canonical\" href=\"https:\/\/www.notibras.com\/site\/mes-fecha-a-ultima-semana-com-os-quatro-elementos-em-destaque\/\" \/>\n<meta property=\"og:locale\" content=\"pt_BR\" \/>\n<meta property=\"og:type\" content=\"article\" \/>\n<meta property=\"og:title\" content=\"M\u00eas fecha a \u00faltima semana com os Quatro Elementos em destaque - Notibras\" \/>\n<meta property=\"og:description\" content=\"O c\u00e9u que cobre o per\u00edodo de 25 a 31 de agosto de 2025 \u00e9 guiado pela energia do Sol em Virgem. Esse signo de Terra imprime ritmo de organiza\u00e7\u00e3o, disciplina e revis\u00e3o de h\u00e1bitos. \u00c9 uma semana de transi\u00e7\u00e3o: o m\u00eas chega ao fim pedindo ajustes, e o pr\u00f3ximo ciclo come\u00e7a a ser desenhado [&hellip;]\" \/>\n<meta property=\"og:url\" content=\"https:\/\/www.notibras.com\/site\/mes-fecha-a-ultima-semana-com-os-quatro-elementos-em-destaque\/\" \/>\n<meta property=\"og:site_name\" content=\"Notibras\" \/>\n<meta property=\"article:publisher\" content=\"https:\/\/www.facebook.com\/notibras\/\" \/>\n<meta property=\"article:published_time\" content=\"2025-08-25T03:15:30+00:00\" \/>\n<meta property=\"og:image\" content=\"https:\/\/www.notibras.com\/site\/wp-content\/uploads\/2025\/08\/5d932aa9-584c-4889-8532-c78f6cec940d.jpg\" \/>\n\t<meta property=\"og:image:width\" content=\"1280\" \/>\n\t<meta property=\"og:image:height\" content=\"1280\" \/>\n\t<meta property=\"og:image:type\" content=\"image\/jpeg\" \/>\n<meta name=\"author\" content=\"Reda\u00e7\u00e3o\" \/>\n<meta name=\"twitter:card\" content=\"summary_large_image\" \/>\n<meta name=\"twitter:creator\" content=\"@Notibras\" \/>\n<meta name=\"twitter:site\" content=\"@Notibras\" \/>\n<meta name=\"twitter:label1\" content=\"Escrito por\" \/>\n\t<meta name=\"twitter:data1\" content=\"Reda\u00e7\u00e3o\" \/>\n\t<meta name=\"twitter:label2\" content=\"Est. tempo de leitura\" \/>\n\t<meta name=\"twitter:data2\" content=\"3 minutos\" \/>\n<script type=\"application\/ld+json\" class=\"yoast-schema-graph\">{\"@context\":\"https:\/\/schema.org\",\"@graph\":[{\"@type\":\"Article\",\"@id\":\"https:\/\/www.notibras.com\/site\/mes-fecha-a-ultima-semana-com-os-quatro-elementos-em-destaque\/#article\",\"isPartOf\":{\"@id\":\"https:\/\/www.notibras.com\/site\/mes-fecha-a-ultima-semana-com-os-quatro-elementos-em-destaque\/\"},\"author\":{\"name\":\"Reda\u00e7\u00e3o\",\"@id\":\"https:\/\/www.notibras.com\/site\/#\/schema\/person\/36ab0979449956132d3e5b517ea76ac8\"},\"headline\":\"M\u00eas fecha a \u00faltima semana com os Quatro Elementos em destaque\",\"datePublished\":\"2025-08-25T03:15:30+00:00\",\"mainEntityOfPage\":{\"@id\":\"https:\/\/www.notibras.com\/site\/mes-fecha-a-ultima-semana-com-os-quatro-elementos-em-destaque\/\"},\"wordCount\":437,\"publisher\":{\"@id\":\"https:\/\/www.notibras.com\/site\/#organization\"},\"image\":{\"@id\":\"https:\/\/www.notibras.com\/site\/mes-fecha-a-ultima-semana-com-os-quatro-elementos-em-destaque\/#primaryimage\"},\"thumbnailUrl\":\"https:\/\/www.notibras.com\/site\/wp-content\/uploads\/2025\/08\/5d932aa9-584c-4889-8532-c78f6cec940d.jpg\",\"articleSection\":[\"Or\u00e1culos\"],\"inLanguage\":\"pt-BR\"},{\"@type\":\"WebPage\",\"@id\":\"https:\/\/www.notibras.com\/site\/mes-fecha-a-ultima-semana-com-os-quatro-elementos-em-destaque\/\",\"url\":\"https:\/\/www.notibras.com\/site\/mes-fecha-a-ultima-semana-com-os-quatro-elementos-em-destaque\/\",\"name\":\"M\u00eas fecha a \u00faltima semana com os Quatro Elementos em destaque - Notibras\",\"isPartOf\":{\"@id\":\"https:\/\/www.notibras.com\/site\/#website\"},\"primaryImageOfPage\":{\"@id\":\"https:\/\/www.notibras.com\/site\/mes-fecha-a-ultima-semana-com-os-quatro-elementos-em-destaque\/#primaryimage\"},\"image\":{\"@id\":\"https:\/\/www.notibras.com\/site\/mes-fecha-a-ultima-semana-com-os-quatro-elementos-em-destaque\/#primaryimage\"},\"thumbnailUrl\":\"https:\/\/www.notibras.com\/site\/wp-content\/uploads\/2025\/08\/5d932aa9-584c-4889-8532-c78f6cec940d.jpg\",\"datePublished\":\"2025-08-25T03:15:30+00:00\",\"breadcrumb\":{\"@id\":\"https:\/\/www.notibras.com\/site\/mes-fecha-a-ultima-semana-com-os-quatro-elementos-em-destaque\/#breadcrumb\"},\"inLanguage\":\"pt-BR\",\"potentialAction\":[{\"@type\":\"ReadAction\",\"target\":[\"https:\/\/www.notibras.com\/site\/mes-fecha-a-ultima-semana-com-os-quatro-elementos-em-destaque\/\"]}]},{\"@type\":\"ImageObject\",\"inLanguage\":\"pt-BR\",\"@id\":\"https:\/\/www.notibras.com\/site\/mes-fecha-a-ultima-semana-com-os-quatro-elementos-em-destaque\/#primaryimage\",\"url\":\"https:\/\/www.notibras.com\/site\/wp-content\/uploads\/2025\/08\/5d932aa9-584c-4889-8532-c78f6cec940d.jpg\",\"contentUrl\":\"https:\/\/www.notibras.com\/site\/wp-content\/uploads\/2025\/08\/5d932aa9-584c-4889-8532-c78f6cec940d.jpg\",\"width\":1280,\"height\":1280},{\"@type\":\"BreadcrumbList\",\"@id\":\"https:\/\/www.notibras.com\/site\/mes-fecha-a-ultima-semana-com-os-quatro-elementos-em-destaque\/#breadcrumb\",\"itemListElement\":[{\"@type\":\"ListItem\",\"position\":1,\"name\":\"In\u00edcio\",\"item\":\"https:\/\/www.notibras.com\/site\/\"},{\"@type\":\"ListItem\",\"position\":2,\"name\":\"M\u00eas fecha a \u00faltima semana com os Quatro Elementos em destaque\"}]},{\"@type\":\"WebSite\",\"@id\":\"https:\/\/www.notibras.com\/site\/#website\",\"url\":\"https:\/\/www.notibras.com\/site\/\",\"name\":\"Notibras\",\"description\":\"Not\u00edcias de Bras\u00edlia, do Brasil e do Mundo\",\"publisher\":{\"@id\":\"https:\/\/www.notibras.com\/site\/#organization\"},\"potentialAction\":[{\"@type\":\"SearchAction\",\"target\":{\"@type\":\"EntryPoint\",\"urlTemplate\":\"https:\/\/www.notibras.com\/site\/?s={search_term_string}\"},\"query-input\":{\"@type\":\"PropertyValueSpecification\",\"valueRequired\":true,\"valueName\":\"search_term_string\"}}],\"inLanguage\":\"pt-BR\"},{\"@type\":\"Organization\",\"@id\":\"https:\/\/www.notibras.com\/site\/#organization\",\"name\":\"Grupo Notibras de Comunica\u00e7\u00e3o\",\"url\":\"https:\/\/www.notibras.com\/site\/\",\"logo\":{\"@type\":\"ImageObject\",\"inLanguage\":\"pt-BR\",\"@id\":\"https:\/\/www.notibras.com\/site\/#\/schema\/logo\/image\/\",\"url\":\"https:\/\/www.notibras.com\/site\/wp-content\/uploads\/2023\/01\/notibras23.png\",\"contentUrl\":\"https:\/\/www.notibras.com\/site\/wp-content\/uploads\/2023\/01\/notibras23.png\",\"width\":350,\"height\":87,\"caption\":\"Grupo Notibras de Comunica\u00e7\u00e3o\"},\"image\":{\"@id\":\"https:\/\/www.notibras.com\/site\/#\/schema\/logo\/image\/\"},\"sameAs\":[\"https:\/\/www.facebook.com\/notibras\/\",\"https:\/\/x.com\/Notibras\",\"https:\/\/www.instagram.com\/notibras\/\"]},{\"@type\":\"Person\",\"@id\":\"https:\/\/www.notibras.com\/site\/#\/schema\/person\/36ab0979449956132d3e5b517ea76ac8\",\"name\":\"Reda\u00e7\u00e3o\",\"image\":{\"@type\":\"ImageObject\",\"inLanguage\":\"pt-BR\",\"@id\":\"https:\/\/secure.gravatar.com\/avatar\/e0a867bdedb85fd243eadf09663511f96fc81e0720a4a42581f334ad4303aa6b?s=96&d=mm&r=g\",\"url\":\"https:\/\/secure.gravatar.com\/avatar\/e0a867bdedb85fd243eadf09663511f96fc81e0720a4a42581f334ad4303aa6b?s=96&d=mm&r=g\",\"contentUrl\":\"https:\/\/secure.gravatar.com\/avatar\/e0a867bdedb85fd243eadf09663511f96fc81e0720a4a42581f334ad4303aa6b?s=96&d=mm&r=g\",\"caption\":\"Reda\u00e7\u00e3o\"}}]}<\/script>\n<!-- \/ Yoast SEO plugin. -->","yoast_head_json":{"title":"M\u00eas fecha a \u00faltima semana com os Quatro Elementos em destaque - Notibras","robots":{"index":"index","follow":"follow","max-snippet":"max-snippet:-1","max-image-preview":"max-image-preview:large","max-video-preview":"max-video-preview:-1"},"canonical":"https:\/\/www.notibras.com\/site\/mes-fecha-a-ultima-semana-com-os-quatro-elementos-em-destaque\/","og_locale":"pt_BR","og_type":"article","og_title":"M\u00eas fecha a \u00faltima semana com os Quatro Elementos em destaque - Notibras","og_description":"O c\u00e9u que cobre o per\u00edodo de 25 a 31 de agosto de 2025 \u00e9 guiado pela energia do Sol em Virgem. Esse signo de Terra imprime ritmo de organiza\u00e7\u00e3o, disciplina e revis\u00e3o de h\u00e1bitos. \u00c9 uma semana de transi\u00e7\u00e3o: o m\u00eas chega ao fim pedindo ajustes, e o pr\u00f3ximo ciclo come\u00e7a a ser desenhado [&hellip;]","og_url":"https:\/\/www.notibras.com\/site\/mes-fecha-a-ultima-semana-com-os-quatro-elementos-em-destaque\/","og_site_name":"Notibras","article_publisher":"https:\/\/www.facebook.com\/notibras\/","article_published_time":"2025-08-25T03:15:30+00:00","og_image":[{"width":1280,"height":1280,"url":"https:\/\/www.notibras.com\/site\/wp-content\/uploads\/2025\/08\/5d932aa9-584c-4889-8532-c78f6cec940d.jpg","type":"image\/jpeg"}],"author":"Reda\u00e7\u00e3o","twitter_card":"summary_large_image","twitter_creator":"@Notibras","twitter_site":"@Notibras","twitter_misc":{"Escrito por":"Reda\u00e7\u00e3o","Est. tempo de leitura":"3 minutos"},"schema":{"@context":"https:\/\/schema.org","@graph":[{"@type":"Article","@id":"https:\/\/www.notibras.com\/site\/mes-fecha-a-ultima-semana-com-os-quatro-elementos-em-destaque\/#article","isPartOf":{"@id":"https:\/\/www.notibras.com\/site\/mes-fecha-a-ultima-semana-com-os-quatro-elementos-em-destaque\/"},"author":{"name":"Reda\u00e7\u00e3o","@id":"https:\/\/www.notibras.com\/site\/#\/schema\/person\/36ab0979449956132d3e5b517ea76ac8"},"headline":"M\u00eas fecha a \u00faltima semana com os Quatro Elementos em destaque","datePublished":"2025-08-25T03:15:30+00:00","mainEntityOfPage":{"@id":"https:\/\/www.notibras.com\/site\/mes-fecha-a-ultima-semana-com-os-quatro-elementos-em-destaque\/"},"wordCount":437,"publisher":{"@id":"https:\/\/www.notibras.com\/site\/#organization"},"image":{"@id":"https:\/\/www.notibras.com\/site\/mes-fecha-a-ultima-semana-com-os-quatro-elementos-em-destaque\/#primaryimage"},"thumbnailUrl":"https:\/\/www.notibras.com\/site\/wp-content\/uploads\/2025\/08\/5d932aa9-584c-4889-8532-c78f6cec940d.jpg","articleSection":["Or\u00e1culos"],"inLanguage":"pt-BR"},{"@type":"WebPage","@id":"https:\/\/www.notibras.com\/site\/mes-fecha-a-ultima-semana-com-os-quatro-elementos-em-destaque\/","url":"https:\/\/www.notibras.com\/site\/mes-fecha-a-ultima-semana-com-os-quatro-elementos-em-destaque\/","name":"M\u00eas fecha a \u00faltima semana com os Quatro Elementos em destaque - Notibras","isPartOf":{"@id":"https:\/\/www.notibras.com\/site\/#website"},"primaryImageOfPage":{"@id":"https:\/\/www.notibras.com\/site\/mes-fecha-a-ultima-semana-com-os-quatro-elementos-em-destaque\/#primaryimage"},"image":{"@id":"https:\/\/www.notibras.com\/site\/mes-fecha-a-ultima-semana-com-os-quatro-elementos-em-destaque\/#primaryimage"},"thumbnailUrl":"https:\/\/www.notibras.com\/site\/wp-content\/uploads\/2025\/08\/5d932aa9-584c-4889-8532-c78f6cec940d.jpg","datePublished":"2025-08-25T03:15:30+00:00","breadcrumb":{"@id":"https:\/\/www.notibras.com\/site\/mes-fecha-a-ultima-semana-com-os-quatro-elementos-em-destaque\/#breadcrumb"},"inLanguage":"pt-BR","potentialAction":[{"@type":"ReadAction","target":["https:\/\/www.notibras.com\/site\/mes-fecha-a-ultima-semana-com-os-quatro-elementos-em-destaque\/"]}]},{"@type":"ImageObject","inLanguage":"pt-BR","@id":"https:\/\/www.notibras.com\/site\/mes-fecha-a-ultima-semana-com-os-quatro-elementos-em-destaque\/#primaryimage","url":"https:\/\/www.notibras.com\/site\/wp-content\/uploads\/2025\/08\/5d932aa9-584c-4889-8532-c78f6cec940d.jpg","contentUrl":"https:\/\/www.notibras.com\/site\/wp-content\/uploads\/2025\/08\/5d932aa9-584c-4889-8532-c78f6cec940d.jpg","width":1280,"height":1280},{"@type":"BreadcrumbList","@id":"https:\/\/www.notibras.com\/site\/mes-fecha-a-ultima-semana-com-os-quatro-elementos-em-destaque\/#breadcrumb","itemListElement":[{"@type":"ListItem","position":1,"name":"In\u00edcio","item":"https:\/\/www.notibras.com\/site\/"},{"@type":"ListItem","position":2,"name":"M\u00eas fecha a \u00faltima semana com os Quatro Elementos em destaque"}]},{"@type":"WebSite","@id":"https:\/\/www.notibras.com\/site\/#website","url":"https:\/\/www.notibras.com\/site\/","name":"Notibras","description":"Not\u00edcias de Bras\u00edlia, do Brasil e do Mundo","publisher":{"@id":"https:\/\/www.notibras.com\/site\/#organization"},"potentialAction":[{"@type":"SearchAction","target":{"@type":"EntryPoint","urlTemplate":"https:\/\/www.notibras.com\/site\/?s={search_term_string}"},"query-input":{"@type":"PropertyValueSpecification","valueRequired":true,"valueName":"search_term_string"}}],"inLanguage":"pt-BR"},{"@type":"Organization","@id":"https:\/\/www.notibras.com\/site\/#organization","name":"Grupo Notibras de Comunica\u00e7\u00e3o","url":"https:\/\/www.notibras.com\/site\/","logo":{"@type":"ImageObject","inLanguage":"pt-BR","@id":"https:\/\/www.notibras.com\/site\/#\/schema\/logo\/image\/","url":"https:\/\/www.notibras.com\/site\/wp-content\/uploads\/2023\/01\/notibras23.png","contentUrl":"https:\/\/www.notibras.com\/site\/wp-content\/uploads\/2023\/01\/notibras23.png","width":350,"height":87,"caption":"Grupo Notibras de Comunica\u00e7\u00e3o"},"image":{"@id":"https:\/\/www.notibras.com\/site\/#\/schema\/logo\/image\/"},"sameAs":["https:\/\/www.facebook.com\/notibras\/","https:\/\/x.com\/Notibras","https:\/\/www.instagram.com\/notibras\/"]},{"@type":"Person","@id":"https:\/\/www.notibras.com\/site\/#\/schema\/person\/36ab0979449956132d3e5b517ea76ac8","name":"Reda\u00e7\u00e3o","image":{"@type":"ImageObject","inLanguage":"pt-BR","@id":"https:\/\/secure.gravatar.com\/avatar\/e0a867bdedb85fd243eadf09663511f96fc81e0720a4a42581f334ad4303aa6b?s=96&d=mm&r=g","url":"https:\/\/secure.gravatar.com\/avatar\/e0a867bdedb85fd243eadf09663511f96fc81e0720a4a42581f334ad4303aa6b?s=96&d=mm&r=g","contentUrl":"https:\/\/secure.gravatar.com\/avatar\/e0a867bdedb85fd243eadf09663511f96fc81e0720a4a42581f334ad4303aa6b?s=96&d=mm&r=g","caption":"Reda\u00e7\u00e3o"}}]}},"amp_enabled":true,"_links":{"self":[{"href":"https:\/\/www.notibras.com\/site\/wp-json\/wp\/v2\/posts\/362079","targetHints":{"allow":["GET"]}}],"collection":[{"href":"https:\/\/www.notibras.com\/site\/wp-json\/wp\/v2\/posts"}],"about":[{"href":"https:\/\/www.notibras.com\/site\/wp-json\/wp\/v2\/types\/post"}],"author":[{"embeddable":true,"href":"https:\/\/www.notibras.com\/site\/wp-json\/wp\/v2\/users\/2"}],"replies":[{"embeddable":true,"href":"https:\/\/www.notibras.com\/site\/wp-json\/wp\/v2\/comments?post=362079"}],"version-history":[{"count":3,"href":"https:\/\/www.notibras.com\/site\/wp-json\/wp\/v2\/posts\/362079\/revisions"}],"predecessor-version":[{"id":362086,"href":"https:\/\/www.notibras.com\/site\/wp-json\/wp\/v2\/posts\/362079\/revisions\/362086"}],"wp:featuredmedia":[{"embeddable":true,"href":"https:\/\/www.notibras.com\/site\/wp-json\/wp\/v2\/media\/362080"}],"wp:attachment":[{"href":"https:\/\/www.notibras.com\/site\/wp-json\/wp\/v2\/media?parent=362079"}],"wp:term":[{"taxonomy":"category","embeddable":true,"href":"https:\/\/www.notibras.com\/site\/wp-json\/wp\/v2\/categories?post=362079"},{"taxonomy":"post_tag","embeddable":true,"href":"https:\/\/www.notibras.com\/site\/wp-json\/wp\/v2\/tags?post=362079"}],"curies":[{"name":"wp","href":"https:\/\/api.w.org\/{rel}","templated":true}]}}