{"id":362107,"date":"2025-08-28T02:00:42","date_gmt":"2025-08-28T05:00:42","guid":{"rendered":"https:\/\/www.notibras.com\/site\/?p=362107"},"modified":"2025-08-25T05:24:46","modified_gmt":"2025-08-25T08:24:46","slug":"salete-a-rainha-da-inglaterra","status":"publish","type":"post","link":"https:\/\/www.notibras.com\/site\/salete-a-rainha-da-inglaterra\/","title":{"rendered":"Salete, a rainha da Inglaterra"},"content":{"rendered":"<p>Algum desavisado poderia afirmar que Salete poderia ser tudo na vida, menos humilde. N\u00e3o por acaso, era frequentemente chamada de arrogante e egoc\u00eantrica, sem contar as vezes que foi dito que a mulher era narcisista em n\u00edvel irrevers\u00edvel. E sempre, mas sempre mesmo, parecia estar preparada para receber algu\u00e9m. Que fosse o Papa, n\u00e3o restava d\u00favida, l\u00e1 estava a mulher toda empertigada como se fosse a pr\u00f3pria rainha da Inglaterra.<\/p>\n<p>\u2014 Cad\u00ea meu cachecol lil\u00e1s, Cida?<\/p>\n<p>\u2014 Dona Salete, n\u00e3o \u00e9 poss\u00edvel que a senhora vai colocar cachecol neste calor. Estamos no ver\u00e3o.<\/p>\n<p>\u2014 E desde quando eleg\u00e2ncia tem esta\u00e7\u00e3o, mulher? V\u00e1 l\u00e1 no meu quarto e procure por ele, que \u00e9 capaz de algum ministro vir me fazer uma visita de surpresa.<\/p>\n<p>\u2014 Oxente! Que ministro o qu\u00ea, dona Salete! T\u00e1 variando, \u00e9?<\/p>\n<p>\u2014 N\u00e3o discuta! V\u00e1, v\u00e1, v\u00e1 logo!<\/p>\n<p>Hora do almo\u00e7o, mesa pronta, nada de ministro, muito menos do Papa, Salete, p\u00e9s inquietos, m\u00e3os agitadas, observava de relance atrav\u00e9s da janela da sala, quando Cida a alertou que a comida iria esfriar. Mal se sentou \u00e0 mesa, a mulher observou as travessas, torceu os l\u00e1bios para a empregada sentada na cadeira ao lado.<\/p>\n<p>\u2014 Frango de novo, Cida? Cad\u00ea meu fil\u00e9?<\/p>\n<p>\u2014 Que fil\u00e9, dona Salete? A senhora se esqueceu de novo, \u00e9?<\/p>\n<p>\u2014 Do qu\u00ea?<\/p>\n<p>\u2014 Do que o cardiologista falou.<\/p>\n<p>\u2014 Hum! E desde quando m\u00e9dico entende de alguma coisa, Cida?<\/p>\n<p>\u2014 E \u00e9 a senhora que entende agora, \u00e9?<\/p>\n<p>\u2014 Hum!<\/p>\n<p>\u2014 Ih, vai ficar emburrada de novo?<\/p>\n<p>\u2014 T\u00e1 bom, t\u00e1 bom, t\u00e1 bom, Cida!<\/p>\n<p>\u2014 E v\u00ea se come, pois a senhora vai ficar magrinha demais.<\/p>\n<p>\u2014 Hum!<\/p>\n<p>\u2014 Olha que, se a senhora n\u00e3o comer, como eu.<\/p>\n<p>\u2014 Hum!<\/p>\n<p>\u2014 T\u00e1 bom, t\u00e1 bom, t\u00e1 bom, Cida!<\/p>\n<p>\u2014 Isso! T\u00e1 uma del\u00edcia, n\u00e9?<\/p>\n<p>\u2014 Hum!<\/p>\n<p>Enquanto as duas mulheres almo\u00e7avam, Cida quis saber se a patroa havia voltado a falar com a irm\u00e3.<\/p>\n<p>\u2014 Ih, Cida, a Lourdes n\u00e3o entende nada de nada.<\/p>\n<p>\u2014 Fizeram as pazes ou n\u00e3o?<\/p>\n<p>\u2014 \u00c9, voc\u00ea bem sabe que, entre paz e raz\u00e3o, prefiro a paz. Raz\u00e3o eu sempre tenho.<\/p>\n<p>\u2026\u2026\u2026\u2026\u2026\u2026\u2026\u2026<\/p>\n<p><strong>Eduardo Mart\u00ednez \u00e9 autor do livro \u201957 Contos e Cr\u00f4nicas por um Autor Muito Velho\u2019.<\/strong><\/p>\n<p><strong>Compre aqui<\/strong>\u00a0<img decoding=\"async\" class=\"emoji\" role=\"img\" draggable=\"false\" src=\"https:\/\/s.w.org\/images\/core\/emoji\/16.0.1\/svg\/1f447-1f3ff.svg\" alt=\"\" \/><\/p>\n<p><a href=\"https:\/\/www.joanineditora.com.br\/57-contos-e-cronicas-por-um-autor-muito-velho\">https:\/\/www.joanineditora.com.br\/57-contos-e-cronicas-por-um-autor-muito-velho<\/a><\/p>\n","protected":false},"excerpt":{"rendered":"<p>Algum desavisado poderia afirmar que Salete poderia ser tudo na vida, menos humilde. N\u00e3o por acaso, era frequentemente chamada de arrogante e egoc\u00eantrica, sem contar as vezes que foi dito que a mulher era narcisista em n\u00edvel irrevers\u00edvel. E sempre, mas sempre mesmo, parecia estar preparada para receber algu\u00e9m. Que fosse o Papa, n\u00e3o restava [&hellip;]<\/p>\n","protected":false},"author":21,"featured_media":362108,"comment_status":"closed","ping_status":"closed","sticky":false,"template":"","format":"standard","meta":{"_acf_changed":false,"footnotes":""},"categories":[161],"tags":[],"class_list":["post-362107","post","type-post","status-publish","format-standard","has-post-thumbnail","hentry","category-quadradinho-em-foco"],"acf":[],"_links":{"self":[{"href":"https:\/\/www.notibras.com\/site\/wp-json\/wp\/v2\/posts\/362107","targetHints":{"allow":["GET"]}}],"collection":[{"href":"https:\/\/www.notibras.com\/site\/wp-json\/wp\/v2\/posts"}],"about":[{"href":"https:\/\/www.notibras.com\/site\/wp-json\/wp\/v2\/types\/post"}],"author":[{"embeddable":true,"href":"https:\/\/www.notibras.com\/site\/wp-json\/wp\/v2\/users\/21"}],"replies":[{"embeddable":true,"href":"https:\/\/www.notibras.com\/site\/wp-json\/wp\/v2\/comments?post=362107"}],"version-history":[{"count":2,"href":"https:\/\/www.notibras.com\/site\/wp-json\/wp\/v2\/posts\/362107\/revisions"}],"predecessor-version":[{"id":362110,"href":"https:\/\/www.notibras.com\/site\/wp-json\/wp\/v2\/posts\/362107\/revisions\/362110"}],"wp:featuredmedia":[{"embeddable":true,"href":"https:\/\/www.notibras.com\/site\/wp-json\/wp\/v2\/media\/362108"}],"wp:attachment":[{"href":"https:\/\/www.notibras.com\/site\/wp-json\/wp\/v2\/media?parent=362107"}],"wp:term":[{"taxonomy":"category","embeddable":true,"href":"https:\/\/www.notibras.com\/site\/wp-json\/wp\/v2\/categories?post=362107"},{"taxonomy":"post_tag","embeddable":true,"href":"https:\/\/www.notibras.com\/site\/wp-json\/wp\/v2\/tags?post=362107"}],"curies":[{"name":"wp","href":"https:\/\/api.w.org\/{rel}","templated":true}]}}