{"id":362153,"date":"2025-08-25T00:47:24","date_gmt":"2025-08-25T03:47:24","guid":{"rendered":"https:\/\/www.notibras.com\/site\/?p=362153"},"modified":"2025-08-25T09:00:46","modified_gmt":"2025-08-25T12:00:46","slug":"semana-comeca-com-710-vagas-de-emprego-em-todo-o-distrito-federal","status":"publish","type":"post","link":"https:\/\/www.notibras.com\/site\/semana-comeca-com-710-vagas-de-emprego-em-todo-o-distrito-federal\/","title":{"rendered":"Semana come\u00e7a com 710 vagas de emprego em todo o Distrito Federal"},"content":{"rendered":"<p>Nesta segunda-feira (25), as ag\u00eancias do trabalhador do Distrito Federal disponibilizam 710 vagas de emprego para quem busca ingressar no mercado. Os sal\u00e1rios variam entre R$ 1,6 e R$ 3 mil, com oportunidades que exigem diferentes n\u00edveis de escolaridade e experi\u00eancia, al\u00e9m de vagas exclusivas para pessoas com defici\u00eancia (PcDs) e aprendizes.<\/p>\n<p>Entre as op\u00e7\u00f5es com maior sal\u00e1rio est\u00e1 a fun\u00e7\u00e3o de ajustador mec\u00e2nico de manuten\u00e7\u00e3o em \u00c1guas Claras (R$ 3 mil), para PcDs, al\u00e9m de outras seis oportunidades como pedreiro (R$ 2,8 mil) \u2014 tr\u00eas em Taguatinga e tr\u00eas no Jardim Bot\u00e2nico. Para todas estas vagas n\u00e3o se exige experi\u00eancia, sendo necess\u00e1rio o ensino m\u00e9dio completo.<\/p>\n<p>Os cargos com maior n\u00famero de vagas est\u00e3o concentrados em \u00c1guas Claras, com 30 oportunidades para operador de caixa e outras 30 para repositor de mercadorias em locais n\u00e3o fixos. A remunera\u00e7\u00e3o gira em torno de R$ 1,6 mil.<\/p>\n<p>Para participar dos processos seletivos, basta cadastrar o curr\u00edculo no aplicativo da Carteira de Trabalho Digital (CTPS) ou ir a uma das 14 ag\u00eancias do trabalhador, das 8h \u00e0s 17h, durante a semana. Mesmo que nenhuma das oportunidades do dia seja atraente ao candidato, o cadastro vale para oportunidades futuras, j\u00e1 que o sistema cruza dados dos concorrentes com o perfil que as empresas procuram.<\/p>\n<p>Empregadores que desejam ofertar vagas ou utilizar o espa\u00e7o das ag\u00eancias do trabalhador para entrevistas podem se cadastrar pessoalmente nas unidades ou solicitar atendimento pelo e-mail gcv@setrab.df.gov.br. Pode ser utilizado, ainda, o Canal do Empregador, no site da Secretaria de Desenvolvimento Econ\u00f4mico, Trabalho e Renda (Sedet-DF).<\/p>\n","protected":false},"excerpt":{"rendered":"<p>Nesta segunda-feira (25), as ag\u00eancias do trabalhador do Distrito Federal disponibilizam 710 vagas de emprego para quem busca ingressar no mercado. Os sal\u00e1rios variam entre R$ 1,6 e R$ 3 mil, com oportunidades que exigem diferentes n\u00edveis de escolaridade e experi\u00eancia, al\u00e9m de vagas exclusivas para pessoas com defici\u00eancia (PcDs) e aprendizes. Entre as op\u00e7\u00f5es [&hellip;]<\/p>\n","protected":false},"author":2,"featured_media":346988,"comment_status":"closed","ping_status":"closed","sticky":false,"template":"","format":"standard","meta":{"_acf_changed":false,"footnotes":""},"categories":[161],"tags":[],"class_list":["post-362153","post","type-post","status-publish","format-standard","has-post-thumbnail","hentry","category-quadradinho-em-foco"],"acf":[],"_links":{"self":[{"href":"https:\/\/www.notibras.com\/site\/wp-json\/wp\/v2\/posts\/362153","targetHints":{"allow":["GET"]}}],"collection":[{"href":"https:\/\/www.notibras.com\/site\/wp-json\/wp\/v2\/posts"}],"about":[{"href":"https:\/\/www.notibras.com\/site\/wp-json\/wp\/v2\/types\/post"}],"author":[{"embeddable":true,"href":"https:\/\/www.notibras.com\/site\/wp-json\/wp\/v2\/users\/2"}],"replies":[{"embeddable":true,"href":"https:\/\/www.notibras.com\/site\/wp-json\/wp\/v2\/comments?post=362153"}],"version-history":[{"count":2,"href":"https:\/\/www.notibras.com\/site\/wp-json\/wp\/v2\/posts\/362153\/revisions"}],"predecessor-version":[{"id":362156,"href":"https:\/\/www.notibras.com\/site\/wp-json\/wp\/v2\/posts\/362153\/revisions\/362156"}],"wp:featuredmedia":[{"embeddable":true,"href":"https:\/\/www.notibras.com\/site\/wp-json\/wp\/v2\/media\/346988"}],"wp:attachment":[{"href":"https:\/\/www.notibras.com\/site\/wp-json\/wp\/v2\/media?parent=362153"}],"wp:term":[{"taxonomy":"category","embeddable":true,"href":"https:\/\/www.notibras.com\/site\/wp-json\/wp\/v2\/categories?post=362153"},{"taxonomy":"post_tag","embeddable":true,"href":"https:\/\/www.notibras.com\/site\/wp-json\/wp\/v2\/tags?post=362153"}],"curies":[{"name":"wp","href":"https:\/\/api.w.org\/{rel}","templated":true}]}}