{"id":362157,"date":"2025-08-25T00:01:18","date_gmt":"2025-08-25T03:01:18","guid":{"rendered":"https:\/\/www.notibras.com\/site\/?p=362157"},"modified":"2025-08-25T09:02:45","modified_gmt":"2025-08-25T12:02:45","slug":"avenida-comercial-do-morro-da-cruz-ganha-quebra-molas-e-sinalizacao","status":"publish","type":"post","link":"https:\/\/www.notibras.com\/site\/avenida-comercial-do-morro-da-cruz-ganha-quebra-molas-e-sinalizacao\/","title":{"rendered":"Avenida Comercial do Morro da Cruz ganha quebra-molas e sinaliza\u00e7\u00e3o"},"content":{"rendered":"<p>A Avenida Comercial da Quadra 19 do Morro da Cruz, em S\u00e3o Sebasti\u00e3o, recebeu novos quebra-molas e sinaliza\u00e7\u00e3o. Com cerca de 1,4 km, o trecho foi pavimentado recentemente por equipes deste Governo do Distrito Federal (GDF) e, agora, conta com nove ondula\u00e7\u00f5es e 20 placas. O objetivo \u00e9 oferecer mais seguran\u00e7a e trafegabilidade para a popula\u00e7\u00e3o de aproximadamente 20 mil habitantes.<\/p>\n<p>A pavimenta\u00e7\u00e3o e a implanta\u00e7\u00e3o dos dispositivos vi\u00e1rios foram executadas de modo conjunto pelo Departamento de Estradas de Rodagem (DER-DF), Companhia Urbanizadora da Nova Capital do Brasil (Novacap), Administra\u00e7\u00e3o Regional de S\u00e3o Sebasti\u00e3o e programa GDF Presente. \u201cEssa obra traz um grande benef\u00edcio para os moradores do bairro e para quem utiliza a avenida para se locomover dentro da cidade ou para trabalhar no com\u00e9rcio local\u201d, aponta o administrador regional, Roberto Medeiros.<\/p>\n<p>Segundo ele, a via, que j\u00e1 recebe \u00f4nibus escolares, tamb\u00e9m ser\u00e1 utilizada pelo transporte coletivo. \u201cA Secretaria de Transporte e Mobilidade do Distrito Federal (Semob-DF) estuda implantar, em breve, uma linha de transporte que atenda diretamente a comunidade. Essa obra \u00e9 uma das mais importantes da regi\u00e3o, n\u00e3o apenas para os moradores, mas tamb\u00e9m para quem vem de fora e utiliza as vias do bairro. Estimamos que cerca de 20 mil pessoas s\u00e3o atendidas\u201d, observa.<\/p>\n<p>O Morro da Cruz tamb\u00e9m recebeu recentemente a instala\u00e7\u00e3o de abrigos em pontos de \u00f4nibus pela equipe da Semob-DF e o recapeamento da avenida principal de S\u00e3o Sebasti\u00e3o, executado pela Novacap. Al\u00e9m disso, em breve, a regi\u00e3o e a Vila do Boa ganhar\u00e3o mais de mil l\u00e2mpadas de LED.<\/p>\n","protected":false},"excerpt":{"rendered":"<p>A Avenida Comercial da Quadra 19 do Morro da Cruz, em S\u00e3o Sebasti\u00e3o, recebeu novos quebra-molas e sinaliza\u00e7\u00e3o. Com cerca de 1,4 km, o trecho foi pavimentado recentemente por equipes deste Governo do Distrito Federal (GDF) e, agora, conta com nove ondula\u00e7\u00f5es e 20 placas. O objetivo \u00e9 oferecer mais seguran\u00e7a e trafegabilidade para a [&hellip;]<\/p>\n","protected":false},"author":2,"featured_media":362158,"comment_status":"closed","ping_status":"closed","sticky":false,"template":"","format":"standard","meta":{"_acf_changed":false,"footnotes":""},"categories":[161],"tags":[],"class_list":["post-362157","post","type-post","status-publish","format-standard","has-post-thumbnail","hentry","category-quadradinho-em-foco"],"acf":[],"_links":{"self":[{"href":"https:\/\/www.notibras.com\/site\/wp-json\/wp\/v2\/posts\/362157","targetHints":{"allow":["GET"]}}],"collection":[{"href":"https:\/\/www.notibras.com\/site\/wp-json\/wp\/v2\/posts"}],"about":[{"href":"https:\/\/www.notibras.com\/site\/wp-json\/wp\/v2\/types\/post"}],"author":[{"embeddable":true,"href":"https:\/\/www.notibras.com\/site\/wp-json\/wp\/v2\/users\/2"}],"replies":[{"embeddable":true,"href":"https:\/\/www.notibras.com\/site\/wp-json\/wp\/v2\/comments?post=362157"}],"version-history":[{"count":1,"href":"https:\/\/www.notibras.com\/site\/wp-json\/wp\/v2\/posts\/362157\/revisions"}],"predecessor-version":[{"id":362159,"href":"https:\/\/www.notibras.com\/site\/wp-json\/wp\/v2\/posts\/362157\/revisions\/362159"}],"wp:featuredmedia":[{"embeddable":true,"href":"https:\/\/www.notibras.com\/site\/wp-json\/wp\/v2\/media\/362158"}],"wp:attachment":[{"href":"https:\/\/www.notibras.com\/site\/wp-json\/wp\/v2\/media?parent=362157"}],"wp:term":[{"taxonomy":"category","embeddable":true,"href":"https:\/\/www.notibras.com\/site\/wp-json\/wp\/v2\/categories?post=362157"},{"taxonomy":"post_tag","embeddable":true,"href":"https:\/\/www.notibras.com\/site\/wp-json\/wp\/v2\/tags?post=362157"}],"curies":[{"name":"wp","href":"https:\/\/api.w.org\/{rel}","templated":true}]}}