{"id":362172,"date":"2025-08-25T11:03:17","date_gmt":"2025-08-25T14:03:17","guid":{"rendered":"https:\/\/www.notibras.com\/site\/?p=362172"},"modified":"2025-08-25T16:09:29","modified_gmt":"2025-08-25T19:09:29","slug":"brasilia-fica-no-centro-do-alerta-vermelho-para-a-baixa-umidade-do-ar","status":"publish","type":"post","link":"https:\/\/www.notibras.com\/site\/brasilia-fica-no-centro-do-alerta-vermelho-para-a-baixa-umidade-do-ar\/","title":{"rendered":"Bras\u00edlia fica no centro do alerta vermelho para a baixa umidade do ar"},"content":{"rendered":"<p>A semana come\u00e7a com mais um alerta vermelho, que indica grande perigo, em raz\u00e3o da baixa umidade do ar nesta segunda-feira, 25. De acordo com o Instituto Nacional de Meteorologia (Inmet), 147 munic\u00edpios do Mato Grosso, Goi\u00e1s, Tocantins, Minas Gerais e Bahia, al\u00e9m do Distrito Federal, poder\u00e3o registrar umidade relativa abaixo 12%.<\/p>\n<p>O aviso cobre todo o Distrito Federal, al\u00e9m o Leste, Centro, Norte e Noroeste de Goi\u00e1s. Est\u00e3o sob alerta ainda o extremo Oeste da Bahia, o Norte e Noroeste de Minas, a regi\u00e3o Ocidental do Tocantins, al\u00e9m do Nordeste mato-grossense.<\/p>\n<p><strong>Alerta Laranja <\/strong><br \/>\nAl\u00e9m do alerta vermelho, h\u00e1 ainda um alerta laranja em vigor, tamb\u00e9m relativo \u00e0 baixa umidade, que indica perigo. Neste caso, as regi\u00f5es afetadas dever\u00e3o enfrentar umidade relativa variando entre 20% e 12%, desde as 12h at\u00e9 as 19h de hoje. O aviso atinge, al\u00e9m dos estados j\u00e1 cobertos pelo alerta vermelho, parte de S\u00e3o Paulo, do Par\u00e1, do Maranh\u00e3o e do Piau\u00ed.<\/p>\n<p><img loading=\"lazy\" decoding=\"async\" class=\"wp-image-362173 aligncenter\" src=\"https:\/\/www.notibras.com\/site\/wp-content\/uploads\/2025\/08\/inmetvermelho01-300x200.jpg\" alt=\"\" width=\"504\" height=\"336\" srcset=\"https:\/\/www.notibras.com\/site\/wp-content\/uploads\/2025\/08\/inmetvermelho01-300x200.jpg 300w, https:\/\/www.notibras.com\/site\/wp-content\/uploads\/2025\/08\/inmetvermelho01.jpg 754w\" sizes=\"auto, (max-width: 504px) 100vw, 504px\" \/><\/p>\n<p><strong>Cuidados <\/strong><br \/>\nO Inmet alerta que, em caso de baixa umidade, h\u00e1 risco potencial de inc\u00eandios florestais e \u00e0 sa\u00fade das popula\u00e7\u00f5es nesta regi\u00e3o. Pode haver ressecamento da pele, dor de cabe\u00e7a, risco de doen\u00e7as pulmonares, desconforto nos olhos, boca e nariz. A recomenda\u00e7\u00e3o \u00e9 beber bastante l\u00edquido, n\u00e3o se expor ao sol nas horas mais quentes, umidificar os ambientes e hidratar a pele. Atividades f\u00edsicas n\u00e3o s\u00e3o recomendadas. H\u00e1 ainda uma indica\u00e7\u00e3o para n\u00e3o consumir bebidas diur\u00e9ticas, como caf\u00e9 e \u00e1lcool.<\/p>\n","protected":false},"excerpt":{"rendered":"<p>A semana come\u00e7a com mais um alerta vermelho, que indica grande perigo, em raz\u00e3o da baixa umidade do ar nesta segunda-feira, 25. De acordo com o Instituto Nacional de Meteorologia (Inmet), 147 munic\u00edpios do Mato Grosso, Goi\u00e1s, Tocantins, Minas Gerais e Bahia, al\u00e9m do Distrito Federal, poder\u00e3o registrar umidade relativa abaixo 12%. O aviso cobre [&hellip;]<\/p>\n","protected":false},"author":2,"featured_media":362174,"comment_status":"closed","ping_status":"closed","sticky":false,"template":"","format":"standard","meta":{"_acf_changed":false,"footnotes":""},"categories":[161],"tags":[95],"class_list":["post-362172","post","type-post","status-publish","format-standard","has-post-thumbnail","hentry","category-quadradinho-em-foco","tag-capa"],"acf":[],"_links":{"self":[{"href":"https:\/\/www.notibras.com\/site\/wp-json\/wp\/v2\/posts\/362172","targetHints":{"allow":["GET"]}}],"collection":[{"href":"https:\/\/www.notibras.com\/site\/wp-json\/wp\/v2\/posts"}],"about":[{"href":"https:\/\/www.notibras.com\/site\/wp-json\/wp\/v2\/types\/post"}],"author":[{"embeddable":true,"href":"https:\/\/www.notibras.com\/site\/wp-json\/wp\/v2\/users\/2"}],"replies":[{"embeddable":true,"href":"https:\/\/www.notibras.com\/site\/wp-json\/wp\/v2\/comments?post=362172"}],"version-history":[{"count":3,"href":"https:\/\/www.notibras.com\/site\/wp-json\/wp\/v2\/posts\/362172\/revisions"}],"predecessor-version":[{"id":362177,"href":"https:\/\/www.notibras.com\/site\/wp-json\/wp\/v2\/posts\/362172\/revisions\/362177"}],"wp:featuredmedia":[{"embeddable":true,"href":"https:\/\/www.notibras.com\/site\/wp-json\/wp\/v2\/media\/362174"}],"wp:attachment":[{"href":"https:\/\/www.notibras.com\/site\/wp-json\/wp\/v2\/media?parent=362172"}],"wp:term":[{"taxonomy":"category","embeddable":true,"href":"https:\/\/www.notibras.com\/site\/wp-json\/wp\/v2\/categories?post=362172"},{"taxonomy":"post_tag","embeddable":true,"href":"https:\/\/www.notibras.com\/site\/wp-json\/wp\/v2\/tags?post=362172"}],"curies":[{"name":"wp","href":"https:\/\/api.w.org\/{rel}","templated":true}]}}