{"id":362192,"date":"2025-08-26T01:27:47","date_gmt":"2025-08-26T04:27:47","guid":{"rendered":"https:\/\/www.notibras.com\/site\/?p=362192"},"modified":"2025-08-25T21:50:19","modified_gmt":"2025-08-26T00:50:19","slug":"noe-a-arca-do-fim-do-mundo-e-as-mudancas-climaticas","status":"publish","type":"post","link":"https:\/\/www.notibras.com\/site\/noe-a-arca-do-fim-do-mundo-e-as-mudancas-climaticas\/","title":{"rendered":"No\u00e9, a Arca do Fim do Mundo e as mudan\u00e7as clim\u00e1ticas"},"content":{"rendered":"<p>A narrativa de No\u00e9 e do Dil\u00favio, presente no livro do G\u00eanesis, constitui um dos mitos mais intrigantes da tradi\u00e7\u00e3o judaico-crist\u00e3 abordando o pecado dos homens e o castigo divino. Segundo o relato b\u00edblico, \u201cViu o Senhor que a maldade do homem se multiplicara sobre a terra\u201d (Gn 6:5) e, por isso, decidiu purific\u00e1-la por meio das \u00e1guas. E assim juntou as \u00e1guas do C\u00e9u e da Terra submergindo todas as terras planet\u00e1rias e a humanidade pecadora. O dil\u00favio b\u00edblico configura-se como s\u00edmbolo de destrui\u00e7\u00e3o e, simultaneamente, de renova\u00e7\u00e3o. No\u00e9, o iluminado, recebeu a miss\u00e3o de construir uma arca que abrigasse sua fam\u00edlia e representantes das esp\u00e9cies animais (Gn 6:19-20).<\/p>\n<p>O dil\u00favio assume forte dimens\u00e3o simb\u00f3lica, pois as \u00e1guas representam tanto a ira divina quanto a possibilidade de um novo come\u00e7o. O arco-\u00edris, surgido ap\u00f3s o recuo das \u00e1guas, \u00e9 apresentado como sinal da alian\u00e7a entre Deus e a humanidade: \u201cPorei o meu arco nas nuvens, e ser\u00e1 por sinal da alian\u00e7a entre mim e a terra\u201d (Gn 9:13).<\/p>\n<p>Assim como nos tempos de No\u00e9, a humanidade atual enfrenta amea\u00e7as de destrui\u00e7\u00e3o como consequ\u00eancia de suas pr\u00f3prias a\u00e7\u00f5es sobre a Terra. O aquecimento global, a intensifica\u00e7\u00e3o dos fen\u00f4menos clim\u00e1ticos extremos, o degelo das calotas polares e o aumento do n\u00edvel dos mares s\u00e3o indicadores de um \u201cdil\u00favio moderno\u201d, desencadeado pela degrada\u00e7\u00e3o ambiental e pelo uso desmedido dos recursos naturais.<\/p>\n<p>Sem d\u00favida alguma, o aquecimento global \u00e9 um dos maiores desafios contempor\u00e2neos, sobretudo em raz\u00e3o do derretimento das calotas polares e geleiras, que resulta no aumento do n\u00edvel dos oceanos. O Painel Intergovernamental sobre Mudan\u00e7as Clim\u00e1ticas (IPCC, 2023) projetou que o n\u00edvel do mar poder\u00e1 subir entre 0,5 a 1 metro at\u00e9 o final do s\u00e9culo, impactando diretamente \u00e1reas costeiras densamente povoadas. Ao que parece a cat\u00e1strofe clim\u00e1tica j\u00e1 foi iniciada, o que pode ser constatado pelas elevadas temperaturas na Europa e Am\u00e9ricas, com os term\u00f4metros alcan\u00e7ando facilmente a marca dos 45 graus. As elevadas temperaturas atmosf\u00e9ricas s\u00e3o seguidas de tempestades e inunda\u00e7\u00f5es, inclusive em cidades de clima des\u00e9rtico, como Dubai.<\/p>\n<p>Quanto \u00e0 eleva\u00e7\u00e3o dos n\u00edveis oce\u00e2nicos, entre as principais cidades amea\u00e7adas, destacam-se Jacarta, Bangkok, Xangai, Mumbai, Veneza, Amsterd\u00e3, Londres, Nova York e Miami, Buenos Aires, Rio de Janeiro, Recife, S\u00e3o Luiz, Jo\u00e3o Pessoa e Porto Alegre, que concentram milh\u00f5es de habitantes em zonas litor\u00e2neas e j\u00e1 apresentam sinais de submers\u00e3o. Na \u00c1frica as amea\u00e7as de inunda\u00e7\u00e3o pairam sobre Alexandria (Egito) e Lagos (Nig\u00e9ria).<\/p>\n<p>Se o dil\u00favio b\u00edblico durou quarenta dias e quarenta noites (Gn 7:12), o atual processo de transforma\u00e7\u00e3o clim\u00e1tica j\u00e1 se estende por d\u00e9cadas, marcado pelo incremento das emiss\u00f5es de gases de efeito estufa, resultante da polui\u00e7\u00e3o e o desmatamento em n\u00edveis alarmantes. Nesse sentido, pode-se afirmar que o pecado contempor\u00e2neo \u00e9 a gan\u00e2ncia humana e a irresponsabilidade ambiental, ambos amea\u00e7ando a continuidade da vida no planeta. Como adverte o Papa Francisco em sua enc\u00edclica Laudato Si\u2019 (2015), \u201co desafio urgente de proteger a nossa casa comum inclui a preocupa\u00e7\u00e3o de unir toda a fam\u00edlia humana na busca de um desenvolvimento sustent\u00e1vel e integral\u201d (LS, n. 13). At\u00e9 a\u00ed tudo bem. S\u00f3 falta combinar com os governantes e empres\u00e1rios nacionais e multinacionais.<\/p>\n<p>A arca, por sua vez, pode ser interpretada como met\u00e1fora da responsabilidade coletiva de construir ref\u00fagios \u00e9ticos, sociais e tecnol\u00f3gicos que possibilitem a preserva\u00e7\u00e3o da vida diante da crise clim\u00e1tica. N\u00e3o se trata apenas de uma embarca\u00e7\u00e3o literal, mas de todas as formas de coopera\u00e7\u00e3o global, pol\u00edticas p\u00fablicas, acordos internacionais e pr\u00e1ticas sustent\u00e1veis que funcionem como instrumentos de salva\u00e7\u00e3o da humanidade. A solu\u00e7\u00e3o encontrada, entretanto, \u00e9 para poucos. Ali\u00e1s muito poucos, que corresponde a segmentos das elites mundiais que criam ref\u00fagios subterr\u00e2neos, os bunkers, fortalezas constru\u00eddas para proteger os \u201celeitos\u201d das hecatombes anunciadas. Ser\u00e1?<\/p>\n<p>Assim, o mito de No\u00e9 permanece vivo, n\u00e3o apenas como mem\u00f3ria religiosa, mas como arqu\u00e9tipo universal. Ele nos recorda que a destrui\u00e7\u00e3o pode ser evitada se houver consci\u00eancia, justi\u00e7a e respeito \u00e0 vida. Se no passado o Senhor anunciou: \u201cN\u00e3o tornarei mais a amaldi\u00e7oar a terra por causa do homem\u201d (Gn 8:21), hoje a responsabilidade da preserva\u00e7\u00e3o recai sobre a humanidade.<\/p>\n<p>Na leitura contempor\u00e2nea do dil\u00favio, portanto, o mito deixa de ser apenas lembran\u00e7a de um castigo divino e converte-se em alerta prof\u00e9tico: se n\u00e3o agirmos, o \u201cdil\u00favio\u201d das mudan\u00e7as clim\u00e1ticas poder\u00e1 nos surpreender. Cabe a n\u00f3s erguer uma nova arca \u2014 n\u00e3o de madeira, mas de solidariedade entre os povos e compromisso com as futuras gera\u00e7\u00f5es.<br \/>\nQual a sua opini\u00e3o sobre o que h\u00e1 e o que vir\u00e1?<br \/>\n&#8230;&#8230;&#8230;&#8230;&#8230;&#8230;&#8230;..<\/p>\n<p><strong>Hussein Sabra el-Awar<\/strong><br \/>\n<strong>Membro Conselheiro do Col\u00e9gio dos Magos e Sacerdotisas<\/strong><br \/>\n<strong>@colegiodosmagosesacerdotisas<\/strong><\/p>\n","protected":false},"excerpt":{"rendered":"<p>A narrativa de No\u00e9 e do Dil\u00favio, presente no livro do G\u00eanesis, constitui um dos mitos mais intrigantes da tradi\u00e7\u00e3o judaico-crist\u00e3 abordando o pecado dos homens e o castigo divino. Segundo o relato b\u00edblico, \u201cViu o Senhor que a maldade do homem se multiplicara sobre a terra\u201d (Gn 6:5) e, por isso, decidiu purific\u00e1-la por [&hellip;]<\/p>\n","protected":false},"author":2,"featured_media":362193,"comment_status":"closed","ping_status":"closed","sticky":false,"template":"","format":"standard","meta":{"_acf_changed":false,"footnotes":""},"categories":[237],"tags":[],"class_list":["post-362192","post","type-post","status-publish","format-standard","has-post-thumbnail","hentry","category-oraculos"],"acf":[],"yoast_head":"<!-- This site is optimized with the Yoast SEO plugin v27.2 - https:\/\/yoast.com\/product\/yoast-seo-wordpress\/ -->\n<title>No\u00e9, a Arca do Fim do Mundo e as mudan\u00e7as clim\u00e1ticas - Notibras<\/title>\n<meta name=\"robots\" content=\"index, follow, max-snippet:-1, max-image-preview:large, max-video-preview:-1\" \/>\n<link rel=\"canonical\" href=\"https:\/\/www.notibras.com\/site\/noe-a-arca-do-fim-do-mundo-e-as-mudancas-climaticas\/\" \/>\n<meta property=\"og:locale\" content=\"pt_BR\" \/>\n<meta property=\"og:type\" content=\"article\" \/>\n<meta property=\"og:title\" content=\"No\u00e9, a Arca do Fim do Mundo e as mudan\u00e7as clim\u00e1ticas - Notibras\" \/>\n<meta property=\"og:description\" content=\"A narrativa de No\u00e9 e do Dil\u00favio, presente no livro do G\u00eanesis, constitui um dos mitos mais intrigantes da tradi\u00e7\u00e3o judaico-crist\u00e3 abordando o pecado dos homens e o castigo divino. Segundo o relato b\u00edblico, \u201cViu o Senhor que a maldade do homem se multiplicara sobre a terra\u201d (Gn 6:5) e, por isso, decidiu purific\u00e1-la por [&hellip;]\" \/>\n<meta property=\"og:url\" content=\"https:\/\/www.notibras.com\/site\/noe-a-arca-do-fim-do-mundo-e-as-mudancas-climaticas\/\" \/>\n<meta property=\"og:site_name\" content=\"Notibras\" \/>\n<meta property=\"article:publisher\" content=\"https:\/\/www.facebook.com\/notibras\/\" \/>\n<meta property=\"article:published_time\" content=\"2025-08-26T04:27:47+00:00\" \/>\n<meta property=\"og:image\" content=\"https:\/\/www.notibras.com\/site\/wp-content\/uploads\/2025\/08\/0fbd9083-d0c5-4878-a3c8-a97da095c19b.jpg\" \/>\n\t<meta property=\"og:image:width\" content=\"1536\" \/>\n\t<meta property=\"og:image:height\" content=\"1024\" \/>\n\t<meta property=\"og:image:type\" content=\"image\/jpeg\" \/>\n<meta name=\"author\" content=\"Reda\u00e7\u00e3o\" \/>\n<meta name=\"twitter:card\" content=\"summary_large_image\" \/>\n<meta name=\"twitter:creator\" content=\"@Notibras\" \/>\n<meta name=\"twitter:site\" content=\"@Notibras\" \/>\n<meta name=\"twitter:label1\" content=\"Escrito por\" \/>\n\t<meta name=\"twitter:data1\" content=\"Reda\u00e7\u00e3o\" \/>\n\t<meta name=\"twitter:label2\" content=\"Est. tempo de leitura\" \/>\n\t<meta name=\"twitter:data2\" content=\"5 minutos\" \/>\n<script type=\"application\/ld+json\" class=\"yoast-schema-graph\">{\"@context\":\"https:\/\/schema.org\",\"@graph\":[{\"@type\":\"Article\",\"@id\":\"https:\/\/www.notibras.com\/site\/noe-a-arca-do-fim-do-mundo-e-as-mudancas-climaticas\/#article\",\"isPartOf\":{\"@id\":\"https:\/\/www.notibras.com\/site\/noe-a-arca-do-fim-do-mundo-e-as-mudancas-climaticas\/\"},\"author\":{\"name\":\"Reda\u00e7\u00e3o\",\"@id\":\"https:\/\/www.notibras.com\/site\/#\/schema\/person\/36ab0979449956132d3e5b517ea76ac8\"},\"headline\":\"No\u00e9, a Arca do Fim do Mundo e as mudan\u00e7as clim\u00e1ticas\",\"datePublished\":\"2025-08-26T04:27:47+00:00\",\"mainEntityOfPage\":{\"@id\":\"https:\/\/www.notibras.com\/site\/noe-a-arca-do-fim-do-mundo-e-as-mudancas-climaticas\/\"},\"wordCount\":875,\"publisher\":{\"@id\":\"https:\/\/www.notibras.com\/site\/#organization\"},\"image\":{\"@id\":\"https:\/\/www.notibras.com\/site\/noe-a-arca-do-fim-do-mundo-e-as-mudancas-climaticas\/#primaryimage\"},\"thumbnailUrl\":\"https:\/\/www.notibras.com\/site\/wp-content\/uploads\/2025\/08\/0fbd9083-d0c5-4878-a3c8-a97da095c19b.jpg\",\"articleSection\":[\"Or\u00e1culos\"],\"inLanguage\":\"pt-BR\"},{\"@type\":\"WebPage\",\"@id\":\"https:\/\/www.notibras.com\/site\/noe-a-arca-do-fim-do-mundo-e-as-mudancas-climaticas\/\",\"url\":\"https:\/\/www.notibras.com\/site\/noe-a-arca-do-fim-do-mundo-e-as-mudancas-climaticas\/\",\"name\":\"No\u00e9, a Arca do Fim do Mundo e as mudan\u00e7as clim\u00e1ticas - Notibras\",\"isPartOf\":{\"@id\":\"https:\/\/www.notibras.com\/site\/#website\"},\"primaryImageOfPage\":{\"@id\":\"https:\/\/www.notibras.com\/site\/noe-a-arca-do-fim-do-mundo-e-as-mudancas-climaticas\/#primaryimage\"},\"image\":{\"@id\":\"https:\/\/www.notibras.com\/site\/noe-a-arca-do-fim-do-mundo-e-as-mudancas-climaticas\/#primaryimage\"},\"thumbnailUrl\":\"https:\/\/www.notibras.com\/site\/wp-content\/uploads\/2025\/08\/0fbd9083-d0c5-4878-a3c8-a97da095c19b.jpg\",\"datePublished\":\"2025-08-26T04:27:47+00:00\",\"breadcrumb\":{\"@id\":\"https:\/\/www.notibras.com\/site\/noe-a-arca-do-fim-do-mundo-e-as-mudancas-climaticas\/#breadcrumb\"},\"inLanguage\":\"pt-BR\",\"potentialAction\":[{\"@type\":\"ReadAction\",\"target\":[\"https:\/\/www.notibras.com\/site\/noe-a-arca-do-fim-do-mundo-e-as-mudancas-climaticas\/\"]}]},{\"@type\":\"ImageObject\",\"inLanguage\":\"pt-BR\",\"@id\":\"https:\/\/www.notibras.com\/site\/noe-a-arca-do-fim-do-mundo-e-as-mudancas-climaticas\/#primaryimage\",\"url\":\"https:\/\/www.notibras.com\/site\/wp-content\/uploads\/2025\/08\/0fbd9083-d0c5-4878-a3c8-a97da095c19b.jpg\",\"contentUrl\":\"https:\/\/www.notibras.com\/site\/wp-content\/uploads\/2025\/08\/0fbd9083-d0c5-4878-a3c8-a97da095c19b.jpg\",\"width\":1536,\"height\":1024},{\"@type\":\"BreadcrumbList\",\"@id\":\"https:\/\/www.notibras.com\/site\/noe-a-arca-do-fim-do-mundo-e-as-mudancas-climaticas\/#breadcrumb\",\"itemListElement\":[{\"@type\":\"ListItem\",\"position\":1,\"name\":\"In\u00edcio\",\"item\":\"https:\/\/www.notibras.com\/site\/\"},{\"@type\":\"ListItem\",\"position\":2,\"name\":\"No\u00e9, a Arca do Fim do Mundo e as mudan\u00e7as clim\u00e1ticas\"}]},{\"@type\":\"WebSite\",\"@id\":\"https:\/\/www.notibras.com\/site\/#website\",\"url\":\"https:\/\/www.notibras.com\/site\/\",\"name\":\"Notibras\",\"description\":\"Not\u00edcias de Bras\u00edlia, do Brasil e do Mundo\",\"publisher\":{\"@id\":\"https:\/\/www.notibras.com\/site\/#organization\"},\"potentialAction\":[{\"@type\":\"SearchAction\",\"target\":{\"@type\":\"EntryPoint\",\"urlTemplate\":\"https:\/\/www.notibras.com\/site\/?s={search_term_string}\"},\"query-input\":{\"@type\":\"PropertyValueSpecification\",\"valueRequired\":true,\"valueName\":\"search_term_string\"}}],\"inLanguage\":\"pt-BR\"},{\"@type\":\"Organization\",\"@id\":\"https:\/\/www.notibras.com\/site\/#organization\",\"name\":\"Grupo Notibras de Comunica\u00e7\u00e3o\",\"url\":\"https:\/\/www.notibras.com\/site\/\",\"logo\":{\"@type\":\"ImageObject\",\"inLanguage\":\"pt-BR\",\"@id\":\"https:\/\/www.notibras.com\/site\/#\/schema\/logo\/image\/\",\"url\":\"https:\/\/www.notibras.com\/site\/wp-content\/uploads\/2023\/01\/notibras23.png\",\"contentUrl\":\"https:\/\/www.notibras.com\/site\/wp-content\/uploads\/2023\/01\/notibras23.png\",\"width\":350,\"height\":87,\"caption\":\"Grupo Notibras de Comunica\u00e7\u00e3o\"},\"image\":{\"@id\":\"https:\/\/www.notibras.com\/site\/#\/schema\/logo\/image\/\"},\"sameAs\":[\"https:\/\/www.facebook.com\/notibras\/\",\"https:\/\/x.com\/Notibras\",\"https:\/\/www.instagram.com\/notibras\/\"]},{\"@type\":\"Person\",\"@id\":\"https:\/\/www.notibras.com\/site\/#\/schema\/person\/36ab0979449956132d3e5b517ea76ac8\",\"name\":\"Reda\u00e7\u00e3o\",\"image\":{\"@type\":\"ImageObject\",\"inLanguage\":\"pt-BR\",\"@id\":\"https:\/\/secure.gravatar.com\/avatar\/e0a867bdedb85fd243eadf09663511f96fc81e0720a4a42581f334ad4303aa6b?s=96&d=mm&r=g\",\"url\":\"https:\/\/secure.gravatar.com\/avatar\/e0a867bdedb85fd243eadf09663511f96fc81e0720a4a42581f334ad4303aa6b?s=96&d=mm&r=g\",\"contentUrl\":\"https:\/\/secure.gravatar.com\/avatar\/e0a867bdedb85fd243eadf09663511f96fc81e0720a4a42581f334ad4303aa6b?s=96&d=mm&r=g\",\"caption\":\"Reda\u00e7\u00e3o\"}}]}<\/script>\n<!-- \/ Yoast SEO plugin. -->","yoast_head_json":{"title":"No\u00e9, a Arca do Fim do Mundo e as mudan\u00e7as clim\u00e1ticas - Notibras","robots":{"index":"index","follow":"follow","max-snippet":"max-snippet:-1","max-image-preview":"max-image-preview:large","max-video-preview":"max-video-preview:-1"},"canonical":"https:\/\/www.notibras.com\/site\/noe-a-arca-do-fim-do-mundo-e-as-mudancas-climaticas\/","og_locale":"pt_BR","og_type":"article","og_title":"No\u00e9, a Arca do Fim do Mundo e as mudan\u00e7as clim\u00e1ticas - Notibras","og_description":"A narrativa de No\u00e9 e do Dil\u00favio, presente no livro do G\u00eanesis, constitui um dos mitos mais intrigantes da tradi\u00e7\u00e3o judaico-crist\u00e3 abordando o pecado dos homens e o castigo divino. Segundo o relato b\u00edblico, \u201cViu o Senhor que a maldade do homem se multiplicara sobre a terra\u201d (Gn 6:5) e, por isso, decidiu purific\u00e1-la por [&hellip;]","og_url":"https:\/\/www.notibras.com\/site\/noe-a-arca-do-fim-do-mundo-e-as-mudancas-climaticas\/","og_site_name":"Notibras","article_publisher":"https:\/\/www.facebook.com\/notibras\/","article_published_time":"2025-08-26T04:27:47+00:00","og_image":[{"width":1536,"height":1024,"url":"https:\/\/www.notibras.com\/site\/wp-content\/uploads\/2025\/08\/0fbd9083-d0c5-4878-a3c8-a97da095c19b.jpg","type":"image\/jpeg"}],"author":"Reda\u00e7\u00e3o","twitter_card":"summary_large_image","twitter_creator":"@Notibras","twitter_site":"@Notibras","twitter_misc":{"Escrito por":"Reda\u00e7\u00e3o","Est. tempo de leitura":"5 minutos"},"schema":{"@context":"https:\/\/schema.org","@graph":[{"@type":"Article","@id":"https:\/\/www.notibras.com\/site\/noe-a-arca-do-fim-do-mundo-e-as-mudancas-climaticas\/#article","isPartOf":{"@id":"https:\/\/www.notibras.com\/site\/noe-a-arca-do-fim-do-mundo-e-as-mudancas-climaticas\/"},"author":{"name":"Reda\u00e7\u00e3o","@id":"https:\/\/www.notibras.com\/site\/#\/schema\/person\/36ab0979449956132d3e5b517ea76ac8"},"headline":"No\u00e9, a Arca do Fim do Mundo e as mudan\u00e7as clim\u00e1ticas","datePublished":"2025-08-26T04:27:47+00:00","mainEntityOfPage":{"@id":"https:\/\/www.notibras.com\/site\/noe-a-arca-do-fim-do-mundo-e-as-mudancas-climaticas\/"},"wordCount":875,"publisher":{"@id":"https:\/\/www.notibras.com\/site\/#organization"},"image":{"@id":"https:\/\/www.notibras.com\/site\/noe-a-arca-do-fim-do-mundo-e-as-mudancas-climaticas\/#primaryimage"},"thumbnailUrl":"https:\/\/www.notibras.com\/site\/wp-content\/uploads\/2025\/08\/0fbd9083-d0c5-4878-a3c8-a97da095c19b.jpg","articleSection":["Or\u00e1culos"],"inLanguage":"pt-BR"},{"@type":"WebPage","@id":"https:\/\/www.notibras.com\/site\/noe-a-arca-do-fim-do-mundo-e-as-mudancas-climaticas\/","url":"https:\/\/www.notibras.com\/site\/noe-a-arca-do-fim-do-mundo-e-as-mudancas-climaticas\/","name":"No\u00e9, a Arca do Fim do Mundo e as mudan\u00e7as clim\u00e1ticas - Notibras","isPartOf":{"@id":"https:\/\/www.notibras.com\/site\/#website"},"primaryImageOfPage":{"@id":"https:\/\/www.notibras.com\/site\/noe-a-arca-do-fim-do-mundo-e-as-mudancas-climaticas\/#primaryimage"},"image":{"@id":"https:\/\/www.notibras.com\/site\/noe-a-arca-do-fim-do-mundo-e-as-mudancas-climaticas\/#primaryimage"},"thumbnailUrl":"https:\/\/www.notibras.com\/site\/wp-content\/uploads\/2025\/08\/0fbd9083-d0c5-4878-a3c8-a97da095c19b.jpg","datePublished":"2025-08-26T04:27:47+00:00","breadcrumb":{"@id":"https:\/\/www.notibras.com\/site\/noe-a-arca-do-fim-do-mundo-e-as-mudancas-climaticas\/#breadcrumb"},"inLanguage":"pt-BR","potentialAction":[{"@type":"ReadAction","target":["https:\/\/www.notibras.com\/site\/noe-a-arca-do-fim-do-mundo-e-as-mudancas-climaticas\/"]}]},{"@type":"ImageObject","inLanguage":"pt-BR","@id":"https:\/\/www.notibras.com\/site\/noe-a-arca-do-fim-do-mundo-e-as-mudancas-climaticas\/#primaryimage","url":"https:\/\/www.notibras.com\/site\/wp-content\/uploads\/2025\/08\/0fbd9083-d0c5-4878-a3c8-a97da095c19b.jpg","contentUrl":"https:\/\/www.notibras.com\/site\/wp-content\/uploads\/2025\/08\/0fbd9083-d0c5-4878-a3c8-a97da095c19b.jpg","width":1536,"height":1024},{"@type":"BreadcrumbList","@id":"https:\/\/www.notibras.com\/site\/noe-a-arca-do-fim-do-mundo-e-as-mudancas-climaticas\/#breadcrumb","itemListElement":[{"@type":"ListItem","position":1,"name":"In\u00edcio","item":"https:\/\/www.notibras.com\/site\/"},{"@type":"ListItem","position":2,"name":"No\u00e9, a Arca do Fim do Mundo e as mudan\u00e7as clim\u00e1ticas"}]},{"@type":"WebSite","@id":"https:\/\/www.notibras.com\/site\/#website","url":"https:\/\/www.notibras.com\/site\/","name":"Notibras","description":"Not\u00edcias de Bras\u00edlia, do Brasil e do Mundo","publisher":{"@id":"https:\/\/www.notibras.com\/site\/#organization"},"potentialAction":[{"@type":"SearchAction","target":{"@type":"EntryPoint","urlTemplate":"https:\/\/www.notibras.com\/site\/?s={search_term_string}"},"query-input":{"@type":"PropertyValueSpecification","valueRequired":true,"valueName":"search_term_string"}}],"inLanguage":"pt-BR"},{"@type":"Organization","@id":"https:\/\/www.notibras.com\/site\/#organization","name":"Grupo Notibras de Comunica\u00e7\u00e3o","url":"https:\/\/www.notibras.com\/site\/","logo":{"@type":"ImageObject","inLanguage":"pt-BR","@id":"https:\/\/www.notibras.com\/site\/#\/schema\/logo\/image\/","url":"https:\/\/www.notibras.com\/site\/wp-content\/uploads\/2023\/01\/notibras23.png","contentUrl":"https:\/\/www.notibras.com\/site\/wp-content\/uploads\/2023\/01\/notibras23.png","width":350,"height":87,"caption":"Grupo Notibras de Comunica\u00e7\u00e3o"},"image":{"@id":"https:\/\/www.notibras.com\/site\/#\/schema\/logo\/image\/"},"sameAs":["https:\/\/www.facebook.com\/notibras\/","https:\/\/x.com\/Notibras","https:\/\/www.instagram.com\/notibras\/"]},{"@type":"Person","@id":"https:\/\/www.notibras.com\/site\/#\/schema\/person\/36ab0979449956132d3e5b517ea76ac8","name":"Reda\u00e7\u00e3o","image":{"@type":"ImageObject","inLanguage":"pt-BR","@id":"https:\/\/secure.gravatar.com\/avatar\/e0a867bdedb85fd243eadf09663511f96fc81e0720a4a42581f334ad4303aa6b?s=96&d=mm&r=g","url":"https:\/\/secure.gravatar.com\/avatar\/e0a867bdedb85fd243eadf09663511f96fc81e0720a4a42581f334ad4303aa6b?s=96&d=mm&r=g","contentUrl":"https:\/\/secure.gravatar.com\/avatar\/e0a867bdedb85fd243eadf09663511f96fc81e0720a4a42581f334ad4303aa6b?s=96&d=mm&r=g","caption":"Reda\u00e7\u00e3o"}}]}},"amp_enabled":true,"_links":{"self":[{"href":"https:\/\/www.notibras.com\/site\/wp-json\/wp\/v2\/posts\/362192","targetHints":{"allow":["GET"]}}],"collection":[{"href":"https:\/\/www.notibras.com\/site\/wp-json\/wp\/v2\/posts"}],"about":[{"href":"https:\/\/www.notibras.com\/site\/wp-json\/wp\/v2\/types\/post"}],"author":[{"embeddable":true,"href":"https:\/\/www.notibras.com\/site\/wp-json\/wp\/v2\/users\/2"}],"replies":[{"embeddable":true,"href":"https:\/\/www.notibras.com\/site\/wp-json\/wp\/v2\/comments?post=362192"}],"version-history":[{"count":1,"href":"https:\/\/www.notibras.com\/site\/wp-json\/wp\/v2\/posts\/362192\/revisions"}],"predecessor-version":[{"id":362194,"href":"https:\/\/www.notibras.com\/site\/wp-json\/wp\/v2\/posts\/362192\/revisions\/362194"}],"wp:featuredmedia":[{"embeddable":true,"href":"https:\/\/www.notibras.com\/site\/wp-json\/wp\/v2\/media\/362193"}],"wp:attachment":[{"href":"https:\/\/www.notibras.com\/site\/wp-json\/wp\/v2\/media?parent=362192"}],"wp:term":[{"taxonomy":"category","embeddable":true,"href":"https:\/\/www.notibras.com\/site\/wp-json\/wp\/v2\/categories?post=362192"},{"taxonomy":"post_tag","embeddable":true,"href":"https:\/\/www.notibras.com\/site\/wp-json\/wp\/v2\/tags?post=362192"}],"curies":[{"name":"wp","href":"https:\/\/api.w.org\/{rel}","templated":true}]}}