{"id":362195,"date":"2025-08-26T01:20:25","date_gmt":"2025-08-26T04:20:25","guid":{"rendered":"https:\/\/www.notibras.com\/site\/?p=362195"},"modified":"2025-08-25T22:04:08","modified_gmt":"2025-08-26T01:04:08","slug":"as-runas-e-a-saga-de-bjorn-o-errante-nas-longas-plagas-nordicas","status":"publish","type":"post","link":"https:\/\/www.notibras.com\/site\/as-runas-e-a-saga-de-bjorn-o-errante-nas-longas-plagas-nordicas\/","title":{"rendered":"As runas e a saga de Bj\u00f6rn, o Errante, nas longas plagas n\u00f3rdicas"},"content":{"rendered":"<p data-start=\"256\" data-end=\"485\">\u00c9 uma lenda dos tempos em que as estrelas ainda formavam as primeiras constela\u00e7\u00f5es no C\u00e9u. Fala de homens de verdade, corajosos, que buscavam nos or\u00e1culos as sagas que encontrariam pelas longas plagas que cruzariam pela frente. Nosso personagem \u00e9 Bjonr. Come\u00e7a assim, cantada em versos:<\/p>\n<p data-start=\"256\" data-end=\"485\">Escutai, homens do Norte,<br data-start=\"281\" data-end=\"284\" \/>escutai, mulheres do Norte,<br data-start=\"311\" data-end=\"314\" \/>escutai, filhos do vento e do gelo:<br data-start=\"349\" data-end=\"352\" \/>eu vos conto a saga de Bj\u00f6rn, o Errante,<br data-start=\"392\" data-end=\"395\" \/>aquele que buscou seu destino nas Runas<br data-start=\"434\" data-end=\"437\" \/>e encontrou o caminho do fogo e da tempestade.<\/p>\n<p data-start=\"487\" data-end=\"739\">Bj\u00f6rn era filho de um inverno longo,<br data-start=\"523\" data-end=\"526\" \/>Bj\u00f6rn era filho de uma batalha perdida,<br data-start=\"565\" data-end=\"568\" \/>Bj\u00f6rn era filho de sua pr\u00f3pria solid\u00e3o.<br data-start=\"607\" data-end=\"610\" \/>Homem de remos e machado,<br data-start=\"635\" data-end=\"638\" \/>homem de cicatrizes e de sonhos,<br data-start=\"670\" data-end=\"673\" \/>caminhava sem porto,<br data-start=\"693\" data-end=\"696\" \/>caminhava sem tenda,<br data-start=\"716\" data-end=\"719\" \/>caminhava sem lar.<\/p>\n<p data-start=\"741\" data-end=\"917\">Numa noite de gelo,<br data-start=\"760\" data-end=\"763\" \/>quando a lua era l\u00e2mina sobre o fiorde,<br data-start=\"802\" data-end=\"805\" \/>Bj\u00f6rn encontrou a v\u00f6lva,<br data-start=\"829\" data-end=\"832\" \/>a mulher de sabedoria antiga,<br data-start=\"861\" data-end=\"864\" \/>cabelos de prata,<br data-start=\"881\" data-end=\"884\" \/>olhos de pedra,<br data-start=\"899\" data-end=\"902\" \/>voz de corvo.<\/p>\n<p data-start=\"919\" data-end=\"1044\">E a v\u00f6lva disse:<br data-start=\"935\" data-end=\"938\" \/>\u2014 Queres tu ouvir os deuses?<br data-start=\"966\" data-end=\"969\" \/>Queres tu lan\u00e7ar as Runas?<br data-start=\"995\" data-end=\"998\" \/>Queres tu conhecer o fio que tece as Nornas?<\/p>\n<p data-start=\"1046\" data-end=\"1212\">E Bj\u00f6rn respondeu:<br data-start=\"1064\" data-end=\"1067\" \/>\u2014 Quero. Mesmo que o destino seja ru\u00edna,<br data-start=\"1107\" data-end=\"1110\" \/>mesmo que o destino seja morte,<br data-start=\"1141\" data-end=\"1144\" \/>quero ouvir o que os deuses j\u00e1 escreveram<br data-start=\"1185\" data-end=\"1188\" \/>no gelo da eternidade.<\/p>\n<p data-start=\"1214\" data-end=\"1317\">Ent\u00e3o a v\u00f6lva lan\u00e7ou as Runas.<br data-start=\"1244\" data-end=\"1247\" \/>E as Runas ca\u00edram sobre o linho.<br data-start=\"1279\" data-end=\"1282\" \/>E as Runas brilharam como brasas.<\/p>\n<p data-start=\"1319\" data-end=\"1520\">A primeira foi Ansuz, o sopro de Odin.<br data-start=\"1361\" data-end=\"1364\" \/>E a v\u00f6lva disse:<br data-start=\"1380\" data-end=\"1383\" \/>\u2014 Tua vida n\u00e3o ser\u00e1 s\u00f3 espada,<br data-start=\"1413\" data-end=\"1416\" \/>tua vida n\u00e3o ser\u00e1 s\u00f3 ferro,<br data-start=\"1443\" data-end=\"1446\" \/>tua vida ser\u00e1 palavra,<br data-start=\"1468\" data-end=\"1471\" \/>ser\u00e1s mensageiro,<br data-start=\"1488\" data-end=\"1491\" \/>ser\u00e1s errante,<br data-start=\"1505\" data-end=\"1508\" \/>ser\u00e1s voz.<\/p>\n<p data-start=\"1522\" data-end=\"1728\">A segunda foi Raido, o caminho.<br data-start=\"1557\" data-end=\"1560\" \/>E a v\u00f6lva disse:<br data-start=\"1576\" data-end=\"1579\" \/>\u2014 Teus p\u00e9s n\u00e3o ter\u00e3o ra\u00edzes,<br data-start=\"1607\" data-end=\"1610\" \/>teus olhos n\u00e3o ter\u00e3o fronteiras,<br data-start=\"1642\" data-end=\"1645\" \/>tua alma ser\u00e1 estrada,<br data-start=\"1667\" data-end=\"1670\" \/>tua casa ser\u00e1 viagem,<br data-start=\"1691\" data-end=\"1694\" \/>tua heran\u00e7a ser\u00e1 poeira e vento.<\/p>\n<p data-start=\"1730\" data-end=\"1936\">A terceira foi Hagalaz, o gelo que destr\u00f3i.<br data-start=\"1777\" data-end=\"1780\" \/>E a v\u00f6lva calou-se,<br data-start=\"1799\" data-end=\"1802\" \/>e o fogo da fogueira gemeu.<br data-start=\"1829\" data-end=\"1832\" \/>Bj\u00f6rn perguntou:<br data-start=\"1848\" data-end=\"1851\" \/>\u2014 Que v\u00eas, mulher dos deuses?<br data-start=\"1880\" data-end=\"1883\" \/>Dize-me a verdade, ainda que seja noite sem aurora.<\/p>\n<p data-start=\"1938\" data-end=\"2153\">E a v\u00f6lva respondeu:<br data-start=\"1958\" data-end=\"1961\" \/>\u2014 Vejo ru\u00edna, vejo queda,<br data-start=\"1986\" data-end=\"1989\" \/>vejo tempestade sobre ti.<br data-start=\"2014\" data-end=\"2017\" \/>Mas tamb\u00e9m vejo for\u00e7a,<br data-start=\"2039\" data-end=\"2042\" \/>pois do gelo nasce o rio,<br data-start=\"2067\" data-end=\"2070\" \/>e da queda nasce a vida.<br data-start=\"2094\" data-end=\"2097\" \/>Hagalaz n\u00e3o \u00e9 s\u00f3 destrui\u00e7\u00e3o,<br data-start=\"2125\" data-end=\"2128\" \/>Hagalaz \u00e9 renascimento.<\/p>\n<p data-start=\"2155\" data-end=\"2400\">Ent\u00e3o Bj\u00f6rn se ergueu.<br data-start=\"2177\" data-end=\"2180\" \/>Ergueu-se como \u00e1rvore ao vento,<br data-start=\"2211\" data-end=\"2214\" \/>ergueu-se como montanha diante da neve.<br data-start=\"2253\" data-end=\"2256\" \/>E disse:<br data-start=\"2264\" data-end=\"2267\" \/>\u2014 Que venham as tempestades.<br data-start=\"2295\" data-end=\"2298\" \/>Que venham as perdas.<br data-start=\"2319\" data-end=\"2322\" \/>Que venha o gelo.<br data-start=\"2339\" data-end=\"2342\" \/>Pois n\u00e3o temo o destino,<br data-start=\"2366\" data-end=\"2369\" \/>o destino sou eu que caminho.<\/p>\n<p data-start=\"2402\" data-end=\"2556\">E Bj\u00f6rn partiu,<br data-start=\"2417\" data-end=\"2420\" \/>partiu sem ouro,<br data-start=\"2436\" data-end=\"2439\" \/>partiu sem terra,<br data-start=\"2456\" data-end=\"2459\" \/>partiu sem gl\u00f3ria.<br data-start=\"2477\" data-end=\"2480\" \/>Partiu apenas com o sopro das Runas,<br data-start=\"2516\" data-end=\"2519\" \/>partiu apenas com o eco dos deuses.<\/p>\n<p data-start=\"2558\" data-end=\"2740\">E ainda hoje, quando o vento uiva nos vales do Norte,<br data-start=\"2611\" data-end=\"2614\" \/>dizem que \u00e9 a voz de Bj\u00f6rn, o Errante,<br data-start=\"2652\" data-end=\"2655\" \/>que caminha entre mundos,<br data-start=\"2680\" data-end=\"2683\" \/>caminha entre sombras,<br data-start=\"2705\" data-end=\"2708\" \/>caminha entre homens e deuses.<\/p>\n","protected":false},"excerpt":{"rendered":"<p>\u00c9 uma lenda dos tempos em que as estrelas ainda formavam as primeiras constela\u00e7\u00f5es no C\u00e9u. Fala de homens de verdade, corajosos, que buscavam nos or\u00e1culos as sagas que encontrariam pelas longas plagas que cruzariam pela frente. Nosso personagem \u00e9 Bjonr. Come\u00e7a assim, cantada em versos: Escutai, homens do Norte,escutai, mulheres do Norte,escutai, filhos do [&hellip;]<\/p>\n","protected":false},"author":2,"featured_media":362196,"comment_status":"closed","ping_status":"closed","sticky":false,"template":"","format":"standard","meta":{"_acf_changed":false,"footnotes":""},"categories":[237],"tags":[],"class_list":["post-362195","post","type-post","status-publish","format-standard","has-post-thumbnail","hentry","category-oraculos"],"acf":[],"yoast_head":"<!-- This site is optimized with the Yoast SEO plugin v27.2 - https:\/\/yoast.com\/product\/yoast-seo-wordpress\/ -->\n<title>As runas e a saga de Bj\u00f6rn, o Errante, nas longas plagas n\u00f3rdicas - Notibras<\/title>\n<meta name=\"robots\" content=\"index, follow, max-snippet:-1, max-image-preview:large, max-video-preview:-1\" \/>\n<link rel=\"canonical\" href=\"https:\/\/www.notibras.com\/site\/as-runas-e-a-saga-de-bjorn-o-errante-nas-longas-plagas-nordicas\/\" \/>\n<meta property=\"og:locale\" content=\"pt_BR\" \/>\n<meta property=\"og:type\" content=\"article\" \/>\n<meta property=\"og:title\" content=\"As runas e a saga de Bj\u00f6rn, o Errante, nas longas plagas n\u00f3rdicas - Notibras\" \/>\n<meta property=\"og:description\" content=\"\u00c9 uma lenda dos tempos em que as estrelas ainda formavam as primeiras constela\u00e7\u00f5es no C\u00e9u. Fala de homens de verdade, corajosos, que buscavam nos or\u00e1culos as sagas que encontrariam pelas longas plagas que cruzariam pela frente. Nosso personagem \u00e9 Bjonr. Come\u00e7a assim, cantada em versos: Escutai, homens do Norte,escutai, mulheres do Norte,escutai, filhos do [&hellip;]\" \/>\n<meta property=\"og:url\" content=\"https:\/\/www.notibras.com\/site\/as-runas-e-a-saga-de-bjorn-o-errante-nas-longas-plagas-nordicas\/\" \/>\n<meta property=\"og:site_name\" content=\"Notibras\" \/>\n<meta property=\"article:publisher\" content=\"https:\/\/www.facebook.com\/notibras\/\" \/>\n<meta property=\"article:published_time\" content=\"2025-08-26T04:20:25+00:00\" \/>\n<meta property=\"og:image\" content=\"https:\/\/www.notibras.com\/site\/wp-content\/uploads\/2025\/08\/e307cc86-3077-405b-b73d-968a95fff598-683x1024.png\" \/>\n\t<meta property=\"og:image:width\" content=\"683\" \/>\n\t<meta property=\"og:image:height\" content=\"1024\" \/>\n\t<meta property=\"og:image:type\" content=\"image\/png\" \/>\n<meta name=\"author\" content=\"Reda\u00e7\u00e3o\" \/>\n<meta name=\"twitter:card\" content=\"summary_large_image\" \/>\n<meta name=\"twitter:creator\" content=\"@Notibras\" \/>\n<meta name=\"twitter:site\" content=\"@Notibras\" \/>\n<meta name=\"twitter:label1\" content=\"Escrito por\" \/>\n\t<meta name=\"twitter:data1\" content=\"Reda\u00e7\u00e3o\" \/>\n\t<meta name=\"twitter:label2\" content=\"Est. tempo de leitura\" \/>\n\t<meta name=\"twitter:data2\" content=\"3 minutos\" \/>\n<script type=\"application\/ld+json\" class=\"yoast-schema-graph\">{\"@context\":\"https:\/\/schema.org\",\"@graph\":[{\"@type\":\"Article\",\"@id\":\"https:\/\/www.notibras.com\/site\/as-runas-e-a-saga-de-bjorn-o-errante-nas-longas-plagas-nordicas\/#article\",\"isPartOf\":{\"@id\":\"https:\/\/www.notibras.com\/site\/as-runas-e-a-saga-de-bjorn-o-errante-nas-longas-plagas-nordicas\/\"},\"author\":{\"name\":\"Reda\u00e7\u00e3o\",\"@id\":\"https:\/\/www.notibras.com\/site\/#\/schema\/person\/36ab0979449956132d3e5b517ea76ac8\"},\"headline\":\"As runas e a saga de Bj\u00f6rn, o Errante, nas longas plagas n\u00f3rdicas\",\"datePublished\":\"2025-08-26T04:20:25+00:00\",\"mainEntityOfPage\":{\"@id\":\"https:\/\/www.notibras.com\/site\/as-runas-e-a-saga-de-bjorn-o-errante-nas-longas-plagas-nordicas\/\"},\"wordCount\":522,\"publisher\":{\"@id\":\"https:\/\/www.notibras.com\/site\/#organization\"},\"image\":{\"@id\":\"https:\/\/www.notibras.com\/site\/as-runas-e-a-saga-de-bjorn-o-errante-nas-longas-plagas-nordicas\/#primaryimage\"},\"thumbnailUrl\":\"https:\/\/www.notibras.com\/site\/wp-content\/uploads\/2025\/08\/e307cc86-3077-405b-b73d-968a95fff598.png\",\"articleSection\":[\"Or\u00e1culos\"],\"inLanguage\":\"pt-BR\"},{\"@type\":\"WebPage\",\"@id\":\"https:\/\/www.notibras.com\/site\/as-runas-e-a-saga-de-bjorn-o-errante-nas-longas-plagas-nordicas\/\",\"url\":\"https:\/\/www.notibras.com\/site\/as-runas-e-a-saga-de-bjorn-o-errante-nas-longas-plagas-nordicas\/\",\"name\":\"As runas e a saga de Bj\u00f6rn, o Errante, nas longas plagas n\u00f3rdicas - Notibras\",\"isPartOf\":{\"@id\":\"https:\/\/www.notibras.com\/site\/#website\"},\"primaryImageOfPage\":{\"@id\":\"https:\/\/www.notibras.com\/site\/as-runas-e-a-saga-de-bjorn-o-errante-nas-longas-plagas-nordicas\/#primaryimage\"},\"image\":{\"@id\":\"https:\/\/www.notibras.com\/site\/as-runas-e-a-saga-de-bjorn-o-errante-nas-longas-plagas-nordicas\/#primaryimage\"},\"thumbnailUrl\":\"https:\/\/www.notibras.com\/site\/wp-content\/uploads\/2025\/08\/e307cc86-3077-405b-b73d-968a95fff598.png\",\"datePublished\":\"2025-08-26T04:20:25+00:00\",\"breadcrumb\":{\"@id\":\"https:\/\/www.notibras.com\/site\/as-runas-e-a-saga-de-bjorn-o-errante-nas-longas-plagas-nordicas\/#breadcrumb\"},\"inLanguage\":\"pt-BR\",\"potentialAction\":[{\"@type\":\"ReadAction\",\"target\":[\"https:\/\/www.notibras.com\/site\/as-runas-e-a-saga-de-bjorn-o-errante-nas-longas-plagas-nordicas\/\"]}]},{\"@type\":\"ImageObject\",\"inLanguage\":\"pt-BR\",\"@id\":\"https:\/\/www.notibras.com\/site\/as-runas-e-a-saga-de-bjorn-o-errante-nas-longas-plagas-nordicas\/#primaryimage\",\"url\":\"https:\/\/www.notibras.com\/site\/wp-content\/uploads\/2025\/08\/e307cc86-3077-405b-b73d-968a95fff598.png\",\"contentUrl\":\"https:\/\/www.notibras.com\/site\/wp-content\/uploads\/2025\/08\/e307cc86-3077-405b-b73d-968a95fff598.png\",\"width\":1024,\"height\":1536},{\"@type\":\"BreadcrumbList\",\"@id\":\"https:\/\/www.notibras.com\/site\/as-runas-e-a-saga-de-bjorn-o-errante-nas-longas-plagas-nordicas\/#breadcrumb\",\"itemListElement\":[{\"@type\":\"ListItem\",\"position\":1,\"name\":\"In\u00edcio\",\"item\":\"https:\/\/www.notibras.com\/site\/\"},{\"@type\":\"ListItem\",\"position\":2,\"name\":\"As runas e a saga de Bj\u00f6rn, o Errante, nas longas plagas n\u00f3rdicas\"}]},{\"@type\":\"WebSite\",\"@id\":\"https:\/\/www.notibras.com\/site\/#website\",\"url\":\"https:\/\/www.notibras.com\/site\/\",\"name\":\"Notibras\",\"description\":\"Not\u00edcias de Bras\u00edlia, do Brasil e do Mundo\",\"publisher\":{\"@id\":\"https:\/\/www.notibras.com\/site\/#organization\"},\"potentialAction\":[{\"@type\":\"SearchAction\",\"target\":{\"@type\":\"EntryPoint\",\"urlTemplate\":\"https:\/\/www.notibras.com\/site\/?s={search_term_string}\"},\"query-input\":{\"@type\":\"PropertyValueSpecification\",\"valueRequired\":true,\"valueName\":\"search_term_string\"}}],\"inLanguage\":\"pt-BR\"},{\"@type\":\"Organization\",\"@id\":\"https:\/\/www.notibras.com\/site\/#organization\",\"name\":\"Grupo Notibras de Comunica\u00e7\u00e3o\",\"url\":\"https:\/\/www.notibras.com\/site\/\",\"logo\":{\"@type\":\"ImageObject\",\"inLanguage\":\"pt-BR\",\"@id\":\"https:\/\/www.notibras.com\/site\/#\/schema\/logo\/image\/\",\"url\":\"https:\/\/www.notibras.com\/site\/wp-content\/uploads\/2023\/01\/notibras23.png\",\"contentUrl\":\"https:\/\/www.notibras.com\/site\/wp-content\/uploads\/2023\/01\/notibras23.png\",\"width\":350,\"height\":87,\"caption\":\"Grupo Notibras de Comunica\u00e7\u00e3o\"},\"image\":{\"@id\":\"https:\/\/www.notibras.com\/site\/#\/schema\/logo\/image\/\"},\"sameAs\":[\"https:\/\/www.facebook.com\/notibras\/\",\"https:\/\/x.com\/Notibras\",\"https:\/\/www.instagram.com\/notibras\/\"]},{\"@type\":\"Person\",\"@id\":\"https:\/\/www.notibras.com\/site\/#\/schema\/person\/36ab0979449956132d3e5b517ea76ac8\",\"name\":\"Reda\u00e7\u00e3o\",\"image\":{\"@type\":\"ImageObject\",\"inLanguage\":\"pt-BR\",\"@id\":\"https:\/\/secure.gravatar.com\/avatar\/e0a867bdedb85fd243eadf09663511f96fc81e0720a4a42581f334ad4303aa6b?s=96&d=mm&r=g\",\"url\":\"https:\/\/secure.gravatar.com\/avatar\/e0a867bdedb85fd243eadf09663511f96fc81e0720a4a42581f334ad4303aa6b?s=96&d=mm&r=g\",\"contentUrl\":\"https:\/\/secure.gravatar.com\/avatar\/e0a867bdedb85fd243eadf09663511f96fc81e0720a4a42581f334ad4303aa6b?s=96&d=mm&r=g\",\"caption\":\"Reda\u00e7\u00e3o\"}}]}<\/script>\n<!-- \/ Yoast SEO plugin. -->","yoast_head_json":{"title":"As runas e a saga de Bj\u00f6rn, o Errante, nas longas plagas n\u00f3rdicas - Notibras","robots":{"index":"index","follow":"follow","max-snippet":"max-snippet:-1","max-image-preview":"max-image-preview:large","max-video-preview":"max-video-preview:-1"},"canonical":"https:\/\/www.notibras.com\/site\/as-runas-e-a-saga-de-bjorn-o-errante-nas-longas-plagas-nordicas\/","og_locale":"pt_BR","og_type":"article","og_title":"As runas e a saga de Bj\u00f6rn, o Errante, nas longas plagas n\u00f3rdicas - Notibras","og_description":"\u00c9 uma lenda dos tempos em que as estrelas ainda formavam as primeiras constela\u00e7\u00f5es no C\u00e9u. Fala de homens de verdade, corajosos, que buscavam nos or\u00e1culos as sagas que encontrariam pelas longas plagas que cruzariam pela frente. Nosso personagem \u00e9 Bjonr. Come\u00e7a assim, cantada em versos: Escutai, homens do Norte,escutai, mulheres do Norte,escutai, filhos do [&hellip;]","og_url":"https:\/\/www.notibras.com\/site\/as-runas-e-a-saga-de-bjorn-o-errante-nas-longas-plagas-nordicas\/","og_site_name":"Notibras","article_publisher":"https:\/\/www.facebook.com\/notibras\/","article_published_time":"2025-08-26T04:20:25+00:00","og_image":[{"width":683,"height":1024,"url":"https:\/\/www.notibras.com\/site\/wp-content\/uploads\/2025\/08\/e307cc86-3077-405b-b73d-968a95fff598-683x1024.png","type":"image\/png"}],"author":"Reda\u00e7\u00e3o","twitter_card":"summary_large_image","twitter_creator":"@Notibras","twitter_site":"@Notibras","twitter_misc":{"Escrito por":"Reda\u00e7\u00e3o","Est. tempo de leitura":"3 minutos"},"schema":{"@context":"https:\/\/schema.org","@graph":[{"@type":"Article","@id":"https:\/\/www.notibras.com\/site\/as-runas-e-a-saga-de-bjorn-o-errante-nas-longas-plagas-nordicas\/#article","isPartOf":{"@id":"https:\/\/www.notibras.com\/site\/as-runas-e-a-saga-de-bjorn-o-errante-nas-longas-plagas-nordicas\/"},"author":{"name":"Reda\u00e7\u00e3o","@id":"https:\/\/www.notibras.com\/site\/#\/schema\/person\/36ab0979449956132d3e5b517ea76ac8"},"headline":"As runas e a saga de Bj\u00f6rn, o Errante, nas longas plagas n\u00f3rdicas","datePublished":"2025-08-26T04:20:25+00:00","mainEntityOfPage":{"@id":"https:\/\/www.notibras.com\/site\/as-runas-e-a-saga-de-bjorn-o-errante-nas-longas-plagas-nordicas\/"},"wordCount":522,"publisher":{"@id":"https:\/\/www.notibras.com\/site\/#organization"},"image":{"@id":"https:\/\/www.notibras.com\/site\/as-runas-e-a-saga-de-bjorn-o-errante-nas-longas-plagas-nordicas\/#primaryimage"},"thumbnailUrl":"https:\/\/www.notibras.com\/site\/wp-content\/uploads\/2025\/08\/e307cc86-3077-405b-b73d-968a95fff598.png","articleSection":["Or\u00e1culos"],"inLanguage":"pt-BR"},{"@type":"WebPage","@id":"https:\/\/www.notibras.com\/site\/as-runas-e-a-saga-de-bjorn-o-errante-nas-longas-plagas-nordicas\/","url":"https:\/\/www.notibras.com\/site\/as-runas-e-a-saga-de-bjorn-o-errante-nas-longas-plagas-nordicas\/","name":"As runas e a saga de Bj\u00f6rn, o Errante, nas longas plagas n\u00f3rdicas - Notibras","isPartOf":{"@id":"https:\/\/www.notibras.com\/site\/#website"},"primaryImageOfPage":{"@id":"https:\/\/www.notibras.com\/site\/as-runas-e-a-saga-de-bjorn-o-errante-nas-longas-plagas-nordicas\/#primaryimage"},"image":{"@id":"https:\/\/www.notibras.com\/site\/as-runas-e-a-saga-de-bjorn-o-errante-nas-longas-plagas-nordicas\/#primaryimage"},"thumbnailUrl":"https:\/\/www.notibras.com\/site\/wp-content\/uploads\/2025\/08\/e307cc86-3077-405b-b73d-968a95fff598.png","datePublished":"2025-08-26T04:20:25+00:00","breadcrumb":{"@id":"https:\/\/www.notibras.com\/site\/as-runas-e-a-saga-de-bjorn-o-errante-nas-longas-plagas-nordicas\/#breadcrumb"},"inLanguage":"pt-BR","potentialAction":[{"@type":"ReadAction","target":["https:\/\/www.notibras.com\/site\/as-runas-e-a-saga-de-bjorn-o-errante-nas-longas-plagas-nordicas\/"]}]},{"@type":"ImageObject","inLanguage":"pt-BR","@id":"https:\/\/www.notibras.com\/site\/as-runas-e-a-saga-de-bjorn-o-errante-nas-longas-plagas-nordicas\/#primaryimage","url":"https:\/\/www.notibras.com\/site\/wp-content\/uploads\/2025\/08\/e307cc86-3077-405b-b73d-968a95fff598.png","contentUrl":"https:\/\/www.notibras.com\/site\/wp-content\/uploads\/2025\/08\/e307cc86-3077-405b-b73d-968a95fff598.png","width":1024,"height":1536},{"@type":"BreadcrumbList","@id":"https:\/\/www.notibras.com\/site\/as-runas-e-a-saga-de-bjorn-o-errante-nas-longas-plagas-nordicas\/#breadcrumb","itemListElement":[{"@type":"ListItem","position":1,"name":"In\u00edcio","item":"https:\/\/www.notibras.com\/site\/"},{"@type":"ListItem","position":2,"name":"As runas e a saga de Bj\u00f6rn, o Errante, nas longas plagas n\u00f3rdicas"}]},{"@type":"WebSite","@id":"https:\/\/www.notibras.com\/site\/#website","url":"https:\/\/www.notibras.com\/site\/","name":"Notibras","description":"Not\u00edcias de Bras\u00edlia, do Brasil e do Mundo","publisher":{"@id":"https:\/\/www.notibras.com\/site\/#organization"},"potentialAction":[{"@type":"SearchAction","target":{"@type":"EntryPoint","urlTemplate":"https:\/\/www.notibras.com\/site\/?s={search_term_string}"},"query-input":{"@type":"PropertyValueSpecification","valueRequired":true,"valueName":"search_term_string"}}],"inLanguage":"pt-BR"},{"@type":"Organization","@id":"https:\/\/www.notibras.com\/site\/#organization","name":"Grupo Notibras de Comunica\u00e7\u00e3o","url":"https:\/\/www.notibras.com\/site\/","logo":{"@type":"ImageObject","inLanguage":"pt-BR","@id":"https:\/\/www.notibras.com\/site\/#\/schema\/logo\/image\/","url":"https:\/\/www.notibras.com\/site\/wp-content\/uploads\/2023\/01\/notibras23.png","contentUrl":"https:\/\/www.notibras.com\/site\/wp-content\/uploads\/2023\/01\/notibras23.png","width":350,"height":87,"caption":"Grupo Notibras de Comunica\u00e7\u00e3o"},"image":{"@id":"https:\/\/www.notibras.com\/site\/#\/schema\/logo\/image\/"},"sameAs":["https:\/\/www.facebook.com\/notibras\/","https:\/\/x.com\/Notibras","https:\/\/www.instagram.com\/notibras\/"]},{"@type":"Person","@id":"https:\/\/www.notibras.com\/site\/#\/schema\/person\/36ab0979449956132d3e5b517ea76ac8","name":"Reda\u00e7\u00e3o","image":{"@type":"ImageObject","inLanguage":"pt-BR","@id":"https:\/\/secure.gravatar.com\/avatar\/e0a867bdedb85fd243eadf09663511f96fc81e0720a4a42581f334ad4303aa6b?s=96&d=mm&r=g","url":"https:\/\/secure.gravatar.com\/avatar\/e0a867bdedb85fd243eadf09663511f96fc81e0720a4a42581f334ad4303aa6b?s=96&d=mm&r=g","contentUrl":"https:\/\/secure.gravatar.com\/avatar\/e0a867bdedb85fd243eadf09663511f96fc81e0720a4a42581f334ad4303aa6b?s=96&d=mm&r=g","caption":"Reda\u00e7\u00e3o"}}]}},"amp_enabled":true,"_links":{"self":[{"href":"https:\/\/www.notibras.com\/site\/wp-json\/wp\/v2\/posts\/362195","targetHints":{"allow":["GET"]}}],"collection":[{"href":"https:\/\/www.notibras.com\/site\/wp-json\/wp\/v2\/posts"}],"about":[{"href":"https:\/\/www.notibras.com\/site\/wp-json\/wp\/v2\/types\/post"}],"author":[{"embeddable":true,"href":"https:\/\/www.notibras.com\/site\/wp-json\/wp\/v2\/users\/2"}],"replies":[{"embeddable":true,"href":"https:\/\/www.notibras.com\/site\/wp-json\/wp\/v2\/comments?post=362195"}],"version-history":[{"count":2,"href":"https:\/\/www.notibras.com\/site\/wp-json\/wp\/v2\/posts\/362195\/revisions"}],"predecessor-version":[{"id":362198,"href":"https:\/\/www.notibras.com\/site\/wp-json\/wp\/v2\/posts\/362195\/revisions\/362198"}],"wp:featuredmedia":[{"embeddable":true,"href":"https:\/\/www.notibras.com\/site\/wp-json\/wp\/v2\/media\/362196"}],"wp:attachment":[{"href":"https:\/\/www.notibras.com\/site\/wp-json\/wp\/v2\/media?parent=362195"}],"wp:term":[{"taxonomy":"category","embeddable":true,"href":"https:\/\/www.notibras.com\/site\/wp-json\/wp\/v2\/categories?post=362195"},{"taxonomy":"post_tag","embeddable":true,"href":"https:\/\/www.notibras.com\/site\/wp-json\/wp\/v2\/tags?post=362195"}],"curies":[{"name":"wp","href":"https:\/\/api.w.org\/{rel}","templated":true}]}}