{"id":362321,"date":"2025-08-27T01:54:01","date_gmt":"2025-08-27T04:54:01","guid":{"rendered":"https:\/\/www.notibras.com\/site\/?p=362321"},"modified":"2025-08-26T21:00:46","modified_gmt":"2025-08-27T00:00:46","slug":"as-runas-dos-oraculos-estao-sempre-vigilantes","status":"publish","type":"post","link":"https:\/\/www.notibras.com\/site\/as-runas-dos-oraculos-estao-sempre-vigilantes\/","title":{"rendered":"As runas dos or\u00e1culos est\u00e3o sempre vigilantes"},"content":{"rendered":"<p>Diz a tradi\u00e7\u00e3o que, muito antes dos homens escreverem em pergaminhos ou tra\u00e7arem mapas do destino, os n\u00f3rdicos depositavam sua f\u00e9 nas runas sagradas dos or\u00e1culos. Feitas de madeira de freixo \u2014 a \u00e1rvore que sustentava Yggdrasil, o eixo do mundo \u2014, essas runas guardavam pequenos fragmentos de poder: ossos gravados, pedras polidas pelo mar gelado e peda\u00e7os de ferro extra\u00eddos da forja dos guerreiros.<\/p>\n<p>O or\u00e1culo n\u00e3o era apenas um press\u00e1gio. Era o sopro dos deuses, que, ao serem invocados, ressoavam no sil\u00eancio do fiorde. Quando o consulente lan\u00e7ava a m\u00e3o \u00e0s runas, n\u00e3o era ele quem escolhia, mas as Nornas, as fiandeiras do destino. Cada s\u00edmbolo retirado era um fio do tear invis\u00edvel do universo, um aviso ou uma promessa.<\/p>\n<p>Os videntes vikings, cobertos com peles e com o olhar perdido al\u00e9m do horizonte, interpretavam os sinais entre o trov\u00e3o de Thor e o sussurro de Odin. Para uns, o or\u00e1culo revelava vit\u00f3rias em batalhas. Para outros, apontava o ex\u00edlio, a travessia pelos mares revoltos ou o reencontro no Valhala.<\/p>\n<p>Dizia-se que aquele que ousasse manipular as runas sem rever\u00eancia veria sua vida despeda\u00e7ada como gelo no degelo da primavera. Pois os deuses n\u00e3o toleravam orgulho, apenas a entrega ao mist\u00e9rio.<\/p>\n<p>Assim, as runas dos or\u00e1culos vikings n\u00e3o eram meros recipientes de sorte, mas portais entre mundos \u2014 um elo entre homens e deuses, entre o que foi escrito e o que ainda estava por vir. At\u00e9 hoje, quem fecha os olhos diante de uma runa sente o eco antigo: o destino n\u00e3o se cria, apenas se revela.<\/p>\n","protected":false},"excerpt":{"rendered":"<p>Diz a tradi\u00e7\u00e3o que, muito antes dos homens escreverem em pergaminhos ou tra\u00e7arem mapas do destino, os n\u00f3rdicos depositavam sua f\u00e9 nas runas sagradas dos or\u00e1culos. Feitas de madeira de freixo \u2014 a \u00e1rvore que sustentava Yggdrasil, o eixo do mundo \u2014, essas runas guardavam pequenos fragmentos de poder: ossos gravados, pedras polidas pelo mar [&hellip;]<\/p>\n","protected":false},"author":2,"featured_media":362322,"comment_status":"closed","ping_status":"closed","sticky":false,"template":"","format":"standard","meta":{"_acf_changed":false,"footnotes":""},"categories":[237],"tags":[],"class_list":["post-362321","post","type-post","status-publish","format-standard","has-post-thumbnail","hentry","category-oraculos"],"acf":[],"yoast_head":"<!-- This site is optimized with the Yoast SEO plugin v27.2 - https:\/\/yoast.com\/product\/yoast-seo-wordpress\/ -->\n<title>As runas dos or\u00e1culos est\u00e3o sempre vigilantes - Notibras<\/title>\n<meta name=\"robots\" content=\"index, follow, max-snippet:-1, max-image-preview:large, max-video-preview:-1\" \/>\n<link rel=\"canonical\" href=\"https:\/\/www.notibras.com\/site\/as-runas-dos-oraculos-estao-sempre-vigilantes\/\" \/>\n<meta property=\"og:locale\" content=\"pt_BR\" \/>\n<meta property=\"og:type\" content=\"article\" \/>\n<meta property=\"og:title\" content=\"As runas dos or\u00e1culos est\u00e3o sempre vigilantes - Notibras\" \/>\n<meta property=\"og:description\" content=\"Diz a tradi\u00e7\u00e3o que, muito antes dos homens escreverem em pergaminhos ou tra\u00e7arem mapas do destino, os n\u00f3rdicos depositavam sua f\u00e9 nas runas sagradas dos or\u00e1culos. Feitas de madeira de freixo \u2014 a \u00e1rvore que sustentava Yggdrasil, o eixo do mundo \u2014, essas runas guardavam pequenos fragmentos de poder: ossos gravados, pedras polidas pelo mar [&hellip;]\" \/>\n<meta property=\"og:url\" content=\"https:\/\/www.notibras.com\/site\/as-runas-dos-oraculos-estao-sempre-vigilantes\/\" \/>\n<meta property=\"og:site_name\" content=\"Notibras\" \/>\n<meta property=\"article:publisher\" content=\"https:\/\/www.facebook.com\/notibras\/\" \/>\n<meta property=\"article:published_time\" content=\"2025-08-27T04:54:01+00:00\" \/>\n<meta property=\"og:image\" content=\"https:\/\/www.notibras.com\/site\/wp-content\/uploads\/2025\/08\/runas.2.jpg\" \/>\n\t<meta property=\"og:image:width\" content=\"1280\" \/>\n\t<meta property=\"og:image:height\" content=\"1280\" \/>\n\t<meta property=\"og:image:type\" content=\"image\/jpeg\" \/>\n<meta name=\"author\" content=\"Reda\u00e7\u00e3o\" \/>\n<meta name=\"twitter:card\" content=\"summary_large_image\" \/>\n<meta name=\"twitter:creator\" content=\"@Notibras\" \/>\n<meta name=\"twitter:site\" content=\"@Notibras\" \/>\n<meta name=\"twitter:label1\" content=\"Escrito por\" \/>\n\t<meta name=\"twitter:data1\" content=\"Reda\u00e7\u00e3o\" \/>\n\t<meta name=\"twitter:label2\" content=\"Est. tempo de leitura\" \/>\n\t<meta name=\"twitter:data2\" content=\"2 minutos\" \/>\n<script type=\"application\/ld+json\" class=\"yoast-schema-graph\">{\"@context\":\"https:\/\/schema.org\",\"@graph\":[{\"@type\":\"Article\",\"@id\":\"https:\/\/www.notibras.com\/site\/as-runas-dos-oraculos-estao-sempre-vigilantes\/#article\",\"isPartOf\":{\"@id\":\"https:\/\/www.notibras.com\/site\/as-runas-dos-oraculos-estao-sempre-vigilantes\/\"},\"author\":{\"name\":\"Reda\u00e7\u00e3o\",\"@id\":\"https:\/\/www.notibras.com\/site\/#\/schema\/person\/36ab0979449956132d3e5b517ea76ac8\"},\"headline\":\"As runas dos or\u00e1culos est\u00e3o sempre vigilantes\",\"datePublished\":\"2025-08-27T04:54:01+00:00\",\"mainEntityOfPage\":{\"@id\":\"https:\/\/www.notibras.com\/site\/as-runas-dos-oraculos-estao-sempre-vigilantes\/\"},\"wordCount\":293,\"publisher\":{\"@id\":\"https:\/\/www.notibras.com\/site\/#organization\"},\"image\":{\"@id\":\"https:\/\/www.notibras.com\/site\/as-runas-dos-oraculos-estao-sempre-vigilantes\/#primaryimage\"},\"thumbnailUrl\":\"https:\/\/www.notibras.com\/site\/wp-content\/uploads\/2025\/08\/runas.2.jpg\",\"articleSection\":[\"Or\u00e1culos\"],\"inLanguage\":\"pt-BR\"},{\"@type\":\"WebPage\",\"@id\":\"https:\/\/www.notibras.com\/site\/as-runas-dos-oraculos-estao-sempre-vigilantes\/\",\"url\":\"https:\/\/www.notibras.com\/site\/as-runas-dos-oraculos-estao-sempre-vigilantes\/\",\"name\":\"As runas dos or\u00e1culos est\u00e3o sempre vigilantes - Notibras\",\"isPartOf\":{\"@id\":\"https:\/\/www.notibras.com\/site\/#website\"},\"primaryImageOfPage\":{\"@id\":\"https:\/\/www.notibras.com\/site\/as-runas-dos-oraculos-estao-sempre-vigilantes\/#primaryimage\"},\"image\":{\"@id\":\"https:\/\/www.notibras.com\/site\/as-runas-dos-oraculos-estao-sempre-vigilantes\/#primaryimage\"},\"thumbnailUrl\":\"https:\/\/www.notibras.com\/site\/wp-content\/uploads\/2025\/08\/runas.2.jpg\",\"datePublished\":\"2025-08-27T04:54:01+00:00\",\"breadcrumb\":{\"@id\":\"https:\/\/www.notibras.com\/site\/as-runas-dos-oraculos-estao-sempre-vigilantes\/#breadcrumb\"},\"inLanguage\":\"pt-BR\",\"potentialAction\":[{\"@type\":\"ReadAction\",\"target\":[\"https:\/\/www.notibras.com\/site\/as-runas-dos-oraculos-estao-sempre-vigilantes\/\"]}]},{\"@type\":\"ImageObject\",\"inLanguage\":\"pt-BR\",\"@id\":\"https:\/\/www.notibras.com\/site\/as-runas-dos-oraculos-estao-sempre-vigilantes\/#primaryimage\",\"url\":\"https:\/\/www.notibras.com\/site\/wp-content\/uploads\/2025\/08\/runas.2.jpg\",\"contentUrl\":\"https:\/\/www.notibras.com\/site\/wp-content\/uploads\/2025\/08\/runas.2.jpg\",\"width\":1280,\"height\":1280},{\"@type\":\"BreadcrumbList\",\"@id\":\"https:\/\/www.notibras.com\/site\/as-runas-dos-oraculos-estao-sempre-vigilantes\/#breadcrumb\",\"itemListElement\":[{\"@type\":\"ListItem\",\"position\":1,\"name\":\"In\u00edcio\",\"item\":\"https:\/\/www.notibras.com\/site\/\"},{\"@type\":\"ListItem\",\"position\":2,\"name\":\"As runas dos or\u00e1culos est\u00e3o sempre vigilantes\"}]},{\"@type\":\"WebSite\",\"@id\":\"https:\/\/www.notibras.com\/site\/#website\",\"url\":\"https:\/\/www.notibras.com\/site\/\",\"name\":\"Notibras\",\"description\":\"Not\u00edcias de Bras\u00edlia, do Brasil e do Mundo\",\"publisher\":{\"@id\":\"https:\/\/www.notibras.com\/site\/#organization\"},\"potentialAction\":[{\"@type\":\"SearchAction\",\"target\":{\"@type\":\"EntryPoint\",\"urlTemplate\":\"https:\/\/www.notibras.com\/site\/?s={search_term_string}\"},\"query-input\":{\"@type\":\"PropertyValueSpecification\",\"valueRequired\":true,\"valueName\":\"search_term_string\"}}],\"inLanguage\":\"pt-BR\"},{\"@type\":\"Organization\",\"@id\":\"https:\/\/www.notibras.com\/site\/#organization\",\"name\":\"Grupo Notibras de Comunica\u00e7\u00e3o\",\"url\":\"https:\/\/www.notibras.com\/site\/\",\"logo\":{\"@type\":\"ImageObject\",\"inLanguage\":\"pt-BR\",\"@id\":\"https:\/\/www.notibras.com\/site\/#\/schema\/logo\/image\/\",\"url\":\"https:\/\/www.notibras.com\/site\/wp-content\/uploads\/2023\/01\/notibras23.png\",\"contentUrl\":\"https:\/\/www.notibras.com\/site\/wp-content\/uploads\/2023\/01\/notibras23.png\",\"width\":350,\"height\":87,\"caption\":\"Grupo Notibras de Comunica\u00e7\u00e3o\"},\"image\":{\"@id\":\"https:\/\/www.notibras.com\/site\/#\/schema\/logo\/image\/\"},\"sameAs\":[\"https:\/\/www.facebook.com\/notibras\/\",\"https:\/\/x.com\/Notibras\",\"https:\/\/www.instagram.com\/notibras\/\"]},{\"@type\":\"Person\",\"@id\":\"https:\/\/www.notibras.com\/site\/#\/schema\/person\/36ab0979449956132d3e5b517ea76ac8\",\"name\":\"Reda\u00e7\u00e3o\",\"image\":{\"@type\":\"ImageObject\",\"inLanguage\":\"pt-BR\",\"@id\":\"https:\/\/secure.gravatar.com\/avatar\/e0a867bdedb85fd243eadf09663511f96fc81e0720a4a42581f334ad4303aa6b?s=96&d=mm&r=g\",\"url\":\"https:\/\/secure.gravatar.com\/avatar\/e0a867bdedb85fd243eadf09663511f96fc81e0720a4a42581f334ad4303aa6b?s=96&d=mm&r=g\",\"contentUrl\":\"https:\/\/secure.gravatar.com\/avatar\/e0a867bdedb85fd243eadf09663511f96fc81e0720a4a42581f334ad4303aa6b?s=96&d=mm&r=g\",\"caption\":\"Reda\u00e7\u00e3o\"}}]}<\/script>\n<!-- \/ Yoast SEO plugin. -->","yoast_head_json":{"title":"As runas dos or\u00e1culos est\u00e3o sempre vigilantes - Notibras","robots":{"index":"index","follow":"follow","max-snippet":"max-snippet:-1","max-image-preview":"max-image-preview:large","max-video-preview":"max-video-preview:-1"},"canonical":"https:\/\/www.notibras.com\/site\/as-runas-dos-oraculos-estao-sempre-vigilantes\/","og_locale":"pt_BR","og_type":"article","og_title":"As runas dos or\u00e1culos est\u00e3o sempre vigilantes - Notibras","og_description":"Diz a tradi\u00e7\u00e3o que, muito antes dos homens escreverem em pergaminhos ou tra\u00e7arem mapas do destino, os n\u00f3rdicos depositavam sua f\u00e9 nas runas sagradas dos or\u00e1culos. Feitas de madeira de freixo \u2014 a \u00e1rvore que sustentava Yggdrasil, o eixo do mundo \u2014, essas runas guardavam pequenos fragmentos de poder: ossos gravados, pedras polidas pelo mar [&hellip;]","og_url":"https:\/\/www.notibras.com\/site\/as-runas-dos-oraculos-estao-sempre-vigilantes\/","og_site_name":"Notibras","article_publisher":"https:\/\/www.facebook.com\/notibras\/","article_published_time":"2025-08-27T04:54:01+00:00","og_image":[{"width":1280,"height":1280,"url":"https:\/\/www.notibras.com\/site\/wp-content\/uploads\/2025\/08\/runas.2.jpg","type":"image\/jpeg"}],"author":"Reda\u00e7\u00e3o","twitter_card":"summary_large_image","twitter_creator":"@Notibras","twitter_site":"@Notibras","twitter_misc":{"Escrito por":"Reda\u00e7\u00e3o","Est. tempo de leitura":"2 minutos"},"schema":{"@context":"https:\/\/schema.org","@graph":[{"@type":"Article","@id":"https:\/\/www.notibras.com\/site\/as-runas-dos-oraculos-estao-sempre-vigilantes\/#article","isPartOf":{"@id":"https:\/\/www.notibras.com\/site\/as-runas-dos-oraculos-estao-sempre-vigilantes\/"},"author":{"name":"Reda\u00e7\u00e3o","@id":"https:\/\/www.notibras.com\/site\/#\/schema\/person\/36ab0979449956132d3e5b517ea76ac8"},"headline":"As runas dos or\u00e1culos est\u00e3o sempre vigilantes","datePublished":"2025-08-27T04:54:01+00:00","mainEntityOfPage":{"@id":"https:\/\/www.notibras.com\/site\/as-runas-dos-oraculos-estao-sempre-vigilantes\/"},"wordCount":293,"publisher":{"@id":"https:\/\/www.notibras.com\/site\/#organization"},"image":{"@id":"https:\/\/www.notibras.com\/site\/as-runas-dos-oraculos-estao-sempre-vigilantes\/#primaryimage"},"thumbnailUrl":"https:\/\/www.notibras.com\/site\/wp-content\/uploads\/2025\/08\/runas.2.jpg","articleSection":["Or\u00e1culos"],"inLanguage":"pt-BR"},{"@type":"WebPage","@id":"https:\/\/www.notibras.com\/site\/as-runas-dos-oraculos-estao-sempre-vigilantes\/","url":"https:\/\/www.notibras.com\/site\/as-runas-dos-oraculos-estao-sempre-vigilantes\/","name":"As runas dos or\u00e1culos est\u00e3o sempre vigilantes - Notibras","isPartOf":{"@id":"https:\/\/www.notibras.com\/site\/#website"},"primaryImageOfPage":{"@id":"https:\/\/www.notibras.com\/site\/as-runas-dos-oraculos-estao-sempre-vigilantes\/#primaryimage"},"image":{"@id":"https:\/\/www.notibras.com\/site\/as-runas-dos-oraculos-estao-sempre-vigilantes\/#primaryimage"},"thumbnailUrl":"https:\/\/www.notibras.com\/site\/wp-content\/uploads\/2025\/08\/runas.2.jpg","datePublished":"2025-08-27T04:54:01+00:00","breadcrumb":{"@id":"https:\/\/www.notibras.com\/site\/as-runas-dos-oraculos-estao-sempre-vigilantes\/#breadcrumb"},"inLanguage":"pt-BR","potentialAction":[{"@type":"ReadAction","target":["https:\/\/www.notibras.com\/site\/as-runas-dos-oraculos-estao-sempre-vigilantes\/"]}]},{"@type":"ImageObject","inLanguage":"pt-BR","@id":"https:\/\/www.notibras.com\/site\/as-runas-dos-oraculos-estao-sempre-vigilantes\/#primaryimage","url":"https:\/\/www.notibras.com\/site\/wp-content\/uploads\/2025\/08\/runas.2.jpg","contentUrl":"https:\/\/www.notibras.com\/site\/wp-content\/uploads\/2025\/08\/runas.2.jpg","width":1280,"height":1280},{"@type":"BreadcrumbList","@id":"https:\/\/www.notibras.com\/site\/as-runas-dos-oraculos-estao-sempre-vigilantes\/#breadcrumb","itemListElement":[{"@type":"ListItem","position":1,"name":"In\u00edcio","item":"https:\/\/www.notibras.com\/site\/"},{"@type":"ListItem","position":2,"name":"As runas dos or\u00e1culos est\u00e3o sempre vigilantes"}]},{"@type":"WebSite","@id":"https:\/\/www.notibras.com\/site\/#website","url":"https:\/\/www.notibras.com\/site\/","name":"Notibras","description":"Not\u00edcias de Bras\u00edlia, do Brasil e do Mundo","publisher":{"@id":"https:\/\/www.notibras.com\/site\/#organization"},"potentialAction":[{"@type":"SearchAction","target":{"@type":"EntryPoint","urlTemplate":"https:\/\/www.notibras.com\/site\/?s={search_term_string}"},"query-input":{"@type":"PropertyValueSpecification","valueRequired":true,"valueName":"search_term_string"}}],"inLanguage":"pt-BR"},{"@type":"Organization","@id":"https:\/\/www.notibras.com\/site\/#organization","name":"Grupo Notibras de Comunica\u00e7\u00e3o","url":"https:\/\/www.notibras.com\/site\/","logo":{"@type":"ImageObject","inLanguage":"pt-BR","@id":"https:\/\/www.notibras.com\/site\/#\/schema\/logo\/image\/","url":"https:\/\/www.notibras.com\/site\/wp-content\/uploads\/2023\/01\/notibras23.png","contentUrl":"https:\/\/www.notibras.com\/site\/wp-content\/uploads\/2023\/01\/notibras23.png","width":350,"height":87,"caption":"Grupo Notibras de Comunica\u00e7\u00e3o"},"image":{"@id":"https:\/\/www.notibras.com\/site\/#\/schema\/logo\/image\/"},"sameAs":["https:\/\/www.facebook.com\/notibras\/","https:\/\/x.com\/Notibras","https:\/\/www.instagram.com\/notibras\/"]},{"@type":"Person","@id":"https:\/\/www.notibras.com\/site\/#\/schema\/person\/36ab0979449956132d3e5b517ea76ac8","name":"Reda\u00e7\u00e3o","image":{"@type":"ImageObject","inLanguage":"pt-BR","@id":"https:\/\/secure.gravatar.com\/avatar\/e0a867bdedb85fd243eadf09663511f96fc81e0720a4a42581f334ad4303aa6b?s=96&d=mm&r=g","url":"https:\/\/secure.gravatar.com\/avatar\/e0a867bdedb85fd243eadf09663511f96fc81e0720a4a42581f334ad4303aa6b?s=96&d=mm&r=g","contentUrl":"https:\/\/secure.gravatar.com\/avatar\/e0a867bdedb85fd243eadf09663511f96fc81e0720a4a42581f334ad4303aa6b?s=96&d=mm&r=g","caption":"Reda\u00e7\u00e3o"}}]}},"amp_enabled":true,"_links":{"self":[{"href":"https:\/\/www.notibras.com\/site\/wp-json\/wp\/v2\/posts\/362321","targetHints":{"allow":["GET"]}}],"collection":[{"href":"https:\/\/www.notibras.com\/site\/wp-json\/wp\/v2\/posts"}],"about":[{"href":"https:\/\/www.notibras.com\/site\/wp-json\/wp\/v2\/types\/post"}],"author":[{"embeddable":true,"href":"https:\/\/www.notibras.com\/site\/wp-json\/wp\/v2\/users\/2"}],"replies":[{"embeddable":true,"href":"https:\/\/www.notibras.com\/site\/wp-json\/wp\/v2\/comments?post=362321"}],"version-history":[{"count":2,"href":"https:\/\/www.notibras.com\/site\/wp-json\/wp\/v2\/posts\/362321\/revisions"}],"predecessor-version":[{"id":362325,"href":"https:\/\/www.notibras.com\/site\/wp-json\/wp\/v2\/posts\/362321\/revisions\/362325"}],"wp:featuredmedia":[{"embeddable":true,"href":"https:\/\/www.notibras.com\/site\/wp-json\/wp\/v2\/media\/362322"}],"wp:attachment":[{"href":"https:\/\/www.notibras.com\/site\/wp-json\/wp\/v2\/media?parent=362321"}],"wp:term":[{"taxonomy":"category","embeddable":true,"href":"https:\/\/www.notibras.com\/site\/wp-json\/wp\/v2\/categories?post=362321"},{"taxonomy":"post_tag","embeddable":true,"href":"https:\/\/www.notibras.com\/site\/wp-json\/wp\/v2\/tags?post=362321"}],"curies":[{"name":"wp","href":"https:\/\/api.w.org\/{rel}","templated":true}]}}