{"id":362368,"date":"2025-08-27T00:35:18","date_gmt":"2025-08-27T03:35:18","guid":{"rendered":"https:\/\/www.notibras.com\/site\/?p=362368"},"modified":"2025-08-27T06:36:37","modified_gmt":"2025-08-27T09:36:37","slug":"ultimos-dias-para-aproveitar-o-festival-invernale-do-abbraccio","status":"publish","type":"post","link":"https:\/\/www.notibras.com\/site\/ultimos-dias-para-aproveitar-o-festival-invernale-do-abbraccio\/","title":{"rendered":"\u00daltimos dias para aproveitar o Festival Invernale do Abbraccio"},"content":{"rendered":"<p>O Abbraccio, restaurante inspirado no lifestyle italiano, entra na reta final de seu Festival Invernale. A campanha, que celebra a tradi\u00e7\u00e3o das massas frescas artesanais e o sabor da gastronomia italiana em um ambiente acolhedor, \u00e9 uma oportunidade para quem deseja viver uma experi\u00eancia gastron\u00f4mica com menus a partir de R$ 139,90.<\/p>\n<p>Durante o festival, os clientes podem escolher entre duas op\u00e7\u00f5es especiais: um menu para duas pessoas com um aperitivo e duas massas frescas (R$ 139,90) ou o mesmo menu com o adicional de duas ta\u00e7as de vinho Abbraccio (R$ 184,90).<\/p>\n<p>Com massas preparadas manualmente nas cozinhas do Abbraccio, cada prato remete ao verdadeiro esp\u00edrito dos vilarejos italianos no inverno, convidando a reunir amigos e familiares ao redor da mesa.<\/p>\n<p>Os menus t\u00eam como op\u00e7\u00f5es os aperitivos Croccantini di Mozzarella, Bruschetta Caprese ou Carbonara Bites. E as massas frescas do festival s\u00e3o Lasagna Bolognese, Casarecce Due Passioni, Casarecce Funghi Fresco ou Gnocchi di Capri. Na op\u00e7\u00e3o com vinho o cliente tem direito a duas ta\u00e7as de vinho Abbraccio<\/p>\n<p>\u201cEstamos nos \u00faltimos dias do Festival Invernale e \u00e9 uma oportunidade para os clientes aproveitarem massas frescas artesanais feitas diariamente em nossas unidades. Essa campanha refor\u00e7a o compromisso do Abbraccio em oferecer n\u00e3o apenas sabor, mas uma experi\u00eancia italiana completa e memor\u00e1vel\u201d, comenta Raquel Paternesi, diretora de Marketing e Growth do Abbraccio.<\/p>\n<p>O festival se encerra no dia 31 de agosto em todas as unidades da rede. Os endere\u00e7os e hor\u00e1rios de funcionamento podem ser consultados no site oficial.<\/p>\n","protected":false},"excerpt":{"rendered":"<p>O Abbraccio, restaurante inspirado no lifestyle italiano, entra na reta final de seu Festival Invernale. A campanha, que celebra a tradi\u00e7\u00e3o das massas frescas artesanais e o sabor da gastronomia italiana em um ambiente acolhedor, \u00e9 uma oportunidade para quem deseja viver uma experi\u00eancia gastron\u00f4mica com menus a partir de R$ 139,90. Durante o festival, [&hellip;]<\/p>\n","protected":false},"author":2,"featured_media":362369,"comment_status":"closed","ping_status":"closed","sticky":false,"template":"","format":"standard","meta":{"_acf_changed":false,"footnotes":""},"categories":[161],"tags":[],"class_list":["post-362368","post","type-post","status-publish","format-standard","has-post-thumbnail","hentry","category-quadradinho-em-foco"],"acf":[],"_links":{"self":[{"href":"https:\/\/www.notibras.com\/site\/wp-json\/wp\/v2\/posts\/362368","targetHints":{"allow":["GET"]}}],"collection":[{"href":"https:\/\/www.notibras.com\/site\/wp-json\/wp\/v2\/posts"}],"about":[{"href":"https:\/\/www.notibras.com\/site\/wp-json\/wp\/v2\/types\/post"}],"author":[{"embeddable":true,"href":"https:\/\/www.notibras.com\/site\/wp-json\/wp\/v2\/users\/2"}],"replies":[{"embeddable":true,"href":"https:\/\/www.notibras.com\/site\/wp-json\/wp\/v2\/comments?post=362368"}],"version-history":[{"count":1,"href":"https:\/\/www.notibras.com\/site\/wp-json\/wp\/v2\/posts\/362368\/revisions"}],"predecessor-version":[{"id":362370,"href":"https:\/\/www.notibras.com\/site\/wp-json\/wp\/v2\/posts\/362368\/revisions\/362370"}],"wp:featuredmedia":[{"embeddable":true,"href":"https:\/\/www.notibras.com\/site\/wp-json\/wp\/v2\/media\/362369"}],"wp:attachment":[{"href":"https:\/\/www.notibras.com\/site\/wp-json\/wp\/v2\/media?parent=362368"}],"wp:term":[{"taxonomy":"category","embeddable":true,"href":"https:\/\/www.notibras.com\/site\/wp-json\/wp\/v2\/categories?post=362368"},{"taxonomy":"post_tag","embeddable":true,"href":"https:\/\/www.notibras.com\/site\/wp-json\/wp\/v2\/tags?post=362368"}],"curies":[{"name":"wp","href":"https:\/\/api.w.org\/{rel}","templated":true}]}}