{"id":362371,"date":"2025-08-27T00:00:46","date_gmt":"2025-08-27T03:00:46","guid":{"rendered":"https:\/\/www.notibras.com\/site\/?p=362371"},"modified":"2025-08-27T06:44:55","modified_gmt":"2025-08-27T09:44:55","slug":"moraes-notifica-buriti-sobre-monitoramento-de-bolsonaro","status":"publish","type":"post","link":"https:\/\/www.notibras.com\/site\/moraes-notifica-buriti-sobre-monitoramento-de-bolsonaro\/","title":{"rendered":"Moraes notifica Buriti sobre monitoramento de Bolsonaro"},"content":{"rendered":"<p>O ministro Alexandre de Moraes, do Supremo Tribunal Federal (STF), notificou o governo do Distrito Federal sobre a decis\u00e3o em que foi determinada a realiza\u00e7\u00e3o de vigil\u00e2ncia domiciliar integral do ex-presidente Jair Bolsonaro, em Bras\u00edlia<\/p>\n<p>O of\u00edcio foi enviado ao secret\u00e1rio de Seguran\u00e7a P\u00fablica, Sandro Avelar. Caber\u00e1 ao secret\u00e1rio acionar a Pol\u00edcia Penal para dar in\u00edcio ao monitoramento do ex-presidente, que j\u00e1 est\u00e1 em pris\u00e3o domiciliar, com uso de tornozeleira eletr\u00f4nica.<\/p>\n<p>De acordo com a decis\u00e3o, o monitoramento dever\u00e1 ser feito \u201csem exposi\u00e7\u00e3o indevida\u201d.<\/p>\n<p>\u201cO monitoramento realizado pelas equipes da Pol\u00edcia Penal do Distrito Federal dever\u00e1 evitar a exposi\u00e7\u00e3o indevida, abstendo-se de toda e qualquer indiscri\u00e7\u00e3o, inclusive midi\u00e1tica, sem ado\u00e7\u00e3o de medidas intrusivas da esfera domiciliar do r\u00e9u ou perturbadoras da vizinhan\u00e7a; ficando ao seu crit\u00e9rio a utiliza\u00e7\u00e3o ou n\u00e3o de uniforme e respectivos armamentos necess\u00e1rios \u00e0 execu\u00e7\u00e3o da ordem\u201d, decidiu Moraes.<\/p>\n<p>A decis\u00e3o foi tomada pelo ministro ap\u00f3s parecer favor\u00e1vel da Procuradoria-Geral da Rep\u00fablica (PGR) e ocorre \u00e0s v\u00e9speras do julgamento do ex-presidente pelas acusa\u00e7\u00f5es da trama golpista, previsto para come\u00e7ar no dia 2 de setembro.<\/p>\n<p>O parecer foi enviado ontem ao STF ap\u00f3s o ministro receber uma c\u00f3pia do pedido inicial de monitoramento integral do ex-presidente, que foi enviado pelo deputado federal Lindbergh Farias (PT-RJ) ao diretor-geral da Pol\u00edcia Federal (PF), Andrei Rodrigues. Segundo o parlamentar, o aumento da vigil\u00e2ncia \u00e9 necess\u00e1ria para garantir a \u201caplica\u00e7\u00e3o da lei penal\u201d e evitar poss\u00edvel fuga de Bolsonaro.<\/p>\n<p>A defesa de Bolsonaro tamb\u00e9m foi notificada sobre a decis\u00e3o, mas ainda n\u00e3o se pronunciou.<\/p>\n","protected":false},"excerpt":{"rendered":"<p>O ministro Alexandre de Moraes, do Supremo Tribunal Federal (STF), notificou o governo do Distrito Federal sobre a decis\u00e3o em que foi determinada a realiza\u00e7\u00e3o de vigil\u00e2ncia domiciliar integral do ex-presidente Jair Bolsonaro, em Bras\u00edlia O of\u00edcio foi enviado ao secret\u00e1rio de Seguran\u00e7a P\u00fablica, Sandro Avelar. Caber\u00e1 ao secret\u00e1rio acionar a Pol\u00edcia Penal para dar [&hellip;]<\/p>\n","protected":false},"author":2,"featured_media":362372,"comment_status":"closed","ping_status":"closed","sticky":false,"template":"","format":"standard","meta":{"_acf_changed":false,"footnotes":""},"categories":[161],"tags":[],"class_list":["post-362371","post","type-post","status-publish","format-standard","has-post-thumbnail","hentry","category-quadradinho-em-foco"],"acf":[],"_links":{"self":[{"href":"https:\/\/www.notibras.com\/site\/wp-json\/wp\/v2\/posts\/362371","targetHints":{"allow":["GET"]}}],"collection":[{"href":"https:\/\/www.notibras.com\/site\/wp-json\/wp\/v2\/posts"}],"about":[{"href":"https:\/\/www.notibras.com\/site\/wp-json\/wp\/v2\/types\/post"}],"author":[{"embeddable":true,"href":"https:\/\/www.notibras.com\/site\/wp-json\/wp\/v2\/users\/2"}],"replies":[{"embeddable":true,"href":"https:\/\/www.notibras.com\/site\/wp-json\/wp\/v2\/comments?post=362371"}],"version-history":[{"count":1,"href":"https:\/\/www.notibras.com\/site\/wp-json\/wp\/v2\/posts\/362371\/revisions"}],"predecessor-version":[{"id":362373,"href":"https:\/\/www.notibras.com\/site\/wp-json\/wp\/v2\/posts\/362371\/revisions\/362373"}],"wp:featuredmedia":[{"embeddable":true,"href":"https:\/\/www.notibras.com\/site\/wp-json\/wp\/v2\/media\/362372"}],"wp:attachment":[{"href":"https:\/\/www.notibras.com\/site\/wp-json\/wp\/v2\/media?parent=362371"}],"wp:term":[{"taxonomy":"category","embeddable":true,"href":"https:\/\/www.notibras.com\/site\/wp-json\/wp\/v2\/categories?post=362371"},{"taxonomy":"post_tag","embeddable":true,"href":"https:\/\/www.notibras.com\/site\/wp-json\/wp\/v2\/tags?post=362371"}],"curies":[{"name":"wp","href":"https:\/\/api.w.org\/{rel}","templated":true}]}}