{"id":362374,"date":"2025-08-27T00:00:32","date_gmt":"2025-08-27T03:00:32","guid":{"rendered":"https:\/\/www.notibras.com\/site\/?p=362374"},"modified":"2025-08-27T06:50:08","modified_gmt":"2025-08-27T09:50:08","slug":"parada-gay-do-sol-nascente-vai-as-ruas-para-mostrar-resistencia","status":"publish","type":"post","link":"https:\/\/www.notibras.com\/site\/parada-gay-do-sol-nascente-vai-as-ruas-para-mostrar-resistencia\/","title":{"rendered":"Parada Gay do Sol Nascente vai \u00e0s ruas para mostrar resist\u00eancia"},"content":{"rendered":"<p class=\"v1MsoNormal\">A 4\u00aa edi\u00e7\u00e3o da\u00a0Parada LGBTQIAPN+ do Sol Nascente\/P\u00f4r do Sol\u00a0toma conta das ruas no dia 31 de agosto, a\u00a0partir das 14h, com trio\u00a0el\u00e9trico, shows de drag queens, sets de DJs e falas de ativistas. Sob o lema\u00a0&#8220;A Periferia Tamb\u00e9m \u00e9 Arco-\u00cdris: For\u00e7a, Orgulho e Resist\u00eancia&#8221;<b>,\u00a0<\/b>o evento convida moradoras e moradores a afirmarem seu orgulho, sua luta e sua pot\u00eancia coletiva, em um encontro gratuito e para todas as idades.<\/p>\n<p class=\"v1MsoNormal\">A concentra\u00e7\u00e3o ser\u00e1 na Administra\u00e7\u00e3o Regional do Sol Nascente\/P\u00f4r do Sol. O percurso seguir\u00e1 pela Avenida VC 311, passando pelo Restaurante Comunit\u00e1rio, pela Quadra 209 e retornando \u00e0 Administra\u00e7\u00e3o. O dia promete m\u00fasica, cor e visibilidade, ocupando o territ\u00f3rio com alegria e reivindica\u00e7\u00e3o. A iniciativa \u00e9 viabilizada pelo Fundo de Apoio \u00e0 Cultura (FAC), da Secretaria de Cultura e Economia Criativa do Distrito Federal.<\/p>\n<p class=\"v1MsoNormal\">A programa\u00e7\u00e3o promete muita energia e diversidade com um line-up vibrante. No trio, as drag queens Lee Brand\u00e3o, Elloa Negrinny, Tipy, Gaby Luzon, Athena Lapontierre, Ver\u00f4nica Strass e Havenna Wandelookx v\u00e3o encantar o p\u00fablico com performances cheias de carisma, arte e representatividade. Para manter o clima de festa at\u00e9 o \u00faltimo minuto, a trilha sonora ficar\u00e1 por conta dos DJs Sarah Gouvea e Generus Raul, Robert Evhann, H\u00e9lio, F\u00e9lix, Remi, Pikineia e Johnn, que garantem uma mistura contagiante de estilos e ritmos, transformando a celebra\u00e7\u00e3o em um grande espet\u00e1culo de liberdade e orgulho.<\/p>\n<p class=\"v1MsoNormal\">A Parada tamb\u00e9m joga luz sobre o territ\u00f3rio. O Sol Nascente\/P\u00f4r do Sol \u00e9 a 32\u00aa Regi\u00e3o Administrativa do DF, criada pela Lei n\u00ba 6.359, de 14 de agosto de 2019. Segundo o Censo 2022 do IBGE, o Sol Nascente \u00e9 uma das favelas mais populosas do pa\u00eds.\u00a0 A Pesquisa Distrital por Amostra de Domic\u00edlios \u2013 Ampliada (2024) estima a popula\u00e7\u00e3o urbana da RA em 108.713 pessoas.<\/p>\n","protected":false},"excerpt":{"rendered":"<p>A 4\u00aa edi\u00e7\u00e3o da\u00a0Parada LGBTQIAPN+ do Sol Nascente\/P\u00f4r do Sol\u00a0toma conta das ruas no dia 31 de agosto, a\u00a0partir das 14h, com trio\u00a0el\u00e9trico, shows de drag queens, sets de DJs e falas de ativistas. Sob o lema\u00a0&#8220;A Periferia Tamb\u00e9m \u00e9 Arco-\u00cdris: For\u00e7a, Orgulho e Resist\u00eancia&#8221;,\u00a0o evento convida moradoras e moradores a afirmarem seu orgulho, sua [&hellip;]<\/p>\n","protected":false},"author":2,"featured_media":362375,"comment_status":"closed","ping_status":"closed","sticky":false,"template":"","format":"standard","meta":{"_acf_changed":false,"footnotes":""},"categories":[161],"tags":[],"class_list":["post-362374","post","type-post","status-publish","format-standard","has-post-thumbnail","hentry","category-quadradinho-em-foco"],"acf":[],"_links":{"self":[{"href":"https:\/\/www.notibras.com\/site\/wp-json\/wp\/v2\/posts\/362374","targetHints":{"allow":["GET"]}}],"collection":[{"href":"https:\/\/www.notibras.com\/site\/wp-json\/wp\/v2\/posts"}],"about":[{"href":"https:\/\/www.notibras.com\/site\/wp-json\/wp\/v2\/types\/post"}],"author":[{"embeddable":true,"href":"https:\/\/www.notibras.com\/site\/wp-json\/wp\/v2\/users\/2"}],"replies":[{"embeddable":true,"href":"https:\/\/www.notibras.com\/site\/wp-json\/wp\/v2\/comments?post=362374"}],"version-history":[{"count":1,"href":"https:\/\/www.notibras.com\/site\/wp-json\/wp\/v2\/posts\/362374\/revisions"}],"predecessor-version":[{"id":362376,"href":"https:\/\/www.notibras.com\/site\/wp-json\/wp\/v2\/posts\/362374\/revisions\/362376"}],"wp:featuredmedia":[{"embeddable":true,"href":"https:\/\/www.notibras.com\/site\/wp-json\/wp\/v2\/media\/362375"}],"wp:attachment":[{"href":"https:\/\/www.notibras.com\/site\/wp-json\/wp\/v2\/media?parent=362374"}],"wp:term":[{"taxonomy":"category","embeddable":true,"href":"https:\/\/www.notibras.com\/site\/wp-json\/wp\/v2\/categories?post=362374"},{"taxonomy":"post_tag","embeddable":true,"href":"https:\/\/www.notibras.com\/site\/wp-json\/wp\/v2\/tags?post=362374"}],"curies":[{"name":"wp","href":"https:\/\/api.w.org\/{rel}","templated":true}]}}