{"id":362396,"date":"2025-08-28T00:34:57","date_gmt":"2025-08-28T03:34:57","guid":{"rendered":"https:\/\/www.notibras.com\/site\/?p=362396"},"modified":"2025-08-27T22:39:21","modified_gmt":"2025-08-28T01:39:21","slug":"ambicao-pode-acabar-como-torre-de-babel-torres-gemeas-e-o-incendio-na-torre","status":"publish","type":"post","link":"https:\/\/www.notibras.com\/site\/ambicao-pode-acabar-como-torre-de-babel-torres-gemeas-e-o-incendio-na-torre\/","title":{"rendered":"Ambi\u00e7\u00e3o pode acabar como Torre de Babel, Torres G\u00eameas e o Inc\u00eandio na Torre"},"content":{"rendered":"<p>O epis\u00f3dio da Torre de Babel, narrado no livro de G\u00eanesis (Gn 11:1-9), constitui um dos relatos mais simb\u00f3licos da tradi\u00e7\u00e3o b\u00edblica. Reza a lenda que, ap\u00f3s o Dil\u00favio, a humanidade habitava uma mesma regi\u00e3o onde falavam uma \u00fanica l\u00edngua. Em assembleia decidiram edificar uma torre cujo cume alcan\u00e7asse os c\u00e9us, tornando-os c\u00e9lebres e evitando sua dispers\u00e3o pela Terra. No entanto, a constru\u00e7\u00e3o foi interrompida por for\u00e7a da interven\u00e7\u00e3o divina, que confundiu suas l\u00ednguas, dispersando-os e frustrando o projeto megaloman\u00edaco.<\/p>\n<p>O texto b\u00edblico revela a ambi\u00e7\u00e3o e a soberba humanas, como motiva\u00e7\u00e3o para alcan\u00e7ar o Divino por meio de uma obra monumental. Assim, a torre simboliza a tentativa do homem de substituir a centralidade de Deus pelo poder da pr\u00f3pria humanidade, um ato de gan\u00e2ncia espiritual e material. Essa atitude remete ao pecado original de Ad\u00e3o e Eva, onde a desobedi\u00eancia e o desejo de poder conduzem \u00e0 queda, \u00e0 ru\u00edna, ao colapso.<\/p>\n<p>A torre foi erguida na plan\u00edcie de Sinar, regi\u00e3o da Babil\u00f4nia, simbolizando a liga\u00e7\u00e3o entre c\u00e9u e terra, mas, na b\u00edblia, o gesto assume car\u00e1ter negativo, pois revela o orgulho humano em detrimento da submiss\u00e3o a Deus.<\/p>\n<p>No campo teol\u00f3gico, a Torre de Babel torna-se um arqu\u00e9tipo da confus\u00e3o espiritual e social. A multiplicidade das l\u00ednguas representa a fragmenta\u00e7\u00e3o da humanidade, contraposta \u00e0 unidade inicial da cria\u00e7\u00e3o. Agostinho, em A Cidade de Deus, interpreta Babel como s\u00edmbolo da \u201ccidade terrena\u201d, em oposi\u00e7\u00e3o \u00e0 \u201ccidade de Deus\u201d, marcada pela humildade e pela obedi\u00eancia \u00e0 vontade divina.<\/p>\n<p>Quando trazemos essa reflex\u00e3o para o mundo contempor\u00e2neo, a Torre de Babel encontra paralelo nos arranha-c\u00e9us modernos. Desde o s\u00e9culo XX, cidades como Nova York, Dubai, Hong Kong e S\u00e3o Paulo exibem edif\u00edcios monumentais que se erguem em dire\u00e7\u00e3o ao c\u00e9u como s\u00edmbolos de poder econ\u00f4mico, tecnol\u00f3gico e cultural. Tais constru\u00e7\u00f5es, embora not\u00e1veis do ponto de vista da engenharia, tamb\u00e9m carregam a marca da competitividade e da gan\u00e2ncia humanas, ecoando a mesma busca por grandeza e imortalidade presente em Babel.<br \/>\nO Burj Khalifa, em Dubai, com 828 metros de altura, \u00e9 hoje o edif\u00edcio mais alto do mundo, tornando-se \u00edcone dessa corrida vertical que ultrapassa fronteiras. Assim como em Babel, a l\u00f3gica subjacente \u00e9 a de afirmar a supremacia de uma na\u00e7\u00e3o ou grupo diante do mundo, erguendo constru\u00e7\u00f5es que desafiam os limites humanos e naturais. Nesse sentido, a arquitetura moderna se torna n\u00e3o apenas express\u00e3o de progresso, mas tamb\u00e9m de orgulho coletivo.<\/p>\n<p>Portanto, a Torre de Babel permanece como um s\u00edmbolo atemporal. Do relato b\u00edblico \u00e0 modernidade, ela nos lembra da t\u00eanue linha entre o progresso humano e a gan\u00e2ncia desmedida, entre a busca pela grandeza e a necessidade de humildade diante do transcendente.<\/p>\n<p>O filme Inferno na Torre, al\u00e9m de se inscrever na tradi\u00e7\u00e3o do cinema-cat\u00e1strofe, pode ser lido como uma met\u00e1fora contempor\u00e2nea sobre a soberba humana diante das for\u00e7as da natureza e das pr\u00f3prias cria\u00e7\u00f5es tecnol\u00f3gicas. A pel\u00edcula prof\u00e9tica, produzida em 1974 e dirigida por John Guillermin, apresenta como cen\u00e1rio um arranha-c\u00e9u, s\u00edmbolo m\u00e1ximo da modernidade, do progresso econ\u00f4mico e do poder arquitet\u00f4nico. A megaestrutura de engenharia remete diretamente \u00e0 imagem b\u00edblica da Torre de Babel (Gn 11:1-9), erguida pelo desejo de alcan\u00e7ar o c\u00e9u e desafiar os limites divinos.<\/p>\n<p>Assim como em Babel, o pr\u00e9dio incendiado no filme representa a concentra\u00e7\u00e3o da ambi\u00e7\u00e3o humana em um \u00fanico espa\u00e7o. A corrida pelo luxo, pela ostenta\u00e7\u00e3o e pela conquista de alturas recordes torna-se o pano de fundo para a trag\u00e9dia. Quando as chamas se espalham, revelam-se n\u00e3o apenas as fragilidades estruturais, mas tamb\u00e9m as vulnerabilidades \u00e9ticas e humanas: ego\u00edsmo, desespero, segredos ocultos e conflitos de interesse. Mas tamb\u00e9m abre espa\u00e7o para gestos de empatia e fraternidade.<\/p>\n<p>Do ponto de vista simb\u00f3lico, o inc\u00eandio funciona como um ato de purifica\u00e7\u00e3o, uma esp\u00e9cie de ju\u00edzo que exp\u00f5e a vulnerabilidade do homem moderno diante da pr\u00f3pria soberba. A destrui\u00e7\u00e3o da torre n\u00e3o \u00e9 apenas arquitet\u00f4nica, mas tamb\u00e9m moral: o colapso material reflete o colapso de valores.<\/p>\n<p>Em termos sociais, Inferno na Torre critica o modelo urbano das grandes metr\u00f3poles, onde arranha-c\u00e9us se erguem como templos do capital, afastando-se das necessidades humanas b\u00e1sicas. Ao mesmo tempo, denuncia a confian\u00e7a excessiva na tecnologia e nas promessas de seguran\u00e7a, que se revelam fr\u00e1geis quando confrontadas com for\u00e7as imprevis\u00edveis.<\/p>\n<p>Assim, o filme se conecta ao arqu\u00e9tipo da Torre de Babel: tanto na B\u00edblia quanto na tela, o homem tenta se elevar, mas \u00e9 confrontado com sua pr\u00f3pria limita\u00e7\u00e3o. A li\u00e7\u00e3o central n\u00e3o \u00e9 a nega\u00e7\u00e3o do progresso, mas a lembran\u00e7a de que humildade, \u00e9tica e coletividade s\u00e3o indispens\u00e1veis para que a grandeza humana n\u00e3o se transforme em ru\u00edna.<\/p>\n<p>Na sua opini\u00e3o o epis\u00f3dio das \u201cTorres G\u00eameas\u201d serve para ilustrar o tema em pauta?<\/p>\n<p>&#8230;&#8230;&#8230;&#8230;&#8230;&#8230;&#8230;&#8230;..<\/p>\n<p><strong>Hussein Sabra el-Awar \u00e9 Membro Conselheiro do Col\u00e9gio dos Magos e Sacerdotisas &#8211; @colegiodosmagosesacerdotisas<\/strong><\/p>\n","protected":false},"excerpt":{"rendered":"<p>O epis\u00f3dio da Torre de Babel, narrado no livro de G\u00eanesis (Gn 11:1-9), constitui um dos relatos mais simb\u00f3licos da tradi\u00e7\u00e3o b\u00edblica. Reza a lenda que, ap\u00f3s o Dil\u00favio, a humanidade habitava uma mesma regi\u00e3o onde falavam uma \u00fanica l\u00edngua. Em assembleia decidiram edificar uma torre cujo cume alcan\u00e7asse os c\u00e9us, tornando-os c\u00e9lebres e evitando [&hellip;]<\/p>\n","protected":false},"author":2,"featured_media":362397,"comment_status":"closed","ping_status":"closed","sticky":false,"template":"","format":"standard","meta":{"_acf_changed":false,"footnotes":""},"categories":[237],"tags":[95],"class_list":["post-362396","post","type-post","status-publish","format-standard","has-post-thumbnail","hentry","category-oraculos","tag-capa"],"acf":[],"yoast_head":"<!-- This site is optimized with the Yoast SEO plugin v27.2 - https:\/\/yoast.com\/product\/yoast-seo-wordpress\/ -->\n<title>Ambi\u00e7\u00e3o pode acabar como Torre de Babel, Torres G\u00eameas e o Inc\u00eandio na Torre - Notibras<\/title>\n<meta name=\"robots\" content=\"index, follow, max-snippet:-1, max-image-preview:large, max-video-preview:-1\" \/>\n<link rel=\"canonical\" href=\"https:\/\/www.notibras.com\/site\/ambicao-pode-acabar-como-torre-de-babel-torres-gemeas-e-o-incendio-na-torre\/\" \/>\n<meta property=\"og:locale\" content=\"pt_BR\" \/>\n<meta property=\"og:type\" content=\"article\" \/>\n<meta property=\"og:title\" content=\"Ambi\u00e7\u00e3o pode acabar como Torre de Babel, Torres G\u00eameas e o Inc\u00eandio na Torre - Notibras\" \/>\n<meta property=\"og:description\" content=\"O epis\u00f3dio da Torre de Babel, narrado no livro de G\u00eanesis (Gn 11:1-9), constitui um dos relatos mais simb\u00f3licos da tradi\u00e7\u00e3o b\u00edblica. Reza a lenda que, ap\u00f3s o Dil\u00favio, a humanidade habitava uma mesma regi\u00e3o onde falavam uma \u00fanica l\u00edngua. Em assembleia decidiram edificar uma torre cujo cume alcan\u00e7asse os c\u00e9us, tornando-os c\u00e9lebres e evitando [&hellip;]\" \/>\n<meta property=\"og:url\" content=\"https:\/\/www.notibras.com\/site\/ambicao-pode-acabar-como-torre-de-babel-torres-gemeas-e-o-incendio-na-torre\/\" \/>\n<meta property=\"og:site_name\" content=\"Notibras\" \/>\n<meta property=\"article:publisher\" content=\"https:\/\/www.facebook.com\/notibras\/\" \/>\n<meta property=\"article:published_time\" content=\"2025-08-28T03:34:57+00:00\" \/>\n<meta property=\"og:image\" content=\"https:\/\/www.notibras.com\/site\/wp-content\/uploads\/2025\/08\/ChatGPT-Image-27-de-ago.-de-2025-22_34_02-683x1024.png\" \/>\n\t<meta property=\"og:image:width\" content=\"683\" \/>\n\t<meta property=\"og:image:height\" content=\"1024\" \/>\n\t<meta property=\"og:image:type\" content=\"image\/png\" \/>\n<meta name=\"author\" content=\"Reda\u00e7\u00e3o\" \/>\n<meta name=\"twitter:card\" content=\"summary_large_image\" \/>\n<meta name=\"twitter:creator\" content=\"@Notibras\" \/>\n<meta name=\"twitter:site\" content=\"@Notibras\" \/>\n<meta name=\"twitter:label1\" content=\"Escrito por\" \/>\n\t<meta name=\"twitter:data1\" content=\"Reda\u00e7\u00e3o\" \/>\n\t<meta name=\"twitter:label2\" content=\"Est. tempo de leitura\" \/>\n\t<meta name=\"twitter:data2\" content=\"5 minutos\" \/>\n<script type=\"application\/ld+json\" class=\"yoast-schema-graph\">{\"@context\":\"https:\/\/schema.org\",\"@graph\":[{\"@type\":\"Article\",\"@id\":\"https:\/\/www.notibras.com\/site\/ambicao-pode-acabar-como-torre-de-babel-torres-gemeas-e-o-incendio-na-torre\/#article\",\"isPartOf\":{\"@id\":\"https:\/\/www.notibras.com\/site\/ambicao-pode-acabar-como-torre-de-babel-torres-gemeas-e-o-incendio-na-torre\/\"},\"author\":{\"name\":\"Reda\u00e7\u00e3o\",\"@id\":\"https:\/\/www.notibras.com\/site\/#\/schema\/person\/36ab0979449956132d3e5b517ea76ac8\"},\"headline\":\"Ambi\u00e7\u00e3o pode acabar como Torre de Babel, Torres G\u00eameas e o Inc\u00eandio na Torre\",\"datePublished\":\"2025-08-28T03:34:57+00:00\",\"mainEntityOfPage\":{\"@id\":\"https:\/\/www.notibras.com\/site\/ambicao-pode-acabar-como-torre-de-babel-torres-gemeas-e-o-incendio-na-torre\/\"},\"wordCount\":928,\"publisher\":{\"@id\":\"https:\/\/www.notibras.com\/site\/#organization\"},\"image\":{\"@id\":\"https:\/\/www.notibras.com\/site\/ambicao-pode-acabar-como-torre-de-babel-torres-gemeas-e-o-incendio-na-torre\/#primaryimage\"},\"thumbnailUrl\":\"https:\/\/www.notibras.com\/site\/wp-content\/uploads\/2025\/08\/ChatGPT-Image-27-de-ago.-de-2025-22_34_02.png\",\"keywords\":[\"capa\"],\"articleSection\":[\"Or\u00e1culos\"],\"inLanguage\":\"pt-BR\"},{\"@type\":\"WebPage\",\"@id\":\"https:\/\/www.notibras.com\/site\/ambicao-pode-acabar-como-torre-de-babel-torres-gemeas-e-o-incendio-na-torre\/\",\"url\":\"https:\/\/www.notibras.com\/site\/ambicao-pode-acabar-como-torre-de-babel-torres-gemeas-e-o-incendio-na-torre\/\",\"name\":\"Ambi\u00e7\u00e3o pode acabar como Torre de Babel, Torres G\u00eameas e o Inc\u00eandio na Torre - Notibras\",\"isPartOf\":{\"@id\":\"https:\/\/www.notibras.com\/site\/#website\"},\"primaryImageOfPage\":{\"@id\":\"https:\/\/www.notibras.com\/site\/ambicao-pode-acabar-como-torre-de-babel-torres-gemeas-e-o-incendio-na-torre\/#primaryimage\"},\"image\":{\"@id\":\"https:\/\/www.notibras.com\/site\/ambicao-pode-acabar-como-torre-de-babel-torres-gemeas-e-o-incendio-na-torre\/#primaryimage\"},\"thumbnailUrl\":\"https:\/\/www.notibras.com\/site\/wp-content\/uploads\/2025\/08\/ChatGPT-Image-27-de-ago.-de-2025-22_34_02.png\",\"datePublished\":\"2025-08-28T03:34:57+00:00\",\"breadcrumb\":{\"@id\":\"https:\/\/www.notibras.com\/site\/ambicao-pode-acabar-como-torre-de-babel-torres-gemeas-e-o-incendio-na-torre\/#breadcrumb\"},\"inLanguage\":\"pt-BR\",\"potentialAction\":[{\"@type\":\"ReadAction\",\"target\":[\"https:\/\/www.notibras.com\/site\/ambicao-pode-acabar-como-torre-de-babel-torres-gemeas-e-o-incendio-na-torre\/\"]}]},{\"@type\":\"ImageObject\",\"inLanguage\":\"pt-BR\",\"@id\":\"https:\/\/www.notibras.com\/site\/ambicao-pode-acabar-como-torre-de-babel-torres-gemeas-e-o-incendio-na-torre\/#primaryimage\",\"url\":\"https:\/\/www.notibras.com\/site\/wp-content\/uploads\/2025\/08\/ChatGPT-Image-27-de-ago.-de-2025-22_34_02.png\",\"contentUrl\":\"https:\/\/www.notibras.com\/site\/wp-content\/uploads\/2025\/08\/ChatGPT-Image-27-de-ago.-de-2025-22_34_02.png\",\"width\":1024,\"height\":1536},{\"@type\":\"BreadcrumbList\",\"@id\":\"https:\/\/www.notibras.com\/site\/ambicao-pode-acabar-como-torre-de-babel-torres-gemeas-e-o-incendio-na-torre\/#breadcrumb\",\"itemListElement\":[{\"@type\":\"ListItem\",\"position\":1,\"name\":\"In\u00edcio\",\"item\":\"https:\/\/www.notibras.com\/site\/\"},{\"@type\":\"ListItem\",\"position\":2,\"name\":\"Ambi\u00e7\u00e3o pode acabar como Torre de Babel, Torres G\u00eameas e o Inc\u00eandio na Torre\"}]},{\"@type\":\"WebSite\",\"@id\":\"https:\/\/www.notibras.com\/site\/#website\",\"url\":\"https:\/\/www.notibras.com\/site\/\",\"name\":\"Notibras\",\"description\":\"Not\u00edcias de Bras\u00edlia, do Brasil e do Mundo\",\"publisher\":{\"@id\":\"https:\/\/www.notibras.com\/site\/#organization\"},\"potentialAction\":[{\"@type\":\"SearchAction\",\"target\":{\"@type\":\"EntryPoint\",\"urlTemplate\":\"https:\/\/www.notibras.com\/site\/?s={search_term_string}\"},\"query-input\":{\"@type\":\"PropertyValueSpecification\",\"valueRequired\":true,\"valueName\":\"search_term_string\"}}],\"inLanguage\":\"pt-BR\"},{\"@type\":\"Organization\",\"@id\":\"https:\/\/www.notibras.com\/site\/#organization\",\"name\":\"Grupo Notibras de Comunica\u00e7\u00e3o\",\"url\":\"https:\/\/www.notibras.com\/site\/\",\"logo\":{\"@type\":\"ImageObject\",\"inLanguage\":\"pt-BR\",\"@id\":\"https:\/\/www.notibras.com\/site\/#\/schema\/logo\/image\/\",\"url\":\"https:\/\/www.notibras.com\/site\/wp-content\/uploads\/2023\/01\/notibras23.png\",\"contentUrl\":\"https:\/\/www.notibras.com\/site\/wp-content\/uploads\/2023\/01\/notibras23.png\",\"width\":350,\"height\":87,\"caption\":\"Grupo Notibras de Comunica\u00e7\u00e3o\"},\"image\":{\"@id\":\"https:\/\/www.notibras.com\/site\/#\/schema\/logo\/image\/\"},\"sameAs\":[\"https:\/\/www.facebook.com\/notibras\/\",\"https:\/\/x.com\/Notibras\",\"https:\/\/www.instagram.com\/notibras\/\"]},{\"@type\":\"Person\",\"@id\":\"https:\/\/www.notibras.com\/site\/#\/schema\/person\/36ab0979449956132d3e5b517ea76ac8\",\"name\":\"Reda\u00e7\u00e3o\",\"image\":{\"@type\":\"ImageObject\",\"inLanguage\":\"pt-BR\",\"@id\":\"https:\/\/secure.gravatar.com\/avatar\/e0a867bdedb85fd243eadf09663511f96fc81e0720a4a42581f334ad4303aa6b?s=96&d=mm&r=g\",\"url\":\"https:\/\/secure.gravatar.com\/avatar\/e0a867bdedb85fd243eadf09663511f96fc81e0720a4a42581f334ad4303aa6b?s=96&d=mm&r=g\",\"contentUrl\":\"https:\/\/secure.gravatar.com\/avatar\/e0a867bdedb85fd243eadf09663511f96fc81e0720a4a42581f334ad4303aa6b?s=96&d=mm&r=g\",\"caption\":\"Reda\u00e7\u00e3o\"}}]}<\/script>\n<!-- \/ Yoast SEO plugin. -->","yoast_head_json":{"title":"Ambi\u00e7\u00e3o pode acabar como Torre de Babel, Torres G\u00eameas e o Inc\u00eandio na Torre - Notibras","robots":{"index":"index","follow":"follow","max-snippet":"max-snippet:-1","max-image-preview":"max-image-preview:large","max-video-preview":"max-video-preview:-1"},"canonical":"https:\/\/www.notibras.com\/site\/ambicao-pode-acabar-como-torre-de-babel-torres-gemeas-e-o-incendio-na-torre\/","og_locale":"pt_BR","og_type":"article","og_title":"Ambi\u00e7\u00e3o pode acabar como Torre de Babel, Torres G\u00eameas e o Inc\u00eandio na Torre - Notibras","og_description":"O epis\u00f3dio da Torre de Babel, narrado no livro de G\u00eanesis (Gn 11:1-9), constitui um dos relatos mais simb\u00f3licos da tradi\u00e7\u00e3o b\u00edblica. Reza a lenda que, ap\u00f3s o Dil\u00favio, a humanidade habitava uma mesma regi\u00e3o onde falavam uma \u00fanica l\u00edngua. Em assembleia decidiram edificar uma torre cujo cume alcan\u00e7asse os c\u00e9us, tornando-os c\u00e9lebres e evitando [&hellip;]","og_url":"https:\/\/www.notibras.com\/site\/ambicao-pode-acabar-como-torre-de-babel-torres-gemeas-e-o-incendio-na-torre\/","og_site_name":"Notibras","article_publisher":"https:\/\/www.facebook.com\/notibras\/","article_published_time":"2025-08-28T03:34:57+00:00","og_image":[{"width":683,"height":1024,"url":"https:\/\/www.notibras.com\/site\/wp-content\/uploads\/2025\/08\/ChatGPT-Image-27-de-ago.-de-2025-22_34_02-683x1024.png","type":"image\/png"}],"author":"Reda\u00e7\u00e3o","twitter_card":"summary_large_image","twitter_creator":"@Notibras","twitter_site":"@Notibras","twitter_misc":{"Escrito por":"Reda\u00e7\u00e3o","Est. tempo de leitura":"5 minutos"},"schema":{"@context":"https:\/\/schema.org","@graph":[{"@type":"Article","@id":"https:\/\/www.notibras.com\/site\/ambicao-pode-acabar-como-torre-de-babel-torres-gemeas-e-o-incendio-na-torre\/#article","isPartOf":{"@id":"https:\/\/www.notibras.com\/site\/ambicao-pode-acabar-como-torre-de-babel-torres-gemeas-e-o-incendio-na-torre\/"},"author":{"name":"Reda\u00e7\u00e3o","@id":"https:\/\/www.notibras.com\/site\/#\/schema\/person\/36ab0979449956132d3e5b517ea76ac8"},"headline":"Ambi\u00e7\u00e3o pode acabar como Torre de Babel, Torres G\u00eameas e o Inc\u00eandio na Torre","datePublished":"2025-08-28T03:34:57+00:00","mainEntityOfPage":{"@id":"https:\/\/www.notibras.com\/site\/ambicao-pode-acabar-como-torre-de-babel-torres-gemeas-e-o-incendio-na-torre\/"},"wordCount":928,"publisher":{"@id":"https:\/\/www.notibras.com\/site\/#organization"},"image":{"@id":"https:\/\/www.notibras.com\/site\/ambicao-pode-acabar-como-torre-de-babel-torres-gemeas-e-o-incendio-na-torre\/#primaryimage"},"thumbnailUrl":"https:\/\/www.notibras.com\/site\/wp-content\/uploads\/2025\/08\/ChatGPT-Image-27-de-ago.-de-2025-22_34_02.png","keywords":["capa"],"articleSection":["Or\u00e1culos"],"inLanguage":"pt-BR"},{"@type":"WebPage","@id":"https:\/\/www.notibras.com\/site\/ambicao-pode-acabar-como-torre-de-babel-torres-gemeas-e-o-incendio-na-torre\/","url":"https:\/\/www.notibras.com\/site\/ambicao-pode-acabar-como-torre-de-babel-torres-gemeas-e-o-incendio-na-torre\/","name":"Ambi\u00e7\u00e3o pode acabar como Torre de Babel, Torres G\u00eameas e o Inc\u00eandio na Torre - Notibras","isPartOf":{"@id":"https:\/\/www.notibras.com\/site\/#website"},"primaryImageOfPage":{"@id":"https:\/\/www.notibras.com\/site\/ambicao-pode-acabar-como-torre-de-babel-torres-gemeas-e-o-incendio-na-torre\/#primaryimage"},"image":{"@id":"https:\/\/www.notibras.com\/site\/ambicao-pode-acabar-como-torre-de-babel-torres-gemeas-e-o-incendio-na-torre\/#primaryimage"},"thumbnailUrl":"https:\/\/www.notibras.com\/site\/wp-content\/uploads\/2025\/08\/ChatGPT-Image-27-de-ago.-de-2025-22_34_02.png","datePublished":"2025-08-28T03:34:57+00:00","breadcrumb":{"@id":"https:\/\/www.notibras.com\/site\/ambicao-pode-acabar-como-torre-de-babel-torres-gemeas-e-o-incendio-na-torre\/#breadcrumb"},"inLanguage":"pt-BR","potentialAction":[{"@type":"ReadAction","target":["https:\/\/www.notibras.com\/site\/ambicao-pode-acabar-como-torre-de-babel-torres-gemeas-e-o-incendio-na-torre\/"]}]},{"@type":"ImageObject","inLanguage":"pt-BR","@id":"https:\/\/www.notibras.com\/site\/ambicao-pode-acabar-como-torre-de-babel-torres-gemeas-e-o-incendio-na-torre\/#primaryimage","url":"https:\/\/www.notibras.com\/site\/wp-content\/uploads\/2025\/08\/ChatGPT-Image-27-de-ago.-de-2025-22_34_02.png","contentUrl":"https:\/\/www.notibras.com\/site\/wp-content\/uploads\/2025\/08\/ChatGPT-Image-27-de-ago.-de-2025-22_34_02.png","width":1024,"height":1536},{"@type":"BreadcrumbList","@id":"https:\/\/www.notibras.com\/site\/ambicao-pode-acabar-como-torre-de-babel-torres-gemeas-e-o-incendio-na-torre\/#breadcrumb","itemListElement":[{"@type":"ListItem","position":1,"name":"In\u00edcio","item":"https:\/\/www.notibras.com\/site\/"},{"@type":"ListItem","position":2,"name":"Ambi\u00e7\u00e3o pode acabar como Torre de Babel, Torres G\u00eameas e o Inc\u00eandio na Torre"}]},{"@type":"WebSite","@id":"https:\/\/www.notibras.com\/site\/#website","url":"https:\/\/www.notibras.com\/site\/","name":"Notibras","description":"Not\u00edcias de Bras\u00edlia, do Brasil e do Mundo","publisher":{"@id":"https:\/\/www.notibras.com\/site\/#organization"},"potentialAction":[{"@type":"SearchAction","target":{"@type":"EntryPoint","urlTemplate":"https:\/\/www.notibras.com\/site\/?s={search_term_string}"},"query-input":{"@type":"PropertyValueSpecification","valueRequired":true,"valueName":"search_term_string"}}],"inLanguage":"pt-BR"},{"@type":"Organization","@id":"https:\/\/www.notibras.com\/site\/#organization","name":"Grupo Notibras de Comunica\u00e7\u00e3o","url":"https:\/\/www.notibras.com\/site\/","logo":{"@type":"ImageObject","inLanguage":"pt-BR","@id":"https:\/\/www.notibras.com\/site\/#\/schema\/logo\/image\/","url":"https:\/\/www.notibras.com\/site\/wp-content\/uploads\/2023\/01\/notibras23.png","contentUrl":"https:\/\/www.notibras.com\/site\/wp-content\/uploads\/2023\/01\/notibras23.png","width":350,"height":87,"caption":"Grupo Notibras de Comunica\u00e7\u00e3o"},"image":{"@id":"https:\/\/www.notibras.com\/site\/#\/schema\/logo\/image\/"},"sameAs":["https:\/\/www.facebook.com\/notibras\/","https:\/\/x.com\/Notibras","https:\/\/www.instagram.com\/notibras\/"]},{"@type":"Person","@id":"https:\/\/www.notibras.com\/site\/#\/schema\/person\/36ab0979449956132d3e5b517ea76ac8","name":"Reda\u00e7\u00e3o","image":{"@type":"ImageObject","inLanguage":"pt-BR","@id":"https:\/\/secure.gravatar.com\/avatar\/e0a867bdedb85fd243eadf09663511f96fc81e0720a4a42581f334ad4303aa6b?s=96&d=mm&r=g","url":"https:\/\/secure.gravatar.com\/avatar\/e0a867bdedb85fd243eadf09663511f96fc81e0720a4a42581f334ad4303aa6b?s=96&d=mm&r=g","contentUrl":"https:\/\/secure.gravatar.com\/avatar\/e0a867bdedb85fd243eadf09663511f96fc81e0720a4a42581f334ad4303aa6b?s=96&d=mm&r=g","caption":"Reda\u00e7\u00e3o"}}]}},"amp_enabled":true,"_links":{"self":[{"href":"https:\/\/www.notibras.com\/site\/wp-json\/wp\/v2\/posts\/362396","targetHints":{"allow":["GET"]}}],"collection":[{"href":"https:\/\/www.notibras.com\/site\/wp-json\/wp\/v2\/posts"}],"about":[{"href":"https:\/\/www.notibras.com\/site\/wp-json\/wp\/v2\/types\/post"}],"author":[{"embeddable":true,"href":"https:\/\/www.notibras.com\/site\/wp-json\/wp\/v2\/users\/2"}],"replies":[{"embeddable":true,"href":"https:\/\/www.notibras.com\/site\/wp-json\/wp\/v2\/comments?post=362396"}],"version-history":[{"count":3,"href":"https:\/\/www.notibras.com\/site\/wp-json\/wp\/v2\/posts\/362396\/revisions"}],"predecessor-version":[{"id":362400,"href":"https:\/\/www.notibras.com\/site\/wp-json\/wp\/v2\/posts\/362396\/revisions\/362400"}],"wp:featuredmedia":[{"embeddable":true,"href":"https:\/\/www.notibras.com\/site\/wp-json\/wp\/v2\/media\/362397"}],"wp:attachment":[{"href":"https:\/\/www.notibras.com\/site\/wp-json\/wp\/v2\/media?parent=362396"}],"wp:term":[{"taxonomy":"category","embeddable":true,"href":"https:\/\/www.notibras.com\/site\/wp-json\/wp\/v2\/categories?post=362396"},{"taxonomy":"post_tag","embeddable":true,"href":"https:\/\/www.notibras.com\/site\/wp-json\/wp\/v2\/tags?post=362396"}],"curies":[{"name":"wp","href":"https:\/\/api.w.org\/{rel}","templated":true}]}}