{"id":362421,"date":"2025-08-28T00:14:51","date_gmt":"2025-08-28T03:14:51","guid":{"rendered":"https:\/\/www.notibras.com\/site\/?p=362421"},"modified":"2025-08-28T00:16:43","modified_gmt":"2025-08-28T03:16:43","slug":"a-fera-que-nasceu-nos-pantanos-e-morreu-para-virar-constelacao","status":"publish","type":"post","link":"https:\/\/www.notibras.com\/site\/a-fera-que-nasceu-nos-pantanos-e-morreu-para-virar-constelacao\/","title":{"rendered":"A fera que nasceu nos p\u00e2ntanos e morreu para virar Constela\u00e7\u00e3o"},"content":{"rendered":"<p>Nos p\u00e2ntanos de Lerna, onde a n\u00e9voa se deitava sobre as \u00e1guas como v\u00e9u de sacerdotisa, repousava a Hidra. N\u00e3o era apenas fera \u2014 era segredo antigo, guardi\u00e3 do medo e do mist\u00e9rio. Suas cabe\u00e7as m\u00faltiplas sibilavam como or\u00e1culos da Noite, e cada uma trazia o veneno daquilo que o homem n\u00e3o ousa nomear.<\/p>\n<p>H\u00e9rcules, filho dos deuses e dos homens, desceu \u00e0quela sombra. N\u00e3o lutava apenas contra o monstro, mas contra os espelhos de si mesmo. Pois cada cabe\u00e7a cortada renascia, como renascem as ang\u00fastias que n\u00e3o s\u00e3o enfrentadas na alma. S\u00f3 ao cauterizar as feridas com o fogo sagrado \u00e9 que p\u00f4de silenciar a Hidra \u2014 n\u00e3o matando-a, mas transmutando-a.<\/p>\n<p>E os deuses, em sua sabedoria, n\u00e3o deixaram que a criatura se perdesse na poeira do esquecimento. Tomaram-na pelos astros e a lan\u00e7aram ao c\u00e9u, para que brilhasse entre os homens como constela\u00e7\u00e3o. O que foi terror tornou-se guia. O que rastejava nas \u00e1guas escuras agora serpenteia em luz, lembrando que at\u00e9 as trevas t\u00eam destino de estrela.<\/p>\n<p>Quem olha a Hidra no firmamento n\u00e3o v\u00ea apenas um desenho do Zod\u00edaco. V\u00ea o mito eterno do homem diante de si mesmo: cortar cabe\u00e7as n\u00e3o basta, \u00e9 preciso iluminar a ferida. Pois cada medo oculto traz em si a promessa de um c\u00e9u poss\u00edvel.<\/p>\n<p>E assim, a Hidra fala aos que buscam o caminho: n\u00e3o temas tuas sombras, pois elas carregam chaves ocultas. Cada serpente que se ergue em tua noite interior \u00e9 uma inicia\u00e7\u00e3o velada. O her\u00f3i n\u00e3o \u00e9 aquele que destr\u00f3i o monstro, mas o que aprende com seu veneno.<\/p>\n<p>Sob o manto do c\u00e9u estrelado, a Hidra continua se movendo em sil\u00eancio. Seu corpo astral serpenteia como um lembrete c\u00f3smico de que toda escurid\u00e3o \u00e9 provis\u00f3ria, e at\u00e9 o mais profundo abismo pode se converter em constela\u00e7\u00e3o.<\/p>\n<p>Em toda a Gr\u00e9cia ainda se louva a Hidra, filha da Noite, que do p\u00e2ntano se ergueu ao firmamento, onde guarda entre estrelas a mem\u00f3ria do que fomos e do que seremos. Diz-se tamb\u00e9m que do veneno dela se faz rem\u00e9dio, e que sua sombra \u00e9 luz. \u00c9 como cada um de n\u00f3s, simples mortais, ao mirar a fera no Zod\u00edaco, recordamos que n\u00e3o h\u00e1 vit\u00f3ria maior do que transformar o nosso monstro interior em estrela eterna.<\/p>\n","protected":false},"excerpt":{"rendered":"<p>Nos p\u00e2ntanos de Lerna, onde a n\u00e9voa se deitava sobre as \u00e1guas como v\u00e9u de sacerdotisa, repousava a Hidra. N\u00e3o era apenas fera \u2014 era segredo antigo, guardi\u00e3 do medo e do mist\u00e9rio. Suas cabe\u00e7as m\u00faltiplas sibilavam como or\u00e1culos da Noite, e cada uma trazia o veneno daquilo que o homem n\u00e3o ousa nomear. H\u00e9rcules, [&hellip;]<\/p>\n","protected":false},"author":2,"featured_media":362422,"comment_status":"closed","ping_status":"closed","sticky":false,"template":"","format":"standard","meta":{"_acf_changed":false,"footnotes":""},"categories":[237],"tags":[],"class_list":["post-362421","post","type-post","status-publish","format-standard","has-post-thumbnail","hentry","category-oraculos"],"acf":[],"yoast_head":"<!-- This site is optimized with the Yoast SEO plugin v27.2 - https:\/\/yoast.com\/product\/yoast-seo-wordpress\/ -->\n<title>A fera que nasceu nos p\u00e2ntanos e morreu para virar Constela\u00e7\u00e3o - Notibras<\/title>\n<meta name=\"robots\" content=\"index, follow, max-snippet:-1, max-image-preview:large, max-video-preview:-1\" \/>\n<link rel=\"canonical\" href=\"https:\/\/www.notibras.com\/site\/a-fera-que-nasceu-nos-pantanos-e-morreu-para-virar-constelacao\/\" \/>\n<meta property=\"og:locale\" content=\"pt_BR\" \/>\n<meta property=\"og:type\" content=\"article\" \/>\n<meta property=\"og:title\" content=\"A fera que nasceu nos p\u00e2ntanos e morreu para virar Constela\u00e7\u00e3o - Notibras\" \/>\n<meta property=\"og:description\" content=\"Nos p\u00e2ntanos de Lerna, onde a n\u00e9voa se deitava sobre as \u00e1guas como v\u00e9u de sacerdotisa, repousava a Hidra. N\u00e3o era apenas fera \u2014 era segredo antigo, guardi\u00e3 do medo e do mist\u00e9rio. Suas cabe\u00e7as m\u00faltiplas sibilavam como or\u00e1culos da Noite, e cada uma trazia o veneno daquilo que o homem n\u00e3o ousa nomear. H\u00e9rcules, [&hellip;]\" \/>\n<meta property=\"og:url\" content=\"https:\/\/www.notibras.com\/site\/a-fera-que-nasceu-nos-pantanos-e-morreu-para-virar-constelacao\/\" \/>\n<meta property=\"og:site_name\" content=\"Notibras\" \/>\n<meta property=\"article:publisher\" content=\"https:\/\/www.facebook.com\/notibras\/\" \/>\n<meta property=\"article:published_time\" content=\"2025-08-28T03:14:51+00:00\" \/>\n<meta property=\"article:modified_time\" content=\"2025-08-28T03:16:43+00:00\" \/>\n<meta property=\"og:image\" content=\"https:\/\/www.notibras.com\/site\/wp-content\/uploads\/2025\/08\/ChatGPT-Image-28-de-ago.-de-2025-00_02_22-683x1024.png\" \/>\n\t<meta property=\"og:image:width\" content=\"683\" \/>\n\t<meta property=\"og:image:height\" content=\"1024\" \/>\n\t<meta property=\"og:image:type\" content=\"image\/png\" \/>\n<meta name=\"author\" content=\"Reda\u00e7\u00e3o\" \/>\n<meta name=\"twitter:card\" content=\"summary_large_image\" \/>\n<meta name=\"twitter:creator\" content=\"@Notibras\" \/>\n<meta name=\"twitter:site\" content=\"@Notibras\" \/>\n<meta name=\"twitter:label1\" content=\"Escrito por\" \/>\n\t<meta name=\"twitter:data1\" content=\"Reda\u00e7\u00e3o\" \/>\n\t<meta name=\"twitter:label2\" content=\"Est. tempo de leitura\" \/>\n\t<meta name=\"twitter:data2\" content=\"3 minutos\" \/>\n<script type=\"application\/ld+json\" class=\"yoast-schema-graph\">{\"@context\":\"https:\/\/schema.org\",\"@graph\":[{\"@type\":\"Article\",\"@id\":\"https:\/\/www.notibras.com\/site\/a-fera-que-nasceu-nos-pantanos-e-morreu-para-virar-constelacao\/#article\",\"isPartOf\":{\"@id\":\"https:\/\/www.notibras.com\/site\/a-fera-que-nasceu-nos-pantanos-e-morreu-para-virar-constelacao\/\"},\"author\":{\"name\":\"Reda\u00e7\u00e3o\",\"@id\":\"https:\/\/www.notibras.com\/site\/#\/schema\/person\/36ab0979449956132d3e5b517ea76ac8\"},\"headline\":\"A fera que nasceu nos p\u00e2ntanos e morreu para virar Constela\u00e7\u00e3o\",\"datePublished\":\"2025-08-28T03:14:51+00:00\",\"dateModified\":\"2025-08-28T03:16:43+00:00\",\"mainEntityOfPage\":{\"@id\":\"https:\/\/www.notibras.com\/site\/a-fera-que-nasceu-nos-pantanos-e-morreu-para-virar-constelacao\/\"},\"wordCount\":430,\"publisher\":{\"@id\":\"https:\/\/www.notibras.com\/site\/#organization\"},\"image\":{\"@id\":\"https:\/\/www.notibras.com\/site\/a-fera-que-nasceu-nos-pantanos-e-morreu-para-virar-constelacao\/#primaryimage\"},\"thumbnailUrl\":\"https:\/\/www.notibras.com\/site\/wp-content\/uploads\/2025\/08\/ChatGPT-Image-28-de-ago.-de-2025-00_02_22.png\",\"articleSection\":[\"Or\u00e1culos\"],\"inLanguage\":\"pt-BR\"},{\"@type\":\"WebPage\",\"@id\":\"https:\/\/www.notibras.com\/site\/a-fera-que-nasceu-nos-pantanos-e-morreu-para-virar-constelacao\/\",\"url\":\"https:\/\/www.notibras.com\/site\/a-fera-que-nasceu-nos-pantanos-e-morreu-para-virar-constelacao\/\",\"name\":\"A fera que nasceu nos p\u00e2ntanos e morreu para virar Constela\u00e7\u00e3o - Notibras\",\"isPartOf\":{\"@id\":\"https:\/\/www.notibras.com\/site\/#website\"},\"primaryImageOfPage\":{\"@id\":\"https:\/\/www.notibras.com\/site\/a-fera-que-nasceu-nos-pantanos-e-morreu-para-virar-constelacao\/#primaryimage\"},\"image\":{\"@id\":\"https:\/\/www.notibras.com\/site\/a-fera-que-nasceu-nos-pantanos-e-morreu-para-virar-constelacao\/#primaryimage\"},\"thumbnailUrl\":\"https:\/\/www.notibras.com\/site\/wp-content\/uploads\/2025\/08\/ChatGPT-Image-28-de-ago.-de-2025-00_02_22.png\",\"datePublished\":\"2025-08-28T03:14:51+00:00\",\"dateModified\":\"2025-08-28T03:16:43+00:00\",\"breadcrumb\":{\"@id\":\"https:\/\/www.notibras.com\/site\/a-fera-que-nasceu-nos-pantanos-e-morreu-para-virar-constelacao\/#breadcrumb\"},\"inLanguage\":\"pt-BR\",\"potentialAction\":[{\"@type\":\"ReadAction\",\"target\":[\"https:\/\/www.notibras.com\/site\/a-fera-que-nasceu-nos-pantanos-e-morreu-para-virar-constelacao\/\"]}]},{\"@type\":\"ImageObject\",\"inLanguage\":\"pt-BR\",\"@id\":\"https:\/\/www.notibras.com\/site\/a-fera-que-nasceu-nos-pantanos-e-morreu-para-virar-constelacao\/#primaryimage\",\"url\":\"https:\/\/www.notibras.com\/site\/wp-content\/uploads\/2025\/08\/ChatGPT-Image-28-de-ago.-de-2025-00_02_22.png\",\"contentUrl\":\"https:\/\/www.notibras.com\/site\/wp-content\/uploads\/2025\/08\/ChatGPT-Image-28-de-ago.-de-2025-00_02_22.png\",\"width\":1024,\"height\":1536},{\"@type\":\"BreadcrumbList\",\"@id\":\"https:\/\/www.notibras.com\/site\/a-fera-que-nasceu-nos-pantanos-e-morreu-para-virar-constelacao\/#breadcrumb\",\"itemListElement\":[{\"@type\":\"ListItem\",\"position\":1,\"name\":\"In\u00edcio\",\"item\":\"https:\/\/www.notibras.com\/site\/\"},{\"@type\":\"ListItem\",\"position\":2,\"name\":\"A fera que nasceu nos p\u00e2ntanos e morreu para virar Constela\u00e7\u00e3o\"}]},{\"@type\":\"WebSite\",\"@id\":\"https:\/\/www.notibras.com\/site\/#website\",\"url\":\"https:\/\/www.notibras.com\/site\/\",\"name\":\"Notibras\",\"description\":\"Not\u00edcias de Bras\u00edlia, do Brasil e do Mundo\",\"publisher\":{\"@id\":\"https:\/\/www.notibras.com\/site\/#organization\"},\"potentialAction\":[{\"@type\":\"SearchAction\",\"target\":{\"@type\":\"EntryPoint\",\"urlTemplate\":\"https:\/\/www.notibras.com\/site\/?s={search_term_string}\"},\"query-input\":{\"@type\":\"PropertyValueSpecification\",\"valueRequired\":true,\"valueName\":\"search_term_string\"}}],\"inLanguage\":\"pt-BR\"},{\"@type\":\"Organization\",\"@id\":\"https:\/\/www.notibras.com\/site\/#organization\",\"name\":\"Grupo Notibras de Comunica\u00e7\u00e3o\",\"url\":\"https:\/\/www.notibras.com\/site\/\",\"logo\":{\"@type\":\"ImageObject\",\"inLanguage\":\"pt-BR\",\"@id\":\"https:\/\/www.notibras.com\/site\/#\/schema\/logo\/image\/\",\"url\":\"https:\/\/www.notibras.com\/site\/wp-content\/uploads\/2023\/01\/notibras23.png\",\"contentUrl\":\"https:\/\/www.notibras.com\/site\/wp-content\/uploads\/2023\/01\/notibras23.png\",\"width\":350,\"height\":87,\"caption\":\"Grupo Notibras de Comunica\u00e7\u00e3o\"},\"image\":{\"@id\":\"https:\/\/www.notibras.com\/site\/#\/schema\/logo\/image\/\"},\"sameAs\":[\"https:\/\/www.facebook.com\/notibras\/\",\"https:\/\/x.com\/Notibras\",\"https:\/\/www.instagram.com\/notibras\/\"]},{\"@type\":\"Person\",\"@id\":\"https:\/\/www.notibras.com\/site\/#\/schema\/person\/36ab0979449956132d3e5b517ea76ac8\",\"name\":\"Reda\u00e7\u00e3o\",\"image\":{\"@type\":\"ImageObject\",\"inLanguage\":\"pt-BR\",\"@id\":\"https:\/\/secure.gravatar.com\/avatar\/e0a867bdedb85fd243eadf09663511f96fc81e0720a4a42581f334ad4303aa6b?s=96&d=mm&r=g\",\"url\":\"https:\/\/secure.gravatar.com\/avatar\/e0a867bdedb85fd243eadf09663511f96fc81e0720a4a42581f334ad4303aa6b?s=96&d=mm&r=g\",\"contentUrl\":\"https:\/\/secure.gravatar.com\/avatar\/e0a867bdedb85fd243eadf09663511f96fc81e0720a4a42581f334ad4303aa6b?s=96&d=mm&r=g\",\"caption\":\"Reda\u00e7\u00e3o\"}}]}<\/script>\n<!-- \/ Yoast SEO plugin. -->","yoast_head_json":{"title":"A fera que nasceu nos p\u00e2ntanos e morreu para virar Constela\u00e7\u00e3o - Notibras","robots":{"index":"index","follow":"follow","max-snippet":"max-snippet:-1","max-image-preview":"max-image-preview:large","max-video-preview":"max-video-preview:-1"},"canonical":"https:\/\/www.notibras.com\/site\/a-fera-que-nasceu-nos-pantanos-e-morreu-para-virar-constelacao\/","og_locale":"pt_BR","og_type":"article","og_title":"A fera que nasceu nos p\u00e2ntanos e morreu para virar Constela\u00e7\u00e3o - Notibras","og_description":"Nos p\u00e2ntanos de Lerna, onde a n\u00e9voa se deitava sobre as \u00e1guas como v\u00e9u de sacerdotisa, repousava a Hidra. N\u00e3o era apenas fera \u2014 era segredo antigo, guardi\u00e3 do medo e do mist\u00e9rio. Suas cabe\u00e7as m\u00faltiplas sibilavam como or\u00e1culos da Noite, e cada uma trazia o veneno daquilo que o homem n\u00e3o ousa nomear. H\u00e9rcules, [&hellip;]","og_url":"https:\/\/www.notibras.com\/site\/a-fera-que-nasceu-nos-pantanos-e-morreu-para-virar-constelacao\/","og_site_name":"Notibras","article_publisher":"https:\/\/www.facebook.com\/notibras\/","article_published_time":"2025-08-28T03:14:51+00:00","article_modified_time":"2025-08-28T03:16:43+00:00","og_image":[{"width":683,"height":1024,"url":"https:\/\/www.notibras.com\/site\/wp-content\/uploads\/2025\/08\/ChatGPT-Image-28-de-ago.-de-2025-00_02_22-683x1024.png","type":"image\/png"}],"author":"Reda\u00e7\u00e3o","twitter_card":"summary_large_image","twitter_creator":"@Notibras","twitter_site":"@Notibras","twitter_misc":{"Escrito por":"Reda\u00e7\u00e3o","Est. tempo de leitura":"3 minutos"},"schema":{"@context":"https:\/\/schema.org","@graph":[{"@type":"Article","@id":"https:\/\/www.notibras.com\/site\/a-fera-que-nasceu-nos-pantanos-e-morreu-para-virar-constelacao\/#article","isPartOf":{"@id":"https:\/\/www.notibras.com\/site\/a-fera-que-nasceu-nos-pantanos-e-morreu-para-virar-constelacao\/"},"author":{"name":"Reda\u00e7\u00e3o","@id":"https:\/\/www.notibras.com\/site\/#\/schema\/person\/36ab0979449956132d3e5b517ea76ac8"},"headline":"A fera que nasceu nos p\u00e2ntanos e morreu para virar Constela\u00e7\u00e3o","datePublished":"2025-08-28T03:14:51+00:00","dateModified":"2025-08-28T03:16:43+00:00","mainEntityOfPage":{"@id":"https:\/\/www.notibras.com\/site\/a-fera-que-nasceu-nos-pantanos-e-morreu-para-virar-constelacao\/"},"wordCount":430,"publisher":{"@id":"https:\/\/www.notibras.com\/site\/#organization"},"image":{"@id":"https:\/\/www.notibras.com\/site\/a-fera-que-nasceu-nos-pantanos-e-morreu-para-virar-constelacao\/#primaryimage"},"thumbnailUrl":"https:\/\/www.notibras.com\/site\/wp-content\/uploads\/2025\/08\/ChatGPT-Image-28-de-ago.-de-2025-00_02_22.png","articleSection":["Or\u00e1culos"],"inLanguage":"pt-BR"},{"@type":"WebPage","@id":"https:\/\/www.notibras.com\/site\/a-fera-que-nasceu-nos-pantanos-e-morreu-para-virar-constelacao\/","url":"https:\/\/www.notibras.com\/site\/a-fera-que-nasceu-nos-pantanos-e-morreu-para-virar-constelacao\/","name":"A fera que nasceu nos p\u00e2ntanos e morreu para virar Constela\u00e7\u00e3o - Notibras","isPartOf":{"@id":"https:\/\/www.notibras.com\/site\/#website"},"primaryImageOfPage":{"@id":"https:\/\/www.notibras.com\/site\/a-fera-que-nasceu-nos-pantanos-e-morreu-para-virar-constelacao\/#primaryimage"},"image":{"@id":"https:\/\/www.notibras.com\/site\/a-fera-que-nasceu-nos-pantanos-e-morreu-para-virar-constelacao\/#primaryimage"},"thumbnailUrl":"https:\/\/www.notibras.com\/site\/wp-content\/uploads\/2025\/08\/ChatGPT-Image-28-de-ago.-de-2025-00_02_22.png","datePublished":"2025-08-28T03:14:51+00:00","dateModified":"2025-08-28T03:16:43+00:00","breadcrumb":{"@id":"https:\/\/www.notibras.com\/site\/a-fera-que-nasceu-nos-pantanos-e-morreu-para-virar-constelacao\/#breadcrumb"},"inLanguage":"pt-BR","potentialAction":[{"@type":"ReadAction","target":["https:\/\/www.notibras.com\/site\/a-fera-que-nasceu-nos-pantanos-e-morreu-para-virar-constelacao\/"]}]},{"@type":"ImageObject","inLanguage":"pt-BR","@id":"https:\/\/www.notibras.com\/site\/a-fera-que-nasceu-nos-pantanos-e-morreu-para-virar-constelacao\/#primaryimage","url":"https:\/\/www.notibras.com\/site\/wp-content\/uploads\/2025\/08\/ChatGPT-Image-28-de-ago.-de-2025-00_02_22.png","contentUrl":"https:\/\/www.notibras.com\/site\/wp-content\/uploads\/2025\/08\/ChatGPT-Image-28-de-ago.-de-2025-00_02_22.png","width":1024,"height":1536},{"@type":"BreadcrumbList","@id":"https:\/\/www.notibras.com\/site\/a-fera-que-nasceu-nos-pantanos-e-morreu-para-virar-constelacao\/#breadcrumb","itemListElement":[{"@type":"ListItem","position":1,"name":"In\u00edcio","item":"https:\/\/www.notibras.com\/site\/"},{"@type":"ListItem","position":2,"name":"A fera que nasceu nos p\u00e2ntanos e morreu para virar Constela\u00e7\u00e3o"}]},{"@type":"WebSite","@id":"https:\/\/www.notibras.com\/site\/#website","url":"https:\/\/www.notibras.com\/site\/","name":"Notibras","description":"Not\u00edcias de Bras\u00edlia, do Brasil e do Mundo","publisher":{"@id":"https:\/\/www.notibras.com\/site\/#organization"},"potentialAction":[{"@type":"SearchAction","target":{"@type":"EntryPoint","urlTemplate":"https:\/\/www.notibras.com\/site\/?s={search_term_string}"},"query-input":{"@type":"PropertyValueSpecification","valueRequired":true,"valueName":"search_term_string"}}],"inLanguage":"pt-BR"},{"@type":"Organization","@id":"https:\/\/www.notibras.com\/site\/#organization","name":"Grupo Notibras de Comunica\u00e7\u00e3o","url":"https:\/\/www.notibras.com\/site\/","logo":{"@type":"ImageObject","inLanguage":"pt-BR","@id":"https:\/\/www.notibras.com\/site\/#\/schema\/logo\/image\/","url":"https:\/\/www.notibras.com\/site\/wp-content\/uploads\/2023\/01\/notibras23.png","contentUrl":"https:\/\/www.notibras.com\/site\/wp-content\/uploads\/2023\/01\/notibras23.png","width":350,"height":87,"caption":"Grupo Notibras de Comunica\u00e7\u00e3o"},"image":{"@id":"https:\/\/www.notibras.com\/site\/#\/schema\/logo\/image\/"},"sameAs":["https:\/\/www.facebook.com\/notibras\/","https:\/\/x.com\/Notibras","https:\/\/www.instagram.com\/notibras\/"]},{"@type":"Person","@id":"https:\/\/www.notibras.com\/site\/#\/schema\/person\/36ab0979449956132d3e5b517ea76ac8","name":"Reda\u00e7\u00e3o","image":{"@type":"ImageObject","inLanguage":"pt-BR","@id":"https:\/\/secure.gravatar.com\/avatar\/e0a867bdedb85fd243eadf09663511f96fc81e0720a4a42581f334ad4303aa6b?s=96&d=mm&r=g","url":"https:\/\/secure.gravatar.com\/avatar\/e0a867bdedb85fd243eadf09663511f96fc81e0720a4a42581f334ad4303aa6b?s=96&d=mm&r=g","contentUrl":"https:\/\/secure.gravatar.com\/avatar\/e0a867bdedb85fd243eadf09663511f96fc81e0720a4a42581f334ad4303aa6b?s=96&d=mm&r=g","caption":"Reda\u00e7\u00e3o"}}]}},"amp_enabled":true,"_links":{"self":[{"href":"https:\/\/www.notibras.com\/site\/wp-json\/wp\/v2\/posts\/362421","targetHints":{"allow":["GET"]}}],"collection":[{"href":"https:\/\/www.notibras.com\/site\/wp-json\/wp\/v2\/posts"}],"about":[{"href":"https:\/\/www.notibras.com\/site\/wp-json\/wp\/v2\/types\/post"}],"author":[{"embeddable":true,"href":"https:\/\/www.notibras.com\/site\/wp-json\/wp\/v2\/users\/2"}],"replies":[{"embeddable":true,"href":"https:\/\/www.notibras.com\/site\/wp-json\/wp\/v2\/comments?post=362421"}],"version-history":[{"count":3,"href":"https:\/\/www.notibras.com\/site\/wp-json\/wp\/v2\/posts\/362421\/revisions"}],"predecessor-version":[{"id":362425,"href":"https:\/\/www.notibras.com\/site\/wp-json\/wp\/v2\/posts\/362421\/revisions\/362425"}],"wp:featuredmedia":[{"embeddable":true,"href":"https:\/\/www.notibras.com\/site\/wp-json\/wp\/v2\/media\/362422"}],"wp:attachment":[{"href":"https:\/\/www.notibras.com\/site\/wp-json\/wp\/v2\/media?parent=362421"}],"wp:term":[{"taxonomy":"category","embeddable":true,"href":"https:\/\/www.notibras.com\/site\/wp-json\/wp\/v2\/categories?post=362421"},{"taxonomy":"post_tag","embeddable":true,"href":"https:\/\/www.notibras.com\/site\/wp-json\/wp\/v2\/tags?post=362421"}],"curies":[{"name":"wp","href":"https:\/\/api.w.org\/{rel}","templated":true}]}}