{"id":362533,"date":"2025-08-29T04:12:26","date_gmt":"2025-08-29T07:12:26","guid":{"rendered":"https:\/\/www.notibras.com\/site\/?p=362533"},"modified":"2025-08-29T04:12:26","modified_gmt":"2025-08-29T07:12:26","slug":"o-futuro-esta-na-palma-das-nossas-maos","status":"publish","type":"post","link":"https:\/\/www.notibras.com\/site\/o-futuro-esta-na-palma-das-nossas-maos\/","title":{"rendered":"O futuro est\u00e1 na palma das nossas m\u00e3os"},"content":{"rendered":"<p>A quiromancia, tamb\u00e9m conhecida como leitura das m\u00e3os, \u00e9 uma pr\u00e1tica milenar que une elementos simb\u00f3licos, filos\u00f3ficos e m\u00edsticos. Embora muitas vezes relegada ao campo do esoterismo, sua origem e desenvolvimento mostram uma tradi\u00e7\u00e3o rica que atravessou civiliza\u00e7\u00f5es, sendo considerada simultaneamente arte divinat\u00f3ria e ci\u00eancia simb\u00f3lica. A leitura das m\u00e3os, portanto, \u00e9 um conhecimento esot\u00e9rico, cient\u00edfico e b\u00edblico. No 37\u00ba cap\u00edtulo do Livro de J\u00f3, vers\u00edculo VII, o Antigo Testamento assevera que \u201cDeus selou a m\u00e3o de cada homem, para que todos os homens possam conhecer a sua obra\u201d.<\/p>\n<p>Num primeiro exame, a m\u00e3o humana se assemelha a um mapa geogr\u00e1fico, onde est\u00e1 projetada a trajet\u00f3ria da vida do indiv\u00edduo, cuja evolu\u00e7\u00e3o ocorre por entre montes, plan\u00edcies, rios, ilhas e represas. A palma da m\u00e3o \u00e9 uma carta geogr\u00e1fica em miniatura, o mapa da sua vida e do seu destino. Entre outras evid\u00eancias s\u00e3o observadas nas m\u00e3os a cor e a textura da pele, a consist\u00eancia, flexibilidade, temperatura, os montes, as linhas, os dedos, as unhas e uma infinidade de sinais.<\/p>\n<p>Os primeiros registros da quiromancia remontam \u00e0 \u00cdndia v\u00e9dica, onde era ensinada como parte dos conhecimentos astrol\u00f3gicos e m\u00e9dicos do Jyotisha Shastra. Escritos ancestrais atribu\u00eddos ao s\u00e1bio Samhita Valmiki mencionam a an\u00e1lise das m\u00e3os como forma de compreender o car\u00e1ter, a personalidade e o destino de uma pessoa. A tradi\u00e7\u00e3o indiana influenciou a China, a Mesopot\u00e2mia e posteriormente o mundo hel\u00eanico, onde fil\u00f3sofos como Arist\u00f3teles e Hip\u00f3crates se referiram \u00e0 import\u00e2ncia das m\u00e3os na revela\u00e7\u00e3o da sa\u00fade e do car\u00e1ter.<\/p>\n<p>Em verdade vos digo que os montes e as linhas das m\u00e3os refletem a rela\u00e7\u00e3o do corpo com os astros, conceito baseado na doutrina da correspond\u00eancia microcosmo-macrocosmo, ou seja, \u201co que est\u00e1 em cima \u00e9 como o que est\u00e1 embaixo\u201d, axioma amplamente difundido pelos pensadores herm\u00e9ticos. O Mago Paracelso, no livro Opus Paramirum (1567), considera a quiromancia como um recurso complementar na an\u00e1lise do temperamento e das enfermidades. Atualmente, m\u00e9dicos e psicanalistas usam a quiromancia para diagn\u00f3sticos do corpo e da mente.<\/p>\n<p>Na tradi\u00e7\u00e3o esot\u00e9rica renascentista, a m\u00e3o era vista como um mapa c\u00f3smico, contendo sinais que correspondiam aos planetas. Assim, o Monte de V\u00eanus ligava-se ao amor e \u00e0 sensualidade; o Monte de J\u00fapiter, ao poder e \u00e0 lideran\u00e7a; o Monte de Apolo \u00e0 riqueza e \u00e0 prosperidade, o Monte de Saturno, \u00e0 sabedoria e ao destino; e o Monte de Merc\u00fario, \u00e0 comunica\u00e7\u00e3o e \u00e0 ast\u00facia. As linhas principais \u2013 linha da vida, do cora\u00e7\u00e3o e da cabe\u00e7a \u2013 eram interpretadas como reflexos da vitalidade, das emo\u00e7\u00f5es e do intelecto. H\u00e1 que observar se as linhas est\u00e3o partidas, fracas, sinuosas ou firmes, cont\u00ednuas e fortes.<\/p>\n<p>Do ponto de vista hist\u00f3rico, a quiromancia circulou entre os \u00e1rabes e judeus medievais, chegando \u00e0 Europa crist\u00e3 atrav\u00e9s dos ciganos turcos e espanh\u00f3is. Apesar da persegui\u00e7\u00e3o pela Igreja, que associava a pr\u00e1tica \u00e0 supersti\u00e7\u00e3o e bruxaria, a quiromancia resistiu, sendo praticada por m\u00e9dicos, astr\u00f3logos e alquimistas, sobretudo no renascimento.<\/p>\n<p>No s\u00e9culo XIX, com o advento do ocultismo europeu e o interesse pela parapsicologia, a quiromancia renasceu praticamente das cinzas inquisitoriais. Autores como Adolphe Desbarrolles (Les Myst\u00e8res de la Main, 1.860) e William Benham (The Laws of Scientific Hand Reading, 1.900) sistematizaram m\u00e9todos de leitura, associando a m\u00e3o n\u00e3o apenas ao destino, mas tamb\u00e9m ao car\u00e1ter psicol\u00f3gico e ocorr\u00eancia de eventos fortuitos e tr\u00e1gicos. Suas obras estabeleceram a quiromancia como um campo de estudo h\u00edbrido entre ci\u00eancia e arte simb\u00f3lica.<\/p>\n<p>O ato de ler m\u00e3os n\u00e3o se limita \u00e0 previs\u00e3o de futuro, mas \u00e9 visto como ferramenta para compreender potenciais, desafios e padr\u00f5es de vida. Dentro do esoterismo contempor\u00e2neo, a quiromancia dialoga com conceitos de psicologia arquet\u00edpica, sugerindo que as linhas das m\u00e3os expressam s\u00edmbolos interiores e inconscientes.<\/p>\n<p>Assim, a quiromancia permanece viva como pr\u00e1tica que une arte, espiritualidade e simbolismo cient\u00edfico. Mais do que prever o destino, ela convida o ser humano a contemplar suas m\u00e3os como espelhos de sua trajet\u00f3ria vital e de sua ess\u00eancia interior, reafirmando o antigo axioma herm\u00e9tico: \u201cConhece-te a ti mesmo e conhecer\u00e1s o universo e os deuses.\u201d<\/p>\n<p>D\u00ea uma m\u00e3ozinha para a sua vida!<\/p>\n<p>&#8230;&#8230;&#8230;&#8230;&#8230;&#8230;&#8230;&#8230;<\/p>\n<p><strong>Giovanni Seabra \u2013 consultas, mapas, cursos, mentorias.<\/strong><br \/>\n<strong>@giovanniseabra.esoterico<\/strong><br \/>\n<strong>Gr\u00e3o-Mestre do Col\u00e9gio dos Magos e Sacerdotisas<\/strong><br \/>\n<strong>@colegiodosmagosesacerdotisas<\/strong><\/p>\n","protected":false},"excerpt":{"rendered":"<p>A quiromancia, tamb\u00e9m conhecida como leitura das m\u00e3os, \u00e9 uma pr\u00e1tica milenar que une elementos simb\u00f3licos, filos\u00f3ficos e m\u00edsticos. Embora muitas vezes relegada ao campo do esoterismo, sua origem e desenvolvimento mostram uma tradi\u00e7\u00e3o rica que atravessou civiliza\u00e7\u00f5es, sendo considerada simultaneamente arte divinat\u00f3ria e ci\u00eancia simb\u00f3lica. A leitura das m\u00e3os, portanto, \u00e9 um conhecimento esot\u00e9rico, [&hellip;]<\/p>\n","protected":false},"author":2,"featured_media":362534,"comment_status":"closed","ping_status":"closed","sticky":false,"template":"","format":"standard","meta":{"_acf_changed":false,"footnotes":""},"categories":[237],"tags":[],"class_list":["post-362533","post","type-post","status-publish","format-standard","has-post-thumbnail","hentry","category-oraculos"],"acf":[],"yoast_head":"<!-- This site is optimized with the Yoast SEO plugin v27.2 - https:\/\/yoast.com\/product\/yoast-seo-wordpress\/ -->\n<title>O futuro est\u00e1 na palma das nossas m\u00e3os - Notibras<\/title>\n<meta name=\"robots\" content=\"index, follow, max-snippet:-1, max-image-preview:large, max-video-preview:-1\" \/>\n<link rel=\"canonical\" href=\"https:\/\/www.notibras.com\/site\/o-futuro-esta-na-palma-das-nossas-maos\/\" \/>\n<meta property=\"og:locale\" content=\"pt_BR\" \/>\n<meta property=\"og:type\" content=\"article\" \/>\n<meta property=\"og:title\" content=\"O futuro est\u00e1 na palma das nossas m\u00e3os - Notibras\" \/>\n<meta property=\"og:description\" content=\"A quiromancia, tamb\u00e9m conhecida como leitura das m\u00e3os, \u00e9 uma pr\u00e1tica milenar que une elementos simb\u00f3licos, filos\u00f3ficos e m\u00edsticos. Embora muitas vezes relegada ao campo do esoterismo, sua origem e desenvolvimento mostram uma tradi\u00e7\u00e3o rica que atravessou civiliza\u00e7\u00f5es, sendo considerada simultaneamente arte divinat\u00f3ria e ci\u00eancia simb\u00f3lica. A leitura das m\u00e3os, portanto, \u00e9 um conhecimento esot\u00e9rico, [&hellip;]\" \/>\n<meta property=\"og:url\" content=\"https:\/\/www.notibras.com\/site\/o-futuro-esta-na-palma-das-nossas-maos\/\" \/>\n<meta property=\"og:site_name\" content=\"Notibras\" \/>\n<meta property=\"article:publisher\" content=\"https:\/\/www.facebook.com\/notibras\/\" \/>\n<meta property=\"article:published_time\" content=\"2025-08-29T07:12:26+00:00\" \/>\n<meta property=\"og:image\" content=\"https:\/\/www.notibras.com\/site\/wp-content\/uploads\/2025\/08\/a1e681f0-c44a-4752-a3ba-06f9d8ccffe3.jpg\" \/>\n\t<meta property=\"og:image:width\" content=\"598\" \/>\n\t<meta property=\"og:image:height\" content=\"877\" \/>\n\t<meta property=\"og:image:type\" content=\"image\/jpeg\" \/>\n<meta name=\"author\" content=\"Reda\u00e7\u00e3o\" \/>\n<meta name=\"twitter:card\" content=\"summary_large_image\" \/>\n<meta name=\"twitter:creator\" content=\"@Notibras\" \/>\n<meta name=\"twitter:site\" content=\"@Notibras\" \/>\n<meta name=\"twitter:label1\" content=\"Escrito por\" \/>\n\t<meta name=\"twitter:data1\" content=\"Reda\u00e7\u00e3o\" \/>\n\t<meta name=\"twitter:label2\" content=\"Est. tempo de leitura\" \/>\n\t<meta name=\"twitter:data2\" content=\"5 minutos\" \/>\n<script type=\"application\/ld+json\" class=\"yoast-schema-graph\">{\"@context\":\"https:\/\/schema.org\",\"@graph\":[{\"@type\":\"Article\",\"@id\":\"https:\/\/www.notibras.com\/site\/o-futuro-esta-na-palma-das-nossas-maos\/#article\",\"isPartOf\":{\"@id\":\"https:\/\/www.notibras.com\/site\/o-futuro-esta-na-palma-das-nossas-maos\/\"},\"author\":{\"name\":\"Reda\u00e7\u00e3o\",\"@id\":\"https:\/\/www.notibras.com\/site\/#\/schema\/person\/36ab0979449956132d3e5b517ea76ac8\"},\"headline\":\"O futuro est\u00e1 na palma das nossas m\u00e3os\",\"datePublished\":\"2025-08-29T07:12:26+00:00\",\"mainEntityOfPage\":{\"@id\":\"https:\/\/www.notibras.com\/site\/o-futuro-esta-na-palma-das-nossas-maos\/\"},\"wordCount\":791,\"publisher\":{\"@id\":\"https:\/\/www.notibras.com\/site\/#organization\"},\"image\":{\"@id\":\"https:\/\/www.notibras.com\/site\/o-futuro-esta-na-palma-das-nossas-maos\/#primaryimage\"},\"thumbnailUrl\":\"https:\/\/www.notibras.com\/site\/wp-content\/uploads\/2025\/08\/a1e681f0-c44a-4752-a3ba-06f9d8ccffe3.jpg\",\"articleSection\":[\"Or\u00e1culos\"],\"inLanguage\":\"pt-BR\"},{\"@type\":\"WebPage\",\"@id\":\"https:\/\/www.notibras.com\/site\/o-futuro-esta-na-palma-das-nossas-maos\/\",\"url\":\"https:\/\/www.notibras.com\/site\/o-futuro-esta-na-palma-das-nossas-maos\/\",\"name\":\"O futuro est\u00e1 na palma das nossas m\u00e3os - Notibras\",\"isPartOf\":{\"@id\":\"https:\/\/www.notibras.com\/site\/#website\"},\"primaryImageOfPage\":{\"@id\":\"https:\/\/www.notibras.com\/site\/o-futuro-esta-na-palma-das-nossas-maos\/#primaryimage\"},\"image\":{\"@id\":\"https:\/\/www.notibras.com\/site\/o-futuro-esta-na-palma-das-nossas-maos\/#primaryimage\"},\"thumbnailUrl\":\"https:\/\/www.notibras.com\/site\/wp-content\/uploads\/2025\/08\/a1e681f0-c44a-4752-a3ba-06f9d8ccffe3.jpg\",\"datePublished\":\"2025-08-29T07:12:26+00:00\",\"breadcrumb\":{\"@id\":\"https:\/\/www.notibras.com\/site\/o-futuro-esta-na-palma-das-nossas-maos\/#breadcrumb\"},\"inLanguage\":\"pt-BR\",\"potentialAction\":[{\"@type\":\"ReadAction\",\"target\":[\"https:\/\/www.notibras.com\/site\/o-futuro-esta-na-palma-das-nossas-maos\/\"]}]},{\"@type\":\"ImageObject\",\"inLanguage\":\"pt-BR\",\"@id\":\"https:\/\/www.notibras.com\/site\/o-futuro-esta-na-palma-das-nossas-maos\/#primaryimage\",\"url\":\"https:\/\/www.notibras.com\/site\/wp-content\/uploads\/2025\/08\/a1e681f0-c44a-4752-a3ba-06f9d8ccffe3.jpg\",\"contentUrl\":\"https:\/\/www.notibras.com\/site\/wp-content\/uploads\/2025\/08\/a1e681f0-c44a-4752-a3ba-06f9d8ccffe3.jpg\",\"width\":598,\"height\":877},{\"@type\":\"BreadcrumbList\",\"@id\":\"https:\/\/www.notibras.com\/site\/o-futuro-esta-na-palma-das-nossas-maos\/#breadcrumb\",\"itemListElement\":[{\"@type\":\"ListItem\",\"position\":1,\"name\":\"In\u00edcio\",\"item\":\"https:\/\/www.notibras.com\/site\/\"},{\"@type\":\"ListItem\",\"position\":2,\"name\":\"O futuro est\u00e1 na palma das nossas m\u00e3os\"}]},{\"@type\":\"WebSite\",\"@id\":\"https:\/\/www.notibras.com\/site\/#website\",\"url\":\"https:\/\/www.notibras.com\/site\/\",\"name\":\"Notibras\",\"description\":\"Not\u00edcias de Bras\u00edlia, do Brasil e do Mundo\",\"publisher\":{\"@id\":\"https:\/\/www.notibras.com\/site\/#organization\"},\"potentialAction\":[{\"@type\":\"SearchAction\",\"target\":{\"@type\":\"EntryPoint\",\"urlTemplate\":\"https:\/\/www.notibras.com\/site\/?s={search_term_string}\"},\"query-input\":{\"@type\":\"PropertyValueSpecification\",\"valueRequired\":true,\"valueName\":\"search_term_string\"}}],\"inLanguage\":\"pt-BR\"},{\"@type\":\"Organization\",\"@id\":\"https:\/\/www.notibras.com\/site\/#organization\",\"name\":\"Grupo Notibras de Comunica\u00e7\u00e3o\",\"url\":\"https:\/\/www.notibras.com\/site\/\",\"logo\":{\"@type\":\"ImageObject\",\"inLanguage\":\"pt-BR\",\"@id\":\"https:\/\/www.notibras.com\/site\/#\/schema\/logo\/image\/\",\"url\":\"https:\/\/www.notibras.com\/site\/wp-content\/uploads\/2023\/01\/notibras23.png\",\"contentUrl\":\"https:\/\/www.notibras.com\/site\/wp-content\/uploads\/2023\/01\/notibras23.png\",\"width\":350,\"height\":87,\"caption\":\"Grupo Notibras de Comunica\u00e7\u00e3o\"},\"image\":{\"@id\":\"https:\/\/www.notibras.com\/site\/#\/schema\/logo\/image\/\"},\"sameAs\":[\"https:\/\/www.facebook.com\/notibras\/\",\"https:\/\/x.com\/Notibras\",\"https:\/\/www.instagram.com\/notibras\/\"]},{\"@type\":\"Person\",\"@id\":\"https:\/\/www.notibras.com\/site\/#\/schema\/person\/36ab0979449956132d3e5b517ea76ac8\",\"name\":\"Reda\u00e7\u00e3o\",\"image\":{\"@type\":\"ImageObject\",\"inLanguage\":\"pt-BR\",\"@id\":\"https:\/\/secure.gravatar.com\/avatar\/e0a867bdedb85fd243eadf09663511f96fc81e0720a4a42581f334ad4303aa6b?s=96&d=mm&r=g\",\"url\":\"https:\/\/secure.gravatar.com\/avatar\/e0a867bdedb85fd243eadf09663511f96fc81e0720a4a42581f334ad4303aa6b?s=96&d=mm&r=g\",\"contentUrl\":\"https:\/\/secure.gravatar.com\/avatar\/e0a867bdedb85fd243eadf09663511f96fc81e0720a4a42581f334ad4303aa6b?s=96&d=mm&r=g\",\"caption\":\"Reda\u00e7\u00e3o\"}}]}<\/script>\n<!-- \/ Yoast SEO plugin. -->","yoast_head_json":{"title":"O futuro est\u00e1 na palma das nossas m\u00e3os - Notibras","robots":{"index":"index","follow":"follow","max-snippet":"max-snippet:-1","max-image-preview":"max-image-preview:large","max-video-preview":"max-video-preview:-1"},"canonical":"https:\/\/www.notibras.com\/site\/o-futuro-esta-na-palma-das-nossas-maos\/","og_locale":"pt_BR","og_type":"article","og_title":"O futuro est\u00e1 na palma das nossas m\u00e3os - Notibras","og_description":"A quiromancia, tamb\u00e9m conhecida como leitura das m\u00e3os, \u00e9 uma pr\u00e1tica milenar que une elementos simb\u00f3licos, filos\u00f3ficos e m\u00edsticos. Embora muitas vezes relegada ao campo do esoterismo, sua origem e desenvolvimento mostram uma tradi\u00e7\u00e3o rica que atravessou civiliza\u00e7\u00f5es, sendo considerada simultaneamente arte divinat\u00f3ria e ci\u00eancia simb\u00f3lica. A leitura das m\u00e3os, portanto, \u00e9 um conhecimento esot\u00e9rico, [&hellip;]","og_url":"https:\/\/www.notibras.com\/site\/o-futuro-esta-na-palma-das-nossas-maos\/","og_site_name":"Notibras","article_publisher":"https:\/\/www.facebook.com\/notibras\/","article_published_time":"2025-08-29T07:12:26+00:00","og_image":[{"width":598,"height":877,"url":"https:\/\/www.notibras.com\/site\/wp-content\/uploads\/2025\/08\/a1e681f0-c44a-4752-a3ba-06f9d8ccffe3.jpg","type":"image\/jpeg"}],"author":"Reda\u00e7\u00e3o","twitter_card":"summary_large_image","twitter_creator":"@Notibras","twitter_site":"@Notibras","twitter_misc":{"Escrito por":"Reda\u00e7\u00e3o","Est. tempo de leitura":"5 minutos"},"schema":{"@context":"https:\/\/schema.org","@graph":[{"@type":"Article","@id":"https:\/\/www.notibras.com\/site\/o-futuro-esta-na-palma-das-nossas-maos\/#article","isPartOf":{"@id":"https:\/\/www.notibras.com\/site\/o-futuro-esta-na-palma-das-nossas-maos\/"},"author":{"name":"Reda\u00e7\u00e3o","@id":"https:\/\/www.notibras.com\/site\/#\/schema\/person\/36ab0979449956132d3e5b517ea76ac8"},"headline":"O futuro est\u00e1 na palma das nossas m\u00e3os","datePublished":"2025-08-29T07:12:26+00:00","mainEntityOfPage":{"@id":"https:\/\/www.notibras.com\/site\/o-futuro-esta-na-palma-das-nossas-maos\/"},"wordCount":791,"publisher":{"@id":"https:\/\/www.notibras.com\/site\/#organization"},"image":{"@id":"https:\/\/www.notibras.com\/site\/o-futuro-esta-na-palma-das-nossas-maos\/#primaryimage"},"thumbnailUrl":"https:\/\/www.notibras.com\/site\/wp-content\/uploads\/2025\/08\/a1e681f0-c44a-4752-a3ba-06f9d8ccffe3.jpg","articleSection":["Or\u00e1culos"],"inLanguage":"pt-BR"},{"@type":"WebPage","@id":"https:\/\/www.notibras.com\/site\/o-futuro-esta-na-palma-das-nossas-maos\/","url":"https:\/\/www.notibras.com\/site\/o-futuro-esta-na-palma-das-nossas-maos\/","name":"O futuro est\u00e1 na palma das nossas m\u00e3os - Notibras","isPartOf":{"@id":"https:\/\/www.notibras.com\/site\/#website"},"primaryImageOfPage":{"@id":"https:\/\/www.notibras.com\/site\/o-futuro-esta-na-palma-das-nossas-maos\/#primaryimage"},"image":{"@id":"https:\/\/www.notibras.com\/site\/o-futuro-esta-na-palma-das-nossas-maos\/#primaryimage"},"thumbnailUrl":"https:\/\/www.notibras.com\/site\/wp-content\/uploads\/2025\/08\/a1e681f0-c44a-4752-a3ba-06f9d8ccffe3.jpg","datePublished":"2025-08-29T07:12:26+00:00","breadcrumb":{"@id":"https:\/\/www.notibras.com\/site\/o-futuro-esta-na-palma-das-nossas-maos\/#breadcrumb"},"inLanguage":"pt-BR","potentialAction":[{"@type":"ReadAction","target":["https:\/\/www.notibras.com\/site\/o-futuro-esta-na-palma-das-nossas-maos\/"]}]},{"@type":"ImageObject","inLanguage":"pt-BR","@id":"https:\/\/www.notibras.com\/site\/o-futuro-esta-na-palma-das-nossas-maos\/#primaryimage","url":"https:\/\/www.notibras.com\/site\/wp-content\/uploads\/2025\/08\/a1e681f0-c44a-4752-a3ba-06f9d8ccffe3.jpg","contentUrl":"https:\/\/www.notibras.com\/site\/wp-content\/uploads\/2025\/08\/a1e681f0-c44a-4752-a3ba-06f9d8ccffe3.jpg","width":598,"height":877},{"@type":"BreadcrumbList","@id":"https:\/\/www.notibras.com\/site\/o-futuro-esta-na-palma-das-nossas-maos\/#breadcrumb","itemListElement":[{"@type":"ListItem","position":1,"name":"In\u00edcio","item":"https:\/\/www.notibras.com\/site\/"},{"@type":"ListItem","position":2,"name":"O futuro est\u00e1 na palma das nossas m\u00e3os"}]},{"@type":"WebSite","@id":"https:\/\/www.notibras.com\/site\/#website","url":"https:\/\/www.notibras.com\/site\/","name":"Notibras","description":"Not\u00edcias de Bras\u00edlia, do Brasil e do Mundo","publisher":{"@id":"https:\/\/www.notibras.com\/site\/#organization"},"potentialAction":[{"@type":"SearchAction","target":{"@type":"EntryPoint","urlTemplate":"https:\/\/www.notibras.com\/site\/?s={search_term_string}"},"query-input":{"@type":"PropertyValueSpecification","valueRequired":true,"valueName":"search_term_string"}}],"inLanguage":"pt-BR"},{"@type":"Organization","@id":"https:\/\/www.notibras.com\/site\/#organization","name":"Grupo Notibras de Comunica\u00e7\u00e3o","url":"https:\/\/www.notibras.com\/site\/","logo":{"@type":"ImageObject","inLanguage":"pt-BR","@id":"https:\/\/www.notibras.com\/site\/#\/schema\/logo\/image\/","url":"https:\/\/www.notibras.com\/site\/wp-content\/uploads\/2023\/01\/notibras23.png","contentUrl":"https:\/\/www.notibras.com\/site\/wp-content\/uploads\/2023\/01\/notibras23.png","width":350,"height":87,"caption":"Grupo Notibras de Comunica\u00e7\u00e3o"},"image":{"@id":"https:\/\/www.notibras.com\/site\/#\/schema\/logo\/image\/"},"sameAs":["https:\/\/www.facebook.com\/notibras\/","https:\/\/x.com\/Notibras","https:\/\/www.instagram.com\/notibras\/"]},{"@type":"Person","@id":"https:\/\/www.notibras.com\/site\/#\/schema\/person\/36ab0979449956132d3e5b517ea76ac8","name":"Reda\u00e7\u00e3o","image":{"@type":"ImageObject","inLanguage":"pt-BR","@id":"https:\/\/secure.gravatar.com\/avatar\/e0a867bdedb85fd243eadf09663511f96fc81e0720a4a42581f334ad4303aa6b?s=96&d=mm&r=g","url":"https:\/\/secure.gravatar.com\/avatar\/e0a867bdedb85fd243eadf09663511f96fc81e0720a4a42581f334ad4303aa6b?s=96&d=mm&r=g","contentUrl":"https:\/\/secure.gravatar.com\/avatar\/e0a867bdedb85fd243eadf09663511f96fc81e0720a4a42581f334ad4303aa6b?s=96&d=mm&r=g","caption":"Reda\u00e7\u00e3o"}}]}},"amp_enabled":true,"_links":{"self":[{"href":"https:\/\/www.notibras.com\/site\/wp-json\/wp\/v2\/posts\/362533","targetHints":{"allow":["GET"]}}],"collection":[{"href":"https:\/\/www.notibras.com\/site\/wp-json\/wp\/v2\/posts"}],"about":[{"href":"https:\/\/www.notibras.com\/site\/wp-json\/wp\/v2\/types\/post"}],"author":[{"embeddable":true,"href":"https:\/\/www.notibras.com\/site\/wp-json\/wp\/v2\/users\/2"}],"replies":[{"embeddable":true,"href":"https:\/\/www.notibras.com\/site\/wp-json\/wp\/v2\/comments?post=362533"}],"version-history":[{"count":1,"href":"https:\/\/www.notibras.com\/site\/wp-json\/wp\/v2\/posts\/362533\/revisions"}],"predecessor-version":[{"id":362535,"href":"https:\/\/www.notibras.com\/site\/wp-json\/wp\/v2\/posts\/362533\/revisions\/362535"}],"wp:featuredmedia":[{"embeddable":true,"href":"https:\/\/www.notibras.com\/site\/wp-json\/wp\/v2\/media\/362534"}],"wp:attachment":[{"href":"https:\/\/www.notibras.com\/site\/wp-json\/wp\/v2\/media?parent=362533"}],"wp:term":[{"taxonomy":"category","embeddable":true,"href":"https:\/\/www.notibras.com\/site\/wp-json\/wp\/v2\/categories?post=362533"},{"taxonomy":"post_tag","embeddable":true,"href":"https:\/\/www.notibras.com\/site\/wp-json\/wp\/v2\/tags?post=362533"}],"curies":[{"name":"wp","href":"https:\/\/api.w.org\/{rel}","templated":true}]}}