{"id":362536,"date":"2025-08-29T04:00:06","date_gmt":"2025-08-29T07:00:06","guid":{"rendered":"https:\/\/www.notibras.com\/site\/?p=362536"},"modified":"2025-08-29T04:17:55","modified_gmt":"2025-08-29T07:17:55","slug":"a-historia-do-mestre-arquiteto-do-templo-de-salomao","status":"publish","type":"post","link":"https:\/\/www.notibras.com\/site\/a-historia-do-mestre-arquiteto-do-templo-de-salomao\/","title":{"rendered":"A hist\u00f3ria do Mestre Arquiteto do Templo de Salom\u00e3o"},"content":{"rendered":"<p>Hiram Abif \u00e9 uma figura lend\u00e1ria, reverenciada como o mestre arquiteto do Templo de Salom\u00e3o, uma das obras mais emblem\u00e1ticas da antiguidade. Embora sua figura apare\u00e7a principalmente nas tradi\u00e7\u00f5es ma\u00e7\u00f4nicas, sua lenda ressoa atrav\u00e9s dos tempos e idades, simbolizando a busca humana pela perfei\u00e7\u00e3o e harmonia. O Templo de Salom\u00e3o foi projetado para ser o centro espiritual do povo de Israel, em Jerusalem. Sua constru\u00e7\u00e3o, segundo relatos b\u00edblicos e tradi\u00e7\u00f5es anci\u00e3s, foi um feito monumental, empregando milhares de trabalhadores e demandando materiais de todo o mundo conhecido. O templo foi constru\u00eddo sobre o Monte Mori\u00e1, o mesmo local onde Abra\u00e3o teria oferecido seu filho Isaque em sacrif\u00edcio, conferindo-lhe um profundo significado espiritual. Suas propor\u00e7\u00f5es eram harmoniosas, estruturado em tr\u00eas partes principais: o \u00c1trio, o Santo e o Sant\u00edssimo. Suas dimens\u00f5es, conforme descritas nas escrituras, eram monumentais para a \u00e9poca. Sua orienta\u00e7\u00e3o geogr\u00e1fica, com a entrada voltada para o leste, simboliza a abertura para a luz e a sabedoria divina.<\/p>\n<p>Hiram \u00e9 celebrado como o arqu\u00e9tipo do mestre construtor, pela ma\u00e7onaria. Segundo a lenda, ele foi trazido de Tiro a pedido do rei Salom\u00e3o para supervisionar a constru\u00e7\u00e3o do templo. Sua habilidade, sabedoria e dedica\u00e7\u00e3o ao of\u00edcio s\u00e3o ressaltadas, mas \u00e9 sua morte tr\u00e1gica que se torna o cerne do simbolismo ma\u00e7\u00f4nico. Hiram teria sido assassinado por tr\u00eas companheiros que desejavam arrancar-lhe os segredos do of\u00edcio antes do tempo apropriado. Essa narrativa simboliza a luta pela integridade e a busca incessante pelo conhecimento e poder. Esse drama carrega em si elementos que ressoam fortemente com a filosofia alqu\u00edmica. Por\u00e9m, em seu sentido mais profundo, \u00e9 a arte da transmuta\u00e7\u00e3o, n\u00e3o apenas de metais, mas do pr\u00f3prio esp\u00edrito humano. Assim como o alquimista busca a Pedra Filosofal atrav\u00e9s da purifica\u00e7\u00e3o e transforma\u00e7\u00e3o, Hiram representa a busca pelo aperfei\u00e7oamento e a ilumina\u00e7\u00e3o.<\/p>\n<p>Existe uma rela\u00e7\u00e3o intr\u00ednseca da lenda de Hiram Abif com a filosofia alqu\u00edmica. Sua figura pode ser entendida como um s\u00edmbolo alqu\u00edmico, onde sua morte e ressurrei\u00e7\u00e3o representam a transforma\u00e7\u00e3o espiritual. A lenda sugere que o verdadeiro segredo n\u00e3o reside na posse de t\u00e9cnicas ou f\u00f3rmulas, mas na capacidade de transcender limita\u00e7\u00f5es e alcan\u00e7ar uma nova forma de ser. Em sua ess\u00eancia, transcende o papel de um simples arquiteto e se torna um s\u00edmbolo do ideal humano de perfei\u00e7\u00e3o e da busca eterna pelo conhecimento.<\/p>\n<p>Sua hist\u00f3ria, embebida em mist\u00e9rio e simbolismo, continua a inspirar aqueles que buscam entender os segredos do universo e do esp\u00edrito humano. Em um mundo em constante transforma\u00e7\u00e3o e transmuta\u00e7\u00e3o, essa lenda nos lembra que a verdadeira constru\u00e7\u00e3o \u00e9 aquela que erguemos dentro de n\u00f3s mesmos. Sua influ\u00eancia irradiou-se por diversas tradi\u00e7\u00f5es esot\u00e9ricas. Deixou marcas profundas na cultura contempor\u00e2nea e o mito do mestre arquiteto do Templo de Salom\u00e3o tornou-se um arqu\u00e9tipo universal de sacrif\u00edcio, transforma\u00e7\u00e3o e busca do conhecimento oculto, dialogando com correntes como o hermetismo, a alquimia, o ocultismo moderno e at\u00e9 movimentos de renova\u00e7\u00e3o espiritual no s\u00e9culo XXI. O arqu\u00e9tipo de Hiram Abif, o mestre sacrificado portador de um segredo perdido, aparece em romances esot\u00e9ricos, filmes de suspense, s\u00e9ries e at\u00e9 jogos eletr\u00f4nicos. Representa o construtor que, ao morrer, deixa um legado de mist\u00e9rio e uma promessa de renascimento, inspirando roteiros sobre sociedades secretas, ordens inici\u00e1ticas e jornadas de autoconhecimento.<\/p>\n<p>No ambiente contempor\u00e2neo, especialmente em c\u00edrculos de espiritualidade e Nova Era, \u00e9 frequentemente evocado como um s\u00edmbolo da jornada interior e da busca por ilumina\u00e7\u00e3o. Ele representa o arqu\u00e9tipo do mestre interior que cada indiv\u00edduo deve descobrir e despertar em si mesmo. Movimentos espirituais modernos utilizam a figura de Hiram para ensinar sobre a import\u00e2ncia do equil\u00edbrio entre mente, corpo e esp\u00edrito, e a necessidade de transcend\u00eancia pessoal. A narrativa de morte e de seu renascimento ressoa com pr\u00e1ticas de medita\u00e7\u00e3o, rituais de autodescoberta e retiros espirituais, onde a transforma\u00e7\u00e3o pessoal \u00e9 vista como um processo cont\u00ednuo de lapida\u00e7\u00e3o e refinamento, tal como um arquiteto que constr\u00f3i sua obra-prima. Embora profundamente enraizada na tradi\u00e7\u00e3o ma\u00e7\u00f4nica, a lenda do mestre filho da vi\u00fava que morre por n\u00e3o entregar o segredo, transcendeu suas origens para se tornar um s\u00edmbolo universal de sabedoria, sacrif\u00edcio e renova\u00e7\u00e3o.<\/p>\n<p>Sua influ\u00eancia se estende por v\u00e1rias tradi\u00e7\u00f5es esot\u00e9ricas e continua a inspirar aqueles que buscam compreender os mist\u00e9rios mais profundos da exist\u00eancia. Em um mundo em constante mudan\u00e7a, seu arqu\u00e9tipo serve como um lembrete atemporal de que a verdadeira constru\u00e7\u00e3o \u00e9 aquela que ocorre dentro de n\u00f3s mesmos, atrav\u00e9s da busca incessante por conhecimento e ilumina\u00e7\u00e3o. Para voc\u00ea, qual segredo ou palavra, valeriam sua vida?<\/p>\n<p>&#8230;&#8230;&#8230;&#8230;&#8230;&#8230;&#8230;.<\/p>\n<p><strong>Marco Mammoli \u00e9 Mestre Conselheiro e Membro do conselho do Col\u00e9gio dos Magos e Sacerdotisas. Contato direto com o Col\u00e9gio dos Magos e Sacerdotisas atrav\u00e9s da Bio, Direct e o Whatsapp: 81 997302139.<\/strong><\/p>\n","protected":false},"excerpt":{"rendered":"<p>Hiram Abif \u00e9 uma figura lend\u00e1ria, reverenciada como o mestre arquiteto do Templo de Salom\u00e3o, uma das obras mais emblem\u00e1ticas da antiguidade. Embora sua figura apare\u00e7a principalmente nas tradi\u00e7\u00f5es ma\u00e7\u00f4nicas, sua lenda ressoa atrav\u00e9s dos tempos e idades, simbolizando a busca humana pela perfei\u00e7\u00e3o e harmonia. O Templo de Salom\u00e3o foi projetado para ser o [&hellip;]<\/p>\n","protected":false},"author":2,"featured_media":362537,"comment_status":"closed","ping_status":"closed","sticky":false,"template":"","format":"standard","meta":{"_acf_changed":false,"footnotes":""},"categories":[237],"tags":[],"class_list":["post-362536","post","type-post","status-publish","format-standard","has-post-thumbnail","hentry","category-oraculos"],"acf":[],"yoast_head":"<!-- This site is optimized with the Yoast SEO plugin v27.2 - https:\/\/yoast.com\/product\/yoast-seo-wordpress\/ -->\n<title>A hist\u00f3ria do Mestre Arquiteto do Templo de Salom\u00e3o - Notibras<\/title>\n<meta name=\"robots\" content=\"index, follow, max-snippet:-1, max-image-preview:large, max-video-preview:-1\" \/>\n<link rel=\"canonical\" href=\"https:\/\/www.notibras.com\/site\/a-historia-do-mestre-arquiteto-do-templo-de-salomao\/\" \/>\n<meta property=\"og:locale\" content=\"pt_BR\" \/>\n<meta property=\"og:type\" content=\"article\" \/>\n<meta property=\"og:title\" content=\"A hist\u00f3ria do Mestre Arquiteto do Templo de Salom\u00e3o - Notibras\" \/>\n<meta property=\"og:description\" content=\"Hiram Abif \u00e9 uma figura lend\u00e1ria, reverenciada como o mestre arquiteto do Templo de Salom\u00e3o, uma das obras mais emblem\u00e1ticas da antiguidade. Embora sua figura apare\u00e7a principalmente nas tradi\u00e7\u00f5es ma\u00e7\u00f4nicas, sua lenda ressoa atrav\u00e9s dos tempos e idades, simbolizando a busca humana pela perfei\u00e7\u00e3o e harmonia. O Templo de Salom\u00e3o foi projetado para ser o [&hellip;]\" \/>\n<meta property=\"og:url\" content=\"https:\/\/www.notibras.com\/site\/a-historia-do-mestre-arquiteto-do-templo-de-salomao\/\" \/>\n<meta property=\"og:site_name\" content=\"Notibras\" \/>\n<meta property=\"article:publisher\" content=\"https:\/\/www.facebook.com\/notibras\/\" \/>\n<meta property=\"article:published_time\" content=\"2025-08-29T07:00:06+00:00\" \/>\n<meta property=\"article:modified_time\" content=\"2025-08-29T07:17:55+00:00\" \/>\n<meta property=\"og:image\" content=\"https:\/\/www.notibras.com\/site\/wp-content\/uploads\/2025\/08\/66251c8f-c242-4236-8477-b5bcf1ba3549.jpg\" \/>\n\t<meta property=\"og:image:width\" content=\"436\" \/>\n\t<meta property=\"og:image:height\" content=\"436\" \/>\n\t<meta property=\"og:image:type\" content=\"image\/jpeg\" \/>\n<meta name=\"author\" content=\"Reda\u00e7\u00e3o\" \/>\n<meta name=\"twitter:card\" content=\"summary_large_image\" \/>\n<meta name=\"twitter:creator\" content=\"@Notibras\" \/>\n<meta name=\"twitter:site\" content=\"@Notibras\" \/>\n<meta name=\"twitter:label1\" content=\"Escrito por\" \/>\n\t<meta name=\"twitter:data1\" content=\"Reda\u00e7\u00e3o\" \/>\n\t<meta name=\"twitter:label2\" content=\"Est. tempo de leitura\" \/>\n\t<meta name=\"twitter:data2\" content=\"5 minutos\" \/>\n<script type=\"application\/ld+json\" class=\"yoast-schema-graph\">{\"@context\":\"https:\/\/schema.org\",\"@graph\":[{\"@type\":\"Article\",\"@id\":\"https:\/\/www.notibras.com\/site\/a-historia-do-mestre-arquiteto-do-templo-de-salomao\/#article\",\"isPartOf\":{\"@id\":\"https:\/\/www.notibras.com\/site\/a-historia-do-mestre-arquiteto-do-templo-de-salomao\/\"},\"author\":{\"name\":\"Reda\u00e7\u00e3o\",\"@id\":\"https:\/\/www.notibras.com\/site\/#\/schema\/person\/36ab0979449956132d3e5b517ea76ac8\"},\"headline\":\"A hist\u00f3ria do Mestre Arquiteto do Templo de Salom\u00e3o\",\"datePublished\":\"2025-08-29T07:00:06+00:00\",\"dateModified\":\"2025-08-29T07:17:55+00:00\",\"mainEntityOfPage\":{\"@id\":\"https:\/\/www.notibras.com\/site\/a-historia-do-mestre-arquiteto-do-templo-de-salomao\/\"},\"wordCount\":898,\"publisher\":{\"@id\":\"https:\/\/www.notibras.com\/site\/#organization\"},\"image\":{\"@id\":\"https:\/\/www.notibras.com\/site\/a-historia-do-mestre-arquiteto-do-templo-de-salomao\/#primaryimage\"},\"thumbnailUrl\":\"https:\/\/www.notibras.com\/site\/wp-content\/uploads\/2025\/08\/66251c8f-c242-4236-8477-b5bcf1ba3549.jpg\",\"articleSection\":[\"Or\u00e1culos\"],\"inLanguage\":\"pt-BR\"},{\"@type\":\"WebPage\",\"@id\":\"https:\/\/www.notibras.com\/site\/a-historia-do-mestre-arquiteto-do-templo-de-salomao\/\",\"url\":\"https:\/\/www.notibras.com\/site\/a-historia-do-mestre-arquiteto-do-templo-de-salomao\/\",\"name\":\"A hist\u00f3ria do Mestre Arquiteto do Templo de Salom\u00e3o - Notibras\",\"isPartOf\":{\"@id\":\"https:\/\/www.notibras.com\/site\/#website\"},\"primaryImageOfPage\":{\"@id\":\"https:\/\/www.notibras.com\/site\/a-historia-do-mestre-arquiteto-do-templo-de-salomao\/#primaryimage\"},\"image\":{\"@id\":\"https:\/\/www.notibras.com\/site\/a-historia-do-mestre-arquiteto-do-templo-de-salomao\/#primaryimage\"},\"thumbnailUrl\":\"https:\/\/www.notibras.com\/site\/wp-content\/uploads\/2025\/08\/66251c8f-c242-4236-8477-b5bcf1ba3549.jpg\",\"datePublished\":\"2025-08-29T07:00:06+00:00\",\"dateModified\":\"2025-08-29T07:17:55+00:00\",\"breadcrumb\":{\"@id\":\"https:\/\/www.notibras.com\/site\/a-historia-do-mestre-arquiteto-do-templo-de-salomao\/#breadcrumb\"},\"inLanguage\":\"pt-BR\",\"potentialAction\":[{\"@type\":\"ReadAction\",\"target\":[\"https:\/\/www.notibras.com\/site\/a-historia-do-mestre-arquiteto-do-templo-de-salomao\/\"]}]},{\"@type\":\"ImageObject\",\"inLanguage\":\"pt-BR\",\"@id\":\"https:\/\/www.notibras.com\/site\/a-historia-do-mestre-arquiteto-do-templo-de-salomao\/#primaryimage\",\"url\":\"https:\/\/www.notibras.com\/site\/wp-content\/uploads\/2025\/08\/66251c8f-c242-4236-8477-b5bcf1ba3549.jpg\",\"contentUrl\":\"https:\/\/www.notibras.com\/site\/wp-content\/uploads\/2025\/08\/66251c8f-c242-4236-8477-b5bcf1ba3549.jpg\",\"width\":436,\"height\":436},{\"@type\":\"BreadcrumbList\",\"@id\":\"https:\/\/www.notibras.com\/site\/a-historia-do-mestre-arquiteto-do-templo-de-salomao\/#breadcrumb\",\"itemListElement\":[{\"@type\":\"ListItem\",\"position\":1,\"name\":\"In\u00edcio\",\"item\":\"https:\/\/www.notibras.com\/site\/\"},{\"@type\":\"ListItem\",\"position\":2,\"name\":\"A hist\u00f3ria do Mestre Arquiteto do Templo de Salom\u00e3o\"}]},{\"@type\":\"WebSite\",\"@id\":\"https:\/\/www.notibras.com\/site\/#website\",\"url\":\"https:\/\/www.notibras.com\/site\/\",\"name\":\"Notibras\",\"description\":\"Not\u00edcias de Bras\u00edlia, do Brasil e do Mundo\",\"publisher\":{\"@id\":\"https:\/\/www.notibras.com\/site\/#organization\"},\"potentialAction\":[{\"@type\":\"SearchAction\",\"target\":{\"@type\":\"EntryPoint\",\"urlTemplate\":\"https:\/\/www.notibras.com\/site\/?s={search_term_string}\"},\"query-input\":{\"@type\":\"PropertyValueSpecification\",\"valueRequired\":true,\"valueName\":\"search_term_string\"}}],\"inLanguage\":\"pt-BR\"},{\"@type\":\"Organization\",\"@id\":\"https:\/\/www.notibras.com\/site\/#organization\",\"name\":\"Grupo Notibras de Comunica\u00e7\u00e3o\",\"url\":\"https:\/\/www.notibras.com\/site\/\",\"logo\":{\"@type\":\"ImageObject\",\"inLanguage\":\"pt-BR\",\"@id\":\"https:\/\/www.notibras.com\/site\/#\/schema\/logo\/image\/\",\"url\":\"https:\/\/www.notibras.com\/site\/wp-content\/uploads\/2023\/01\/notibras23.png\",\"contentUrl\":\"https:\/\/www.notibras.com\/site\/wp-content\/uploads\/2023\/01\/notibras23.png\",\"width\":350,\"height\":87,\"caption\":\"Grupo Notibras de Comunica\u00e7\u00e3o\"},\"image\":{\"@id\":\"https:\/\/www.notibras.com\/site\/#\/schema\/logo\/image\/\"},\"sameAs\":[\"https:\/\/www.facebook.com\/notibras\/\",\"https:\/\/x.com\/Notibras\",\"https:\/\/www.instagram.com\/notibras\/\"]},{\"@type\":\"Person\",\"@id\":\"https:\/\/www.notibras.com\/site\/#\/schema\/person\/36ab0979449956132d3e5b517ea76ac8\",\"name\":\"Reda\u00e7\u00e3o\",\"image\":{\"@type\":\"ImageObject\",\"inLanguage\":\"pt-BR\",\"@id\":\"https:\/\/secure.gravatar.com\/avatar\/e0a867bdedb85fd243eadf09663511f96fc81e0720a4a42581f334ad4303aa6b?s=96&d=mm&r=g\",\"url\":\"https:\/\/secure.gravatar.com\/avatar\/e0a867bdedb85fd243eadf09663511f96fc81e0720a4a42581f334ad4303aa6b?s=96&d=mm&r=g\",\"contentUrl\":\"https:\/\/secure.gravatar.com\/avatar\/e0a867bdedb85fd243eadf09663511f96fc81e0720a4a42581f334ad4303aa6b?s=96&d=mm&r=g\",\"caption\":\"Reda\u00e7\u00e3o\"}}]}<\/script>\n<!-- \/ Yoast SEO plugin. -->","yoast_head_json":{"title":"A hist\u00f3ria do Mestre Arquiteto do Templo de Salom\u00e3o - Notibras","robots":{"index":"index","follow":"follow","max-snippet":"max-snippet:-1","max-image-preview":"max-image-preview:large","max-video-preview":"max-video-preview:-1"},"canonical":"https:\/\/www.notibras.com\/site\/a-historia-do-mestre-arquiteto-do-templo-de-salomao\/","og_locale":"pt_BR","og_type":"article","og_title":"A hist\u00f3ria do Mestre Arquiteto do Templo de Salom\u00e3o - Notibras","og_description":"Hiram Abif \u00e9 uma figura lend\u00e1ria, reverenciada como o mestre arquiteto do Templo de Salom\u00e3o, uma das obras mais emblem\u00e1ticas da antiguidade. Embora sua figura apare\u00e7a principalmente nas tradi\u00e7\u00f5es ma\u00e7\u00f4nicas, sua lenda ressoa atrav\u00e9s dos tempos e idades, simbolizando a busca humana pela perfei\u00e7\u00e3o e harmonia. O Templo de Salom\u00e3o foi projetado para ser o [&hellip;]","og_url":"https:\/\/www.notibras.com\/site\/a-historia-do-mestre-arquiteto-do-templo-de-salomao\/","og_site_name":"Notibras","article_publisher":"https:\/\/www.facebook.com\/notibras\/","article_published_time":"2025-08-29T07:00:06+00:00","article_modified_time":"2025-08-29T07:17:55+00:00","og_image":[{"width":436,"height":436,"url":"https:\/\/www.notibras.com\/site\/wp-content\/uploads\/2025\/08\/66251c8f-c242-4236-8477-b5bcf1ba3549.jpg","type":"image\/jpeg"}],"author":"Reda\u00e7\u00e3o","twitter_card":"summary_large_image","twitter_creator":"@Notibras","twitter_site":"@Notibras","twitter_misc":{"Escrito por":"Reda\u00e7\u00e3o","Est. tempo de leitura":"5 minutos"},"schema":{"@context":"https:\/\/schema.org","@graph":[{"@type":"Article","@id":"https:\/\/www.notibras.com\/site\/a-historia-do-mestre-arquiteto-do-templo-de-salomao\/#article","isPartOf":{"@id":"https:\/\/www.notibras.com\/site\/a-historia-do-mestre-arquiteto-do-templo-de-salomao\/"},"author":{"name":"Reda\u00e7\u00e3o","@id":"https:\/\/www.notibras.com\/site\/#\/schema\/person\/36ab0979449956132d3e5b517ea76ac8"},"headline":"A hist\u00f3ria do Mestre Arquiteto do Templo de Salom\u00e3o","datePublished":"2025-08-29T07:00:06+00:00","dateModified":"2025-08-29T07:17:55+00:00","mainEntityOfPage":{"@id":"https:\/\/www.notibras.com\/site\/a-historia-do-mestre-arquiteto-do-templo-de-salomao\/"},"wordCount":898,"publisher":{"@id":"https:\/\/www.notibras.com\/site\/#organization"},"image":{"@id":"https:\/\/www.notibras.com\/site\/a-historia-do-mestre-arquiteto-do-templo-de-salomao\/#primaryimage"},"thumbnailUrl":"https:\/\/www.notibras.com\/site\/wp-content\/uploads\/2025\/08\/66251c8f-c242-4236-8477-b5bcf1ba3549.jpg","articleSection":["Or\u00e1culos"],"inLanguage":"pt-BR"},{"@type":"WebPage","@id":"https:\/\/www.notibras.com\/site\/a-historia-do-mestre-arquiteto-do-templo-de-salomao\/","url":"https:\/\/www.notibras.com\/site\/a-historia-do-mestre-arquiteto-do-templo-de-salomao\/","name":"A hist\u00f3ria do Mestre Arquiteto do Templo de Salom\u00e3o - Notibras","isPartOf":{"@id":"https:\/\/www.notibras.com\/site\/#website"},"primaryImageOfPage":{"@id":"https:\/\/www.notibras.com\/site\/a-historia-do-mestre-arquiteto-do-templo-de-salomao\/#primaryimage"},"image":{"@id":"https:\/\/www.notibras.com\/site\/a-historia-do-mestre-arquiteto-do-templo-de-salomao\/#primaryimage"},"thumbnailUrl":"https:\/\/www.notibras.com\/site\/wp-content\/uploads\/2025\/08\/66251c8f-c242-4236-8477-b5bcf1ba3549.jpg","datePublished":"2025-08-29T07:00:06+00:00","dateModified":"2025-08-29T07:17:55+00:00","breadcrumb":{"@id":"https:\/\/www.notibras.com\/site\/a-historia-do-mestre-arquiteto-do-templo-de-salomao\/#breadcrumb"},"inLanguage":"pt-BR","potentialAction":[{"@type":"ReadAction","target":["https:\/\/www.notibras.com\/site\/a-historia-do-mestre-arquiteto-do-templo-de-salomao\/"]}]},{"@type":"ImageObject","inLanguage":"pt-BR","@id":"https:\/\/www.notibras.com\/site\/a-historia-do-mestre-arquiteto-do-templo-de-salomao\/#primaryimage","url":"https:\/\/www.notibras.com\/site\/wp-content\/uploads\/2025\/08\/66251c8f-c242-4236-8477-b5bcf1ba3549.jpg","contentUrl":"https:\/\/www.notibras.com\/site\/wp-content\/uploads\/2025\/08\/66251c8f-c242-4236-8477-b5bcf1ba3549.jpg","width":436,"height":436},{"@type":"BreadcrumbList","@id":"https:\/\/www.notibras.com\/site\/a-historia-do-mestre-arquiteto-do-templo-de-salomao\/#breadcrumb","itemListElement":[{"@type":"ListItem","position":1,"name":"In\u00edcio","item":"https:\/\/www.notibras.com\/site\/"},{"@type":"ListItem","position":2,"name":"A hist\u00f3ria do Mestre Arquiteto do Templo de Salom\u00e3o"}]},{"@type":"WebSite","@id":"https:\/\/www.notibras.com\/site\/#website","url":"https:\/\/www.notibras.com\/site\/","name":"Notibras","description":"Not\u00edcias de Bras\u00edlia, do Brasil e do Mundo","publisher":{"@id":"https:\/\/www.notibras.com\/site\/#organization"},"potentialAction":[{"@type":"SearchAction","target":{"@type":"EntryPoint","urlTemplate":"https:\/\/www.notibras.com\/site\/?s={search_term_string}"},"query-input":{"@type":"PropertyValueSpecification","valueRequired":true,"valueName":"search_term_string"}}],"inLanguage":"pt-BR"},{"@type":"Organization","@id":"https:\/\/www.notibras.com\/site\/#organization","name":"Grupo Notibras de Comunica\u00e7\u00e3o","url":"https:\/\/www.notibras.com\/site\/","logo":{"@type":"ImageObject","inLanguage":"pt-BR","@id":"https:\/\/www.notibras.com\/site\/#\/schema\/logo\/image\/","url":"https:\/\/www.notibras.com\/site\/wp-content\/uploads\/2023\/01\/notibras23.png","contentUrl":"https:\/\/www.notibras.com\/site\/wp-content\/uploads\/2023\/01\/notibras23.png","width":350,"height":87,"caption":"Grupo Notibras de Comunica\u00e7\u00e3o"},"image":{"@id":"https:\/\/www.notibras.com\/site\/#\/schema\/logo\/image\/"},"sameAs":["https:\/\/www.facebook.com\/notibras\/","https:\/\/x.com\/Notibras","https:\/\/www.instagram.com\/notibras\/"]},{"@type":"Person","@id":"https:\/\/www.notibras.com\/site\/#\/schema\/person\/36ab0979449956132d3e5b517ea76ac8","name":"Reda\u00e7\u00e3o","image":{"@type":"ImageObject","inLanguage":"pt-BR","@id":"https:\/\/secure.gravatar.com\/avatar\/e0a867bdedb85fd243eadf09663511f96fc81e0720a4a42581f334ad4303aa6b?s=96&d=mm&r=g","url":"https:\/\/secure.gravatar.com\/avatar\/e0a867bdedb85fd243eadf09663511f96fc81e0720a4a42581f334ad4303aa6b?s=96&d=mm&r=g","contentUrl":"https:\/\/secure.gravatar.com\/avatar\/e0a867bdedb85fd243eadf09663511f96fc81e0720a4a42581f334ad4303aa6b?s=96&d=mm&r=g","caption":"Reda\u00e7\u00e3o"}}]}},"amp_enabled":true,"_links":{"self":[{"href":"https:\/\/www.notibras.com\/site\/wp-json\/wp\/v2\/posts\/362536","targetHints":{"allow":["GET"]}}],"collection":[{"href":"https:\/\/www.notibras.com\/site\/wp-json\/wp\/v2\/posts"}],"about":[{"href":"https:\/\/www.notibras.com\/site\/wp-json\/wp\/v2\/types\/post"}],"author":[{"embeddable":true,"href":"https:\/\/www.notibras.com\/site\/wp-json\/wp\/v2\/users\/2"}],"replies":[{"embeddable":true,"href":"https:\/\/www.notibras.com\/site\/wp-json\/wp\/v2\/comments?post=362536"}],"version-history":[{"count":1,"href":"https:\/\/www.notibras.com\/site\/wp-json\/wp\/v2\/posts\/362536\/revisions"}],"predecessor-version":[{"id":362538,"href":"https:\/\/www.notibras.com\/site\/wp-json\/wp\/v2\/posts\/362536\/revisions\/362538"}],"wp:featuredmedia":[{"embeddable":true,"href":"https:\/\/www.notibras.com\/site\/wp-json\/wp\/v2\/media\/362537"}],"wp:attachment":[{"href":"https:\/\/www.notibras.com\/site\/wp-json\/wp\/v2\/media?parent=362536"}],"wp:term":[{"taxonomy":"category","embeddable":true,"href":"https:\/\/www.notibras.com\/site\/wp-json\/wp\/v2\/categories?post=362536"},{"taxonomy":"post_tag","embeddable":true,"href":"https:\/\/www.notibras.com\/site\/wp-json\/wp\/v2\/tags?post=362536"}],"curies":[{"name":"wp","href":"https:\/\/api.w.org\/{rel}","templated":true}]}}