{"id":362572,"date":"2025-08-29T00:00:15","date_gmt":"2025-08-29T03:00:15","guid":{"rendered":"https:\/\/www.notibras.com\/site\/?p=362572"},"modified":"2025-08-29T05:44:35","modified_gmt":"2025-08-29T08:44:35","slug":"projeto-agroflorestando-promove-restauracao-do-cerrado","status":"publish","type":"post","link":"https:\/\/www.notibras.com\/site\/projeto-agroflorestando-promove-restauracao-do-cerrado\/","title":{"rendered":"Projeto Agroflorestando promove restaura\u00e7\u00e3o do Cerrado"},"content":{"rendered":"<p>Conciliar pr\u00e1ticas agr\u00edcolas com a recupera\u00e7\u00e3o do solo e da vegeta\u00e7\u00e3o nativa \u00e9 o objetivo central do projeto Agroflorestando, coordenado pela professora Cristiane Gomes Barreto, do Centro de Desenvolvimento Sustent\u00e1vel da Universidade de Bras\u00edlia (CDS\/UnB), com apoio da FAPDF por meio do Edital Learning 2023.<\/p>\n<p>Bi\u00f3loga formada pela UnB, Cristiane construiu uma carreira marcada pelo di\u00e1logo entre ci\u00eancia e pol\u00edticas p\u00fablicas ambientais. Ap\u00f3s experi\u00eancias em zoologia, consultoria e licenciamento, retornou \u00e0 universidade para o doutorado em Desenvolvimento Sustent\u00e1vel, onde investigou a hist\u00f3ria ambiental e a paisagem.<\/p>\n<p>Desde 2016, como servidora, atua em projetos voltados \u00e0 restaura\u00e7\u00e3o ecol\u00f3gica, agricultura familiar e inova\u00e7\u00e3o social.<\/p>\n<p>O Agroflorestando foi estruturado em tr\u00eas eixos: o fortalecimento comunit\u00e1rio, a an\u00e1lise de recursos tang\u00edveis como mudas e sementes nativas, e a inova\u00e7\u00e3o social por meio de oficinas e trocas de conhecimento. Essa abordagem integrada permitiu envolver estudantes de mestrado e doutorado, agricultores e jovens do meio rural, ampliando a circula\u00e7\u00e3o de saberes e pr\u00e1ticas sustent\u00e1veis.<\/p>\n<p>Entre as atividades realizadas, destacam-se as oficinas de tecnologias sociais, como a oficina com jovens do Programa de Apoio ao Desenvolvimento da Agricultura Familiar (PADEF) e a oficina sobre combate ao fogo, que reuniu agricultores familiares, brigadistas e especialistas da \u00e1rea. Esses encontros resultaram n\u00e3o apenas em troca de experi\u00eancias, mas tamb\u00e9m na cria\u00e7\u00e3o de metodologias comunit\u00e1rias para preven\u00e7\u00e3o e enfrentamento de inc\u00eandios, um dos principais desafios ambientais do Cerrado.<\/p>\n<p>Os avan\u00e7os j\u00e1 s\u00e3o expressivos. No campo cient\u00edfico, o projeto contabiliza cerca de dez trabalhos apresentados em congressos, artigos submetidos e tr\u00eas trabalhos acad\u00eamicos em andamento. No aspecto social, houve a cria\u00e7\u00e3o de uma associa\u00e7\u00e3o de jovens agricultores no assentamento Osiel Alves, passo decisivo para a gest\u00e3o coletiva de iniciativas locais. J\u00e1 os impactos ambientais incluem o retorno da fauna \u2014 aves, r\u00e9pteis e mam\u00edferos \u2014 \u00e0s \u00e1reas em processo de restaura\u00e7\u00e3o.<\/p>\n<p>O percurso tamb\u00e9m envolveu desafios. O alto custo de mudas nativas e um inc\u00eandio que destruiu parte de uma \u00e1rea restaurada exigiram resili\u00eancia e criatividade da equipe. Como resposta, foram desenvolvidos cinco prot\u00f3tipos comunit\u00e1rios de baixo custo para preven\u00e7\u00e3o e combate ao fogo, al\u00e9m de equipamentos e metodologias que agora come\u00e7am a ser replicados em territ\u00f3rios da agricultura familiar.<\/p>\n<p>O apoio da FAPDF foi essencial para garantir bolsas de pesquisa e a participa\u00e7\u00e3o direta de agricultores, promovendo engajamento comunit\u00e1rio sem preju\u00edzo \u00e0s atividades produtivas. Agora, a iniciativa caminha para uma nova etapa: a constru\u00e7\u00e3o de uma f\u00e1brica comunit\u00e1ria, que ser\u00e1 gerida pela associa\u00e7\u00e3o de jovens agricultores. O espa\u00e7o vai abrigar tecnologias e prot\u00f3tipos criados nas oficinas, gerando alternativas de renda e fortalecendo a agricultura familiar no DF.<\/p>\n<p>\u201cO apoio da FAPDF foi fundamental para garantir que o projeto pudesse unir ci\u00eancia, comunidade e sustentabilidade, deixando um legado duradouro para o Cerrado\u201d, destaca a professora Cristiane Barreto.<\/p>\n","protected":false},"excerpt":{"rendered":"<p>Conciliar pr\u00e1ticas agr\u00edcolas com a recupera\u00e7\u00e3o do solo e da vegeta\u00e7\u00e3o nativa \u00e9 o objetivo central do projeto Agroflorestando, coordenado pela professora Cristiane Gomes Barreto, do Centro de Desenvolvimento Sustent\u00e1vel da Universidade de Bras\u00edlia (CDS\/UnB), com apoio da FAPDF por meio do Edital Learning 2023. Bi\u00f3loga formada pela UnB, Cristiane construiu uma carreira marcada pelo [&hellip;]<\/p>\n","protected":false},"author":2,"featured_media":362573,"comment_status":"closed","ping_status":"closed","sticky":false,"template":"","format":"standard","meta":{"_acf_changed":false,"footnotes":""},"categories":[161],"tags":[],"class_list":["post-362572","post","type-post","status-publish","format-standard","has-post-thumbnail","hentry","category-quadradinho-em-foco"],"acf":[],"_links":{"self":[{"href":"https:\/\/www.notibras.com\/site\/wp-json\/wp\/v2\/posts\/362572","targetHints":{"allow":["GET"]}}],"collection":[{"href":"https:\/\/www.notibras.com\/site\/wp-json\/wp\/v2\/posts"}],"about":[{"href":"https:\/\/www.notibras.com\/site\/wp-json\/wp\/v2\/types\/post"}],"author":[{"embeddable":true,"href":"https:\/\/www.notibras.com\/site\/wp-json\/wp\/v2\/users\/2"}],"replies":[{"embeddable":true,"href":"https:\/\/www.notibras.com\/site\/wp-json\/wp\/v2\/comments?post=362572"}],"version-history":[{"count":1,"href":"https:\/\/www.notibras.com\/site\/wp-json\/wp\/v2\/posts\/362572\/revisions"}],"predecessor-version":[{"id":362574,"href":"https:\/\/www.notibras.com\/site\/wp-json\/wp\/v2\/posts\/362572\/revisions\/362574"}],"wp:featuredmedia":[{"embeddable":true,"href":"https:\/\/www.notibras.com\/site\/wp-json\/wp\/v2\/media\/362573"}],"wp:attachment":[{"href":"https:\/\/www.notibras.com\/site\/wp-json\/wp\/v2\/media?parent=362572"}],"wp:term":[{"taxonomy":"category","embeddable":true,"href":"https:\/\/www.notibras.com\/site\/wp-json\/wp\/v2\/categories?post=362572"},{"taxonomy":"post_tag","embeddable":true,"href":"https:\/\/www.notibras.com\/site\/wp-json\/wp\/v2\/tags?post=362572"}],"curies":[{"name":"wp","href":"https:\/\/api.w.org\/{rel}","templated":true}]}}