{"id":362575,"date":"2025-08-29T05:51:48","date_gmt":"2025-08-29T08:51:48","guid":{"rendered":"https:\/\/www.notibras.com\/site\/?p=362575"},"modified":"2025-08-29T05:51:48","modified_gmt":"2025-08-29T08:51:48","slug":"russia-avisa-a-europeus-que-ira-atropelar-qualquer-nova-sancao-ao-ira","status":"publish","type":"post","link":"https:\/\/www.notibras.com\/site\/russia-avisa-a-europeus-que-ira-atropelar-qualquer-nova-sancao-ao-ira\/","title":{"rendered":"R\u00fassia avisa a europeus que ir\u00e1 atropelar qualquer nova san\u00e7\u00e3o ao Ir\u00e3"},"content":{"rendered":"<p>A R\u00fassia condena veementemente a decis\u00e3o dos pa\u00edses do E3 \u2014 Reino Unido, Fran\u00e7a e Alemanha \u2014 de reimpor san\u00e7\u00f5es ao Ir\u00e3, disse o Minist\u00e9rio das Rela\u00e7\u00f5es Exteriores da R\u00fassia na sexta-feira, 29.<\/p>\n<p>&#8220;Condenamos veementemente essas a\u00e7\u00f5es dos pa\u00edses europeus e apelamos \u00e0 comunidade internacional para que as rejeite&#8230; De fato, estamos diante de uma tentativa pouco cerimoniosa de manipular as disposi\u00e7\u00f5es da resolu\u00e7\u00e3o 2231 do Conselho de Seguran\u00e7a da ONU pelos pa\u00edses europeus participantes do JCPOA [Plano de A\u00e7\u00e3o Global Conjunto]&#8221;, diz o comunicado.<br \/>\nO E3 n\u00e3o tem bases legais para usar o mecanismo para reimpor san\u00e7\u00f5es contra o Ir\u00e3, disse o minist\u00e9rio.<\/p>\n<p>&#8220;Consideramos importante evitar uma nova escalada em torno do programa nuclear da Rep\u00fablica Isl\u00e2mica do Ir\u00e3, que, como demonstrado pela agress\u00e3o estrangeira contra o Ir\u00e3 em junho deste ano, ter\u00e1 graves consequ\u00eancias para a paz e a seguran\u00e7a internacionais&#8221;, diz o comunicado.<\/p>\n<p>A R\u00fassia tamb\u00e9m pede que os estados do E3 reconsiderem a decis\u00e3o antes que ela leve a consequ\u00eancias irrepar\u00e1veis, acrescentou o minist\u00e9rio.<\/p>\n<p>Na quinta-feira, o E3 notificou formalmente o Ir\u00e3 sobre o lan\u00e7amento de um mecanismo de &#8220;retorno instant\u00e2neo&#8221; para restaurar as san\u00e7\u00f5es da ONU contra Teer\u00e3 . Ao mesmo tempo, o portal Axios noticiou, citando um diplomata europeu n\u00e3o identificado, que o lan\u00e7amento do mecanismo n\u00e3o significou o fim da diplomacia e que o E3 estaria pronto para dialogar com o Ir\u00e3 por v\u00e1rias semanas at\u00e9 que as san\u00e7\u00f5es entrem em vigor.<\/p>\n","protected":false},"excerpt":{"rendered":"<p>A R\u00fassia condena veementemente a decis\u00e3o dos pa\u00edses do E3 \u2014 Reino Unido, Fran\u00e7a e Alemanha \u2014 de reimpor san\u00e7\u00f5es ao Ir\u00e3, disse o Minist\u00e9rio das Rela\u00e7\u00f5es Exteriores da R\u00fassia na sexta-feira, 29. &#8220;Condenamos veementemente essas a\u00e7\u00f5es dos pa\u00edses europeus e apelamos \u00e0 comunidade internacional para que as rejeite&#8230; De fato, estamos diante de uma [&hellip;]<\/p>\n","protected":false},"author":2,"featured_media":904,"comment_status":"closed","ping_status":"closed","sticky":false,"template":"","format":"standard","meta":{"_acf_changed":false,"footnotes":""},"categories":[159],"tags":[],"class_list":["post-362575","post","type-post","status-publish","format-standard","has-post-thumbnail","hentry","category-apocalipse"],"acf":[],"yoast_head":"<!-- This site is optimized with the Yoast SEO plugin v27.2 - https:\/\/yoast.com\/product\/yoast-seo-wordpress\/ -->\n<title>R\u00fassia avisa a europeus que ir\u00e1 atropelar qualquer nova san\u00e7\u00e3o ao Ir\u00e3 - Notibras<\/title>\n<meta name=\"robots\" content=\"index, follow, max-snippet:-1, max-image-preview:large, max-video-preview:-1\" \/>\n<link rel=\"canonical\" href=\"https:\/\/www.notibras.com\/site\/russia-avisa-a-europeus-que-ira-atropelar-qualquer-nova-sancao-ao-ira\/\" \/>\n<meta property=\"og:locale\" content=\"pt_BR\" \/>\n<meta property=\"og:type\" content=\"article\" \/>\n<meta property=\"og:title\" content=\"R\u00fassia avisa a europeus que ir\u00e1 atropelar qualquer nova san\u00e7\u00e3o ao Ir\u00e3 - Notibras\" \/>\n<meta property=\"og:description\" content=\"A R\u00fassia condena veementemente a decis\u00e3o dos pa\u00edses do E3 \u2014 Reino Unido, Fran\u00e7a e Alemanha \u2014 de reimpor san\u00e7\u00f5es ao Ir\u00e3, disse o Minist\u00e9rio das Rela\u00e7\u00f5es Exteriores da R\u00fassia na sexta-feira, 29. &#8220;Condenamos veementemente essas a\u00e7\u00f5es dos pa\u00edses europeus e apelamos \u00e0 comunidade internacional para que as rejeite&#8230; De fato, estamos diante de uma [&hellip;]\" \/>\n<meta property=\"og:url\" content=\"https:\/\/www.notibras.com\/site\/russia-avisa-a-europeus-que-ira-atropelar-qualquer-nova-sancao-ao-ira\/\" \/>\n<meta property=\"og:site_name\" content=\"Notibras\" \/>\n<meta property=\"article:publisher\" content=\"https:\/\/www.facebook.com\/notibras\/\" \/>\n<meta property=\"article:published_time\" content=\"2025-08-29T08:51:48+00:00\" \/>\n<meta property=\"og:image\" content=\"https:\/\/www.notibras.com\/site\/wp-content\/uploads\/2014\/02\/misseis-do-iran.jpeg\" \/>\n\t<meta property=\"og:image:width\" content=\"550\" \/>\n\t<meta property=\"og:image:height\" content=\"340\" \/>\n\t<meta property=\"og:image:type\" content=\"image\/jpeg\" \/>\n<meta name=\"author\" content=\"Reda\u00e7\u00e3o\" \/>\n<meta name=\"twitter:card\" content=\"summary_large_image\" \/>\n<meta name=\"twitter:creator\" content=\"@Notibras\" \/>\n<meta name=\"twitter:site\" content=\"@Notibras\" \/>\n<meta name=\"twitter:label1\" content=\"Escrito por\" \/>\n\t<meta name=\"twitter:data1\" content=\"Reda\u00e7\u00e3o\" \/>\n\t<meta name=\"twitter:label2\" content=\"Est. tempo de leitura\" \/>\n\t<meta name=\"twitter:data2\" content=\"2 minutos\" \/>\n<script type=\"application\/ld+json\" class=\"yoast-schema-graph\">{\"@context\":\"https:\/\/schema.org\",\"@graph\":[{\"@type\":\"Article\",\"@id\":\"https:\/\/www.notibras.com\/site\/russia-avisa-a-europeus-que-ira-atropelar-qualquer-nova-sancao-ao-ira\/#article\",\"isPartOf\":{\"@id\":\"https:\/\/www.notibras.com\/site\/russia-avisa-a-europeus-que-ira-atropelar-qualquer-nova-sancao-ao-ira\/\"},\"author\":{\"name\":\"Reda\u00e7\u00e3o\",\"@id\":\"https:\/\/www.notibras.com\/site\/#\/schema\/person\/36ab0979449956132d3e5b517ea76ac8\"},\"headline\":\"R\u00fassia avisa a europeus que ir\u00e1 atropelar qualquer nova san\u00e7\u00e3o ao Ir\u00e3\",\"datePublished\":\"2025-08-29T08:51:48+00:00\",\"mainEntityOfPage\":{\"@id\":\"https:\/\/www.notibras.com\/site\/russia-avisa-a-europeus-que-ira-atropelar-qualquer-nova-sancao-ao-ira\/\"},\"wordCount\":284,\"publisher\":{\"@id\":\"https:\/\/www.notibras.com\/site\/#organization\"},\"image\":{\"@id\":\"https:\/\/www.notibras.com\/site\/russia-avisa-a-europeus-que-ira-atropelar-qualquer-nova-sancao-ao-ira\/#primaryimage\"},\"thumbnailUrl\":\"https:\/\/www.notibras.com\/site\/wp-content\/uploads\/2014\/02\/misseis-do-iran.jpeg\",\"articleSection\":[\"Apocalipse\"],\"inLanguage\":\"pt-BR\"},{\"@type\":\"WebPage\",\"@id\":\"https:\/\/www.notibras.com\/site\/russia-avisa-a-europeus-que-ira-atropelar-qualquer-nova-sancao-ao-ira\/\",\"url\":\"https:\/\/www.notibras.com\/site\/russia-avisa-a-europeus-que-ira-atropelar-qualquer-nova-sancao-ao-ira\/\",\"name\":\"R\u00fassia avisa a europeus que ir\u00e1 atropelar qualquer nova san\u00e7\u00e3o ao Ir\u00e3 - Notibras\",\"isPartOf\":{\"@id\":\"https:\/\/www.notibras.com\/site\/#website\"},\"primaryImageOfPage\":{\"@id\":\"https:\/\/www.notibras.com\/site\/russia-avisa-a-europeus-que-ira-atropelar-qualquer-nova-sancao-ao-ira\/#primaryimage\"},\"image\":{\"@id\":\"https:\/\/www.notibras.com\/site\/russia-avisa-a-europeus-que-ira-atropelar-qualquer-nova-sancao-ao-ira\/#primaryimage\"},\"thumbnailUrl\":\"https:\/\/www.notibras.com\/site\/wp-content\/uploads\/2014\/02\/misseis-do-iran.jpeg\",\"datePublished\":\"2025-08-29T08:51:48+00:00\",\"breadcrumb\":{\"@id\":\"https:\/\/www.notibras.com\/site\/russia-avisa-a-europeus-que-ira-atropelar-qualquer-nova-sancao-ao-ira\/#breadcrumb\"},\"inLanguage\":\"pt-BR\",\"potentialAction\":[{\"@type\":\"ReadAction\",\"target\":[\"https:\/\/www.notibras.com\/site\/russia-avisa-a-europeus-que-ira-atropelar-qualquer-nova-sancao-ao-ira\/\"]}]},{\"@type\":\"ImageObject\",\"inLanguage\":\"pt-BR\",\"@id\":\"https:\/\/www.notibras.com\/site\/russia-avisa-a-europeus-que-ira-atropelar-qualquer-nova-sancao-ao-ira\/#primaryimage\",\"url\":\"https:\/\/www.notibras.com\/site\/wp-content\/uploads\/2014\/02\/misseis-do-iran.jpeg\",\"contentUrl\":\"https:\/\/www.notibras.com\/site\/wp-content\/uploads\/2014\/02\/misseis-do-iran.jpeg\",\"width\":550,\"height\":340},{\"@type\":\"BreadcrumbList\",\"@id\":\"https:\/\/www.notibras.com\/site\/russia-avisa-a-europeus-que-ira-atropelar-qualquer-nova-sancao-ao-ira\/#breadcrumb\",\"itemListElement\":[{\"@type\":\"ListItem\",\"position\":1,\"name\":\"In\u00edcio\",\"item\":\"https:\/\/www.notibras.com\/site\/\"},{\"@type\":\"ListItem\",\"position\":2,\"name\":\"R\u00fassia avisa a europeus que ir\u00e1 atropelar qualquer nova san\u00e7\u00e3o ao Ir\u00e3\"}]},{\"@type\":\"WebSite\",\"@id\":\"https:\/\/www.notibras.com\/site\/#website\",\"url\":\"https:\/\/www.notibras.com\/site\/\",\"name\":\"Notibras\",\"description\":\"Not\u00edcias de Bras\u00edlia, do Brasil e do Mundo\",\"publisher\":{\"@id\":\"https:\/\/www.notibras.com\/site\/#organization\"},\"potentialAction\":[{\"@type\":\"SearchAction\",\"target\":{\"@type\":\"EntryPoint\",\"urlTemplate\":\"https:\/\/www.notibras.com\/site\/?s={search_term_string}\"},\"query-input\":{\"@type\":\"PropertyValueSpecification\",\"valueRequired\":true,\"valueName\":\"search_term_string\"}}],\"inLanguage\":\"pt-BR\"},{\"@type\":\"Organization\",\"@id\":\"https:\/\/www.notibras.com\/site\/#organization\",\"name\":\"Grupo Notibras de Comunica\u00e7\u00e3o\",\"url\":\"https:\/\/www.notibras.com\/site\/\",\"logo\":{\"@type\":\"ImageObject\",\"inLanguage\":\"pt-BR\",\"@id\":\"https:\/\/www.notibras.com\/site\/#\/schema\/logo\/image\/\",\"url\":\"https:\/\/www.notibras.com\/site\/wp-content\/uploads\/2023\/01\/notibras23.png\",\"contentUrl\":\"https:\/\/www.notibras.com\/site\/wp-content\/uploads\/2023\/01\/notibras23.png\",\"width\":350,\"height\":87,\"caption\":\"Grupo Notibras de Comunica\u00e7\u00e3o\"},\"image\":{\"@id\":\"https:\/\/www.notibras.com\/site\/#\/schema\/logo\/image\/\"},\"sameAs\":[\"https:\/\/www.facebook.com\/notibras\/\",\"https:\/\/x.com\/Notibras\",\"https:\/\/www.instagram.com\/notibras\/\"]},{\"@type\":\"Person\",\"@id\":\"https:\/\/www.notibras.com\/site\/#\/schema\/person\/36ab0979449956132d3e5b517ea76ac8\",\"name\":\"Reda\u00e7\u00e3o\",\"image\":{\"@type\":\"ImageObject\",\"inLanguage\":\"pt-BR\",\"@id\":\"https:\/\/secure.gravatar.com\/avatar\/e0a867bdedb85fd243eadf09663511f96fc81e0720a4a42581f334ad4303aa6b?s=96&d=mm&r=g\",\"url\":\"https:\/\/secure.gravatar.com\/avatar\/e0a867bdedb85fd243eadf09663511f96fc81e0720a4a42581f334ad4303aa6b?s=96&d=mm&r=g\",\"contentUrl\":\"https:\/\/secure.gravatar.com\/avatar\/e0a867bdedb85fd243eadf09663511f96fc81e0720a4a42581f334ad4303aa6b?s=96&d=mm&r=g\",\"caption\":\"Reda\u00e7\u00e3o\"}}]}<\/script>\n<!-- \/ Yoast SEO plugin. -->","yoast_head_json":{"title":"R\u00fassia avisa a europeus que ir\u00e1 atropelar qualquer nova san\u00e7\u00e3o ao Ir\u00e3 - Notibras","robots":{"index":"index","follow":"follow","max-snippet":"max-snippet:-1","max-image-preview":"max-image-preview:large","max-video-preview":"max-video-preview:-1"},"canonical":"https:\/\/www.notibras.com\/site\/russia-avisa-a-europeus-que-ira-atropelar-qualquer-nova-sancao-ao-ira\/","og_locale":"pt_BR","og_type":"article","og_title":"R\u00fassia avisa a europeus que ir\u00e1 atropelar qualquer nova san\u00e7\u00e3o ao Ir\u00e3 - Notibras","og_description":"A R\u00fassia condena veementemente a decis\u00e3o dos pa\u00edses do E3 \u2014 Reino Unido, Fran\u00e7a e Alemanha \u2014 de reimpor san\u00e7\u00f5es ao Ir\u00e3, disse o Minist\u00e9rio das Rela\u00e7\u00f5es Exteriores da R\u00fassia na sexta-feira, 29. &#8220;Condenamos veementemente essas a\u00e7\u00f5es dos pa\u00edses europeus e apelamos \u00e0 comunidade internacional para que as rejeite&#8230; De fato, estamos diante de uma [&hellip;]","og_url":"https:\/\/www.notibras.com\/site\/russia-avisa-a-europeus-que-ira-atropelar-qualquer-nova-sancao-ao-ira\/","og_site_name":"Notibras","article_publisher":"https:\/\/www.facebook.com\/notibras\/","article_published_time":"2025-08-29T08:51:48+00:00","og_image":[{"width":550,"height":340,"url":"https:\/\/www.notibras.com\/site\/wp-content\/uploads\/2014\/02\/misseis-do-iran.jpeg","type":"image\/jpeg"}],"author":"Reda\u00e7\u00e3o","twitter_card":"summary_large_image","twitter_creator":"@Notibras","twitter_site":"@Notibras","twitter_misc":{"Escrito por":"Reda\u00e7\u00e3o","Est. tempo de leitura":"2 minutos"},"schema":{"@context":"https:\/\/schema.org","@graph":[{"@type":"Article","@id":"https:\/\/www.notibras.com\/site\/russia-avisa-a-europeus-que-ira-atropelar-qualquer-nova-sancao-ao-ira\/#article","isPartOf":{"@id":"https:\/\/www.notibras.com\/site\/russia-avisa-a-europeus-que-ira-atropelar-qualquer-nova-sancao-ao-ira\/"},"author":{"name":"Reda\u00e7\u00e3o","@id":"https:\/\/www.notibras.com\/site\/#\/schema\/person\/36ab0979449956132d3e5b517ea76ac8"},"headline":"R\u00fassia avisa a europeus que ir\u00e1 atropelar qualquer nova san\u00e7\u00e3o ao Ir\u00e3","datePublished":"2025-08-29T08:51:48+00:00","mainEntityOfPage":{"@id":"https:\/\/www.notibras.com\/site\/russia-avisa-a-europeus-que-ira-atropelar-qualquer-nova-sancao-ao-ira\/"},"wordCount":284,"publisher":{"@id":"https:\/\/www.notibras.com\/site\/#organization"},"image":{"@id":"https:\/\/www.notibras.com\/site\/russia-avisa-a-europeus-que-ira-atropelar-qualquer-nova-sancao-ao-ira\/#primaryimage"},"thumbnailUrl":"https:\/\/www.notibras.com\/site\/wp-content\/uploads\/2014\/02\/misseis-do-iran.jpeg","articleSection":["Apocalipse"],"inLanguage":"pt-BR"},{"@type":"WebPage","@id":"https:\/\/www.notibras.com\/site\/russia-avisa-a-europeus-que-ira-atropelar-qualquer-nova-sancao-ao-ira\/","url":"https:\/\/www.notibras.com\/site\/russia-avisa-a-europeus-que-ira-atropelar-qualquer-nova-sancao-ao-ira\/","name":"R\u00fassia avisa a europeus que ir\u00e1 atropelar qualquer nova san\u00e7\u00e3o ao Ir\u00e3 - Notibras","isPartOf":{"@id":"https:\/\/www.notibras.com\/site\/#website"},"primaryImageOfPage":{"@id":"https:\/\/www.notibras.com\/site\/russia-avisa-a-europeus-que-ira-atropelar-qualquer-nova-sancao-ao-ira\/#primaryimage"},"image":{"@id":"https:\/\/www.notibras.com\/site\/russia-avisa-a-europeus-que-ira-atropelar-qualquer-nova-sancao-ao-ira\/#primaryimage"},"thumbnailUrl":"https:\/\/www.notibras.com\/site\/wp-content\/uploads\/2014\/02\/misseis-do-iran.jpeg","datePublished":"2025-08-29T08:51:48+00:00","breadcrumb":{"@id":"https:\/\/www.notibras.com\/site\/russia-avisa-a-europeus-que-ira-atropelar-qualquer-nova-sancao-ao-ira\/#breadcrumb"},"inLanguage":"pt-BR","potentialAction":[{"@type":"ReadAction","target":["https:\/\/www.notibras.com\/site\/russia-avisa-a-europeus-que-ira-atropelar-qualquer-nova-sancao-ao-ira\/"]}]},{"@type":"ImageObject","inLanguage":"pt-BR","@id":"https:\/\/www.notibras.com\/site\/russia-avisa-a-europeus-que-ira-atropelar-qualquer-nova-sancao-ao-ira\/#primaryimage","url":"https:\/\/www.notibras.com\/site\/wp-content\/uploads\/2014\/02\/misseis-do-iran.jpeg","contentUrl":"https:\/\/www.notibras.com\/site\/wp-content\/uploads\/2014\/02\/misseis-do-iran.jpeg","width":550,"height":340},{"@type":"BreadcrumbList","@id":"https:\/\/www.notibras.com\/site\/russia-avisa-a-europeus-que-ira-atropelar-qualquer-nova-sancao-ao-ira\/#breadcrumb","itemListElement":[{"@type":"ListItem","position":1,"name":"In\u00edcio","item":"https:\/\/www.notibras.com\/site\/"},{"@type":"ListItem","position":2,"name":"R\u00fassia avisa a europeus que ir\u00e1 atropelar qualquer nova san\u00e7\u00e3o ao Ir\u00e3"}]},{"@type":"WebSite","@id":"https:\/\/www.notibras.com\/site\/#website","url":"https:\/\/www.notibras.com\/site\/","name":"Notibras","description":"Not\u00edcias de Bras\u00edlia, do Brasil e do Mundo","publisher":{"@id":"https:\/\/www.notibras.com\/site\/#organization"},"potentialAction":[{"@type":"SearchAction","target":{"@type":"EntryPoint","urlTemplate":"https:\/\/www.notibras.com\/site\/?s={search_term_string}"},"query-input":{"@type":"PropertyValueSpecification","valueRequired":true,"valueName":"search_term_string"}}],"inLanguage":"pt-BR"},{"@type":"Organization","@id":"https:\/\/www.notibras.com\/site\/#organization","name":"Grupo Notibras de Comunica\u00e7\u00e3o","url":"https:\/\/www.notibras.com\/site\/","logo":{"@type":"ImageObject","inLanguage":"pt-BR","@id":"https:\/\/www.notibras.com\/site\/#\/schema\/logo\/image\/","url":"https:\/\/www.notibras.com\/site\/wp-content\/uploads\/2023\/01\/notibras23.png","contentUrl":"https:\/\/www.notibras.com\/site\/wp-content\/uploads\/2023\/01\/notibras23.png","width":350,"height":87,"caption":"Grupo Notibras de Comunica\u00e7\u00e3o"},"image":{"@id":"https:\/\/www.notibras.com\/site\/#\/schema\/logo\/image\/"},"sameAs":["https:\/\/www.facebook.com\/notibras\/","https:\/\/x.com\/Notibras","https:\/\/www.instagram.com\/notibras\/"]},{"@type":"Person","@id":"https:\/\/www.notibras.com\/site\/#\/schema\/person\/36ab0979449956132d3e5b517ea76ac8","name":"Reda\u00e7\u00e3o","image":{"@type":"ImageObject","inLanguage":"pt-BR","@id":"https:\/\/secure.gravatar.com\/avatar\/e0a867bdedb85fd243eadf09663511f96fc81e0720a4a42581f334ad4303aa6b?s=96&d=mm&r=g","url":"https:\/\/secure.gravatar.com\/avatar\/e0a867bdedb85fd243eadf09663511f96fc81e0720a4a42581f334ad4303aa6b?s=96&d=mm&r=g","contentUrl":"https:\/\/secure.gravatar.com\/avatar\/e0a867bdedb85fd243eadf09663511f96fc81e0720a4a42581f334ad4303aa6b?s=96&d=mm&r=g","caption":"Reda\u00e7\u00e3o"}}]}},"amp_enabled":true,"_links":{"self":[{"href":"https:\/\/www.notibras.com\/site\/wp-json\/wp\/v2\/posts\/362575","targetHints":{"allow":["GET"]}}],"collection":[{"href":"https:\/\/www.notibras.com\/site\/wp-json\/wp\/v2\/posts"}],"about":[{"href":"https:\/\/www.notibras.com\/site\/wp-json\/wp\/v2\/types\/post"}],"author":[{"embeddable":true,"href":"https:\/\/www.notibras.com\/site\/wp-json\/wp\/v2\/users\/2"}],"replies":[{"embeddable":true,"href":"https:\/\/www.notibras.com\/site\/wp-json\/wp\/v2\/comments?post=362575"}],"version-history":[{"count":1,"href":"https:\/\/www.notibras.com\/site\/wp-json\/wp\/v2\/posts\/362575\/revisions"}],"predecessor-version":[{"id":362577,"href":"https:\/\/www.notibras.com\/site\/wp-json\/wp\/v2\/posts\/362575\/revisions\/362577"}],"wp:featuredmedia":[{"embeddable":true,"href":"https:\/\/www.notibras.com\/site\/wp-json\/wp\/v2\/media\/904"}],"wp:attachment":[{"href":"https:\/\/www.notibras.com\/site\/wp-json\/wp\/v2\/media?parent=362575"}],"wp:term":[{"taxonomy":"category","embeddable":true,"href":"https:\/\/www.notibras.com\/site\/wp-json\/wp\/v2\/categories?post=362575"},{"taxonomy":"post_tag","embeddable":true,"href":"https:\/\/www.notibras.com\/site\/wp-json\/wp\/v2\/tags?post=362575"}],"curies":[{"name":"wp","href":"https:\/\/api.w.org\/{rel}","templated":true}]}}