{"id":36263,"date":"2015-02-06T22:11:46","date_gmt":"2015-02-07T01:11:46","guid":{"rendered":"http:\/\/www.notibras.com\/site\/?p=36263"},"modified":"2015-02-07T09:23:01","modified_gmt":"2015-02-07T12:23:01","slug":"rainha-e-princesas-mostram-o-que-e-a-verdadeira-tentacao-da-festa-da-maca","status":"publish","type":"post","link":"https:\/\/www.notibras.com\/site\/rainha-e-princesas-mostram-o-que-e-a-verdadeira-tentacao-da-festa-da-maca\/","title":{"rendered":"Rainha e princesas desnudas mostram o que \u00e9 a tenta\u00e7\u00e3o de ga\u00fachos na Festa da Ma\u00e7\u00e3"},"content":{"rendered":"<p>O que voc\u00ea pensaria se recebesse um material de divulga\u00e7\u00e3o com a frase &#8220;Caia na tenta\u00e7\u00e3o!&#8221; acima de uma imagem na qual tr\u00eas lindas mulheres, fotografadas da cintura para cima, cobrem o corpo apenas com ma\u00e7\u00e3s? N\u00e3o responda. N\u00e3o \u00e9 nada do que voc\u00ea est\u00e1 imaginando.<\/p>\n<p class=\"text\">Os outdoors, cartazes, folders e outras pe\u00e7as publicit\u00e1rias com a imagem das tr\u00eas beldades, acredite, integram a campanha de divulga\u00e7\u00e3o da 9\u00aa Festa Nacional da Ma\u00e7\u00e3 e Feira Agroindustrial de Veran\u00f3polis, que acontecer\u00e1 de 10 a 12 e de 17 a 21 de abril.<\/p>\n<p class=\"text\">A cidade de 24,4 mil habitantes, tamb\u00e9m chamada de Princesa dos Vales, \u00e9 aquela pacata cidade da Serra ga\u00facha conhecida nacionalmente como a terra da longevidade. E as tr\u00eas mo\u00e7as clicadas com as ma\u00e7\u00e3s s\u00e3o as soberanas da festa.<\/p>\n<p class=\"text\">O cartaz e o slogan da 9\u00aa Fema\u00e7\u00e3 ganharam destaque imediato na imprensa, nas redes sociais e nas ruas da pequena Veran\u00f3polis. A repercuss\u00e3o, segundo Rodrigo Pellicioli, diretor da ag\u00eancia local V Propaganda, e respons\u00e1vel pela campanha, superou todas as expectativas. &#8220;Nem os mais otimistas esperavam tanto&#8221;, admite.<\/p>\n<blockquote>\n<p class=\"text\">Ele considera como &#8220;uma grande vit\u00f3ria&#8221; ter conseguido aprovar a ideia, considerada muito ousada para os padr\u00f5es da cidade. &#8220;Pela primeira vez conseguimos tirar a longevidade do t\u00edtulo. E a aprova\u00e7\u00e3o da campanha veio tamb\u00e9m neste sentido, de gerar curiosidade e uma certa pol\u00eamica. Deu certo.&#8221;<\/p>\n<\/blockquote>\n<p class=\"text\">Esta n\u00e3o \u00e9 a primeira vez que a campanha de divulga\u00e7\u00e3o da festa adquire contornos mais sensuais. A V Propaganda tentou, sem sucesso, emplacar a ideia atual na campanha da oitava edi\u00e7\u00e3o, em 2011, quando a Fema\u00e7\u00e3 voltava a acontecer, ap\u00f3s uma interrup\u00e7\u00e3o de 14 anos. Antes, em 1994, na sexta edi\u00e7\u00e3o, a foto de uma ma\u00e7\u00e3 mordida com o slogan &#8220;O para\u00edso \u00e9 aqui&#8221; tamb\u00e9m gerou certa pol\u00eamica.<\/p>\n<p class=\"text\">Agora, Rodrigo n\u00e3o considera a possibilidade de que a ousadia\u00a0possa acabar em propaganda negativa. &#8220;Aqui na cidade houve um in\u00edcio de repercuss\u00e3o negativa, mas pequeno, e, a n\u00edvel estadual, \u00e9 praticamente zero.&#8221; O jingle da campanha utilizar\u00e1 o mesmo mote das imagens e chamadas.<\/p>\n<p class=\"text\">Fora atrair p\u00fablico e visibilidade para o evento, o objetivo \u00e9 romper com uma esp\u00e9cie de padr\u00e3o que existe nas festas regionais que acontecem em um sem n\u00famero de cidades do Estado. Al\u00e9m de festas de produtos como queijo, polenta, chucrute e cuca com lingui\u00e7a, o Rio Grande do Sul \u00e9 pr\u00f3digo em eventos de frutas, que t\u00eam como expoente a Festa da Uva, realizada na cidade de Caxias do Sul.<\/p>\n<blockquote>\n<p class=\"text\">Mas h\u00e1 para todos os gostos: tem festa de morango, kiwi, laranja, bergamota, buti\u00e1, p\u00eassego, abacaxi, figo, melancia e at\u00e9 mel\u00e3o. Em todas, via de regra, h\u00e1 um padr\u00e3o praticamente definido: duas princesas e uma rainha escolhidas em concursos com formatos semelhantes aos de misses ajudam a divulgar os eventos.<\/p>\n<\/blockquote>\n<p class=\"text\">Vestidas em trajes t\u00edpicos luxuosos ou roupas de gala, elas integram comitivas que entregam convites oficiais a autoridades como o governador e, dependendo do grau de import\u00e2ncia, at\u00e9 para a presid\u00eancia da Rep\u00fablica. Debaixo da chuva que caracteriza o inverno ga\u00facho ou dos 40\u00b0C que marcam os term\u00f4metros em janeiro, com os mesmos trajes realizam p\u00e9riplos intermin\u00e1veis por reda\u00e7\u00f5es, entidades de classe e institui\u00e7\u00f5es.<\/p>\n<p>Agora, anfitri\u00f5es est\u00e3o na expectativa sobre os modelos a serem trajados pela rainha e as princesas durante as visitas oficiais. Adepto da m\u00e1xima &#8220;a propaganda \u00e9 a alma do neg\u00f3cio&#8221;, Rodrigo adianta: &#8220;a\u00a0quem por acaso criticar o fato de que nossas soberanas n\u00e3o est\u00e3o com os trajes tradicionais, eu lembro que as ma\u00e7\u00e3s das fotos s\u00e3o as da variedade gala&#8221;, brinca.<\/p>\n","protected":false},"excerpt":{"rendered":"<p>O que voc\u00ea pensaria se recebesse um material de divulga\u00e7\u00e3o com a frase &#8220;Caia na tenta\u00e7\u00e3o!&#8221; acima de uma imagem na qual tr\u00eas lindas mulheres, fotografadas da cintura para cima, cobrem o corpo apenas com ma\u00e7\u00e3s? N\u00e3o responda. N\u00e3o \u00e9 nada do que voc\u00ea est\u00e1 imaginando. Os outdoors, cartazes, folders e outras pe\u00e7as publicit\u00e1rias com [&hellip;]<\/p>\n","protected":false},"author":2,"featured_media":36264,"comment_status":"open","ping_status":"closed","sticky":false,"template":"","format":"standard","meta":{"_acf_changed":false,"footnotes":""},"categories":[16],"tags":[],"class_list":["post-36263","post","type-post","status-publish","format-standard","has-post-thumbnail","hentry","category-brasil"],"acf":[],"yoast_head":"<!-- This site is optimized with the Yoast SEO plugin v27.2 - https:\/\/yoast.com\/product\/yoast-seo-wordpress\/ -->\n<title>Rainha e princesas desnudas mostram o que \u00e9 a tenta\u00e7\u00e3o de ga\u00fachos na Festa da Ma\u00e7\u00e3 - Notibras<\/title>\n<meta name=\"robots\" content=\"index, follow, max-snippet:-1, max-image-preview:large, max-video-preview:-1\" \/>\n<link rel=\"canonical\" href=\"https:\/\/www.notibras.com\/site\/rainha-e-princesas-mostram-o-que-e-a-verdadeira-tentacao-da-festa-da-maca\/\" \/>\n<meta property=\"og:locale\" content=\"pt_BR\" \/>\n<meta property=\"og:type\" content=\"article\" \/>\n<meta property=\"og:title\" content=\"Rainha e princesas desnudas mostram o que \u00e9 a tenta\u00e7\u00e3o de ga\u00fachos na Festa da Ma\u00e7\u00e3 - Notibras\" \/>\n<meta property=\"og:description\" content=\"O que voc\u00ea pensaria se recebesse um material de divulga\u00e7\u00e3o com a frase &#8220;Caia na tenta\u00e7\u00e3o!&#8221; acima de uma imagem na qual tr\u00eas lindas mulheres, fotografadas da cintura para cima, cobrem o corpo apenas com ma\u00e7\u00e3s? N\u00e3o responda. N\u00e3o \u00e9 nada do que voc\u00ea est\u00e1 imaginando. Os outdoors, cartazes, folders e outras pe\u00e7as publicit\u00e1rias com [&hellip;]\" \/>\n<meta property=\"og:url\" content=\"https:\/\/www.notibras.com\/site\/rainha-e-princesas-mostram-o-que-e-a-verdadeira-tentacao-da-festa-da-maca\/\" \/>\n<meta property=\"og:site_name\" content=\"Notibras\" \/>\n<meta property=\"article:publisher\" content=\"https:\/\/www.facebook.com\/notibras\/\" \/>\n<meta property=\"article:published_time\" content=\"2015-02-07T01:11:46+00:00\" \/>\n<meta property=\"article:modified_time\" content=\"2015-02-07T12:23:01+00:00\" \/>\n<meta property=\"og:image\" content=\"https:\/\/www.notibras.com\/site\/wp-content\/uploads\/2015\/02\/femaca-2015-divulga-foto-oficial-240.jpg\" \/>\n\t<meta property=\"og:image:width\" content=\"460\" \/>\n\t<meta property=\"og:image:height\" content=\"308\" \/>\n\t<meta property=\"og:image:type\" content=\"image\/jpeg\" \/>\n<meta name=\"author\" content=\"Reda\u00e7\u00e3o\" \/>\n<meta name=\"twitter:card\" content=\"summary_large_image\" \/>\n<meta name=\"twitter:creator\" content=\"@Notibras\" \/>\n<meta name=\"twitter:site\" content=\"@Notibras\" \/>\n<meta name=\"twitter:label1\" content=\"Escrito por\" \/>\n\t<meta name=\"twitter:data1\" content=\"Reda\u00e7\u00e3o\" \/>\n\t<meta name=\"twitter:label2\" content=\"Est. tempo de leitura\" \/>\n\t<meta name=\"twitter:data2\" content=\"3 minutos\" \/>\n<script type=\"application\/ld+json\" class=\"yoast-schema-graph\">{\"@context\":\"https:\/\/schema.org\",\"@graph\":[{\"@type\":\"Article\",\"@id\":\"https:\/\/www.notibras.com\/site\/rainha-e-princesas-mostram-o-que-e-a-verdadeira-tentacao-da-festa-da-maca\/#article\",\"isPartOf\":{\"@id\":\"https:\/\/www.notibras.com\/site\/rainha-e-princesas-mostram-o-que-e-a-verdadeira-tentacao-da-festa-da-maca\/\"},\"author\":{\"name\":\"Reda\u00e7\u00e3o\",\"@id\":\"https:\/\/www.notibras.com\/site\/#\/schema\/person\/36ab0979449956132d3e5b517ea76ac8\"},\"headline\":\"Rainha e princesas desnudas mostram o que \u00e9 a tenta\u00e7\u00e3o de ga\u00fachos na Festa da Ma\u00e7\u00e3\",\"datePublished\":\"2015-02-07T01:11:46+00:00\",\"dateModified\":\"2015-02-07T12:23:01+00:00\",\"mainEntityOfPage\":{\"@id\":\"https:\/\/www.notibras.com\/site\/rainha-e-princesas-mostram-o-que-e-a-verdadeira-tentacao-da-festa-da-maca\/\"},\"wordCount\":652,\"commentCount\":0,\"publisher\":{\"@id\":\"https:\/\/www.notibras.com\/site\/#organization\"},\"image\":{\"@id\":\"https:\/\/www.notibras.com\/site\/rainha-e-princesas-mostram-o-que-e-a-verdadeira-tentacao-da-festa-da-maca\/#primaryimage\"},\"thumbnailUrl\":\"https:\/\/www.notibras.com\/site\/wp-content\/uploads\/2015\/02\/femaca-2015-divulga-foto-oficial-240.jpg\",\"articleSection\":[\"Brasil\"],\"inLanguage\":\"pt-BR\",\"potentialAction\":[{\"@type\":\"CommentAction\",\"name\":\"Comment\",\"target\":[\"https:\/\/www.notibras.com\/site\/rainha-e-princesas-mostram-o-que-e-a-verdadeira-tentacao-da-festa-da-maca\/#respond\"]}]},{\"@type\":\"WebPage\",\"@id\":\"https:\/\/www.notibras.com\/site\/rainha-e-princesas-mostram-o-que-e-a-verdadeira-tentacao-da-festa-da-maca\/\",\"url\":\"https:\/\/www.notibras.com\/site\/rainha-e-princesas-mostram-o-que-e-a-verdadeira-tentacao-da-festa-da-maca\/\",\"name\":\"Rainha e princesas desnudas mostram o que \u00e9 a tenta\u00e7\u00e3o de ga\u00fachos na Festa da Ma\u00e7\u00e3 - Notibras\",\"isPartOf\":{\"@id\":\"https:\/\/www.notibras.com\/site\/#website\"},\"primaryImageOfPage\":{\"@id\":\"https:\/\/www.notibras.com\/site\/rainha-e-princesas-mostram-o-que-e-a-verdadeira-tentacao-da-festa-da-maca\/#primaryimage\"},\"image\":{\"@id\":\"https:\/\/www.notibras.com\/site\/rainha-e-princesas-mostram-o-que-e-a-verdadeira-tentacao-da-festa-da-maca\/#primaryimage\"},\"thumbnailUrl\":\"https:\/\/www.notibras.com\/site\/wp-content\/uploads\/2015\/02\/femaca-2015-divulga-foto-oficial-240.jpg\",\"datePublished\":\"2015-02-07T01:11:46+00:00\",\"dateModified\":\"2015-02-07T12:23:01+00:00\",\"breadcrumb\":{\"@id\":\"https:\/\/www.notibras.com\/site\/rainha-e-princesas-mostram-o-que-e-a-verdadeira-tentacao-da-festa-da-maca\/#breadcrumb\"},\"inLanguage\":\"pt-BR\",\"potentialAction\":[{\"@type\":\"ReadAction\",\"target\":[\"https:\/\/www.notibras.com\/site\/rainha-e-princesas-mostram-o-que-e-a-verdadeira-tentacao-da-festa-da-maca\/\"]}]},{\"@type\":\"ImageObject\",\"inLanguage\":\"pt-BR\",\"@id\":\"https:\/\/www.notibras.com\/site\/rainha-e-princesas-mostram-o-que-e-a-verdadeira-tentacao-da-festa-da-maca\/#primaryimage\",\"url\":\"https:\/\/www.notibras.com\/site\/wp-content\/uploads\/2015\/02\/femaca-2015-divulga-foto-oficial-240.jpg\",\"contentUrl\":\"https:\/\/www.notibras.com\/site\/wp-content\/uploads\/2015\/02\/femaca-2015-divulga-foto-oficial-240.jpg\",\"width\":460,\"height\":308},{\"@type\":\"BreadcrumbList\",\"@id\":\"https:\/\/www.notibras.com\/site\/rainha-e-princesas-mostram-o-que-e-a-verdadeira-tentacao-da-festa-da-maca\/#breadcrumb\",\"itemListElement\":[{\"@type\":\"ListItem\",\"position\":1,\"name\":\"In\u00edcio\",\"item\":\"https:\/\/www.notibras.com\/site\/\"},{\"@type\":\"ListItem\",\"position\":2,\"name\":\"Rainha e princesas desnudas mostram o que \u00e9 a tenta\u00e7\u00e3o de ga\u00fachos na Festa da Ma\u00e7\u00e3\"}]},{\"@type\":\"WebSite\",\"@id\":\"https:\/\/www.notibras.com\/site\/#website\",\"url\":\"https:\/\/www.notibras.com\/site\/\",\"name\":\"Notibras\",\"description\":\"Not\u00edcias de Bras\u00edlia, do Brasil e do Mundo\",\"publisher\":{\"@id\":\"https:\/\/www.notibras.com\/site\/#organization\"},\"potentialAction\":[{\"@type\":\"SearchAction\",\"target\":{\"@type\":\"EntryPoint\",\"urlTemplate\":\"https:\/\/www.notibras.com\/site\/?s={search_term_string}\"},\"query-input\":{\"@type\":\"PropertyValueSpecification\",\"valueRequired\":true,\"valueName\":\"search_term_string\"}}],\"inLanguage\":\"pt-BR\"},{\"@type\":\"Organization\",\"@id\":\"https:\/\/www.notibras.com\/site\/#organization\",\"name\":\"Grupo Notibras de Comunica\u00e7\u00e3o\",\"url\":\"https:\/\/www.notibras.com\/site\/\",\"logo\":{\"@type\":\"ImageObject\",\"inLanguage\":\"pt-BR\",\"@id\":\"https:\/\/www.notibras.com\/site\/#\/schema\/logo\/image\/\",\"url\":\"https:\/\/www.notibras.com\/site\/wp-content\/uploads\/2023\/01\/notibras23.png\",\"contentUrl\":\"https:\/\/www.notibras.com\/site\/wp-content\/uploads\/2023\/01\/notibras23.png\",\"width\":350,\"height\":87,\"caption\":\"Grupo Notibras de Comunica\u00e7\u00e3o\"},\"image\":{\"@id\":\"https:\/\/www.notibras.com\/site\/#\/schema\/logo\/image\/\"},\"sameAs\":[\"https:\/\/www.facebook.com\/notibras\/\",\"https:\/\/x.com\/Notibras\",\"https:\/\/www.instagram.com\/notibras\/\"]},{\"@type\":\"Person\",\"@id\":\"https:\/\/www.notibras.com\/site\/#\/schema\/person\/36ab0979449956132d3e5b517ea76ac8\",\"name\":\"Reda\u00e7\u00e3o\",\"image\":{\"@type\":\"ImageObject\",\"inLanguage\":\"pt-BR\",\"@id\":\"https:\/\/secure.gravatar.com\/avatar\/e0a867bdedb85fd243eadf09663511f96fc81e0720a4a42581f334ad4303aa6b?s=96&d=mm&r=g\",\"url\":\"https:\/\/secure.gravatar.com\/avatar\/e0a867bdedb85fd243eadf09663511f96fc81e0720a4a42581f334ad4303aa6b?s=96&d=mm&r=g\",\"contentUrl\":\"https:\/\/secure.gravatar.com\/avatar\/e0a867bdedb85fd243eadf09663511f96fc81e0720a4a42581f334ad4303aa6b?s=96&d=mm&r=g\",\"caption\":\"Reda\u00e7\u00e3o\"}}]}<\/script>\n<!-- \/ Yoast SEO plugin. -->","yoast_head_json":{"title":"Rainha e princesas desnudas mostram o que \u00e9 a tenta\u00e7\u00e3o de ga\u00fachos na Festa da Ma\u00e7\u00e3 - Notibras","robots":{"index":"index","follow":"follow","max-snippet":"max-snippet:-1","max-image-preview":"max-image-preview:large","max-video-preview":"max-video-preview:-1"},"canonical":"https:\/\/www.notibras.com\/site\/rainha-e-princesas-mostram-o-que-e-a-verdadeira-tentacao-da-festa-da-maca\/","og_locale":"pt_BR","og_type":"article","og_title":"Rainha e princesas desnudas mostram o que \u00e9 a tenta\u00e7\u00e3o de ga\u00fachos na Festa da Ma\u00e7\u00e3 - Notibras","og_description":"O que voc\u00ea pensaria se recebesse um material de divulga\u00e7\u00e3o com a frase &#8220;Caia na tenta\u00e7\u00e3o!&#8221; acima de uma imagem na qual tr\u00eas lindas mulheres, fotografadas da cintura para cima, cobrem o corpo apenas com ma\u00e7\u00e3s? N\u00e3o responda. N\u00e3o \u00e9 nada do que voc\u00ea est\u00e1 imaginando. Os outdoors, cartazes, folders e outras pe\u00e7as publicit\u00e1rias com [&hellip;]","og_url":"https:\/\/www.notibras.com\/site\/rainha-e-princesas-mostram-o-que-e-a-verdadeira-tentacao-da-festa-da-maca\/","og_site_name":"Notibras","article_publisher":"https:\/\/www.facebook.com\/notibras\/","article_published_time":"2015-02-07T01:11:46+00:00","article_modified_time":"2015-02-07T12:23:01+00:00","og_image":[{"width":460,"height":308,"url":"https:\/\/www.notibras.com\/site\/wp-content\/uploads\/2015\/02\/femaca-2015-divulga-foto-oficial-240.jpg","type":"image\/jpeg"}],"author":"Reda\u00e7\u00e3o","twitter_card":"summary_large_image","twitter_creator":"@Notibras","twitter_site":"@Notibras","twitter_misc":{"Escrito por":"Reda\u00e7\u00e3o","Est. tempo de leitura":"3 minutos"},"schema":{"@context":"https:\/\/schema.org","@graph":[{"@type":"Article","@id":"https:\/\/www.notibras.com\/site\/rainha-e-princesas-mostram-o-que-e-a-verdadeira-tentacao-da-festa-da-maca\/#article","isPartOf":{"@id":"https:\/\/www.notibras.com\/site\/rainha-e-princesas-mostram-o-que-e-a-verdadeira-tentacao-da-festa-da-maca\/"},"author":{"name":"Reda\u00e7\u00e3o","@id":"https:\/\/www.notibras.com\/site\/#\/schema\/person\/36ab0979449956132d3e5b517ea76ac8"},"headline":"Rainha e princesas desnudas mostram o que \u00e9 a tenta\u00e7\u00e3o de ga\u00fachos na Festa da Ma\u00e7\u00e3","datePublished":"2015-02-07T01:11:46+00:00","dateModified":"2015-02-07T12:23:01+00:00","mainEntityOfPage":{"@id":"https:\/\/www.notibras.com\/site\/rainha-e-princesas-mostram-o-que-e-a-verdadeira-tentacao-da-festa-da-maca\/"},"wordCount":652,"commentCount":0,"publisher":{"@id":"https:\/\/www.notibras.com\/site\/#organization"},"image":{"@id":"https:\/\/www.notibras.com\/site\/rainha-e-princesas-mostram-o-que-e-a-verdadeira-tentacao-da-festa-da-maca\/#primaryimage"},"thumbnailUrl":"https:\/\/www.notibras.com\/site\/wp-content\/uploads\/2015\/02\/femaca-2015-divulga-foto-oficial-240.jpg","articleSection":["Brasil"],"inLanguage":"pt-BR","potentialAction":[{"@type":"CommentAction","name":"Comment","target":["https:\/\/www.notibras.com\/site\/rainha-e-princesas-mostram-o-que-e-a-verdadeira-tentacao-da-festa-da-maca\/#respond"]}]},{"@type":"WebPage","@id":"https:\/\/www.notibras.com\/site\/rainha-e-princesas-mostram-o-que-e-a-verdadeira-tentacao-da-festa-da-maca\/","url":"https:\/\/www.notibras.com\/site\/rainha-e-princesas-mostram-o-que-e-a-verdadeira-tentacao-da-festa-da-maca\/","name":"Rainha e princesas desnudas mostram o que \u00e9 a tenta\u00e7\u00e3o de ga\u00fachos na Festa da Ma\u00e7\u00e3 - Notibras","isPartOf":{"@id":"https:\/\/www.notibras.com\/site\/#website"},"primaryImageOfPage":{"@id":"https:\/\/www.notibras.com\/site\/rainha-e-princesas-mostram-o-que-e-a-verdadeira-tentacao-da-festa-da-maca\/#primaryimage"},"image":{"@id":"https:\/\/www.notibras.com\/site\/rainha-e-princesas-mostram-o-que-e-a-verdadeira-tentacao-da-festa-da-maca\/#primaryimage"},"thumbnailUrl":"https:\/\/www.notibras.com\/site\/wp-content\/uploads\/2015\/02\/femaca-2015-divulga-foto-oficial-240.jpg","datePublished":"2015-02-07T01:11:46+00:00","dateModified":"2015-02-07T12:23:01+00:00","breadcrumb":{"@id":"https:\/\/www.notibras.com\/site\/rainha-e-princesas-mostram-o-que-e-a-verdadeira-tentacao-da-festa-da-maca\/#breadcrumb"},"inLanguage":"pt-BR","potentialAction":[{"@type":"ReadAction","target":["https:\/\/www.notibras.com\/site\/rainha-e-princesas-mostram-o-que-e-a-verdadeira-tentacao-da-festa-da-maca\/"]}]},{"@type":"ImageObject","inLanguage":"pt-BR","@id":"https:\/\/www.notibras.com\/site\/rainha-e-princesas-mostram-o-que-e-a-verdadeira-tentacao-da-festa-da-maca\/#primaryimage","url":"https:\/\/www.notibras.com\/site\/wp-content\/uploads\/2015\/02\/femaca-2015-divulga-foto-oficial-240.jpg","contentUrl":"https:\/\/www.notibras.com\/site\/wp-content\/uploads\/2015\/02\/femaca-2015-divulga-foto-oficial-240.jpg","width":460,"height":308},{"@type":"BreadcrumbList","@id":"https:\/\/www.notibras.com\/site\/rainha-e-princesas-mostram-o-que-e-a-verdadeira-tentacao-da-festa-da-maca\/#breadcrumb","itemListElement":[{"@type":"ListItem","position":1,"name":"In\u00edcio","item":"https:\/\/www.notibras.com\/site\/"},{"@type":"ListItem","position":2,"name":"Rainha e princesas desnudas mostram o que \u00e9 a tenta\u00e7\u00e3o de ga\u00fachos na Festa da Ma\u00e7\u00e3"}]},{"@type":"WebSite","@id":"https:\/\/www.notibras.com\/site\/#website","url":"https:\/\/www.notibras.com\/site\/","name":"Notibras","description":"Not\u00edcias de Bras\u00edlia, do Brasil e do Mundo","publisher":{"@id":"https:\/\/www.notibras.com\/site\/#organization"},"potentialAction":[{"@type":"SearchAction","target":{"@type":"EntryPoint","urlTemplate":"https:\/\/www.notibras.com\/site\/?s={search_term_string}"},"query-input":{"@type":"PropertyValueSpecification","valueRequired":true,"valueName":"search_term_string"}}],"inLanguage":"pt-BR"},{"@type":"Organization","@id":"https:\/\/www.notibras.com\/site\/#organization","name":"Grupo Notibras de Comunica\u00e7\u00e3o","url":"https:\/\/www.notibras.com\/site\/","logo":{"@type":"ImageObject","inLanguage":"pt-BR","@id":"https:\/\/www.notibras.com\/site\/#\/schema\/logo\/image\/","url":"https:\/\/www.notibras.com\/site\/wp-content\/uploads\/2023\/01\/notibras23.png","contentUrl":"https:\/\/www.notibras.com\/site\/wp-content\/uploads\/2023\/01\/notibras23.png","width":350,"height":87,"caption":"Grupo Notibras de Comunica\u00e7\u00e3o"},"image":{"@id":"https:\/\/www.notibras.com\/site\/#\/schema\/logo\/image\/"},"sameAs":["https:\/\/www.facebook.com\/notibras\/","https:\/\/x.com\/Notibras","https:\/\/www.instagram.com\/notibras\/"]},{"@type":"Person","@id":"https:\/\/www.notibras.com\/site\/#\/schema\/person\/36ab0979449956132d3e5b517ea76ac8","name":"Reda\u00e7\u00e3o","image":{"@type":"ImageObject","inLanguage":"pt-BR","@id":"https:\/\/secure.gravatar.com\/avatar\/e0a867bdedb85fd243eadf09663511f96fc81e0720a4a42581f334ad4303aa6b?s=96&d=mm&r=g","url":"https:\/\/secure.gravatar.com\/avatar\/e0a867bdedb85fd243eadf09663511f96fc81e0720a4a42581f334ad4303aa6b?s=96&d=mm&r=g","contentUrl":"https:\/\/secure.gravatar.com\/avatar\/e0a867bdedb85fd243eadf09663511f96fc81e0720a4a42581f334ad4303aa6b?s=96&d=mm&r=g","caption":"Reda\u00e7\u00e3o"}}]}},"amp_enabled":true,"_links":{"self":[{"href":"https:\/\/www.notibras.com\/site\/wp-json\/wp\/v2\/posts\/36263","targetHints":{"allow":["GET"]}}],"collection":[{"href":"https:\/\/www.notibras.com\/site\/wp-json\/wp\/v2\/posts"}],"about":[{"href":"https:\/\/www.notibras.com\/site\/wp-json\/wp\/v2\/types\/post"}],"author":[{"embeddable":true,"href":"https:\/\/www.notibras.com\/site\/wp-json\/wp\/v2\/users\/2"}],"replies":[{"embeddable":true,"href":"https:\/\/www.notibras.com\/site\/wp-json\/wp\/v2\/comments?post=36263"}],"version-history":[{"count":0,"href":"https:\/\/www.notibras.com\/site\/wp-json\/wp\/v2\/posts\/36263\/revisions"}],"wp:featuredmedia":[{"embeddable":true,"href":"https:\/\/www.notibras.com\/site\/wp-json\/wp\/v2\/media\/36264"}],"wp:attachment":[{"href":"https:\/\/www.notibras.com\/site\/wp-json\/wp\/v2\/media?parent=36263"}],"wp:term":[{"taxonomy":"category","embeddable":true,"href":"https:\/\/www.notibras.com\/site\/wp-json\/wp\/v2\/categories?post=36263"},{"taxonomy":"post_tag","embeddable":true,"href":"https:\/\/www.notibras.com\/site\/wp-json\/wp\/v2\/tags?post=36263"}],"curies":[{"name":"wp","href":"https:\/\/api.w.org\/{rel}","templated":true}]}}