{"id":362766,"date":"2025-08-31T02:35:14","date_gmt":"2025-08-31T05:35:14","guid":{"rendered":"https:\/\/www.notibras.com\/site\/?p=362766"},"modified":"2025-08-31T03:13:37","modified_gmt":"2025-08-31T06:13:37","slug":"semana-trara-brisa-e-muita-tempestade-a-alguns-signos","status":"publish","type":"post","link":"https:\/\/www.notibras.com\/site\/semana-trara-brisa-e-muita-tempestade-a-alguns-signos\/","title":{"rendered":"Semana trar\u00e1 brisa e muita tempestade a alguns signos"},"content":{"rendered":"<p>O panorama c\u00f3smico para a semana que se inicia neste domingo, 31, e se estende at\u00e9 o pr\u00f3ximo s\u00e1bado, 6, tem Merc\u00fario entrando em Virgem, promovendo foco, comunica\u00e7\u00e3o direta e aten\u00e7\u00e3o aos detalhes \u2014 ideal para revisar, planejar e executar planos com clareza. J\u00e1 Saturno retr\u00f3grado em peixes Peixes, convida \u00e0 revis\u00e3o de projetos de longo prazo, introspec\u00e7\u00e3o mais profunda e reestrutura\u00e7\u00e3o emocional.<\/p>\n<p>No mesmo per\u00edodo, Uranus come\u00e7a a retrogradar, sugerindo um per\u00edodo de reflex\u00e3o sobre inova\u00e7\u00e3o, tecnologia e mudan\u00e7as que j\u00e1 foram iniciadas. A Lua Crescente em Sagit\u00e1rio neste domingo, indica um bom impulso para agir, mas tamb\u00e9m tensiona com o Sol em Virgem \u2014 um contraste entre espontaneidade e controle.<\/p>\n<p>Outro aspecto significativo s\u00e3o Marte em quadratura com J\u00fapiter (gerando energia \u2014 e risco de exagero) e Merc\u00fario em quadratura com Urano (potencial de imprevistos, especialmente na comunica\u00e7\u00e3o e rotina). Em resumo, a\u00a0semana promete ser animada, convidativa e cheia de movimento, mas exige cuidado e aten\u00e7\u00e3o redobrada.<\/p>\n<p>Veja o hor\u00f3scopo para cada signo:<\/p>\n<p><strong>\u00c1ries<\/strong>: \u00d3timo para ajustes finos em trabalho e bem-estar. Evite tens\u00f5es desnecess\u00e1rias.<\/p>\n<p><strong>Touro<\/strong>: Concilia\u00e7\u00e3o entre descanso e produtividade favorecida \u2014 aproveite e rume com leveza os objetivos.<\/p>\n<p><strong>G\u00eameos<\/strong>: Foque em quest\u00f5es dom\u00e9sticas e familiares \u2014 o lar pede aten\u00e7\u00e3o e harmonia.<\/p>\n<p><strong>C\u00e2ncer<\/strong>: Bom per\u00edodo para conectar com o entorno imediato e estabelecer prop\u00f3sitos concretos.<\/p>\n<p><strong>Le\u00e3o<\/strong>: Hora de reavaliar suas finan\u00e7as e recursos \u2014 acerte o passo com sabedoria.<\/p>\n<p><strong>Virgem<\/strong>: Excelente janela para comunica\u00e7\u00e3o e imagem pessoal \u2014 aproveite para se expressar de modo claro e impactante.<\/p>\n<p><strong>Libra<\/strong>: Boa hora para explorar sonhos, intui\u00e7\u00e3o e o mundo interior \u2014 esteja aberto \u00e0s inspira\u00e7\u00f5es.<\/p>\n<p><strong>Escorpi\u00e3o<\/strong>: Rede de contatos e grupos de afinidade est\u00e3o favorecidos \u2014 boas parcerias e conex\u00f5es.<\/p>\n<p><strong>Sagit\u00e1rio<\/strong>: Necess\u00e1ria aterrissagem em seus planos de carreira \u2014 alinhamento entre sonhos e realidade.<\/p>\n<p><strong>Capric\u00f3rnio<\/strong>: Expanda horizontes via aprendizado ou experi\u00eancias fora da sua zona cotidiana.<\/p>\n<p><strong>Aqu\u00e1rio<\/strong>: Busque crescimento interno e transforma\u00e7\u00e3o psicol\u00f3gica; autoconhecimento em foco.<\/p>\n<p><strong>Peixes<\/strong>: Reavaliar metas de longo prazo com mais maturidade e realismo \u2014 bom momento para ajustes<\/p>\n","protected":false},"excerpt":{"rendered":"<p>O panorama c\u00f3smico para a semana que se inicia neste domingo, 31, e se estende at\u00e9 o pr\u00f3ximo s\u00e1bado, 6, tem Merc\u00fario entrando em Virgem, promovendo foco, comunica\u00e7\u00e3o direta e aten\u00e7\u00e3o aos detalhes \u2014 ideal para revisar, planejar e executar planos com clareza. J\u00e1 Saturno retr\u00f3grado em peixes Peixes, convida \u00e0 revis\u00e3o de projetos de [&hellip;]<\/p>\n","protected":false},"author":2,"featured_media":362767,"comment_status":"closed","ping_status":"closed","sticky":false,"template":"","format":"standard","meta":{"_acf_changed":false,"footnotes":""},"categories":[237],"tags":[],"class_list":["post-362766","post","type-post","status-publish","format-standard","has-post-thumbnail","hentry","category-oraculos"],"acf":[],"yoast_head":"<!-- This site is optimized with the Yoast SEO plugin v27.2 - https:\/\/yoast.com\/product\/yoast-seo-wordpress\/ -->\n<title>Semana trar\u00e1 brisa e muita tempestade a alguns signos - Notibras<\/title>\n<meta name=\"robots\" content=\"index, follow, max-snippet:-1, max-image-preview:large, max-video-preview:-1\" \/>\n<link rel=\"canonical\" href=\"https:\/\/www.notibras.com\/site\/semana-trara-brisa-e-muita-tempestade-a-alguns-signos\/\" \/>\n<meta property=\"og:locale\" content=\"pt_BR\" \/>\n<meta property=\"og:type\" content=\"article\" \/>\n<meta property=\"og:title\" content=\"Semana trar\u00e1 brisa e muita tempestade a alguns signos - Notibras\" \/>\n<meta property=\"og:description\" content=\"O panorama c\u00f3smico para a semana que se inicia neste domingo, 31, e se estende at\u00e9 o pr\u00f3ximo s\u00e1bado, 6, tem Merc\u00fario entrando em Virgem, promovendo foco, comunica\u00e7\u00e3o direta e aten\u00e7\u00e3o aos detalhes \u2014 ideal para revisar, planejar e executar planos com clareza. J\u00e1 Saturno retr\u00f3grado em peixes Peixes, convida \u00e0 revis\u00e3o de projetos de [&hellip;]\" \/>\n<meta property=\"og:url\" content=\"https:\/\/www.notibras.com\/site\/semana-trara-brisa-e-muita-tempestade-a-alguns-signos\/\" \/>\n<meta property=\"og:site_name\" content=\"Notibras\" \/>\n<meta property=\"article:publisher\" content=\"https:\/\/www.facebook.com\/notibras\/\" \/>\n<meta property=\"article:published_time\" content=\"2025-08-31T05:35:14+00:00\" \/>\n<meta property=\"article:modified_time\" content=\"2025-08-31T06:13:37+00:00\" \/>\n<meta property=\"og:image\" content=\"https:\/\/www.notibras.com\/site\/wp-content\/uploads\/2025\/08\/162c47ff-da10-4e72-ba8d-bc72e10e1375-683x1024.png\" \/>\n\t<meta property=\"og:image:width\" content=\"683\" \/>\n\t<meta property=\"og:image:height\" content=\"1024\" \/>\n\t<meta property=\"og:image:type\" content=\"image\/png\" \/>\n<meta name=\"author\" content=\"Reda\u00e7\u00e3o\" \/>\n<meta name=\"twitter:card\" content=\"summary_large_image\" \/>\n<meta name=\"twitter:creator\" content=\"@Notibras\" \/>\n<meta name=\"twitter:site\" content=\"@Notibras\" \/>\n<meta name=\"twitter:label1\" content=\"Escrito por\" \/>\n\t<meta name=\"twitter:data1\" content=\"Reda\u00e7\u00e3o\" \/>\n\t<meta name=\"twitter:label2\" content=\"Est. tempo de leitura\" \/>\n\t<meta name=\"twitter:data2\" content=\"3 minutos\" \/>\n<script type=\"application\/ld+json\" class=\"yoast-schema-graph\">{\"@context\":\"https:\/\/schema.org\",\"@graph\":[{\"@type\":\"Article\",\"@id\":\"https:\/\/www.notibras.com\/site\/semana-trara-brisa-e-muita-tempestade-a-alguns-signos\/#article\",\"isPartOf\":{\"@id\":\"https:\/\/www.notibras.com\/site\/semana-trara-brisa-e-muita-tempestade-a-alguns-signos\/\"},\"author\":{\"name\":\"Reda\u00e7\u00e3o\",\"@id\":\"https:\/\/www.notibras.com\/site\/#\/schema\/person\/36ab0979449956132d3e5b517ea76ac8\"},\"headline\":\"Semana trar\u00e1 brisa e muita tempestade a alguns signos\",\"datePublished\":\"2025-08-31T05:35:14+00:00\",\"dateModified\":\"2025-08-31T06:13:37+00:00\",\"mainEntityOfPage\":{\"@id\":\"https:\/\/www.notibras.com\/site\/semana-trara-brisa-e-muita-tempestade-a-alguns-signos\/\"},\"wordCount\":379,\"publisher\":{\"@id\":\"https:\/\/www.notibras.com\/site\/#organization\"},\"image\":{\"@id\":\"https:\/\/www.notibras.com\/site\/semana-trara-brisa-e-muita-tempestade-a-alguns-signos\/#primaryimage\"},\"thumbnailUrl\":\"https:\/\/www.notibras.com\/site\/wp-content\/uploads\/2025\/08\/162c47ff-da10-4e72-ba8d-bc72e10e1375.png\",\"articleSection\":[\"Or\u00e1culos\"],\"inLanguage\":\"pt-BR\"},{\"@type\":\"WebPage\",\"@id\":\"https:\/\/www.notibras.com\/site\/semana-trara-brisa-e-muita-tempestade-a-alguns-signos\/\",\"url\":\"https:\/\/www.notibras.com\/site\/semana-trara-brisa-e-muita-tempestade-a-alguns-signos\/\",\"name\":\"Semana trar\u00e1 brisa e muita tempestade a alguns signos - Notibras\",\"isPartOf\":{\"@id\":\"https:\/\/www.notibras.com\/site\/#website\"},\"primaryImageOfPage\":{\"@id\":\"https:\/\/www.notibras.com\/site\/semana-trara-brisa-e-muita-tempestade-a-alguns-signos\/#primaryimage\"},\"image\":{\"@id\":\"https:\/\/www.notibras.com\/site\/semana-trara-brisa-e-muita-tempestade-a-alguns-signos\/#primaryimage\"},\"thumbnailUrl\":\"https:\/\/www.notibras.com\/site\/wp-content\/uploads\/2025\/08\/162c47ff-da10-4e72-ba8d-bc72e10e1375.png\",\"datePublished\":\"2025-08-31T05:35:14+00:00\",\"dateModified\":\"2025-08-31T06:13:37+00:00\",\"breadcrumb\":{\"@id\":\"https:\/\/www.notibras.com\/site\/semana-trara-brisa-e-muita-tempestade-a-alguns-signos\/#breadcrumb\"},\"inLanguage\":\"pt-BR\",\"potentialAction\":[{\"@type\":\"ReadAction\",\"target\":[\"https:\/\/www.notibras.com\/site\/semana-trara-brisa-e-muita-tempestade-a-alguns-signos\/\"]}]},{\"@type\":\"ImageObject\",\"inLanguage\":\"pt-BR\",\"@id\":\"https:\/\/www.notibras.com\/site\/semana-trara-brisa-e-muita-tempestade-a-alguns-signos\/#primaryimage\",\"url\":\"https:\/\/www.notibras.com\/site\/wp-content\/uploads\/2025\/08\/162c47ff-da10-4e72-ba8d-bc72e10e1375.png\",\"contentUrl\":\"https:\/\/www.notibras.com\/site\/wp-content\/uploads\/2025\/08\/162c47ff-da10-4e72-ba8d-bc72e10e1375.png\",\"width\":1024,\"height\":1536},{\"@type\":\"BreadcrumbList\",\"@id\":\"https:\/\/www.notibras.com\/site\/semana-trara-brisa-e-muita-tempestade-a-alguns-signos\/#breadcrumb\",\"itemListElement\":[{\"@type\":\"ListItem\",\"position\":1,\"name\":\"In\u00edcio\",\"item\":\"https:\/\/www.notibras.com\/site\/\"},{\"@type\":\"ListItem\",\"position\":2,\"name\":\"Semana trar\u00e1 brisa e muita tempestade a alguns signos\"}]},{\"@type\":\"WebSite\",\"@id\":\"https:\/\/www.notibras.com\/site\/#website\",\"url\":\"https:\/\/www.notibras.com\/site\/\",\"name\":\"Notibras\",\"description\":\"Not\u00edcias de Bras\u00edlia, do Brasil e do Mundo\",\"publisher\":{\"@id\":\"https:\/\/www.notibras.com\/site\/#organization\"},\"potentialAction\":[{\"@type\":\"SearchAction\",\"target\":{\"@type\":\"EntryPoint\",\"urlTemplate\":\"https:\/\/www.notibras.com\/site\/?s={search_term_string}\"},\"query-input\":{\"@type\":\"PropertyValueSpecification\",\"valueRequired\":true,\"valueName\":\"search_term_string\"}}],\"inLanguage\":\"pt-BR\"},{\"@type\":\"Organization\",\"@id\":\"https:\/\/www.notibras.com\/site\/#organization\",\"name\":\"Grupo Notibras de Comunica\u00e7\u00e3o\",\"url\":\"https:\/\/www.notibras.com\/site\/\",\"logo\":{\"@type\":\"ImageObject\",\"inLanguage\":\"pt-BR\",\"@id\":\"https:\/\/www.notibras.com\/site\/#\/schema\/logo\/image\/\",\"url\":\"https:\/\/www.notibras.com\/site\/wp-content\/uploads\/2023\/01\/notibras23.png\",\"contentUrl\":\"https:\/\/www.notibras.com\/site\/wp-content\/uploads\/2023\/01\/notibras23.png\",\"width\":350,\"height\":87,\"caption\":\"Grupo Notibras de Comunica\u00e7\u00e3o\"},\"image\":{\"@id\":\"https:\/\/www.notibras.com\/site\/#\/schema\/logo\/image\/\"},\"sameAs\":[\"https:\/\/www.facebook.com\/notibras\/\",\"https:\/\/x.com\/Notibras\",\"https:\/\/www.instagram.com\/notibras\/\"]},{\"@type\":\"Person\",\"@id\":\"https:\/\/www.notibras.com\/site\/#\/schema\/person\/36ab0979449956132d3e5b517ea76ac8\",\"name\":\"Reda\u00e7\u00e3o\",\"image\":{\"@type\":\"ImageObject\",\"inLanguage\":\"pt-BR\",\"@id\":\"https:\/\/secure.gravatar.com\/avatar\/e0a867bdedb85fd243eadf09663511f96fc81e0720a4a42581f334ad4303aa6b?s=96&d=mm&r=g\",\"url\":\"https:\/\/secure.gravatar.com\/avatar\/e0a867bdedb85fd243eadf09663511f96fc81e0720a4a42581f334ad4303aa6b?s=96&d=mm&r=g\",\"contentUrl\":\"https:\/\/secure.gravatar.com\/avatar\/e0a867bdedb85fd243eadf09663511f96fc81e0720a4a42581f334ad4303aa6b?s=96&d=mm&r=g\",\"caption\":\"Reda\u00e7\u00e3o\"}}]}<\/script>\n<!-- \/ Yoast SEO plugin. -->","yoast_head_json":{"title":"Semana trar\u00e1 brisa e muita tempestade a alguns signos - Notibras","robots":{"index":"index","follow":"follow","max-snippet":"max-snippet:-1","max-image-preview":"max-image-preview:large","max-video-preview":"max-video-preview:-1"},"canonical":"https:\/\/www.notibras.com\/site\/semana-trara-brisa-e-muita-tempestade-a-alguns-signos\/","og_locale":"pt_BR","og_type":"article","og_title":"Semana trar\u00e1 brisa e muita tempestade a alguns signos - Notibras","og_description":"O panorama c\u00f3smico para a semana que se inicia neste domingo, 31, e se estende at\u00e9 o pr\u00f3ximo s\u00e1bado, 6, tem Merc\u00fario entrando em Virgem, promovendo foco, comunica\u00e7\u00e3o direta e aten\u00e7\u00e3o aos detalhes \u2014 ideal para revisar, planejar e executar planos com clareza. J\u00e1 Saturno retr\u00f3grado em peixes Peixes, convida \u00e0 revis\u00e3o de projetos de [&hellip;]","og_url":"https:\/\/www.notibras.com\/site\/semana-trara-brisa-e-muita-tempestade-a-alguns-signos\/","og_site_name":"Notibras","article_publisher":"https:\/\/www.facebook.com\/notibras\/","article_published_time":"2025-08-31T05:35:14+00:00","article_modified_time":"2025-08-31T06:13:37+00:00","og_image":[{"width":683,"height":1024,"url":"https:\/\/www.notibras.com\/site\/wp-content\/uploads\/2025\/08\/162c47ff-da10-4e72-ba8d-bc72e10e1375-683x1024.png","type":"image\/png"}],"author":"Reda\u00e7\u00e3o","twitter_card":"summary_large_image","twitter_creator":"@Notibras","twitter_site":"@Notibras","twitter_misc":{"Escrito por":"Reda\u00e7\u00e3o","Est. tempo de leitura":"3 minutos"},"schema":{"@context":"https:\/\/schema.org","@graph":[{"@type":"Article","@id":"https:\/\/www.notibras.com\/site\/semana-trara-brisa-e-muita-tempestade-a-alguns-signos\/#article","isPartOf":{"@id":"https:\/\/www.notibras.com\/site\/semana-trara-brisa-e-muita-tempestade-a-alguns-signos\/"},"author":{"name":"Reda\u00e7\u00e3o","@id":"https:\/\/www.notibras.com\/site\/#\/schema\/person\/36ab0979449956132d3e5b517ea76ac8"},"headline":"Semana trar\u00e1 brisa e muita tempestade a alguns signos","datePublished":"2025-08-31T05:35:14+00:00","dateModified":"2025-08-31T06:13:37+00:00","mainEntityOfPage":{"@id":"https:\/\/www.notibras.com\/site\/semana-trara-brisa-e-muita-tempestade-a-alguns-signos\/"},"wordCount":379,"publisher":{"@id":"https:\/\/www.notibras.com\/site\/#organization"},"image":{"@id":"https:\/\/www.notibras.com\/site\/semana-trara-brisa-e-muita-tempestade-a-alguns-signos\/#primaryimage"},"thumbnailUrl":"https:\/\/www.notibras.com\/site\/wp-content\/uploads\/2025\/08\/162c47ff-da10-4e72-ba8d-bc72e10e1375.png","articleSection":["Or\u00e1culos"],"inLanguage":"pt-BR"},{"@type":"WebPage","@id":"https:\/\/www.notibras.com\/site\/semana-trara-brisa-e-muita-tempestade-a-alguns-signos\/","url":"https:\/\/www.notibras.com\/site\/semana-trara-brisa-e-muita-tempestade-a-alguns-signos\/","name":"Semana trar\u00e1 brisa e muita tempestade a alguns signos - Notibras","isPartOf":{"@id":"https:\/\/www.notibras.com\/site\/#website"},"primaryImageOfPage":{"@id":"https:\/\/www.notibras.com\/site\/semana-trara-brisa-e-muita-tempestade-a-alguns-signos\/#primaryimage"},"image":{"@id":"https:\/\/www.notibras.com\/site\/semana-trara-brisa-e-muita-tempestade-a-alguns-signos\/#primaryimage"},"thumbnailUrl":"https:\/\/www.notibras.com\/site\/wp-content\/uploads\/2025\/08\/162c47ff-da10-4e72-ba8d-bc72e10e1375.png","datePublished":"2025-08-31T05:35:14+00:00","dateModified":"2025-08-31T06:13:37+00:00","breadcrumb":{"@id":"https:\/\/www.notibras.com\/site\/semana-trara-brisa-e-muita-tempestade-a-alguns-signos\/#breadcrumb"},"inLanguage":"pt-BR","potentialAction":[{"@type":"ReadAction","target":["https:\/\/www.notibras.com\/site\/semana-trara-brisa-e-muita-tempestade-a-alguns-signos\/"]}]},{"@type":"ImageObject","inLanguage":"pt-BR","@id":"https:\/\/www.notibras.com\/site\/semana-trara-brisa-e-muita-tempestade-a-alguns-signos\/#primaryimage","url":"https:\/\/www.notibras.com\/site\/wp-content\/uploads\/2025\/08\/162c47ff-da10-4e72-ba8d-bc72e10e1375.png","contentUrl":"https:\/\/www.notibras.com\/site\/wp-content\/uploads\/2025\/08\/162c47ff-da10-4e72-ba8d-bc72e10e1375.png","width":1024,"height":1536},{"@type":"BreadcrumbList","@id":"https:\/\/www.notibras.com\/site\/semana-trara-brisa-e-muita-tempestade-a-alguns-signos\/#breadcrumb","itemListElement":[{"@type":"ListItem","position":1,"name":"In\u00edcio","item":"https:\/\/www.notibras.com\/site\/"},{"@type":"ListItem","position":2,"name":"Semana trar\u00e1 brisa e muita tempestade a alguns signos"}]},{"@type":"WebSite","@id":"https:\/\/www.notibras.com\/site\/#website","url":"https:\/\/www.notibras.com\/site\/","name":"Notibras","description":"Not\u00edcias de Bras\u00edlia, do Brasil e do Mundo","publisher":{"@id":"https:\/\/www.notibras.com\/site\/#organization"},"potentialAction":[{"@type":"SearchAction","target":{"@type":"EntryPoint","urlTemplate":"https:\/\/www.notibras.com\/site\/?s={search_term_string}"},"query-input":{"@type":"PropertyValueSpecification","valueRequired":true,"valueName":"search_term_string"}}],"inLanguage":"pt-BR"},{"@type":"Organization","@id":"https:\/\/www.notibras.com\/site\/#organization","name":"Grupo Notibras de Comunica\u00e7\u00e3o","url":"https:\/\/www.notibras.com\/site\/","logo":{"@type":"ImageObject","inLanguage":"pt-BR","@id":"https:\/\/www.notibras.com\/site\/#\/schema\/logo\/image\/","url":"https:\/\/www.notibras.com\/site\/wp-content\/uploads\/2023\/01\/notibras23.png","contentUrl":"https:\/\/www.notibras.com\/site\/wp-content\/uploads\/2023\/01\/notibras23.png","width":350,"height":87,"caption":"Grupo Notibras de Comunica\u00e7\u00e3o"},"image":{"@id":"https:\/\/www.notibras.com\/site\/#\/schema\/logo\/image\/"},"sameAs":["https:\/\/www.facebook.com\/notibras\/","https:\/\/x.com\/Notibras","https:\/\/www.instagram.com\/notibras\/"]},{"@type":"Person","@id":"https:\/\/www.notibras.com\/site\/#\/schema\/person\/36ab0979449956132d3e5b517ea76ac8","name":"Reda\u00e7\u00e3o","image":{"@type":"ImageObject","inLanguage":"pt-BR","@id":"https:\/\/secure.gravatar.com\/avatar\/e0a867bdedb85fd243eadf09663511f96fc81e0720a4a42581f334ad4303aa6b?s=96&d=mm&r=g","url":"https:\/\/secure.gravatar.com\/avatar\/e0a867bdedb85fd243eadf09663511f96fc81e0720a4a42581f334ad4303aa6b?s=96&d=mm&r=g","contentUrl":"https:\/\/secure.gravatar.com\/avatar\/e0a867bdedb85fd243eadf09663511f96fc81e0720a4a42581f334ad4303aa6b?s=96&d=mm&r=g","caption":"Reda\u00e7\u00e3o"}}]}},"amp_enabled":true,"_links":{"self":[{"href":"https:\/\/www.notibras.com\/site\/wp-json\/wp\/v2\/posts\/362766","targetHints":{"allow":["GET"]}}],"collection":[{"href":"https:\/\/www.notibras.com\/site\/wp-json\/wp\/v2\/posts"}],"about":[{"href":"https:\/\/www.notibras.com\/site\/wp-json\/wp\/v2\/types\/post"}],"author":[{"embeddable":true,"href":"https:\/\/www.notibras.com\/site\/wp-json\/wp\/v2\/users\/2"}],"replies":[{"embeddable":true,"href":"https:\/\/www.notibras.com\/site\/wp-json\/wp\/v2\/comments?post=362766"}],"version-history":[{"count":5,"href":"https:\/\/www.notibras.com\/site\/wp-json\/wp\/v2\/posts\/362766\/revisions"}],"predecessor-version":[{"id":362772,"href":"https:\/\/www.notibras.com\/site\/wp-json\/wp\/v2\/posts\/362766\/revisions\/362772"}],"wp:featuredmedia":[{"embeddable":true,"href":"https:\/\/www.notibras.com\/site\/wp-json\/wp\/v2\/media\/362767"}],"wp:attachment":[{"href":"https:\/\/www.notibras.com\/site\/wp-json\/wp\/v2\/media?parent=362766"}],"wp:term":[{"taxonomy":"category","embeddable":true,"href":"https:\/\/www.notibras.com\/site\/wp-json\/wp\/v2\/categories?post=362766"},{"taxonomy":"post_tag","embeddable":true,"href":"https:\/\/www.notibras.com\/site\/wp-json\/wp\/v2\/tags?post=362766"}],"curies":[{"name":"wp","href":"https:\/\/api.w.org\/{rel}","templated":true}]}}