{"id":362773,"date":"2025-08-31T02:30:46","date_gmt":"2025-08-31T05:30:46","guid":{"rendered":"https:\/\/www.notibras.com\/site\/?p=362773"},"modified":"2025-08-31T12:45:19","modified_gmt":"2025-08-31T15:45:19","slug":"horoscopo-de-almanaque-e-como-um-conto-da-carochinha","status":"publish","type":"post","link":"https:\/\/www.notibras.com\/site\/horoscopo-de-almanaque-e-como-um-conto-da-carochinha\/","title":{"rendered":"Hor\u00f3scopo de Almanaque \u00e9 como um Conto da Carochinha"},"content":{"rendered":"<p>Iniciamos este texto, de antem\u00e3o, apenas com a lembran\u00e7a aos leitores desavisados que, como dizia o Mago Geraldo Seabra, esses &#8220;hor\u00f3scopos&#8221; di\u00e1rios, publicados em jornais e revistas, s\u00e3o muito gen\u00e9ricos &#8211; &#8220;hor\u00f3scopos de almanaque&#8221;. Isso porque, ao se montar um Mapa Astrol\u00f3gico, s\u00e3o necess\u00e1rias informa\u00e7\u00f5es fundamentais que incluem a hora exata de nascimento e a cidade onde nasceu o consulente.<\/p>\n<p>Imaginem os caros leitores, a seguinte situa\u00e7\u00e3o: se um Mapa Astrol\u00f3gico \u00e9 baseado na hora e local exato em que o indiv\u00edduo nasceu, como atribuir condi\u00e7\u00f5es e previs\u00f5es aos signos, de um modo geral, para um m\u00eas (ou mesmo um dia) inteiro e, no nosso caso, abrangendo todo o hemisf\u00e9rio sul, quando precisamos ter a hora e o local exatos do nascimento do consulente?<\/p>\n<p>A bem da verdade, no m\u00e1ximo, se poderia propor uma previs\u00e3o gen\u00e9rica, para um determinado dia, em rela\u00e7\u00e3o a uma determinada localidade, Bras\u00edlia, por exemplo, em que, a\u00ed, sim, se poderia interpretar, repito, com aproxima\u00e7\u00e3o, as tend\u00eancias para cada signo solar (os signos normalmente conhecidos) naquele dia. Por essas e outras, que o Mago Seabra se limitava a escrever, no <em>Correio Braziliense<\/em>, e apresentava, na <em>TV Bras\u00edlia<\/em>, em Bras\u00edlia \u2013 DF, sua coluna di\u00e1ria em que intitulava \u201cSeu dia hoje\u201d. Da\u00ed, ocorrerem situa\u00e7\u00f5es em que com fulano \u201cbate\u201d; com cicrano, nada!<\/p>\n<p>Os dados que informam a data e local onde nasceu o sujeito a ter seu Mapa Astrol\u00f3gico analisado, transformados em informa\u00e7\u00f5es matem\u00e1ticas, indicam, em coordenadas geogr\u00e1ficas, o ponto exato na superf\u00edcie da Terra onde nasceu o consulente, e a hora do acontecimento, que tamb\u00e9m deve ser o mais pr\u00f3ximo poss\u00edvel da exatid\u00e3o. Essas indica\u00e7\u00f5es possibilitam se calcular as posi\u00e7\u00f5es relativas dos astros e suas influ\u00eancias energ\u00e9ticas por toda a vida da pessoa cujo Mapa Astrol\u00f3gico est\u00e1 em an\u00e1lise.<\/p>\n<p>A F\u00edsica Qu\u00e2ntica pode explicar essa influ\u00eancia. Imaginem que, se a Lua tem influ\u00eancia direta nas mar\u00e9s, por que n\u00e3o admitirmos as influ\u00eancias que as energias dos planetas pr\u00f3ximos t\u00eam sobre a Terra e seus habitantes? O acompanhamento di\u00e1rio pode se dar pelos &#8220;tr\u00e2nsitos&#8221; e &#8220;progress\u00f5es&#8221; planet\u00e1rias, ou seja, as tend\u00eancias de ocorr\u00eancias em nossas vidas no dia-a-dia. Em todos os seus aspectos &#8211; sociais, profissionais, sa\u00fade e financeiros.<\/p>\n<p>Por toda a nossa vida!<\/p>\n<p>&#8230;&#8230;&#8230;&#8230;&#8230;..<\/p>\n<p><strong>Hamed Aawar &#8211; Membro do Col\u00e9gio dos Magos e Sacerdotisas @colegiodosmagosesacerdotisas &#8211; WhatsApp: 61 98189-8177<\/strong><\/p>\n","protected":false},"excerpt":{"rendered":"<p>Iniciamos este texto, de antem\u00e3o, apenas com a lembran\u00e7a aos leitores desavisados que, como dizia o Mago Geraldo Seabra, esses &#8220;hor\u00f3scopos&#8221; di\u00e1rios, publicados em jornais e revistas, s\u00e3o muito gen\u00e9ricos &#8211; &#8220;hor\u00f3scopos de almanaque&#8221;. Isso porque, ao se montar um Mapa Astrol\u00f3gico, s\u00e3o necess\u00e1rias informa\u00e7\u00f5es fundamentais que incluem a hora exata de nascimento e a [&hellip;]<\/p>\n","protected":false},"author":2,"featured_media":281712,"comment_status":"closed","ping_status":"closed","sticky":false,"template":"","format":"standard","meta":{"_acf_changed":false,"footnotes":""},"categories":[237],"tags":[],"class_list":["post-362773","post","type-post","status-publish","format-standard","has-post-thumbnail","hentry","category-oraculos"],"acf":[],"yoast_head":"<!-- This site is optimized with the Yoast SEO plugin v27.2 - https:\/\/yoast.com\/product\/yoast-seo-wordpress\/ -->\n<title>Hor\u00f3scopo de Almanaque \u00e9 como um Conto da Carochinha - Notibras<\/title>\n<meta name=\"robots\" content=\"index, follow, max-snippet:-1, max-image-preview:large, max-video-preview:-1\" \/>\n<link rel=\"canonical\" href=\"https:\/\/www.notibras.com\/site\/horoscopo-de-almanaque-e-como-um-conto-da-carochinha\/\" \/>\n<meta property=\"og:locale\" content=\"pt_BR\" \/>\n<meta property=\"og:type\" content=\"article\" \/>\n<meta property=\"og:title\" content=\"Hor\u00f3scopo de Almanaque \u00e9 como um Conto da Carochinha - Notibras\" \/>\n<meta property=\"og:description\" content=\"Iniciamos este texto, de antem\u00e3o, apenas com a lembran\u00e7a aos leitores desavisados que, como dizia o Mago Geraldo Seabra, esses &#8220;hor\u00f3scopos&#8221; di\u00e1rios, publicados em jornais e revistas, s\u00e3o muito gen\u00e9ricos &#8211; &#8220;hor\u00f3scopos de almanaque&#8221;. Isso porque, ao se montar um Mapa Astrol\u00f3gico, s\u00e3o necess\u00e1rias informa\u00e7\u00f5es fundamentais que incluem a hora exata de nascimento e a [&hellip;]\" \/>\n<meta property=\"og:url\" content=\"https:\/\/www.notibras.com\/site\/horoscopo-de-almanaque-e-como-um-conto-da-carochinha\/\" \/>\n<meta property=\"og:site_name\" content=\"Notibras\" \/>\n<meta property=\"article:publisher\" content=\"https:\/\/www.facebook.com\/notibras\/\" \/>\n<meta property=\"article:published_time\" content=\"2025-08-31T05:30:46+00:00\" \/>\n<meta property=\"article:modified_time\" content=\"2025-08-31T15:45:19+00:00\" \/>\n<meta property=\"og:image\" content=\"https:\/\/www.notibras.com\/site\/wp-content\/uploads\/2022\/03\/Astrologia-Carmica-1068x698-1.jpg\" \/>\n\t<meta property=\"og:image:width\" content=\"1068\" \/>\n\t<meta property=\"og:image:height\" content=\"698\" \/>\n\t<meta property=\"og:image:type\" content=\"image\/jpeg\" \/>\n<meta name=\"author\" content=\"Reda\u00e7\u00e3o\" \/>\n<meta name=\"twitter:card\" content=\"summary_large_image\" \/>\n<meta name=\"twitter:creator\" content=\"@Notibras\" \/>\n<meta name=\"twitter:site\" content=\"@Notibras\" \/>\n<meta name=\"twitter:label1\" content=\"Escrito por\" \/>\n\t<meta name=\"twitter:data1\" content=\"Reda\u00e7\u00e3o\" \/>\n\t<meta name=\"twitter:label2\" content=\"Est. tempo de leitura\" \/>\n\t<meta name=\"twitter:data2\" content=\"3 minutos\" \/>\n<script type=\"application\/ld+json\" class=\"yoast-schema-graph\">{\"@context\":\"https:\/\/schema.org\",\"@graph\":[{\"@type\":\"Article\",\"@id\":\"https:\/\/www.notibras.com\/site\/horoscopo-de-almanaque-e-como-um-conto-da-carochinha\/#article\",\"isPartOf\":{\"@id\":\"https:\/\/www.notibras.com\/site\/horoscopo-de-almanaque-e-como-um-conto-da-carochinha\/\"},\"author\":{\"name\":\"Reda\u00e7\u00e3o\",\"@id\":\"https:\/\/www.notibras.com\/site\/#\/schema\/person\/36ab0979449956132d3e5b517ea76ac8\"},\"headline\":\"Hor\u00f3scopo de Almanaque \u00e9 como um Conto da Carochinha\",\"datePublished\":\"2025-08-31T05:30:46+00:00\",\"dateModified\":\"2025-08-31T15:45:19+00:00\",\"mainEntityOfPage\":{\"@id\":\"https:\/\/www.notibras.com\/site\/horoscopo-de-almanaque-e-como-um-conto-da-carochinha\/\"},\"wordCount\":449,\"publisher\":{\"@id\":\"https:\/\/www.notibras.com\/site\/#organization\"},\"image\":{\"@id\":\"https:\/\/www.notibras.com\/site\/horoscopo-de-almanaque-e-como-um-conto-da-carochinha\/#primaryimage\"},\"thumbnailUrl\":\"https:\/\/www.notibras.com\/site\/wp-content\/uploads\/2022\/03\/Astrologia-Carmica-1068x698-1.jpg\",\"articleSection\":[\"Or\u00e1culos\"],\"inLanguage\":\"pt-BR\"},{\"@type\":\"WebPage\",\"@id\":\"https:\/\/www.notibras.com\/site\/horoscopo-de-almanaque-e-como-um-conto-da-carochinha\/\",\"url\":\"https:\/\/www.notibras.com\/site\/horoscopo-de-almanaque-e-como-um-conto-da-carochinha\/\",\"name\":\"Hor\u00f3scopo de Almanaque \u00e9 como um Conto da Carochinha - Notibras\",\"isPartOf\":{\"@id\":\"https:\/\/www.notibras.com\/site\/#website\"},\"primaryImageOfPage\":{\"@id\":\"https:\/\/www.notibras.com\/site\/horoscopo-de-almanaque-e-como-um-conto-da-carochinha\/#primaryimage\"},\"image\":{\"@id\":\"https:\/\/www.notibras.com\/site\/horoscopo-de-almanaque-e-como-um-conto-da-carochinha\/#primaryimage\"},\"thumbnailUrl\":\"https:\/\/www.notibras.com\/site\/wp-content\/uploads\/2022\/03\/Astrologia-Carmica-1068x698-1.jpg\",\"datePublished\":\"2025-08-31T05:30:46+00:00\",\"dateModified\":\"2025-08-31T15:45:19+00:00\",\"breadcrumb\":{\"@id\":\"https:\/\/www.notibras.com\/site\/horoscopo-de-almanaque-e-como-um-conto-da-carochinha\/#breadcrumb\"},\"inLanguage\":\"pt-BR\",\"potentialAction\":[{\"@type\":\"ReadAction\",\"target\":[\"https:\/\/www.notibras.com\/site\/horoscopo-de-almanaque-e-como-um-conto-da-carochinha\/\"]}]},{\"@type\":\"ImageObject\",\"inLanguage\":\"pt-BR\",\"@id\":\"https:\/\/www.notibras.com\/site\/horoscopo-de-almanaque-e-como-um-conto-da-carochinha\/#primaryimage\",\"url\":\"https:\/\/www.notibras.com\/site\/wp-content\/uploads\/2022\/03\/Astrologia-Carmica-1068x698-1.jpg\",\"contentUrl\":\"https:\/\/www.notibras.com\/site\/wp-content\/uploads\/2022\/03\/Astrologia-Carmica-1068x698-1.jpg\",\"width\":1068,\"height\":698},{\"@type\":\"BreadcrumbList\",\"@id\":\"https:\/\/www.notibras.com\/site\/horoscopo-de-almanaque-e-como-um-conto-da-carochinha\/#breadcrumb\",\"itemListElement\":[{\"@type\":\"ListItem\",\"position\":1,\"name\":\"In\u00edcio\",\"item\":\"https:\/\/www.notibras.com\/site\/\"},{\"@type\":\"ListItem\",\"position\":2,\"name\":\"Hor\u00f3scopo de Almanaque \u00e9 como um Conto da Carochinha\"}]},{\"@type\":\"WebSite\",\"@id\":\"https:\/\/www.notibras.com\/site\/#website\",\"url\":\"https:\/\/www.notibras.com\/site\/\",\"name\":\"Notibras\",\"description\":\"Not\u00edcias de Bras\u00edlia, do Brasil e do Mundo\",\"publisher\":{\"@id\":\"https:\/\/www.notibras.com\/site\/#organization\"},\"potentialAction\":[{\"@type\":\"SearchAction\",\"target\":{\"@type\":\"EntryPoint\",\"urlTemplate\":\"https:\/\/www.notibras.com\/site\/?s={search_term_string}\"},\"query-input\":{\"@type\":\"PropertyValueSpecification\",\"valueRequired\":true,\"valueName\":\"search_term_string\"}}],\"inLanguage\":\"pt-BR\"},{\"@type\":\"Organization\",\"@id\":\"https:\/\/www.notibras.com\/site\/#organization\",\"name\":\"Grupo Notibras de Comunica\u00e7\u00e3o\",\"url\":\"https:\/\/www.notibras.com\/site\/\",\"logo\":{\"@type\":\"ImageObject\",\"inLanguage\":\"pt-BR\",\"@id\":\"https:\/\/www.notibras.com\/site\/#\/schema\/logo\/image\/\",\"url\":\"https:\/\/www.notibras.com\/site\/wp-content\/uploads\/2023\/01\/notibras23.png\",\"contentUrl\":\"https:\/\/www.notibras.com\/site\/wp-content\/uploads\/2023\/01\/notibras23.png\",\"width\":350,\"height\":87,\"caption\":\"Grupo Notibras de Comunica\u00e7\u00e3o\"},\"image\":{\"@id\":\"https:\/\/www.notibras.com\/site\/#\/schema\/logo\/image\/\"},\"sameAs\":[\"https:\/\/www.facebook.com\/notibras\/\",\"https:\/\/x.com\/Notibras\",\"https:\/\/www.instagram.com\/notibras\/\"]},{\"@type\":\"Person\",\"@id\":\"https:\/\/www.notibras.com\/site\/#\/schema\/person\/36ab0979449956132d3e5b517ea76ac8\",\"name\":\"Reda\u00e7\u00e3o\",\"image\":{\"@type\":\"ImageObject\",\"inLanguage\":\"pt-BR\",\"@id\":\"https:\/\/secure.gravatar.com\/avatar\/e0a867bdedb85fd243eadf09663511f96fc81e0720a4a42581f334ad4303aa6b?s=96&d=mm&r=g\",\"url\":\"https:\/\/secure.gravatar.com\/avatar\/e0a867bdedb85fd243eadf09663511f96fc81e0720a4a42581f334ad4303aa6b?s=96&d=mm&r=g\",\"contentUrl\":\"https:\/\/secure.gravatar.com\/avatar\/e0a867bdedb85fd243eadf09663511f96fc81e0720a4a42581f334ad4303aa6b?s=96&d=mm&r=g\",\"caption\":\"Reda\u00e7\u00e3o\"}}]}<\/script>\n<!-- \/ Yoast SEO plugin. -->","yoast_head_json":{"title":"Hor\u00f3scopo de Almanaque \u00e9 como um Conto da Carochinha - Notibras","robots":{"index":"index","follow":"follow","max-snippet":"max-snippet:-1","max-image-preview":"max-image-preview:large","max-video-preview":"max-video-preview:-1"},"canonical":"https:\/\/www.notibras.com\/site\/horoscopo-de-almanaque-e-como-um-conto-da-carochinha\/","og_locale":"pt_BR","og_type":"article","og_title":"Hor\u00f3scopo de Almanaque \u00e9 como um Conto da Carochinha - Notibras","og_description":"Iniciamos este texto, de antem\u00e3o, apenas com a lembran\u00e7a aos leitores desavisados que, como dizia o Mago Geraldo Seabra, esses &#8220;hor\u00f3scopos&#8221; di\u00e1rios, publicados em jornais e revistas, s\u00e3o muito gen\u00e9ricos &#8211; &#8220;hor\u00f3scopos de almanaque&#8221;. Isso porque, ao se montar um Mapa Astrol\u00f3gico, s\u00e3o necess\u00e1rias informa\u00e7\u00f5es fundamentais que incluem a hora exata de nascimento e a [&hellip;]","og_url":"https:\/\/www.notibras.com\/site\/horoscopo-de-almanaque-e-como-um-conto-da-carochinha\/","og_site_name":"Notibras","article_publisher":"https:\/\/www.facebook.com\/notibras\/","article_published_time":"2025-08-31T05:30:46+00:00","article_modified_time":"2025-08-31T15:45:19+00:00","og_image":[{"width":1068,"height":698,"url":"https:\/\/www.notibras.com\/site\/wp-content\/uploads\/2022\/03\/Astrologia-Carmica-1068x698-1.jpg","type":"image\/jpeg"}],"author":"Reda\u00e7\u00e3o","twitter_card":"summary_large_image","twitter_creator":"@Notibras","twitter_site":"@Notibras","twitter_misc":{"Escrito por":"Reda\u00e7\u00e3o","Est. tempo de leitura":"3 minutos"},"schema":{"@context":"https:\/\/schema.org","@graph":[{"@type":"Article","@id":"https:\/\/www.notibras.com\/site\/horoscopo-de-almanaque-e-como-um-conto-da-carochinha\/#article","isPartOf":{"@id":"https:\/\/www.notibras.com\/site\/horoscopo-de-almanaque-e-como-um-conto-da-carochinha\/"},"author":{"name":"Reda\u00e7\u00e3o","@id":"https:\/\/www.notibras.com\/site\/#\/schema\/person\/36ab0979449956132d3e5b517ea76ac8"},"headline":"Hor\u00f3scopo de Almanaque \u00e9 como um Conto da Carochinha","datePublished":"2025-08-31T05:30:46+00:00","dateModified":"2025-08-31T15:45:19+00:00","mainEntityOfPage":{"@id":"https:\/\/www.notibras.com\/site\/horoscopo-de-almanaque-e-como-um-conto-da-carochinha\/"},"wordCount":449,"publisher":{"@id":"https:\/\/www.notibras.com\/site\/#organization"},"image":{"@id":"https:\/\/www.notibras.com\/site\/horoscopo-de-almanaque-e-como-um-conto-da-carochinha\/#primaryimage"},"thumbnailUrl":"https:\/\/www.notibras.com\/site\/wp-content\/uploads\/2022\/03\/Astrologia-Carmica-1068x698-1.jpg","articleSection":["Or\u00e1culos"],"inLanguage":"pt-BR"},{"@type":"WebPage","@id":"https:\/\/www.notibras.com\/site\/horoscopo-de-almanaque-e-como-um-conto-da-carochinha\/","url":"https:\/\/www.notibras.com\/site\/horoscopo-de-almanaque-e-como-um-conto-da-carochinha\/","name":"Hor\u00f3scopo de Almanaque \u00e9 como um Conto da Carochinha - Notibras","isPartOf":{"@id":"https:\/\/www.notibras.com\/site\/#website"},"primaryImageOfPage":{"@id":"https:\/\/www.notibras.com\/site\/horoscopo-de-almanaque-e-como-um-conto-da-carochinha\/#primaryimage"},"image":{"@id":"https:\/\/www.notibras.com\/site\/horoscopo-de-almanaque-e-como-um-conto-da-carochinha\/#primaryimage"},"thumbnailUrl":"https:\/\/www.notibras.com\/site\/wp-content\/uploads\/2022\/03\/Astrologia-Carmica-1068x698-1.jpg","datePublished":"2025-08-31T05:30:46+00:00","dateModified":"2025-08-31T15:45:19+00:00","breadcrumb":{"@id":"https:\/\/www.notibras.com\/site\/horoscopo-de-almanaque-e-como-um-conto-da-carochinha\/#breadcrumb"},"inLanguage":"pt-BR","potentialAction":[{"@type":"ReadAction","target":["https:\/\/www.notibras.com\/site\/horoscopo-de-almanaque-e-como-um-conto-da-carochinha\/"]}]},{"@type":"ImageObject","inLanguage":"pt-BR","@id":"https:\/\/www.notibras.com\/site\/horoscopo-de-almanaque-e-como-um-conto-da-carochinha\/#primaryimage","url":"https:\/\/www.notibras.com\/site\/wp-content\/uploads\/2022\/03\/Astrologia-Carmica-1068x698-1.jpg","contentUrl":"https:\/\/www.notibras.com\/site\/wp-content\/uploads\/2022\/03\/Astrologia-Carmica-1068x698-1.jpg","width":1068,"height":698},{"@type":"BreadcrumbList","@id":"https:\/\/www.notibras.com\/site\/horoscopo-de-almanaque-e-como-um-conto-da-carochinha\/#breadcrumb","itemListElement":[{"@type":"ListItem","position":1,"name":"In\u00edcio","item":"https:\/\/www.notibras.com\/site\/"},{"@type":"ListItem","position":2,"name":"Hor\u00f3scopo de Almanaque \u00e9 como um Conto da Carochinha"}]},{"@type":"WebSite","@id":"https:\/\/www.notibras.com\/site\/#website","url":"https:\/\/www.notibras.com\/site\/","name":"Notibras","description":"Not\u00edcias de Bras\u00edlia, do Brasil e do Mundo","publisher":{"@id":"https:\/\/www.notibras.com\/site\/#organization"},"potentialAction":[{"@type":"SearchAction","target":{"@type":"EntryPoint","urlTemplate":"https:\/\/www.notibras.com\/site\/?s={search_term_string}"},"query-input":{"@type":"PropertyValueSpecification","valueRequired":true,"valueName":"search_term_string"}}],"inLanguage":"pt-BR"},{"@type":"Organization","@id":"https:\/\/www.notibras.com\/site\/#organization","name":"Grupo Notibras de Comunica\u00e7\u00e3o","url":"https:\/\/www.notibras.com\/site\/","logo":{"@type":"ImageObject","inLanguage":"pt-BR","@id":"https:\/\/www.notibras.com\/site\/#\/schema\/logo\/image\/","url":"https:\/\/www.notibras.com\/site\/wp-content\/uploads\/2023\/01\/notibras23.png","contentUrl":"https:\/\/www.notibras.com\/site\/wp-content\/uploads\/2023\/01\/notibras23.png","width":350,"height":87,"caption":"Grupo Notibras de Comunica\u00e7\u00e3o"},"image":{"@id":"https:\/\/www.notibras.com\/site\/#\/schema\/logo\/image\/"},"sameAs":["https:\/\/www.facebook.com\/notibras\/","https:\/\/x.com\/Notibras","https:\/\/www.instagram.com\/notibras\/"]},{"@type":"Person","@id":"https:\/\/www.notibras.com\/site\/#\/schema\/person\/36ab0979449956132d3e5b517ea76ac8","name":"Reda\u00e7\u00e3o","image":{"@type":"ImageObject","inLanguage":"pt-BR","@id":"https:\/\/secure.gravatar.com\/avatar\/e0a867bdedb85fd243eadf09663511f96fc81e0720a4a42581f334ad4303aa6b?s=96&d=mm&r=g","url":"https:\/\/secure.gravatar.com\/avatar\/e0a867bdedb85fd243eadf09663511f96fc81e0720a4a42581f334ad4303aa6b?s=96&d=mm&r=g","contentUrl":"https:\/\/secure.gravatar.com\/avatar\/e0a867bdedb85fd243eadf09663511f96fc81e0720a4a42581f334ad4303aa6b?s=96&d=mm&r=g","caption":"Reda\u00e7\u00e3o"}}]}},"amp_enabled":true,"_links":{"self":[{"href":"https:\/\/www.notibras.com\/site\/wp-json\/wp\/v2\/posts\/362773","targetHints":{"allow":["GET"]}}],"collection":[{"href":"https:\/\/www.notibras.com\/site\/wp-json\/wp\/v2\/posts"}],"about":[{"href":"https:\/\/www.notibras.com\/site\/wp-json\/wp\/v2\/types\/post"}],"author":[{"embeddable":true,"href":"https:\/\/www.notibras.com\/site\/wp-json\/wp\/v2\/users\/2"}],"replies":[{"embeddable":true,"href":"https:\/\/www.notibras.com\/site\/wp-json\/wp\/v2\/comments?post=362773"}],"version-history":[{"count":3,"href":"https:\/\/www.notibras.com\/site\/wp-json\/wp\/v2\/posts\/362773\/revisions"}],"predecessor-version":[{"id":362826,"href":"https:\/\/www.notibras.com\/site\/wp-json\/wp\/v2\/posts\/362773\/revisions\/362826"}],"wp:featuredmedia":[{"embeddable":true,"href":"https:\/\/www.notibras.com\/site\/wp-json\/wp\/v2\/media\/281712"}],"wp:attachment":[{"href":"https:\/\/www.notibras.com\/site\/wp-json\/wp\/v2\/media?parent=362773"}],"wp:term":[{"taxonomy":"category","embeddable":true,"href":"https:\/\/www.notibras.com\/site\/wp-json\/wp\/v2\/categories?post=362773"},{"taxonomy":"post_tag","embeddable":true,"href":"https:\/\/www.notibras.com\/site\/wp-json\/wp\/v2\/tags?post=362773"}],"curies":[{"name":"wp","href":"https:\/\/api.w.org\/{rel}","templated":true}]}}