{"id":362869,"date":"2025-09-01T09:22:05","date_gmt":"2025-09-01T12:22:05","guid":{"rendered":"https:\/\/www.notibras.com\/site\/?p=362869"},"modified":"2025-09-01T09:22:05","modified_gmt":"2025-09-01T12:22:05","slug":"como-pedidos-a-divindades-abrem-portas","status":"publish","type":"post","link":"https:\/\/www.notibras.com\/site\/como-pedidos-a-divindades-abrem-portas\/","title":{"rendered":"Como pedidos a divindades abrem portas"},"content":{"rendered":"<p>Presenciei, faz muitos anos, no Rio de Janeiro, um fato que, na hora, me deixou intrigado. Sobre o asfalto, \u00e0 beira da avenida Get\u00falio Vargas, jazia o corpo de um homem que acabara de ser atropelado. \u00c0 sua volta formara-se um pequeno grupo. De repente, um transeunte se aproximou, ajoelhou-se, acendeu uma vela que colocou no asfalto. Em seguida, tirou do bolso do palet\u00f3 um peda\u00e7o de papel e o colocou num bolso do rec\u00e9m-falecido. Mais tarde, um conhecido que entendia dos h\u00e1bitos da cidade explicou-me: o papel certamente continha um bilhete com um pedido a um orix\u00e1 (divindade do pante\u00e3o africano) e a vela serviria para aclarar o caminho do morto na viagem ao encontro do orix\u00e1. Isso &#8211; adiantou &#8211; era comum. O interessado fica com o bilhete e a vela no bolso, \u00e0 espera de encontrar algu\u00e9m que haja falecido h\u00e1 pouco, para entregar-lhe a incumb\u00eancia de levar o pedido \u00e0 divindade.<\/p>\n<p>Praticamente, em todo o mundo, os crentes pedem a ajuda dos seus antepassados. Em muitos pa\u00edses, hoje menos do que em tempos idos, o culto dos mortos tem este objetivo. Mas o papel com o bilhete \u00e9 de certo intrigante. Entretanto, o uso das velas em rituais funer\u00e1rios \u00e9 quase universal &#8211; e o objetivo \u00e9 sempre o mesmo, o de iluminar os caminhos que a alma vai trilhar, depois de deixar o corpo f\u00edsico. Sem d\u00favida, um ato m\u00e1gico.<\/p>\n<p>O uso de velas em Magia \u00e9 bem mais amplo. E \u00e9 impressionante observar os resultados que s\u00e3o alcan\u00e7ados, quer o ato tenha uma finalidade nobre, quer n\u00e3o. Uma amiga recorre a uma vela sempre que tem em mira algum objetivo mais dif\u00edcil, com resultados invariavelmente positivos, \u00e0s vezes at\u00e9 espetaculares. H\u00e1 alguns anos, ela conseguiu, a mais de mil quil\u00f4metros de dist\u00e2ncia, resolver para a filha um problema que de h\u00e1 muito se vinha arrastando. Para tanto, n\u00e3o fez &#8211; aparentemente &#8211; mais do que acender as suas velas. Aparentemente, porque, por tr\u00e1s do ato de acender uma vela, h\u00e1 que existir uma poderosa carga emocional, um desejo muito forte, uma f\u00e9 inabal\u00e1vel, sem o que n\u00e3o \u00e9 poss\u00edvel alcan\u00e7ar resultados mais precisos.<\/p>\n<p>Uma vontade fraca, uma emo\u00e7\u00e3o d\u00e9bil, um desejo p\u00e1lido, uma f\u00e9 prec\u00e1ria, ter\u00e3o como conseq\u00fc\u00eancia nada ou muito pouca coisa. Saiba: o objetivo de todo o ritual \u00e9 a fixa\u00e7\u00e3o do objetivo do mago. Al\u00e9m do s\u00edmbolo da vela auxiliar nesta fixa\u00e7\u00e3o, sua cor alimentar\u00e1 o campo \u00e1urico da pessoa com a energia correspondente ao objetivo a ser alcan\u00e7ado.<\/p>\n<p>Embora uma vela branca possa ser utilizada para qualquer ritual, com qualquer objetivo, o ideal ser\u00e1 usar a cor apropriada para cada caso. Assim, uma vela vermelha \u00e9 mais aconselh\u00e1vel quando nos empenhamos em alguma luta, quando precisamos aumentar a coragem ou o poder de decis\u00e3o, quando estamos precisando de energia f\u00edsica &#8211; ou quando temos em mente ajudar alguma pessoa com uma dessas finalidades. A vela de cor laranja \u00e9 apropriada quando a energia de que estamos precisando \u00e9 a intelectual, quando estamos estudando ou vamos nos submeter a um concurso, ou escrever. Mas, se desejo transmitir para outra pessoa um apoio intelectual, \u00e9 a cor amarela que devo utilizar. Uma vela amarela serve para aumentar o nosso poder mental, para abrir caminho junto a pessoas de algum modo importantes no plano pol\u00edtico, econ\u00f4mico ou social. O amarelo \u00e9 anti-depressivo, empresta maior brilho \u00e0 personalidade. Para auxiliar outra pessoa, no entanto, com estes mesmos fins, devemos recorrer a uma vela laranja. A vela verde, tanto para seu uso pessoal como para ajudar terceiros, representa uma liga\u00e7\u00e3o com o centro c\u00f3smico do amor e \u00e9 v\u00e1lida tamb\u00e9m para tratamento de sa\u00fade em geral.<\/p>\n<p>Recomendo, entretanto, evitar o uso de velas pretas, pelos riscos que estas envolvem. Em uma etapa mais adiantada, quando Voc\u00ea aprender a lidar com as energias planet\u00e1rias, poder\u00e1 recorrer ao preto, mas com cautela e o maior esp\u00edrito de responsabilidade. Tenho visto muita gente se dar mal por ter recorrido a uma vela preta para satisfazer \u00f3dios, impulsos de vingan\u00e7a, para atender aos seus desejos de posse sobre outras pessoas. \u00c9 o princ\u00edpio do bumerangue, a lei de causa e efeito, o choque de retorno.<\/p>\n<p>Em Magia todo cuidado \u00e9 pouco.<\/p>\n<p>&#8230;&#8230;&#8230;&#8230;&#8230;&#8230;&#8230;.<\/p>\n<p><strong>*Texto extra\u00eddo do livro Portal da Magia. SEABRA, Geraldo. 2005.<\/strong><\/p>\n<p><strong>Geraldo Seabra-\u00a0 Jornalista, Astr\u00f3logo, Alquimista, Tar\u00f3logo, fundador do Col\u00e9gio dos Magos de Bras\u00edlia e autor do livro Portal da Magia.<\/strong><br \/>\n<strong>@colegiodosmagosesacerdotisas<\/strong><\/p>\n","protected":false},"excerpt":{"rendered":"<p>Presenciei, faz muitos anos, no Rio de Janeiro, um fato que, na hora, me deixou intrigado. Sobre o asfalto, \u00e0 beira da avenida Get\u00falio Vargas, jazia o corpo de um homem que acabara de ser atropelado. \u00c0 sua volta formara-se um pequeno grupo. De repente, um transeunte se aproximou, ajoelhou-se, acendeu uma vela que colocou [&hellip;]<\/p>\n","protected":false},"author":2,"featured_media":362870,"comment_status":"closed","ping_status":"closed","sticky":false,"template":"","format":"standard","meta":{"_acf_changed":false,"footnotes":""},"categories":[237],"tags":[],"class_list":["post-362869","post","type-post","status-publish","format-standard","has-post-thumbnail","hentry","category-oraculos"],"acf":[],"yoast_head":"<!-- This site is optimized with the Yoast SEO plugin v27.2 - https:\/\/yoast.com\/product\/yoast-seo-wordpress\/ -->\n<title>Como pedidos a divindades abrem portas - Notibras<\/title>\n<meta name=\"robots\" content=\"index, follow, max-snippet:-1, max-image-preview:large, max-video-preview:-1\" \/>\n<link rel=\"canonical\" href=\"https:\/\/www.notibras.com\/site\/como-pedidos-a-divindades-abrem-portas\/\" \/>\n<meta property=\"og:locale\" content=\"pt_BR\" \/>\n<meta property=\"og:type\" content=\"article\" \/>\n<meta property=\"og:title\" content=\"Como pedidos a divindades abrem portas - Notibras\" \/>\n<meta property=\"og:description\" content=\"Presenciei, faz muitos anos, no Rio de Janeiro, um fato que, na hora, me deixou intrigado. Sobre o asfalto, \u00e0 beira da avenida Get\u00falio Vargas, jazia o corpo de um homem que acabara de ser atropelado. \u00c0 sua volta formara-se um pequeno grupo. De repente, um transeunte se aproximou, ajoelhou-se, acendeu uma vela que colocou [&hellip;]\" \/>\n<meta property=\"og:url\" content=\"https:\/\/www.notibras.com\/site\/como-pedidos-a-divindades-abrem-portas\/\" \/>\n<meta property=\"og:site_name\" content=\"Notibras\" \/>\n<meta property=\"article:publisher\" content=\"https:\/\/www.facebook.com\/notibras\/\" \/>\n<meta property=\"article:published_time\" content=\"2025-09-01T12:22:05+00:00\" \/>\n<meta property=\"og:image\" content=\"https:\/\/www.notibras.com\/site\/wp-content\/uploads\/2025\/09\/4692f661-4bc1-440e-a622-c2936553b71e.jpg\" \/>\n\t<meta property=\"og:image:width\" content=\"1024\" \/>\n\t<meta property=\"og:image:height\" content=\"1024\" \/>\n\t<meta property=\"og:image:type\" content=\"image\/jpeg\" \/>\n<meta name=\"author\" content=\"Reda\u00e7\u00e3o\" \/>\n<meta name=\"twitter:card\" content=\"summary_large_image\" \/>\n<meta name=\"twitter:creator\" content=\"@Notibras\" \/>\n<meta name=\"twitter:site\" content=\"@Notibras\" \/>\n<meta name=\"twitter:label1\" content=\"Escrito por\" \/>\n\t<meta name=\"twitter:data1\" content=\"Reda\u00e7\u00e3o\" \/>\n\t<meta name=\"twitter:label2\" content=\"Est. tempo de leitura\" \/>\n\t<meta name=\"twitter:data2\" content=\"5 minutos\" \/>\n<script type=\"application\/ld+json\" class=\"yoast-schema-graph\">{\"@context\":\"https:\/\/schema.org\",\"@graph\":[{\"@type\":\"Article\",\"@id\":\"https:\/\/www.notibras.com\/site\/como-pedidos-a-divindades-abrem-portas\/#article\",\"isPartOf\":{\"@id\":\"https:\/\/www.notibras.com\/site\/como-pedidos-a-divindades-abrem-portas\/\"},\"author\":{\"name\":\"Reda\u00e7\u00e3o\",\"@id\":\"https:\/\/www.notibras.com\/site\/#\/schema\/person\/36ab0979449956132d3e5b517ea76ac8\"},\"headline\":\"Como pedidos a divindades abrem portas\",\"datePublished\":\"2025-09-01T12:22:05+00:00\",\"mainEntityOfPage\":{\"@id\":\"https:\/\/www.notibras.com\/site\/como-pedidos-a-divindades-abrem-portas\/\"},\"wordCount\":772,\"publisher\":{\"@id\":\"https:\/\/www.notibras.com\/site\/#organization\"},\"image\":{\"@id\":\"https:\/\/www.notibras.com\/site\/como-pedidos-a-divindades-abrem-portas\/#primaryimage\"},\"thumbnailUrl\":\"https:\/\/www.notibras.com\/site\/wp-content\/uploads\/2025\/09\/4692f661-4bc1-440e-a622-c2936553b71e.jpg\",\"articleSection\":[\"Or\u00e1culos\"],\"inLanguage\":\"pt-BR\"},{\"@type\":\"WebPage\",\"@id\":\"https:\/\/www.notibras.com\/site\/como-pedidos-a-divindades-abrem-portas\/\",\"url\":\"https:\/\/www.notibras.com\/site\/como-pedidos-a-divindades-abrem-portas\/\",\"name\":\"Como pedidos a divindades abrem portas - Notibras\",\"isPartOf\":{\"@id\":\"https:\/\/www.notibras.com\/site\/#website\"},\"primaryImageOfPage\":{\"@id\":\"https:\/\/www.notibras.com\/site\/como-pedidos-a-divindades-abrem-portas\/#primaryimage\"},\"image\":{\"@id\":\"https:\/\/www.notibras.com\/site\/como-pedidos-a-divindades-abrem-portas\/#primaryimage\"},\"thumbnailUrl\":\"https:\/\/www.notibras.com\/site\/wp-content\/uploads\/2025\/09\/4692f661-4bc1-440e-a622-c2936553b71e.jpg\",\"datePublished\":\"2025-09-01T12:22:05+00:00\",\"breadcrumb\":{\"@id\":\"https:\/\/www.notibras.com\/site\/como-pedidos-a-divindades-abrem-portas\/#breadcrumb\"},\"inLanguage\":\"pt-BR\",\"potentialAction\":[{\"@type\":\"ReadAction\",\"target\":[\"https:\/\/www.notibras.com\/site\/como-pedidos-a-divindades-abrem-portas\/\"]}]},{\"@type\":\"ImageObject\",\"inLanguage\":\"pt-BR\",\"@id\":\"https:\/\/www.notibras.com\/site\/como-pedidos-a-divindades-abrem-portas\/#primaryimage\",\"url\":\"https:\/\/www.notibras.com\/site\/wp-content\/uploads\/2025\/09\/4692f661-4bc1-440e-a622-c2936553b71e.jpg\",\"contentUrl\":\"https:\/\/www.notibras.com\/site\/wp-content\/uploads\/2025\/09\/4692f661-4bc1-440e-a622-c2936553b71e.jpg\",\"width\":1024,\"height\":1024},{\"@type\":\"BreadcrumbList\",\"@id\":\"https:\/\/www.notibras.com\/site\/como-pedidos-a-divindades-abrem-portas\/#breadcrumb\",\"itemListElement\":[{\"@type\":\"ListItem\",\"position\":1,\"name\":\"In\u00edcio\",\"item\":\"https:\/\/www.notibras.com\/site\/\"},{\"@type\":\"ListItem\",\"position\":2,\"name\":\"Como pedidos a divindades abrem portas\"}]},{\"@type\":\"WebSite\",\"@id\":\"https:\/\/www.notibras.com\/site\/#website\",\"url\":\"https:\/\/www.notibras.com\/site\/\",\"name\":\"Notibras\",\"description\":\"Not\u00edcias de Bras\u00edlia, do Brasil e do Mundo\",\"publisher\":{\"@id\":\"https:\/\/www.notibras.com\/site\/#organization\"},\"potentialAction\":[{\"@type\":\"SearchAction\",\"target\":{\"@type\":\"EntryPoint\",\"urlTemplate\":\"https:\/\/www.notibras.com\/site\/?s={search_term_string}\"},\"query-input\":{\"@type\":\"PropertyValueSpecification\",\"valueRequired\":true,\"valueName\":\"search_term_string\"}}],\"inLanguage\":\"pt-BR\"},{\"@type\":\"Organization\",\"@id\":\"https:\/\/www.notibras.com\/site\/#organization\",\"name\":\"Grupo Notibras de Comunica\u00e7\u00e3o\",\"url\":\"https:\/\/www.notibras.com\/site\/\",\"logo\":{\"@type\":\"ImageObject\",\"inLanguage\":\"pt-BR\",\"@id\":\"https:\/\/www.notibras.com\/site\/#\/schema\/logo\/image\/\",\"url\":\"https:\/\/www.notibras.com\/site\/wp-content\/uploads\/2023\/01\/notibras23.png\",\"contentUrl\":\"https:\/\/www.notibras.com\/site\/wp-content\/uploads\/2023\/01\/notibras23.png\",\"width\":350,\"height\":87,\"caption\":\"Grupo Notibras de Comunica\u00e7\u00e3o\"},\"image\":{\"@id\":\"https:\/\/www.notibras.com\/site\/#\/schema\/logo\/image\/\"},\"sameAs\":[\"https:\/\/www.facebook.com\/notibras\/\",\"https:\/\/x.com\/Notibras\",\"https:\/\/www.instagram.com\/notibras\/\"]},{\"@type\":\"Person\",\"@id\":\"https:\/\/www.notibras.com\/site\/#\/schema\/person\/36ab0979449956132d3e5b517ea76ac8\",\"name\":\"Reda\u00e7\u00e3o\",\"image\":{\"@type\":\"ImageObject\",\"inLanguage\":\"pt-BR\",\"@id\":\"https:\/\/secure.gravatar.com\/avatar\/e0a867bdedb85fd243eadf09663511f96fc81e0720a4a42581f334ad4303aa6b?s=96&d=mm&r=g\",\"url\":\"https:\/\/secure.gravatar.com\/avatar\/e0a867bdedb85fd243eadf09663511f96fc81e0720a4a42581f334ad4303aa6b?s=96&d=mm&r=g\",\"contentUrl\":\"https:\/\/secure.gravatar.com\/avatar\/e0a867bdedb85fd243eadf09663511f96fc81e0720a4a42581f334ad4303aa6b?s=96&d=mm&r=g\",\"caption\":\"Reda\u00e7\u00e3o\"}}]}<\/script>\n<!-- \/ Yoast SEO plugin. -->","yoast_head_json":{"title":"Como pedidos a divindades abrem portas - Notibras","robots":{"index":"index","follow":"follow","max-snippet":"max-snippet:-1","max-image-preview":"max-image-preview:large","max-video-preview":"max-video-preview:-1"},"canonical":"https:\/\/www.notibras.com\/site\/como-pedidos-a-divindades-abrem-portas\/","og_locale":"pt_BR","og_type":"article","og_title":"Como pedidos a divindades abrem portas - Notibras","og_description":"Presenciei, faz muitos anos, no Rio de Janeiro, um fato que, na hora, me deixou intrigado. Sobre o asfalto, \u00e0 beira da avenida Get\u00falio Vargas, jazia o corpo de um homem que acabara de ser atropelado. \u00c0 sua volta formara-se um pequeno grupo. De repente, um transeunte se aproximou, ajoelhou-se, acendeu uma vela que colocou [&hellip;]","og_url":"https:\/\/www.notibras.com\/site\/como-pedidos-a-divindades-abrem-portas\/","og_site_name":"Notibras","article_publisher":"https:\/\/www.facebook.com\/notibras\/","article_published_time":"2025-09-01T12:22:05+00:00","og_image":[{"width":1024,"height":1024,"url":"https:\/\/www.notibras.com\/site\/wp-content\/uploads\/2025\/09\/4692f661-4bc1-440e-a622-c2936553b71e.jpg","type":"image\/jpeg"}],"author":"Reda\u00e7\u00e3o","twitter_card":"summary_large_image","twitter_creator":"@Notibras","twitter_site":"@Notibras","twitter_misc":{"Escrito por":"Reda\u00e7\u00e3o","Est. tempo de leitura":"5 minutos"},"schema":{"@context":"https:\/\/schema.org","@graph":[{"@type":"Article","@id":"https:\/\/www.notibras.com\/site\/como-pedidos-a-divindades-abrem-portas\/#article","isPartOf":{"@id":"https:\/\/www.notibras.com\/site\/como-pedidos-a-divindades-abrem-portas\/"},"author":{"name":"Reda\u00e7\u00e3o","@id":"https:\/\/www.notibras.com\/site\/#\/schema\/person\/36ab0979449956132d3e5b517ea76ac8"},"headline":"Como pedidos a divindades abrem portas","datePublished":"2025-09-01T12:22:05+00:00","mainEntityOfPage":{"@id":"https:\/\/www.notibras.com\/site\/como-pedidos-a-divindades-abrem-portas\/"},"wordCount":772,"publisher":{"@id":"https:\/\/www.notibras.com\/site\/#organization"},"image":{"@id":"https:\/\/www.notibras.com\/site\/como-pedidos-a-divindades-abrem-portas\/#primaryimage"},"thumbnailUrl":"https:\/\/www.notibras.com\/site\/wp-content\/uploads\/2025\/09\/4692f661-4bc1-440e-a622-c2936553b71e.jpg","articleSection":["Or\u00e1culos"],"inLanguage":"pt-BR"},{"@type":"WebPage","@id":"https:\/\/www.notibras.com\/site\/como-pedidos-a-divindades-abrem-portas\/","url":"https:\/\/www.notibras.com\/site\/como-pedidos-a-divindades-abrem-portas\/","name":"Como pedidos a divindades abrem portas - Notibras","isPartOf":{"@id":"https:\/\/www.notibras.com\/site\/#website"},"primaryImageOfPage":{"@id":"https:\/\/www.notibras.com\/site\/como-pedidos-a-divindades-abrem-portas\/#primaryimage"},"image":{"@id":"https:\/\/www.notibras.com\/site\/como-pedidos-a-divindades-abrem-portas\/#primaryimage"},"thumbnailUrl":"https:\/\/www.notibras.com\/site\/wp-content\/uploads\/2025\/09\/4692f661-4bc1-440e-a622-c2936553b71e.jpg","datePublished":"2025-09-01T12:22:05+00:00","breadcrumb":{"@id":"https:\/\/www.notibras.com\/site\/como-pedidos-a-divindades-abrem-portas\/#breadcrumb"},"inLanguage":"pt-BR","potentialAction":[{"@type":"ReadAction","target":["https:\/\/www.notibras.com\/site\/como-pedidos-a-divindades-abrem-portas\/"]}]},{"@type":"ImageObject","inLanguage":"pt-BR","@id":"https:\/\/www.notibras.com\/site\/como-pedidos-a-divindades-abrem-portas\/#primaryimage","url":"https:\/\/www.notibras.com\/site\/wp-content\/uploads\/2025\/09\/4692f661-4bc1-440e-a622-c2936553b71e.jpg","contentUrl":"https:\/\/www.notibras.com\/site\/wp-content\/uploads\/2025\/09\/4692f661-4bc1-440e-a622-c2936553b71e.jpg","width":1024,"height":1024},{"@type":"BreadcrumbList","@id":"https:\/\/www.notibras.com\/site\/como-pedidos-a-divindades-abrem-portas\/#breadcrumb","itemListElement":[{"@type":"ListItem","position":1,"name":"In\u00edcio","item":"https:\/\/www.notibras.com\/site\/"},{"@type":"ListItem","position":2,"name":"Como pedidos a divindades abrem portas"}]},{"@type":"WebSite","@id":"https:\/\/www.notibras.com\/site\/#website","url":"https:\/\/www.notibras.com\/site\/","name":"Notibras","description":"Not\u00edcias de Bras\u00edlia, do Brasil e do Mundo","publisher":{"@id":"https:\/\/www.notibras.com\/site\/#organization"},"potentialAction":[{"@type":"SearchAction","target":{"@type":"EntryPoint","urlTemplate":"https:\/\/www.notibras.com\/site\/?s={search_term_string}"},"query-input":{"@type":"PropertyValueSpecification","valueRequired":true,"valueName":"search_term_string"}}],"inLanguage":"pt-BR"},{"@type":"Organization","@id":"https:\/\/www.notibras.com\/site\/#organization","name":"Grupo Notibras de Comunica\u00e7\u00e3o","url":"https:\/\/www.notibras.com\/site\/","logo":{"@type":"ImageObject","inLanguage":"pt-BR","@id":"https:\/\/www.notibras.com\/site\/#\/schema\/logo\/image\/","url":"https:\/\/www.notibras.com\/site\/wp-content\/uploads\/2023\/01\/notibras23.png","contentUrl":"https:\/\/www.notibras.com\/site\/wp-content\/uploads\/2023\/01\/notibras23.png","width":350,"height":87,"caption":"Grupo Notibras de Comunica\u00e7\u00e3o"},"image":{"@id":"https:\/\/www.notibras.com\/site\/#\/schema\/logo\/image\/"},"sameAs":["https:\/\/www.facebook.com\/notibras\/","https:\/\/x.com\/Notibras","https:\/\/www.instagram.com\/notibras\/"]},{"@type":"Person","@id":"https:\/\/www.notibras.com\/site\/#\/schema\/person\/36ab0979449956132d3e5b517ea76ac8","name":"Reda\u00e7\u00e3o","image":{"@type":"ImageObject","inLanguage":"pt-BR","@id":"https:\/\/secure.gravatar.com\/avatar\/e0a867bdedb85fd243eadf09663511f96fc81e0720a4a42581f334ad4303aa6b?s=96&d=mm&r=g","url":"https:\/\/secure.gravatar.com\/avatar\/e0a867bdedb85fd243eadf09663511f96fc81e0720a4a42581f334ad4303aa6b?s=96&d=mm&r=g","contentUrl":"https:\/\/secure.gravatar.com\/avatar\/e0a867bdedb85fd243eadf09663511f96fc81e0720a4a42581f334ad4303aa6b?s=96&d=mm&r=g","caption":"Reda\u00e7\u00e3o"}}]}},"amp_enabled":true,"_links":{"self":[{"href":"https:\/\/www.notibras.com\/site\/wp-json\/wp\/v2\/posts\/362869","targetHints":{"allow":["GET"]}}],"collection":[{"href":"https:\/\/www.notibras.com\/site\/wp-json\/wp\/v2\/posts"}],"about":[{"href":"https:\/\/www.notibras.com\/site\/wp-json\/wp\/v2\/types\/post"}],"author":[{"embeddable":true,"href":"https:\/\/www.notibras.com\/site\/wp-json\/wp\/v2\/users\/2"}],"replies":[{"embeddable":true,"href":"https:\/\/www.notibras.com\/site\/wp-json\/wp\/v2\/comments?post=362869"}],"version-history":[{"count":1,"href":"https:\/\/www.notibras.com\/site\/wp-json\/wp\/v2\/posts\/362869\/revisions"}],"predecessor-version":[{"id":362871,"href":"https:\/\/www.notibras.com\/site\/wp-json\/wp\/v2\/posts\/362869\/revisions\/362871"}],"wp:featuredmedia":[{"embeddable":true,"href":"https:\/\/www.notibras.com\/site\/wp-json\/wp\/v2\/media\/362870"}],"wp:attachment":[{"href":"https:\/\/www.notibras.com\/site\/wp-json\/wp\/v2\/media?parent=362869"}],"wp:term":[{"taxonomy":"category","embeddable":true,"href":"https:\/\/www.notibras.com\/site\/wp-json\/wp\/v2\/categories?post=362869"},{"taxonomy":"post_tag","embeddable":true,"href":"https:\/\/www.notibras.com\/site\/wp-json\/wp\/v2\/tags?post=362869"}],"curies":[{"name":"wp","href":"https:\/\/api.w.org\/{rel}","templated":true}]}}