{"id":362872,"date":"2025-09-01T08:56:17","date_gmt":"2025-09-01T11:56:17","guid":{"rendered":"https:\/\/www.notibras.com\/site\/?p=362872"},"modified":"2025-09-01T09:30:14","modified_gmt":"2025-09-01T12:30:14","slug":"o-sagrado-feminino-sob-a-luz-divina","status":"publish","type":"post","link":"https:\/\/www.notibras.com\/site\/o-sagrado-feminino-sob-a-luz-divina\/","title":{"rendered":"O Sagrado Feminino sob a Luz Divina"},"content":{"rendered":"<p>O Sagrado Feminino \u00e9 uma das express\u00f5es espirituais mais antigas da humanidade, presente em diferentes culturas e tradi\u00e7\u00f5es que, de formas variadas, veneram a mulher como guardi\u00e3 da vida, mediadora entre o humano e o divino e express\u00e3o dos ciclos da natureza. Essa representa\u00e7\u00e3o espiritual emerge como uma for\u00e7a manifestada pela pot\u00eancia criadora, acolhedora e transformadora vinculada ao princ\u00edpio feminino e a energia universal.<\/p>\n<p>Embora tais culturas tenham sido, ao longo do tempo, transformadas ou suprimidas pela ascens\u00e3o do patriarcado, resqu\u00edcios de seu imagin\u00e1rio permanecem vivos nas mitologias n\u00f3rdicas, celtas e hindus. Esse arqu\u00e9tipo se manifesta em divindades, mitos, pr\u00e1ticas rituais e saberes ancestrais, constituindo uma tradi\u00e7\u00e3o que dialoga tanto com a religiosidade antiga quanto com express\u00f5es contempor\u00e2neas de espiritualidade.<\/p>\n<p>O Sagrado Feminino encontra ra\u00edzes em civiliza\u00e7\u00f5es ancestrais que adoravam deusas-m\u00e3e, como s\u00edmbolos da fertilidade, da Terra e da vida. Em muitas sociedades arcaicas, sobretudo de base agr\u00edcola, os grupos sociais eram centralizados no poder feminino, configurando verdadeiras cosmologias matriarcais. Os povos n\u00f3rdicos cultuavam a deusa Freyja, ligada ao amor, \u00e0 fertilidade e \u00e0 magia, exemplo not\u00e1vel da sacralidade feminina ancestral. Na Turquia, foram encontradas figuras femininas ligadas \u00e0 fecundidade, apontando para cultos devocionais \u00e0 Grande M\u00e3e. Na Gr\u00e9cia, cultuava-se Dem\u00e9ter e Pers\u00e9fone; no Egito, \u00cdsis; e em culturas mesopot\u00e2micas, Inanna e Ishtar. Na tradi\u00e7\u00e3o hindu, a no\u00e7\u00e3o de Shakti, a energia c\u00f3smica feminina, \u00e9 central para a compreens\u00e3o da espiritualidade. O hindu\u00edsmo concebe o universo como resultado da intera\u00e7\u00e3o entre o princ\u00edpio masculino (Purusha) e o princ\u00edpio feminino (Prakriti ou Shakti). Diferente de muitas tradi\u00e7\u00f5es patriarcais, no hindu\u00edsmo v\u00e9dico e t\u00e2ntrico o poder \u00faltimo \u00e9 feminino, pois sem Shakti o divino masculino permanece inerte<\/p>\n<p>Os rituais pag\u00e3os vinculados ao Sagrado Feminino celebravam o ritmo da natureza e o ciclo lunar. A lua, por sua mutabilidade, foi identificada como manifesta\u00e7\u00e3o da deusa nas suas fases nova, crescente, minguante e cheia, correspondendo \u00e0 mulher donzela, m\u00e3e e anci\u00e3. Em outras palavras, \u00e9 o reflexo dos processos c\u00f3smicos de nascimento, plenitude e decl\u00ednio. Festivais sazonais dos povos celtas, reverenciavam o feminino como for\u00e7a vital, garantindo a continuidade da vida, a fertilidade dos campos e a conex\u00e3o com o mundo espiritual.<\/p>\n<p>A Wicca, religi\u00e3o neopag\u00e3 criada em meados do s\u00e9culo XX por Gerald Gardner, resgata essas tradi\u00e7\u00f5es ao posicionar a Deusa no centro de seus rituais. Ela \u00e9 cultuada ao lado do Deus Corn\u00edfero, simbolizando a uni\u00e3o dos princ\u00edpios masculino e feminino. Entretanto, a Deusa assume um papel central, sendo identificada com a Terra, a Lua e o poder gerador da vida. Os wiccanos reconhecem o corpo da mulher como sagrado e a sexualidade como express\u00e3o da divindade, em oposi\u00e7\u00e3o \u00e0s tradi\u00e7\u00f5es religiosas que historicamente reprimiram tais dimens\u00f5es.<\/p>\n<p>O Sagrado Feminino, na Wicca, manifesta-se atrav\u00e9s de c\u00edrculos rituais, dan\u00e7as, c\u00e2nticos e invoca\u00e7\u00f5es. Nos rituais da Wicca o corpo feminino \u00e9 valorizado nas dan\u00e7as circulares, onde evoluem coreografias diversas e criativas, com temperos de sensualidade junto \u00e0s chamas que aquecem a egr\u00e9gora. A sacerdotisa, frequentemente, ocupa posi\u00e7\u00e3o central, refletindo a heran\u00e7a matriarcal e a valoriza\u00e7\u00e3o da energia feminina. Os rituais wiccanos e pag\u00e3os, portanto, resgatam pr\u00e1ticas ancestrais que reconhecem a sacralidade da vida e da mulher como guardi\u00e3 dos mist\u00e9rios. O c\u00e1lice, s\u00edmbolo feminino, representa o \u00fatero e a for\u00e7a geradora, em di\u00e1logo com o athame (punhal ritual, s\u00edmbolo masculino), evocando a uni\u00e3o dos princ\u00edpios opostos.<\/p>\n<p>Quanto \u00e0 ancestralidade, \u00e9 preciso reconhecer que o Sagrado Feminino foi historicamente silenciado pelo patriarcado, sobretudo ap\u00f3s a ascens\u00e3o do cristianismo e de institui\u00e7\u00f5es religiosas que marginalizaram as antigas pr\u00e1ticas pag\u00e3s. A demoniza\u00e7\u00e3o das bruxas na Idade M\u00e9dia \u00e9 reflexo desse processo. Mulheres iniciadas, que dominavam o conhecimento sobre ervas e elixires para cura e espiritualidade, foram perseguidas e trucidadas por representarem o poder feminino livre e aut\u00f4nomo. Entretanto, o Pode Feminino ganha for\u00e7a e vigor nos tempos atuais, com milh\u00f5es de participantes em todo o mundo.<\/p>\n<p>Sob a Luz Divina, o Sagrado Feminino n\u00e3o \u00e9 apenas um culto \u00e0 deusa ou \u00e0s mulheres, mas a express\u00e3o de uma energia c\u00f3smica que envolve cria\u00e7\u00e3o, intui\u00e7\u00e3o, acolhimento e transforma\u00e7\u00e3o. \u00c9 um princ\u00edpio universal que, presente desde as primeiras culturas, renasce no contexto moderno como caminho espiritual, terap\u00eautico e pol\u00edtico, devolvendo ao feminino sua dignidade e for\u00e7a origin\u00e1ria.<br \/>\n&#8230;&#8230;&#8230;&#8230;&#8230;&#8230;&#8230;.<\/p>\n<p><strong>Bahirah Abdalla <\/strong><br \/>\n<strong>Mestre Conselheira do Col\u00e9gio dos Magos e Sacerdotisas<\/strong><br \/>\n<strong>@colegiodosmagosesacerdotisas<\/strong><\/p>\n","protected":false},"excerpt":{"rendered":"<p>O Sagrado Feminino \u00e9 uma das express\u00f5es espirituais mais antigas da humanidade, presente em diferentes culturas e tradi\u00e7\u00f5es que, de formas variadas, veneram a mulher como guardi\u00e3 da vida, mediadora entre o humano e o divino e express\u00e3o dos ciclos da natureza. Essa representa\u00e7\u00e3o espiritual emerge como uma for\u00e7a manifestada pela pot\u00eancia criadora, acolhedora e [&hellip;]<\/p>\n","protected":false},"author":2,"featured_media":362873,"comment_status":"closed","ping_status":"closed","sticky":false,"template":"","format":"standard","meta":{"_acf_changed":false,"footnotes":""},"categories":[237],"tags":[],"class_list":["post-362872","post","type-post","status-publish","format-standard","has-post-thumbnail","hentry","category-oraculos"],"acf":[],"yoast_head":"<!-- This site is optimized with the Yoast SEO plugin v27.2 - https:\/\/yoast.com\/product\/yoast-seo-wordpress\/ -->\n<title>O Sagrado Feminino sob a Luz Divina - Notibras<\/title>\n<meta name=\"robots\" content=\"index, follow, max-snippet:-1, max-image-preview:large, max-video-preview:-1\" \/>\n<link rel=\"canonical\" href=\"https:\/\/www.notibras.com\/site\/o-sagrado-feminino-sob-a-luz-divina\/\" \/>\n<meta property=\"og:locale\" content=\"pt_BR\" \/>\n<meta property=\"og:type\" content=\"article\" \/>\n<meta property=\"og:title\" content=\"O Sagrado Feminino sob a Luz Divina - Notibras\" \/>\n<meta property=\"og:description\" content=\"O Sagrado Feminino \u00e9 uma das express\u00f5es espirituais mais antigas da humanidade, presente em diferentes culturas e tradi\u00e7\u00f5es que, de formas variadas, veneram a mulher como guardi\u00e3 da vida, mediadora entre o humano e o divino e express\u00e3o dos ciclos da natureza. Essa representa\u00e7\u00e3o espiritual emerge como uma for\u00e7a manifestada pela pot\u00eancia criadora, acolhedora e [&hellip;]\" \/>\n<meta property=\"og:url\" content=\"https:\/\/www.notibras.com\/site\/o-sagrado-feminino-sob-a-luz-divina\/\" \/>\n<meta property=\"og:site_name\" content=\"Notibras\" \/>\n<meta property=\"article:publisher\" content=\"https:\/\/www.facebook.com\/notibras\/\" \/>\n<meta property=\"article:published_time\" content=\"2025-09-01T11:56:17+00:00\" \/>\n<meta property=\"article:modified_time\" content=\"2025-09-01T12:30:14+00:00\" \/>\n<meta property=\"og:image\" content=\"https:\/\/www.notibras.com\/site\/wp-content\/uploads\/2025\/09\/b72be1aa-53ec-43ea-a3e4-fdf69f8d0449-1.jpg\" \/>\n\t<meta property=\"og:image:width\" content=\"1024\" \/>\n\t<meta property=\"og:image:height\" content=\"1536\" \/>\n\t<meta property=\"og:image:type\" content=\"image\/jpeg\" \/>\n<meta name=\"author\" content=\"Reda\u00e7\u00e3o\" \/>\n<meta name=\"twitter:card\" content=\"summary_large_image\" \/>\n<meta name=\"twitter:creator\" content=\"@Notibras\" \/>\n<meta name=\"twitter:site\" content=\"@Notibras\" \/>\n<meta name=\"twitter:label1\" content=\"Escrito por\" \/>\n\t<meta name=\"twitter:data1\" content=\"Reda\u00e7\u00e3o\" \/>\n\t<meta name=\"twitter:label2\" content=\"Est. tempo de leitura\" \/>\n\t<meta name=\"twitter:data2\" content=\"5 minutos\" \/>\n<script type=\"application\/ld+json\" class=\"yoast-schema-graph\">{\"@context\":\"https:\/\/schema.org\",\"@graph\":[{\"@type\":\"Article\",\"@id\":\"https:\/\/www.notibras.com\/site\/o-sagrado-feminino-sob-a-luz-divina\/#article\",\"isPartOf\":{\"@id\":\"https:\/\/www.notibras.com\/site\/o-sagrado-feminino-sob-a-luz-divina\/\"},\"author\":{\"name\":\"Reda\u00e7\u00e3o\",\"@id\":\"https:\/\/www.notibras.com\/site\/#\/schema\/person\/36ab0979449956132d3e5b517ea76ac8\"},\"headline\":\"O Sagrado Feminino sob a Luz Divina\",\"datePublished\":\"2025-09-01T11:56:17+00:00\",\"dateModified\":\"2025-09-01T12:30:14+00:00\",\"mainEntityOfPage\":{\"@id\":\"https:\/\/www.notibras.com\/site\/o-sagrado-feminino-sob-a-luz-divina\/\"},\"wordCount\":798,\"publisher\":{\"@id\":\"https:\/\/www.notibras.com\/site\/#organization\"},\"image\":{\"@id\":\"https:\/\/www.notibras.com\/site\/o-sagrado-feminino-sob-a-luz-divina\/#primaryimage\"},\"thumbnailUrl\":\"https:\/\/www.notibras.com\/site\/wp-content\/uploads\/2025\/09\/b72be1aa-53ec-43ea-a3e4-fdf69f8d0449-1.jpg\",\"articleSection\":[\"Or\u00e1culos\"],\"inLanguage\":\"pt-BR\"},{\"@type\":\"WebPage\",\"@id\":\"https:\/\/www.notibras.com\/site\/o-sagrado-feminino-sob-a-luz-divina\/\",\"url\":\"https:\/\/www.notibras.com\/site\/o-sagrado-feminino-sob-a-luz-divina\/\",\"name\":\"O Sagrado Feminino sob a Luz Divina - Notibras\",\"isPartOf\":{\"@id\":\"https:\/\/www.notibras.com\/site\/#website\"},\"primaryImageOfPage\":{\"@id\":\"https:\/\/www.notibras.com\/site\/o-sagrado-feminino-sob-a-luz-divina\/#primaryimage\"},\"image\":{\"@id\":\"https:\/\/www.notibras.com\/site\/o-sagrado-feminino-sob-a-luz-divina\/#primaryimage\"},\"thumbnailUrl\":\"https:\/\/www.notibras.com\/site\/wp-content\/uploads\/2025\/09\/b72be1aa-53ec-43ea-a3e4-fdf69f8d0449-1.jpg\",\"datePublished\":\"2025-09-01T11:56:17+00:00\",\"dateModified\":\"2025-09-01T12:30:14+00:00\",\"breadcrumb\":{\"@id\":\"https:\/\/www.notibras.com\/site\/o-sagrado-feminino-sob-a-luz-divina\/#breadcrumb\"},\"inLanguage\":\"pt-BR\",\"potentialAction\":[{\"@type\":\"ReadAction\",\"target\":[\"https:\/\/www.notibras.com\/site\/o-sagrado-feminino-sob-a-luz-divina\/\"]}]},{\"@type\":\"ImageObject\",\"inLanguage\":\"pt-BR\",\"@id\":\"https:\/\/www.notibras.com\/site\/o-sagrado-feminino-sob-a-luz-divina\/#primaryimage\",\"url\":\"https:\/\/www.notibras.com\/site\/wp-content\/uploads\/2025\/09\/b72be1aa-53ec-43ea-a3e4-fdf69f8d0449-1.jpg\",\"contentUrl\":\"https:\/\/www.notibras.com\/site\/wp-content\/uploads\/2025\/09\/b72be1aa-53ec-43ea-a3e4-fdf69f8d0449-1.jpg\",\"width\":1024,\"height\":1536},{\"@type\":\"BreadcrumbList\",\"@id\":\"https:\/\/www.notibras.com\/site\/o-sagrado-feminino-sob-a-luz-divina\/#breadcrumb\",\"itemListElement\":[{\"@type\":\"ListItem\",\"position\":1,\"name\":\"In\u00edcio\",\"item\":\"https:\/\/www.notibras.com\/site\/\"},{\"@type\":\"ListItem\",\"position\":2,\"name\":\"O Sagrado Feminino sob a Luz Divina\"}]},{\"@type\":\"WebSite\",\"@id\":\"https:\/\/www.notibras.com\/site\/#website\",\"url\":\"https:\/\/www.notibras.com\/site\/\",\"name\":\"Notibras\",\"description\":\"Not\u00edcias de Bras\u00edlia, do Brasil e do Mundo\",\"publisher\":{\"@id\":\"https:\/\/www.notibras.com\/site\/#organization\"},\"potentialAction\":[{\"@type\":\"SearchAction\",\"target\":{\"@type\":\"EntryPoint\",\"urlTemplate\":\"https:\/\/www.notibras.com\/site\/?s={search_term_string}\"},\"query-input\":{\"@type\":\"PropertyValueSpecification\",\"valueRequired\":true,\"valueName\":\"search_term_string\"}}],\"inLanguage\":\"pt-BR\"},{\"@type\":\"Organization\",\"@id\":\"https:\/\/www.notibras.com\/site\/#organization\",\"name\":\"Grupo Notibras de Comunica\u00e7\u00e3o\",\"url\":\"https:\/\/www.notibras.com\/site\/\",\"logo\":{\"@type\":\"ImageObject\",\"inLanguage\":\"pt-BR\",\"@id\":\"https:\/\/www.notibras.com\/site\/#\/schema\/logo\/image\/\",\"url\":\"https:\/\/www.notibras.com\/site\/wp-content\/uploads\/2023\/01\/notibras23.png\",\"contentUrl\":\"https:\/\/www.notibras.com\/site\/wp-content\/uploads\/2023\/01\/notibras23.png\",\"width\":350,\"height\":87,\"caption\":\"Grupo Notibras de Comunica\u00e7\u00e3o\"},\"image\":{\"@id\":\"https:\/\/www.notibras.com\/site\/#\/schema\/logo\/image\/\"},\"sameAs\":[\"https:\/\/www.facebook.com\/notibras\/\",\"https:\/\/x.com\/Notibras\",\"https:\/\/www.instagram.com\/notibras\/\"]},{\"@type\":\"Person\",\"@id\":\"https:\/\/www.notibras.com\/site\/#\/schema\/person\/36ab0979449956132d3e5b517ea76ac8\",\"name\":\"Reda\u00e7\u00e3o\",\"image\":{\"@type\":\"ImageObject\",\"inLanguage\":\"pt-BR\",\"@id\":\"https:\/\/secure.gravatar.com\/avatar\/e0a867bdedb85fd243eadf09663511f96fc81e0720a4a42581f334ad4303aa6b?s=96&d=mm&r=g\",\"url\":\"https:\/\/secure.gravatar.com\/avatar\/e0a867bdedb85fd243eadf09663511f96fc81e0720a4a42581f334ad4303aa6b?s=96&d=mm&r=g\",\"contentUrl\":\"https:\/\/secure.gravatar.com\/avatar\/e0a867bdedb85fd243eadf09663511f96fc81e0720a4a42581f334ad4303aa6b?s=96&d=mm&r=g\",\"caption\":\"Reda\u00e7\u00e3o\"}}]}<\/script>\n<!-- \/ Yoast SEO plugin. -->","yoast_head_json":{"title":"O Sagrado Feminino sob a Luz Divina - Notibras","robots":{"index":"index","follow":"follow","max-snippet":"max-snippet:-1","max-image-preview":"max-image-preview:large","max-video-preview":"max-video-preview:-1"},"canonical":"https:\/\/www.notibras.com\/site\/o-sagrado-feminino-sob-a-luz-divina\/","og_locale":"pt_BR","og_type":"article","og_title":"O Sagrado Feminino sob a Luz Divina - Notibras","og_description":"O Sagrado Feminino \u00e9 uma das express\u00f5es espirituais mais antigas da humanidade, presente em diferentes culturas e tradi\u00e7\u00f5es que, de formas variadas, veneram a mulher como guardi\u00e3 da vida, mediadora entre o humano e o divino e express\u00e3o dos ciclos da natureza. Essa representa\u00e7\u00e3o espiritual emerge como uma for\u00e7a manifestada pela pot\u00eancia criadora, acolhedora e [&hellip;]","og_url":"https:\/\/www.notibras.com\/site\/o-sagrado-feminino-sob-a-luz-divina\/","og_site_name":"Notibras","article_publisher":"https:\/\/www.facebook.com\/notibras\/","article_published_time":"2025-09-01T11:56:17+00:00","article_modified_time":"2025-09-01T12:30:14+00:00","og_image":[{"width":1024,"height":1536,"url":"https:\/\/www.notibras.com\/site\/wp-content\/uploads\/2025\/09\/b72be1aa-53ec-43ea-a3e4-fdf69f8d0449-1.jpg","type":"image\/jpeg"}],"author":"Reda\u00e7\u00e3o","twitter_card":"summary_large_image","twitter_creator":"@Notibras","twitter_site":"@Notibras","twitter_misc":{"Escrito por":"Reda\u00e7\u00e3o","Est. tempo de leitura":"5 minutos"},"schema":{"@context":"https:\/\/schema.org","@graph":[{"@type":"Article","@id":"https:\/\/www.notibras.com\/site\/o-sagrado-feminino-sob-a-luz-divina\/#article","isPartOf":{"@id":"https:\/\/www.notibras.com\/site\/o-sagrado-feminino-sob-a-luz-divina\/"},"author":{"name":"Reda\u00e7\u00e3o","@id":"https:\/\/www.notibras.com\/site\/#\/schema\/person\/36ab0979449956132d3e5b517ea76ac8"},"headline":"O Sagrado Feminino sob a Luz Divina","datePublished":"2025-09-01T11:56:17+00:00","dateModified":"2025-09-01T12:30:14+00:00","mainEntityOfPage":{"@id":"https:\/\/www.notibras.com\/site\/o-sagrado-feminino-sob-a-luz-divina\/"},"wordCount":798,"publisher":{"@id":"https:\/\/www.notibras.com\/site\/#organization"},"image":{"@id":"https:\/\/www.notibras.com\/site\/o-sagrado-feminino-sob-a-luz-divina\/#primaryimage"},"thumbnailUrl":"https:\/\/www.notibras.com\/site\/wp-content\/uploads\/2025\/09\/b72be1aa-53ec-43ea-a3e4-fdf69f8d0449-1.jpg","articleSection":["Or\u00e1culos"],"inLanguage":"pt-BR"},{"@type":"WebPage","@id":"https:\/\/www.notibras.com\/site\/o-sagrado-feminino-sob-a-luz-divina\/","url":"https:\/\/www.notibras.com\/site\/o-sagrado-feminino-sob-a-luz-divina\/","name":"O Sagrado Feminino sob a Luz Divina - Notibras","isPartOf":{"@id":"https:\/\/www.notibras.com\/site\/#website"},"primaryImageOfPage":{"@id":"https:\/\/www.notibras.com\/site\/o-sagrado-feminino-sob-a-luz-divina\/#primaryimage"},"image":{"@id":"https:\/\/www.notibras.com\/site\/o-sagrado-feminino-sob-a-luz-divina\/#primaryimage"},"thumbnailUrl":"https:\/\/www.notibras.com\/site\/wp-content\/uploads\/2025\/09\/b72be1aa-53ec-43ea-a3e4-fdf69f8d0449-1.jpg","datePublished":"2025-09-01T11:56:17+00:00","dateModified":"2025-09-01T12:30:14+00:00","breadcrumb":{"@id":"https:\/\/www.notibras.com\/site\/o-sagrado-feminino-sob-a-luz-divina\/#breadcrumb"},"inLanguage":"pt-BR","potentialAction":[{"@type":"ReadAction","target":["https:\/\/www.notibras.com\/site\/o-sagrado-feminino-sob-a-luz-divina\/"]}]},{"@type":"ImageObject","inLanguage":"pt-BR","@id":"https:\/\/www.notibras.com\/site\/o-sagrado-feminino-sob-a-luz-divina\/#primaryimage","url":"https:\/\/www.notibras.com\/site\/wp-content\/uploads\/2025\/09\/b72be1aa-53ec-43ea-a3e4-fdf69f8d0449-1.jpg","contentUrl":"https:\/\/www.notibras.com\/site\/wp-content\/uploads\/2025\/09\/b72be1aa-53ec-43ea-a3e4-fdf69f8d0449-1.jpg","width":1024,"height":1536},{"@type":"BreadcrumbList","@id":"https:\/\/www.notibras.com\/site\/o-sagrado-feminino-sob-a-luz-divina\/#breadcrumb","itemListElement":[{"@type":"ListItem","position":1,"name":"In\u00edcio","item":"https:\/\/www.notibras.com\/site\/"},{"@type":"ListItem","position":2,"name":"O Sagrado Feminino sob a Luz Divina"}]},{"@type":"WebSite","@id":"https:\/\/www.notibras.com\/site\/#website","url":"https:\/\/www.notibras.com\/site\/","name":"Notibras","description":"Not\u00edcias de Bras\u00edlia, do Brasil e do Mundo","publisher":{"@id":"https:\/\/www.notibras.com\/site\/#organization"},"potentialAction":[{"@type":"SearchAction","target":{"@type":"EntryPoint","urlTemplate":"https:\/\/www.notibras.com\/site\/?s={search_term_string}"},"query-input":{"@type":"PropertyValueSpecification","valueRequired":true,"valueName":"search_term_string"}}],"inLanguage":"pt-BR"},{"@type":"Organization","@id":"https:\/\/www.notibras.com\/site\/#organization","name":"Grupo Notibras de Comunica\u00e7\u00e3o","url":"https:\/\/www.notibras.com\/site\/","logo":{"@type":"ImageObject","inLanguage":"pt-BR","@id":"https:\/\/www.notibras.com\/site\/#\/schema\/logo\/image\/","url":"https:\/\/www.notibras.com\/site\/wp-content\/uploads\/2023\/01\/notibras23.png","contentUrl":"https:\/\/www.notibras.com\/site\/wp-content\/uploads\/2023\/01\/notibras23.png","width":350,"height":87,"caption":"Grupo Notibras de Comunica\u00e7\u00e3o"},"image":{"@id":"https:\/\/www.notibras.com\/site\/#\/schema\/logo\/image\/"},"sameAs":["https:\/\/www.facebook.com\/notibras\/","https:\/\/x.com\/Notibras","https:\/\/www.instagram.com\/notibras\/"]},{"@type":"Person","@id":"https:\/\/www.notibras.com\/site\/#\/schema\/person\/36ab0979449956132d3e5b517ea76ac8","name":"Reda\u00e7\u00e3o","image":{"@type":"ImageObject","inLanguage":"pt-BR","@id":"https:\/\/secure.gravatar.com\/avatar\/e0a867bdedb85fd243eadf09663511f96fc81e0720a4a42581f334ad4303aa6b?s=96&d=mm&r=g","url":"https:\/\/secure.gravatar.com\/avatar\/e0a867bdedb85fd243eadf09663511f96fc81e0720a4a42581f334ad4303aa6b?s=96&d=mm&r=g","contentUrl":"https:\/\/secure.gravatar.com\/avatar\/e0a867bdedb85fd243eadf09663511f96fc81e0720a4a42581f334ad4303aa6b?s=96&d=mm&r=g","caption":"Reda\u00e7\u00e3o"}}]}},"amp_enabled":true,"_links":{"self":[{"href":"https:\/\/www.notibras.com\/site\/wp-json\/wp\/v2\/posts\/362872","targetHints":{"allow":["GET"]}}],"collection":[{"href":"https:\/\/www.notibras.com\/site\/wp-json\/wp\/v2\/posts"}],"about":[{"href":"https:\/\/www.notibras.com\/site\/wp-json\/wp\/v2\/types\/post"}],"author":[{"embeddable":true,"href":"https:\/\/www.notibras.com\/site\/wp-json\/wp\/v2\/users\/2"}],"replies":[{"embeddable":true,"href":"https:\/\/www.notibras.com\/site\/wp-json\/wp\/v2\/comments?post=362872"}],"version-history":[{"count":1,"href":"https:\/\/www.notibras.com\/site\/wp-json\/wp\/v2\/posts\/362872\/revisions"}],"predecessor-version":[{"id":362874,"href":"https:\/\/www.notibras.com\/site\/wp-json\/wp\/v2\/posts\/362872\/revisions\/362874"}],"wp:featuredmedia":[{"embeddable":true,"href":"https:\/\/www.notibras.com\/site\/wp-json\/wp\/v2\/media\/362873"}],"wp:attachment":[{"href":"https:\/\/www.notibras.com\/site\/wp-json\/wp\/v2\/media?parent=362872"}],"wp:term":[{"taxonomy":"category","embeddable":true,"href":"https:\/\/www.notibras.com\/site\/wp-json\/wp\/v2\/categories?post=362872"},{"taxonomy":"post_tag","embeddable":true,"href":"https:\/\/www.notibras.com\/site\/wp-json\/wp\/v2\/tags?post=362872"}],"curies":[{"name":"wp","href":"https:\/\/api.w.org\/{rel}","templated":true}]}}