{"id":362882,"date":"2025-09-01T10:44:58","date_gmt":"2025-09-01T13:44:58","guid":{"rendered":"https:\/\/www.notibras.com\/site\/?p=362882"},"modified":"2025-09-01T11:52:23","modified_gmt":"2025-09-01T14:52:23","slug":"supremo-esplanada-e-praca-dos-3-poderes-ganham-seguranca-reforcada-da-pm","status":"publish","type":"post","link":"https:\/\/www.notibras.com\/site\/supremo-esplanada-e-praca-dos-3-poderes-ganham-seguranca-reforcada-da-pm\/","title":{"rendered":"Supremo, Esplanada e Pra\u00e7a dos 3 Poderes ganham seguran\u00e7a refor\u00e7ada da PM"},"content":{"rendered":"<p>O entorno do Supremo Tribunal Federal (STF), como a Pra\u00e7a dos 3 Poderes e at\u00e9 imedia\u00e7\u00f5es da Esplanada dos Minist\u00e9rios, amanheceram com refor\u00e7o de seguran\u00e7a nesta segunda-feira (1\u00ba), v\u00e9spera do in\u00edcio do julgamento sobre uma trama golpista que teria tentado manter o ex-presidente Jair Bolsonaro no poder.<\/p>\n<p>O efetivo extra de homens e viaturas da Pol\u00edcia Militar do Distrito Federal (PMDF) deve ficar de prontid\u00e3o ao menos at\u00e9 12 de setembro, quando o julgamento j\u00e1 dever\u00e1 ter sido encerrado, conforme o cronograma estipulado pelo Supremo.<\/p>\n<p>A partir desta segunda-feira, come\u00e7ou a operar tamb\u00e9m uma C\u00e9lula Presencial Integrada de Intelig\u00eancia, instalada na sede da Secretaria de Seguran\u00e7a P\u00fablica (SSP) do Distrito Federal. A estrutura re\u00fane \u00f3rg\u00e3os de seguran\u00e7a locais e nacionais, que fazem o monitoramento da movimenta\u00e7\u00e3o de pessoas em Bras\u00edlia e nas redes sociais com objetivo de lan\u00e7ar a\u00e7\u00f5es preventivas, se necess\u00e1rio.<\/p>\n<p>A partir desta ter\u00e7a-feira (2), os arredores do tribunal estar\u00e3o submetidos a um esquema de seguran\u00e7a integrado entre a Pol\u00edcia Judicial Federal e a SSP-DF. Aglomera\u00e7\u00f5es que caracterizem manifesta\u00e7\u00f5es e qualquer tipo de acampamento nas proximidades est\u00e3o proibidos.<\/p>\n<p>Policiais far\u00e3o o monitoramento de quem transita pela Pra\u00e7a dos Tr\u00eas Poderes e nas vias de acesso ao Supremo, incluindo abordagens e revista de mochilas e bolsas. Uma das preocupa\u00e7\u00f5es maiores \u00e9 com a\u00e7\u00f5es solit\u00e1rias por parte de algum apoiador do ex-presidente. Ser\u00e3o feitas tamb\u00e9m varreduras diurnas e noturnas com drones de imagem t\u00e9rmica.<\/p>\n<p>Ainda que n\u00e3o sejam permitidas manifesta\u00e7\u00f5es nas proximidades, o julgamento deve alterar a rotina da regi\u00e3o central de Bras\u00edlia, uma vez que mais de tr\u00eas mil pessoas se inscreveram para acompanhar o julgamento presencialmente, em vagas limitadas abertas ao p\u00fablico. Entre jornalistas nacionais e estrangeiros, mais de 501 profissionais pediram credenciamento.<\/p>\n<p>O principal alvo do julgamento \u00e9 o pr\u00f3prio Bolsonaro, que n\u00e3o est\u00e1 obrigado a comparecer, mas pode acompanhar o caso em pessoa, caso queira. Para isso, contudo, \u00e9 necess\u00e1rio autoriza\u00e7\u00e3o do ministro Alexandre de Moraes para o deslocamento, uma vez que o presidente foi colocado em pris\u00e3o domiciliar pelo relator da a\u00e7\u00e3o penal.<\/p>\n<p>Tamb\u00e9m t\u00eam o direito de comparecer ao julgamento os demais sete r\u00e9us, entre militares e civis, todos ex-assessores pr\u00f3ximos de Bolsonaro que foram acusados pela Procuradoria-Geral da Rep\u00fablica (PGR) de tentarem romper com a ordem democr\u00e1tica no Brasil.<\/p>\n<p>N\u00e3o est\u00e3o previstas interdi\u00e7\u00f5es na Esplanada dos Minist\u00e9rios durante a semana, somente para o desfile de 7 de setembro, que ocorre no s\u00e1bado. Nesse caso, o fechamento da via ocorre a partir das 17h do dia 6, na altura da Catedral de Bras\u00edlia e \u00e0s 23hs, a partir da al\u00e7a leste, logo ap\u00f3s a Rodovi\u00e1ria do Plano Piloto.<\/p>\n<p>O acesso ao p\u00fablico estar\u00e1 aberto a partir das 6h do 7 de setembro. Est\u00e3o proibidos itens como armas, objetos cortantes, subst\u00e2ncias inflam\u00e1veis, recipientes de vidro, fogos de artif\u00edcio, mochilas de grande porte, barracas e drones sem autoriza\u00e7\u00e3o.<\/p>\n<p><strong>Outras medidas<\/strong><br \/>\nO Supremo Tribunal Federal se prepara &#8211; desde meados de agosto &#8211; para a realiza\u00e7\u00e3o do julgamento sobre a trama golpista bolsonarista. Desde o m\u00eas passado, cerca de 30 agentes da Pol\u00edcia Judici\u00e1ria foram enviados de diversos estados e outros dormem na sede do tribunal, em dormit\u00f3rios montados para que fiquem de prontid\u00e3o.<\/p>\n<p>Entre as precau\u00e7\u00f5es, houve tamb\u00e9m varreduras repetidas no edif\u00edcio do Supremo e tamb\u00e9m na casa dos ministros da Primeira Turma, que, al\u00e9m de Moraes, \u00e9 composta por Cristiano Zanin, Luiz Fux, C\u00e1rmen L\u00facia e Fl\u00e1vio Dino.<\/p>\n<p>Os r\u00e9us do n\u00facleo 1 da trama golpista respondem por cinco crimes, cuja pena somada pode ultrapassar os 40 anos de pris\u00e3o. S\u00e3o eles: integrar organiza\u00e7\u00e3o criminosa armada, atentar violentamente contra o Estado Democr\u00e1tico de Direito, golpe de Estado, dano qualificado por viol\u00eancia e grave amea\u00e7a e deteriora\u00e7\u00e3o de patrim\u00f4nio tombado da Uni\u00e3o.<\/p>\n","protected":false},"excerpt":{"rendered":"<p>O entorno do Supremo Tribunal Federal (STF), como a Pra\u00e7a dos 3 Poderes e at\u00e9 imedia\u00e7\u00f5es da Esplanada dos Minist\u00e9rios, amanheceram com refor\u00e7o de seguran\u00e7a nesta segunda-feira (1\u00ba), v\u00e9spera do in\u00edcio do julgamento sobre uma trama golpista que teria tentado manter o ex-presidente Jair Bolsonaro no poder. O efetivo extra de homens e viaturas da [&hellip;]<\/p>\n","protected":false},"author":2,"featured_media":362883,"comment_status":"closed","ping_status":"closed","sticky":false,"template":"","format":"standard","meta":{"_acf_changed":false,"footnotes":""},"categories":[161],"tags":[95],"class_list":["post-362882","post","type-post","status-publish","format-standard","has-post-thumbnail","hentry","category-quadradinho-em-foco","tag-capa"],"acf":[],"_links":{"self":[{"href":"https:\/\/www.notibras.com\/site\/wp-json\/wp\/v2\/posts\/362882","targetHints":{"allow":["GET"]}}],"collection":[{"href":"https:\/\/www.notibras.com\/site\/wp-json\/wp\/v2\/posts"}],"about":[{"href":"https:\/\/www.notibras.com\/site\/wp-json\/wp\/v2\/types\/post"}],"author":[{"embeddable":true,"href":"https:\/\/www.notibras.com\/site\/wp-json\/wp\/v2\/users\/2"}],"replies":[{"embeddable":true,"href":"https:\/\/www.notibras.com\/site\/wp-json\/wp\/v2\/comments?post=362882"}],"version-history":[{"count":1,"href":"https:\/\/www.notibras.com\/site\/wp-json\/wp\/v2\/posts\/362882\/revisions"}],"predecessor-version":[{"id":362886,"href":"https:\/\/www.notibras.com\/site\/wp-json\/wp\/v2\/posts\/362882\/revisions\/362886"}],"wp:featuredmedia":[{"embeddable":true,"href":"https:\/\/www.notibras.com\/site\/wp-json\/wp\/v2\/media\/362883"}],"wp:attachment":[{"href":"https:\/\/www.notibras.com\/site\/wp-json\/wp\/v2\/media?parent=362882"}],"wp:term":[{"taxonomy":"category","embeddable":true,"href":"https:\/\/www.notibras.com\/site\/wp-json\/wp\/v2\/categories?post=362882"},{"taxonomy":"post_tag","embeddable":true,"href":"https:\/\/www.notibras.com\/site\/wp-json\/wp\/v2\/tags?post=362882"}],"curies":[{"name":"wp","href":"https:\/\/api.w.org\/{rel}","templated":true}]}}