{"id":362896,"date":"2025-09-02T00:50:18","date_gmt":"2025-09-02T03:50:18","guid":{"rendered":"https:\/\/www.notibras.com\/site\/?p=362896"},"modified":"2025-09-01T23:13:41","modified_gmt":"2025-09-02T02:13:41","slug":"o-misticismo-e-as-cerimonias-de-sepultamento-nas-antigas-sociedades","status":"publish","type":"post","link":"https:\/\/www.notibras.com\/site\/o-misticismo-e-as-cerimonias-de-sepultamento-nas-antigas-sociedades\/","title":{"rendered":"O misticismo e as cerim\u00f4nias de sepultamento nas antigas sociedades"},"content":{"rendered":"<p>A morte, nas sociedades antigas, nunca foi apenas aus\u00eancia. Foi sobretudo passagem, retorno e transforma\u00e7\u00e3o. O sepultamento, em sua ess\u00eancia m\u00edstica, revelava a f\u00e9 humana de que al\u00e9m da noite h\u00e1 sempre outro amanhecer.<\/p>\n<p data-start=\"194\" data-end=\"614\">Desde os prim\u00f3rdios, o ser humano olha para a morte n\u00e3o como um fim absoluto, mas como uma passagem. Cada civiliza\u00e7\u00e3o, ao se deparar com o corpo inerte de seus semelhantes, buscou rituais para honrar essa transi\u00e7\u00e3o e, ao mesmo tempo, manter o elo com o invis\u00edvel. Os sepultamentos antigos s\u00e3o testemunhos de uma vis\u00e3o m\u00edstica: a de que a vida continua em outra dimens\u00e3o, e de que o rito sagrado \u00e9 a ponte entre mundos.<\/p>\n<p data-start=\"651\" data-end=\"1046\">Nas primeiras sociedades agr\u00edcolas, enterrar os mortos era devolver ao ventre da Terra aquilo que dela havia brotado. O solo n\u00e3o era apenas mat\u00e9ria: era m\u00e3e. Ao sepultar, cobriam o corpo com flores, pedras talhadas e pigmentos vermelhos, como se preparassem o viajante para renascer. Para essas culturas, a morte era germina\u00e7\u00e3o: a semente humana voltava ao h\u00famus para florescer em outro plano.<\/p>\n<p data-start=\"1077\" data-end=\"1423\">Outras comunidades acreditavam que o corpo precisava ser devolvido aos c\u00e9us pela chama. As fogueiras funer\u00e1rias \u2014 da \u00cdndia ancestral \u00e0 Gr\u00e9cia arcaica \u2014 eram vistas como purifica\u00e7\u00e3o. A fuma\u00e7a erguia-se como coluna de liga\u00e7\u00e3o entre o vis\u00edvel e o invis\u00edvel. As cinzas, guardadas em urnas ou lan\u00e7adas em rios, simbolizavam a liberta\u00e7\u00e3o do esp\u00edrito.<\/p>\n<p data-start=\"1453\" data-end=\"1835\">Eg\u00edpcios, maias, chineses e tantos outros deixaram como heran\u00e7a tumbas, c\u00e2maras e objetos rituais. Amuletos, armas, alimentos e ornamentos acompanhavam o defunto, indicando que a jornada n\u00e3o terminava com o \u00faltimo suspiro. A vida p\u00f3s-morte exigia preparo: cada oferenda era uma chave para abrir portais no al\u00e9m. Assim, o sepultamento se transformava em mapa m\u00edstico da eternidade.<\/p>\n<p data-start=\"1863\" data-end=\"2138\">Muitas tradi\u00e7\u00f5es envolviam c\u00e2nticos, tambores, lamentos e ora\u00e7\u00f5es. A voz humana ecoava como ponte entre vivos e mortos. O som n\u00e3o era apenas despedida: era invoca\u00e7\u00e3o, chamamento \u00e0s for\u00e7as divinas para que guiassem o viajante na travessia. O pranto era ritual, n\u00e3o fraqueza.<\/p>\n<p data-start=\"2169\" data-end=\"2461\">Mais que honrar o morto, os ritos buscavam preservar o fio invis\u00edvel entre passado, presente e futuro. Cada t\u00famulo era um altar, cada fogueira um farol, cada lamento uma s\u00faplica. A cerim\u00f4nia era linguagem sagrada que recordava aos vivos: somos finitos na mat\u00e9ria, mas infinitos no mist\u00e9rio.<\/p>\n","protected":false},"excerpt":{"rendered":"<p>A morte, nas sociedades antigas, nunca foi apenas aus\u00eancia. Foi sobretudo passagem, retorno e transforma\u00e7\u00e3o. O sepultamento, em sua ess\u00eancia m\u00edstica, revelava a f\u00e9 humana de que al\u00e9m da noite h\u00e1 sempre outro amanhecer. Desde os prim\u00f3rdios, o ser humano olha para a morte n\u00e3o como um fim absoluto, mas como uma passagem. Cada civiliza\u00e7\u00e3o, [&hellip;]<\/p>\n","protected":false},"author":2,"featured_media":362897,"comment_status":"closed","ping_status":"closed","sticky":false,"template":"","format":"standard","meta":{"_acf_changed":false,"footnotes":""},"categories":[237],"tags":[],"class_list":["post-362896","post","type-post","status-publish","format-standard","has-post-thumbnail","hentry","category-oraculos"],"acf":[],"yoast_head":"<!-- This site is optimized with the Yoast SEO plugin v27.2 - https:\/\/yoast.com\/product\/yoast-seo-wordpress\/ -->\n<title>O misticismo e as cerim\u00f4nias de sepultamento nas antigas sociedades - Notibras<\/title>\n<meta name=\"robots\" content=\"index, follow, max-snippet:-1, max-image-preview:large, max-video-preview:-1\" \/>\n<link rel=\"canonical\" href=\"https:\/\/www.notibras.com\/site\/o-misticismo-e-as-cerimonias-de-sepultamento-nas-antigas-sociedades\/\" \/>\n<meta property=\"og:locale\" content=\"pt_BR\" \/>\n<meta property=\"og:type\" content=\"article\" \/>\n<meta property=\"og:title\" content=\"O misticismo e as cerim\u00f4nias de sepultamento nas antigas sociedades - Notibras\" \/>\n<meta property=\"og:description\" content=\"A morte, nas sociedades antigas, nunca foi apenas aus\u00eancia. Foi sobretudo passagem, retorno e transforma\u00e7\u00e3o. O sepultamento, em sua ess\u00eancia m\u00edstica, revelava a f\u00e9 humana de que al\u00e9m da noite h\u00e1 sempre outro amanhecer. Desde os prim\u00f3rdios, o ser humano olha para a morte n\u00e3o como um fim absoluto, mas como uma passagem. Cada civiliza\u00e7\u00e3o, [&hellip;]\" \/>\n<meta property=\"og:url\" content=\"https:\/\/www.notibras.com\/site\/o-misticismo-e-as-cerimonias-de-sepultamento-nas-antigas-sociedades\/\" \/>\n<meta property=\"og:site_name\" content=\"Notibras\" \/>\n<meta property=\"article:publisher\" content=\"https:\/\/www.facebook.com\/notibras\/\" \/>\n<meta property=\"article:published_time\" content=\"2025-09-02T03:50:18+00:00\" \/>\n<meta property=\"og:image\" content=\"https:\/\/www.notibras.com\/site\/wp-content\/uploads\/2025\/09\/4808036e-915e-485f-b739-7260d13a4b92-683x1024.png\" \/>\n\t<meta property=\"og:image:width\" content=\"683\" \/>\n\t<meta property=\"og:image:height\" content=\"1024\" \/>\n\t<meta property=\"og:image:type\" content=\"image\/png\" \/>\n<meta name=\"author\" content=\"Reda\u00e7\u00e3o\" \/>\n<meta name=\"twitter:card\" content=\"summary_large_image\" \/>\n<meta name=\"twitter:creator\" content=\"@Notibras\" \/>\n<meta name=\"twitter:site\" content=\"@Notibras\" \/>\n<meta name=\"twitter:label1\" content=\"Escrito por\" \/>\n\t<meta name=\"twitter:data1\" content=\"Reda\u00e7\u00e3o\" \/>\n\t<meta name=\"twitter:label2\" content=\"Est. tempo de leitura\" \/>\n\t<meta name=\"twitter:data2\" content=\"3 minutos\" \/>\n<script type=\"application\/ld+json\" class=\"yoast-schema-graph\">{\"@context\":\"https:\/\/schema.org\",\"@graph\":[{\"@type\":\"Article\",\"@id\":\"https:\/\/www.notibras.com\/site\/o-misticismo-e-as-cerimonias-de-sepultamento-nas-antigas-sociedades\/#article\",\"isPartOf\":{\"@id\":\"https:\/\/www.notibras.com\/site\/o-misticismo-e-as-cerimonias-de-sepultamento-nas-antigas-sociedades\/\"},\"author\":{\"name\":\"Reda\u00e7\u00e3o\",\"@id\":\"https:\/\/www.notibras.com\/site\/#\/schema\/person\/36ab0979449956132d3e5b517ea76ac8\"},\"headline\":\"O misticismo e as cerim\u00f4nias de sepultamento nas antigas sociedades\",\"datePublished\":\"2025-09-02T03:50:18+00:00\",\"mainEntityOfPage\":{\"@id\":\"https:\/\/www.notibras.com\/site\/o-misticismo-e-as-cerimonias-de-sepultamento-nas-antigas-sociedades\/\"},\"wordCount\":433,\"publisher\":{\"@id\":\"https:\/\/www.notibras.com\/site\/#organization\"},\"image\":{\"@id\":\"https:\/\/www.notibras.com\/site\/o-misticismo-e-as-cerimonias-de-sepultamento-nas-antigas-sociedades\/#primaryimage\"},\"thumbnailUrl\":\"https:\/\/www.notibras.com\/site\/wp-content\/uploads\/2025\/09\/4808036e-915e-485f-b739-7260d13a4b92.png\",\"articleSection\":[\"Or\u00e1culos\"],\"inLanguage\":\"pt-BR\"},{\"@type\":\"WebPage\",\"@id\":\"https:\/\/www.notibras.com\/site\/o-misticismo-e-as-cerimonias-de-sepultamento-nas-antigas-sociedades\/\",\"url\":\"https:\/\/www.notibras.com\/site\/o-misticismo-e-as-cerimonias-de-sepultamento-nas-antigas-sociedades\/\",\"name\":\"O misticismo e as cerim\u00f4nias de sepultamento nas antigas sociedades - Notibras\",\"isPartOf\":{\"@id\":\"https:\/\/www.notibras.com\/site\/#website\"},\"primaryImageOfPage\":{\"@id\":\"https:\/\/www.notibras.com\/site\/o-misticismo-e-as-cerimonias-de-sepultamento-nas-antigas-sociedades\/#primaryimage\"},\"image\":{\"@id\":\"https:\/\/www.notibras.com\/site\/o-misticismo-e-as-cerimonias-de-sepultamento-nas-antigas-sociedades\/#primaryimage\"},\"thumbnailUrl\":\"https:\/\/www.notibras.com\/site\/wp-content\/uploads\/2025\/09\/4808036e-915e-485f-b739-7260d13a4b92.png\",\"datePublished\":\"2025-09-02T03:50:18+00:00\",\"breadcrumb\":{\"@id\":\"https:\/\/www.notibras.com\/site\/o-misticismo-e-as-cerimonias-de-sepultamento-nas-antigas-sociedades\/#breadcrumb\"},\"inLanguage\":\"pt-BR\",\"potentialAction\":[{\"@type\":\"ReadAction\",\"target\":[\"https:\/\/www.notibras.com\/site\/o-misticismo-e-as-cerimonias-de-sepultamento-nas-antigas-sociedades\/\"]}]},{\"@type\":\"ImageObject\",\"inLanguage\":\"pt-BR\",\"@id\":\"https:\/\/www.notibras.com\/site\/o-misticismo-e-as-cerimonias-de-sepultamento-nas-antigas-sociedades\/#primaryimage\",\"url\":\"https:\/\/www.notibras.com\/site\/wp-content\/uploads\/2025\/09\/4808036e-915e-485f-b739-7260d13a4b92.png\",\"contentUrl\":\"https:\/\/www.notibras.com\/site\/wp-content\/uploads\/2025\/09\/4808036e-915e-485f-b739-7260d13a4b92.png\",\"width\":1024,\"height\":1536},{\"@type\":\"BreadcrumbList\",\"@id\":\"https:\/\/www.notibras.com\/site\/o-misticismo-e-as-cerimonias-de-sepultamento-nas-antigas-sociedades\/#breadcrumb\",\"itemListElement\":[{\"@type\":\"ListItem\",\"position\":1,\"name\":\"In\u00edcio\",\"item\":\"https:\/\/www.notibras.com\/site\/\"},{\"@type\":\"ListItem\",\"position\":2,\"name\":\"O misticismo e as cerim\u00f4nias de sepultamento nas antigas sociedades\"}]},{\"@type\":\"WebSite\",\"@id\":\"https:\/\/www.notibras.com\/site\/#website\",\"url\":\"https:\/\/www.notibras.com\/site\/\",\"name\":\"Notibras\",\"description\":\"Not\u00edcias de Bras\u00edlia, do Brasil e do Mundo\",\"publisher\":{\"@id\":\"https:\/\/www.notibras.com\/site\/#organization\"},\"potentialAction\":[{\"@type\":\"SearchAction\",\"target\":{\"@type\":\"EntryPoint\",\"urlTemplate\":\"https:\/\/www.notibras.com\/site\/?s={search_term_string}\"},\"query-input\":{\"@type\":\"PropertyValueSpecification\",\"valueRequired\":true,\"valueName\":\"search_term_string\"}}],\"inLanguage\":\"pt-BR\"},{\"@type\":\"Organization\",\"@id\":\"https:\/\/www.notibras.com\/site\/#organization\",\"name\":\"Grupo Notibras de Comunica\u00e7\u00e3o\",\"url\":\"https:\/\/www.notibras.com\/site\/\",\"logo\":{\"@type\":\"ImageObject\",\"inLanguage\":\"pt-BR\",\"@id\":\"https:\/\/www.notibras.com\/site\/#\/schema\/logo\/image\/\",\"url\":\"https:\/\/www.notibras.com\/site\/wp-content\/uploads\/2023\/01\/notibras23.png\",\"contentUrl\":\"https:\/\/www.notibras.com\/site\/wp-content\/uploads\/2023\/01\/notibras23.png\",\"width\":350,\"height\":87,\"caption\":\"Grupo Notibras de Comunica\u00e7\u00e3o\"},\"image\":{\"@id\":\"https:\/\/www.notibras.com\/site\/#\/schema\/logo\/image\/\"},\"sameAs\":[\"https:\/\/www.facebook.com\/notibras\/\",\"https:\/\/x.com\/Notibras\",\"https:\/\/www.instagram.com\/notibras\/\"]},{\"@type\":\"Person\",\"@id\":\"https:\/\/www.notibras.com\/site\/#\/schema\/person\/36ab0979449956132d3e5b517ea76ac8\",\"name\":\"Reda\u00e7\u00e3o\",\"image\":{\"@type\":\"ImageObject\",\"inLanguage\":\"pt-BR\",\"@id\":\"https:\/\/secure.gravatar.com\/avatar\/e0a867bdedb85fd243eadf09663511f96fc81e0720a4a42581f334ad4303aa6b?s=96&d=mm&r=g\",\"url\":\"https:\/\/secure.gravatar.com\/avatar\/e0a867bdedb85fd243eadf09663511f96fc81e0720a4a42581f334ad4303aa6b?s=96&d=mm&r=g\",\"contentUrl\":\"https:\/\/secure.gravatar.com\/avatar\/e0a867bdedb85fd243eadf09663511f96fc81e0720a4a42581f334ad4303aa6b?s=96&d=mm&r=g\",\"caption\":\"Reda\u00e7\u00e3o\"}}]}<\/script>\n<!-- \/ Yoast SEO plugin. -->","yoast_head_json":{"title":"O misticismo e as cerim\u00f4nias de sepultamento nas antigas sociedades - Notibras","robots":{"index":"index","follow":"follow","max-snippet":"max-snippet:-1","max-image-preview":"max-image-preview:large","max-video-preview":"max-video-preview:-1"},"canonical":"https:\/\/www.notibras.com\/site\/o-misticismo-e-as-cerimonias-de-sepultamento-nas-antigas-sociedades\/","og_locale":"pt_BR","og_type":"article","og_title":"O misticismo e as cerim\u00f4nias de sepultamento nas antigas sociedades - Notibras","og_description":"A morte, nas sociedades antigas, nunca foi apenas aus\u00eancia. Foi sobretudo passagem, retorno e transforma\u00e7\u00e3o. O sepultamento, em sua ess\u00eancia m\u00edstica, revelava a f\u00e9 humana de que al\u00e9m da noite h\u00e1 sempre outro amanhecer. Desde os prim\u00f3rdios, o ser humano olha para a morte n\u00e3o como um fim absoluto, mas como uma passagem. Cada civiliza\u00e7\u00e3o, [&hellip;]","og_url":"https:\/\/www.notibras.com\/site\/o-misticismo-e-as-cerimonias-de-sepultamento-nas-antigas-sociedades\/","og_site_name":"Notibras","article_publisher":"https:\/\/www.facebook.com\/notibras\/","article_published_time":"2025-09-02T03:50:18+00:00","og_image":[{"width":683,"height":1024,"url":"https:\/\/www.notibras.com\/site\/wp-content\/uploads\/2025\/09\/4808036e-915e-485f-b739-7260d13a4b92-683x1024.png","type":"image\/png"}],"author":"Reda\u00e7\u00e3o","twitter_card":"summary_large_image","twitter_creator":"@Notibras","twitter_site":"@Notibras","twitter_misc":{"Escrito por":"Reda\u00e7\u00e3o","Est. tempo de leitura":"3 minutos"},"schema":{"@context":"https:\/\/schema.org","@graph":[{"@type":"Article","@id":"https:\/\/www.notibras.com\/site\/o-misticismo-e-as-cerimonias-de-sepultamento-nas-antigas-sociedades\/#article","isPartOf":{"@id":"https:\/\/www.notibras.com\/site\/o-misticismo-e-as-cerimonias-de-sepultamento-nas-antigas-sociedades\/"},"author":{"name":"Reda\u00e7\u00e3o","@id":"https:\/\/www.notibras.com\/site\/#\/schema\/person\/36ab0979449956132d3e5b517ea76ac8"},"headline":"O misticismo e as cerim\u00f4nias de sepultamento nas antigas sociedades","datePublished":"2025-09-02T03:50:18+00:00","mainEntityOfPage":{"@id":"https:\/\/www.notibras.com\/site\/o-misticismo-e-as-cerimonias-de-sepultamento-nas-antigas-sociedades\/"},"wordCount":433,"publisher":{"@id":"https:\/\/www.notibras.com\/site\/#organization"},"image":{"@id":"https:\/\/www.notibras.com\/site\/o-misticismo-e-as-cerimonias-de-sepultamento-nas-antigas-sociedades\/#primaryimage"},"thumbnailUrl":"https:\/\/www.notibras.com\/site\/wp-content\/uploads\/2025\/09\/4808036e-915e-485f-b739-7260d13a4b92.png","articleSection":["Or\u00e1culos"],"inLanguage":"pt-BR"},{"@type":"WebPage","@id":"https:\/\/www.notibras.com\/site\/o-misticismo-e-as-cerimonias-de-sepultamento-nas-antigas-sociedades\/","url":"https:\/\/www.notibras.com\/site\/o-misticismo-e-as-cerimonias-de-sepultamento-nas-antigas-sociedades\/","name":"O misticismo e as cerim\u00f4nias de sepultamento nas antigas sociedades - Notibras","isPartOf":{"@id":"https:\/\/www.notibras.com\/site\/#website"},"primaryImageOfPage":{"@id":"https:\/\/www.notibras.com\/site\/o-misticismo-e-as-cerimonias-de-sepultamento-nas-antigas-sociedades\/#primaryimage"},"image":{"@id":"https:\/\/www.notibras.com\/site\/o-misticismo-e-as-cerimonias-de-sepultamento-nas-antigas-sociedades\/#primaryimage"},"thumbnailUrl":"https:\/\/www.notibras.com\/site\/wp-content\/uploads\/2025\/09\/4808036e-915e-485f-b739-7260d13a4b92.png","datePublished":"2025-09-02T03:50:18+00:00","breadcrumb":{"@id":"https:\/\/www.notibras.com\/site\/o-misticismo-e-as-cerimonias-de-sepultamento-nas-antigas-sociedades\/#breadcrumb"},"inLanguage":"pt-BR","potentialAction":[{"@type":"ReadAction","target":["https:\/\/www.notibras.com\/site\/o-misticismo-e-as-cerimonias-de-sepultamento-nas-antigas-sociedades\/"]}]},{"@type":"ImageObject","inLanguage":"pt-BR","@id":"https:\/\/www.notibras.com\/site\/o-misticismo-e-as-cerimonias-de-sepultamento-nas-antigas-sociedades\/#primaryimage","url":"https:\/\/www.notibras.com\/site\/wp-content\/uploads\/2025\/09\/4808036e-915e-485f-b739-7260d13a4b92.png","contentUrl":"https:\/\/www.notibras.com\/site\/wp-content\/uploads\/2025\/09\/4808036e-915e-485f-b739-7260d13a4b92.png","width":1024,"height":1536},{"@type":"BreadcrumbList","@id":"https:\/\/www.notibras.com\/site\/o-misticismo-e-as-cerimonias-de-sepultamento-nas-antigas-sociedades\/#breadcrumb","itemListElement":[{"@type":"ListItem","position":1,"name":"In\u00edcio","item":"https:\/\/www.notibras.com\/site\/"},{"@type":"ListItem","position":2,"name":"O misticismo e as cerim\u00f4nias de sepultamento nas antigas sociedades"}]},{"@type":"WebSite","@id":"https:\/\/www.notibras.com\/site\/#website","url":"https:\/\/www.notibras.com\/site\/","name":"Notibras","description":"Not\u00edcias de Bras\u00edlia, do Brasil e do Mundo","publisher":{"@id":"https:\/\/www.notibras.com\/site\/#organization"},"potentialAction":[{"@type":"SearchAction","target":{"@type":"EntryPoint","urlTemplate":"https:\/\/www.notibras.com\/site\/?s={search_term_string}"},"query-input":{"@type":"PropertyValueSpecification","valueRequired":true,"valueName":"search_term_string"}}],"inLanguage":"pt-BR"},{"@type":"Organization","@id":"https:\/\/www.notibras.com\/site\/#organization","name":"Grupo Notibras de Comunica\u00e7\u00e3o","url":"https:\/\/www.notibras.com\/site\/","logo":{"@type":"ImageObject","inLanguage":"pt-BR","@id":"https:\/\/www.notibras.com\/site\/#\/schema\/logo\/image\/","url":"https:\/\/www.notibras.com\/site\/wp-content\/uploads\/2023\/01\/notibras23.png","contentUrl":"https:\/\/www.notibras.com\/site\/wp-content\/uploads\/2023\/01\/notibras23.png","width":350,"height":87,"caption":"Grupo Notibras de Comunica\u00e7\u00e3o"},"image":{"@id":"https:\/\/www.notibras.com\/site\/#\/schema\/logo\/image\/"},"sameAs":["https:\/\/www.facebook.com\/notibras\/","https:\/\/x.com\/Notibras","https:\/\/www.instagram.com\/notibras\/"]},{"@type":"Person","@id":"https:\/\/www.notibras.com\/site\/#\/schema\/person\/36ab0979449956132d3e5b517ea76ac8","name":"Reda\u00e7\u00e3o","image":{"@type":"ImageObject","inLanguage":"pt-BR","@id":"https:\/\/secure.gravatar.com\/avatar\/e0a867bdedb85fd243eadf09663511f96fc81e0720a4a42581f334ad4303aa6b?s=96&d=mm&r=g","url":"https:\/\/secure.gravatar.com\/avatar\/e0a867bdedb85fd243eadf09663511f96fc81e0720a4a42581f334ad4303aa6b?s=96&d=mm&r=g","contentUrl":"https:\/\/secure.gravatar.com\/avatar\/e0a867bdedb85fd243eadf09663511f96fc81e0720a4a42581f334ad4303aa6b?s=96&d=mm&r=g","caption":"Reda\u00e7\u00e3o"}}]}},"amp_enabled":true,"_links":{"self":[{"href":"https:\/\/www.notibras.com\/site\/wp-json\/wp\/v2\/posts\/362896","targetHints":{"allow":["GET"]}}],"collection":[{"href":"https:\/\/www.notibras.com\/site\/wp-json\/wp\/v2\/posts"}],"about":[{"href":"https:\/\/www.notibras.com\/site\/wp-json\/wp\/v2\/types\/post"}],"author":[{"embeddable":true,"href":"https:\/\/www.notibras.com\/site\/wp-json\/wp\/v2\/users\/2"}],"replies":[{"embeddable":true,"href":"https:\/\/www.notibras.com\/site\/wp-json\/wp\/v2\/comments?post=362896"}],"version-history":[{"count":3,"href":"https:\/\/www.notibras.com\/site\/wp-json\/wp\/v2\/posts\/362896\/revisions"}],"predecessor-version":[{"id":362900,"href":"https:\/\/www.notibras.com\/site\/wp-json\/wp\/v2\/posts\/362896\/revisions\/362900"}],"wp:featuredmedia":[{"embeddable":true,"href":"https:\/\/www.notibras.com\/site\/wp-json\/wp\/v2\/media\/362897"}],"wp:attachment":[{"href":"https:\/\/www.notibras.com\/site\/wp-json\/wp\/v2\/media?parent=362896"}],"wp:term":[{"taxonomy":"category","embeddable":true,"href":"https:\/\/www.notibras.com\/site\/wp-json\/wp\/v2\/categories?post=362896"},{"taxonomy":"post_tag","embeddable":true,"href":"https:\/\/www.notibras.com\/site\/wp-json\/wp\/v2\/tags?post=362896"}],"curies":[{"name":"wp","href":"https:\/\/api.w.org\/{rel}","templated":true}]}}