{"id":363046,"date":"2025-09-03T02:16:45","date_gmt":"2025-09-03T05:16:45","guid":{"rendered":"https:\/\/www.notibras.com\/site\/?p=363046"},"modified":"2025-09-03T02:16:45","modified_gmt":"2025-09-03T05:16:45","slug":"magia-e-feiticaria-no-mundo-fascinante-dos-magos","status":"publish","type":"post","link":"https:\/\/www.notibras.com\/site\/magia-e-feiticaria-no-mundo-fascinante-dos-magos\/","title":{"rendered":"Magia e feiti\u00e7aria no mundo fascinante dos Magos"},"content":{"rendered":"<p>A Magia e a Feiti\u00e7aria s\u00e3o fen\u00f4menos culturais, espirituais e religiosos que acompanham a humanidade desde seus prim\u00f3rdios, conforme registros rupestres nas cavernas, assim como objetos e restos mortais encontrados em cemit\u00e9rios ancestrais datados de milhares de anos. Ambas remetem ao esfor\u00e7o humano de interagir com for\u00e7as invis\u00edveis para transformar a realidade, proteger-se de infort\u00fanios ou alcan\u00e7ar objetivos espec\u00edficos, como ca\u00e7adas bem sucedidas e vit\u00f3ria sobre os inimigos. Embora intimamente relacionadas, a Magia e a Feiti\u00e7aria apresentam diferen\u00e7as conceituais, hist\u00f3ricas e pr\u00e1ticas que marcaram sua trajet\u00f3ria no Ocidente e no Oriente.<\/p>\n<p>O Mago Aleister Crowley definiu a Magia como \u201ca ci\u00eancia e a arte de causar mudan\u00e7as em conformidade com a vontade\u201d. Ela se fundamenta nos princ\u00edpios herm\u00e9ticos, como a correspond\u00eancia entre microcosmo e macrocosmo, a manipula\u00e7\u00e3o de s\u00edmbolos e a invoca\u00e7\u00e3o de for\u00e7as espirituais. A Feiti\u00e7aria, por sua vez, est\u00e1 mais relacionada \u00e0 tradi\u00e7\u00e3o popular, \u00e0s pr\u00e1ticas transmitidas de gera\u00e7\u00e3o em gera\u00e7\u00e3o, envolvendo encantamentos, po\u00e7\u00f5es, ervas e rituais de prote\u00e7\u00e3o. Enquanto a Magia herm\u00e9tica busca o desenvolvimento interior e a comunh\u00e3o com entidades superiores, a Feiti\u00e7aria enfatiza a solu\u00e7\u00e3o pr\u00e1tica de problemas cotidianos.<\/p>\n<p>Desde a Antiguidade, a Magia esteve presente nas culturas eg\u00edpcia, mesopot\u00e2mica, grega e romana. No Egito, sacerdotes utilizavam rituais m\u00e1gicos ligados a \u00cdsis e Thoth, associando-os \u00e0 cura e \u00e0 prote\u00e7\u00e3o espiritual. Na Gr\u00e9cia, a Magia se entrela\u00e7ava com a filosofia, especialmente no neoplatonismo e na teurgia, pr\u00e1ticas que buscavam o contato com o divino. J\u00e1 a Feiti\u00e7aria, est\u00e1 mais vinculada ao uso popular da Magia, sendo praticada entre comunidades camponesas e tradicionais, muitas vezes demonizada pelas elites religiosas e pol\u00edticas, sobretudo durante a Idade M\u00e9dia e a Inquisi\u00e7\u00e3o.<\/p>\n<p>A Magia, em sua vertente erudita, encontra-se preservada e sistematizada em ordens herm\u00e9ticas e inici\u00e1ticas, como a Ordem Herm\u00e9tica da Aurora Dourada (Golden Dawn), fundada no s\u00e9culo XIX, que estruturou rituais de invoca\u00e7\u00e3o ang\u00e9lica, astrologia e cabala. Tamb\u00e9m se destacam a Ordo Templi Orientis (O.T.O.), influenciada pelos ensinamentos de Aleister Crowley e pela filosofia de Thelema, e a Societas Rosicruciana in Anglia, que perpetuou tradi\u00e7\u00f5es alqu\u00edmicas e cabal\u00edsticas. Essas ordens enfatizam a Magia como caminho espiritual, ligada ao autoconhecimento, \u00e0 ascens\u00e3o da alma e \u00e0 uni\u00e3o com o divino.<\/p>\n<p>Entre as pr\u00e1ticas m\u00e1gicas est\u00e3o a teurgia, que busca a uni\u00e3o com divindades, a astrologia, a alquimia e o uso de grim\u00f3rios. A Feiti\u00e7aria, por sua vez, \u00e9 marcada por rituais como c\u00edrculos m\u00e1gicos, encantamentos, uso de velas, pedras, amuletos e ervas medicinais.<\/p>\n<p>A diferen\u00e7a entre magos e feiticeiras reside sobretudo no estatuto social e no prop\u00f3sito de suas pr\u00e1ticas. O mago est\u00e1 associado ao conhecimento erudito, pr\u00f3ximo das cortes e das escolas filos\u00f3ficas, estudando astrologia, alquimia e cabala. Sua pr\u00e1tica \u00e9 considerada elevada, conectada ao divino e, muitas vezes, tolerada ou respeitada. J\u00e1 a feiticeira atuava no \u00e2mbito popular, transmitindo saberes orais e rituais pr\u00e1ticos de cura, amor, fertilidade e prote\u00e7\u00e3o. Essa proximidade com o povo levou \u00e0 persegui\u00e7\u00e3o de muitas mulheres durante a ca\u00e7a \u00e0s bruxas, acusadas de pactos demon\u00edacos e pr\u00e1ticas il\u00edcitas.<\/p>\n<p>Enquanto o mago busca o aperfei\u00e7oamento espiritual e o dom\u00ednio das leis universais, a feiticeira est\u00e1 voltada para a comunidade, atendendo a demandas concretas, no amor, no trabalho, na sa\u00fade&#8230; Ambos, no entanto, compartilham a mesma raiz: a cren\u00e7a no poder humano de manipular energias e s\u00edmbolos para interagir com o invis\u00edvel.<\/p>\n<p>Assim \u00e9!<\/p>\n<p>&#8230;&#8230;&#8230;&#8230;&#8230;&#8230;&#8230;&#8230;&#8230;&#8230;<\/p>\n<p><strong>Giovanni Seabra<\/strong><br \/>\n<strong>Gr\u00e3o Mestre do Col\u00e9gio dos Magos e Sacerdotisas<\/strong><br \/>\n<strong>@giovanniseabra.esoterico<\/strong><br \/>\n<strong>@colegiodosmagosesacerdotisas<\/strong><\/p>\n","protected":false},"excerpt":{"rendered":"<p>A Magia e a Feiti\u00e7aria s\u00e3o fen\u00f4menos culturais, espirituais e religiosos que acompanham a humanidade desde seus prim\u00f3rdios, conforme registros rupestres nas cavernas, assim como objetos e restos mortais encontrados em cemit\u00e9rios ancestrais datados de milhares de anos. Ambas remetem ao esfor\u00e7o humano de interagir com for\u00e7as invis\u00edveis para transformar a realidade, proteger-se de infort\u00fanios [&hellip;]<\/p>\n","protected":false},"author":2,"featured_media":363047,"comment_status":"closed","ping_status":"closed","sticky":false,"template":"","format":"standard","meta":{"_acf_changed":false,"footnotes":""},"categories":[237],"tags":[],"class_list":["post-363046","post","type-post","status-publish","format-standard","has-post-thumbnail","hentry","category-oraculos"],"acf":[],"yoast_head":"<!-- This site is optimized with the Yoast SEO plugin v27.2 - https:\/\/yoast.com\/product\/yoast-seo-wordpress\/ -->\n<title>Magia e feiti\u00e7aria no mundo fascinante dos Magos - Notibras<\/title>\n<meta name=\"robots\" content=\"index, follow, max-snippet:-1, max-image-preview:large, max-video-preview:-1\" \/>\n<link rel=\"canonical\" href=\"https:\/\/www.notibras.com\/site\/magia-e-feiticaria-no-mundo-fascinante-dos-magos\/\" \/>\n<meta property=\"og:locale\" content=\"pt_BR\" \/>\n<meta property=\"og:type\" content=\"article\" \/>\n<meta property=\"og:title\" content=\"Magia e feiti\u00e7aria no mundo fascinante dos Magos - Notibras\" \/>\n<meta property=\"og:description\" content=\"A Magia e a Feiti\u00e7aria s\u00e3o fen\u00f4menos culturais, espirituais e religiosos que acompanham a humanidade desde seus prim\u00f3rdios, conforme registros rupestres nas cavernas, assim como objetos e restos mortais encontrados em cemit\u00e9rios ancestrais datados de milhares de anos. Ambas remetem ao esfor\u00e7o humano de interagir com for\u00e7as invis\u00edveis para transformar a realidade, proteger-se de infort\u00fanios [&hellip;]\" \/>\n<meta property=\"og:url\" content=\"https:\/\/www.notibras.com\/site\/magia-e-feiticaria-no-mundo-fascinante-dos-magos\/\" \/>\n<meta property=\"og:site_name\" content=\"Notibras\" \/>\n<meta property=\"article:publisher\" content=\"https:\/\/www.facebook.com\/notibras\/\" \/>\n<meta property=\"article:published_time\" content=\"2025-09-03T05:16:45+00:00\" \/>\n<meta property=\"og:image\" content=\"https:\/\/www.notibras.com\/site\/wp-content\/uploads\/2025\/09\/7c7f7452-f2e1-4dd5-93ea-ab738d013d7c.jpg\" \/>\n\t<meta property=\"og:image:width\" content=\"1024\" \/>\n\t<meta property=\"og:image:height\" content=\"1024\" \/>\n\t<meta property=\"og:image:type\" content=\"image\/jpeg\" \/>\n<meta name=\"author\" content=\"Reda\u00e7\u00e3o\" \/>\n<meta name=\"twitter:card\" content=\"summary_large_image\" \/>\n<meta name=\"twitter:creator\" content=\"@Notibras\" \/>\n<meta name=\"twitter:site\" content=\"@Notibras\" \/>\n<meta name=\"twitter:label1\" content=\"Escrito por\" \/>\n\t<meta name=\"twitter:data1\" content=\"Reda\u00e7\u00e3o\" \/>\n\t<meta name=\"twitter:label2\" content=\"Est. tempo de leitura\" \/>\n\t<meta name=\"twitter:data2\" content=\"4 minutos\" \/>\n<script type=\"application\/ld+json\" class=\"yoast-schema-graph\">{\"@context\":\"https:\/\/schema.org\",\"@graph\":[{\"@type\":\"Article\",\"@id\":\"https:\/\/www.notibras.com\/site\/magia-e-feiticaria-no-mundo-fascinante-dos-magos\/#article\",\"isPartOf\":{\"@id\":\"https:\/\/www.notibras.com\/site\/magia-e-feiticaria-no-mundo-fascinante-dos-magos\/\"},\"author\":{\"name\":\"Reda\u00e7\u00e3o\",\"@id\":\"https:\/\/www.notibras.com\/site\/#\/schema\/person\/36ab0979449956132d3e5b517ea76ac8\"},\"headline\":\"Magia e feiti\u00e7aria no mundo fascinante dos Magos\",\"datePublished\":\"2025-09-03T05:16:45+00:00\",\"mainEntityOfPage\":{\"@id\":\"https:\/\/www.notibras.com\/site\/magia-e-feiticaria-no-mundo-fascinante-dos-magos\/\"},\"wordCount\":657,\"publisher\":{\"@id\":\"https:\/\/www.notibras.com\/site\/#organization\"},\"image\":{\"@id\":\"https:\/\/www.notibras.com\/site\/magia-e-feiticaria-no-mundo-fascinante-dos-magos\/#primaryimage\"},\"thumbnailUrl\":\"https:\/\/www.notibras.com\/site\/wp-content\/uploads\/2025\/09\/7c7f7452-f2e1-4dd5-93ea-ab738d013d7c.jpg\",\"articleSection\":[\"Or\u00e1culos\"],\"inLanguage\":\"pt-BR\"},{\"@type\":\"WebPage\",\"@id\":\"https:\/\/www.notibras.com\/site\/magia-e-feiticaria-no-mundo-fascinante-dos-magos\/\",\"url\":\"https:\/\/www.notibras.com\/site\/magia-e-feiticaria-no-mundo-fascinante-dos-magos\/\",\"name\":\"Magia e feiti\u00e7aria no mundo fascinante dos Magos - Notibras\",\"isPartOf\":{\"@id\":\"https:\/\/www.notibras.com\/site\/#website\"},\"primaryImageOfPage\":{\"@id\":\"https:\/\/www.notibras.com\/site\/magia-e-feiticaria-no-mundo-fascinante-dos-magos\/#primaryimage\"},\"image\":{\"@id\":\"https:\/\/www.notibras.com\/site\/magia-e-feiticaria-no-mundo-fascinante-dos-magos\/#primaryimage\"},\"thumbnailUrl\":\"https:\/\/www.notibras.com\/site\/wp-content\/uploads\/2025\/09\/7c7f7452-f2e1-4dd5-93ea-ab738d013d7c.jpg\",\"datePublished\":\"2025-09-03T05:16:45+00:00\",\"breadcrumb\":{\"@id\":\"https:\/\/www.notibras.com\/site\/magia-e-feiticaria-no-mundo-fascinante-dos-magos\/#breadcrumb\"},\"inLanguage\":\"pt-BR\",\"potentialAction\":[{\"@type\":\"ReadAction\",\"target\":[\"https:\/\/www.notibras.com\/site\/magia-e-feiticaria-no-mundo-fascinante-dos-magos\/\"]}]},{\"@type\":\"ImageObject\",\"inLanguage\":\"pt-BR\",\"@id\":\"https:\/\/www.notibras.com\/site\/magia-e-feiticaria-no-mundo-fascinante-dos-magos\/#primaryimage\",\"url\":\"https:\/\/www.notibras.com\/site\/wp-content\/uploads\/2025\/09\/7c7f7452-f2e1-4dd5-93ea-ab738d013d7c.jpg\",\"contentUrl\":\"https:\/\/www.notibras.com\/site\/wp-content\/uploads\/2025\/09\/7c7f7452-f2e1-4dd5-93ea-ab738d013d7c.jpg\",\"width\":1024,\"height\":1024},{\"@type\":\"BreadcrumbList\",\"@id\":\"https:\/\/www.notibras.com\/site\/magia-e-feiticaria-no-mundo-fascinante-dos-magos\/#breadcrumb\",\"itemListElement\":[{\"@type\":\"ListItem\",\"position\":1,\"name\":\"In\u00edcio\",\"item\":\"https:\/\/www.notibras.com\/site\/\"},{\"@type\":\"ListItem\",\"position\":2,\"name\":\"Magia e feiti\u00e7aria no mundo fascinante dos Magos\"}]},{\"@type\":\"WebSite\",\"@id\":\"https:\/\/www.notibras.com\/site\/#website\",\"url\":\"https:\/\/www.notibras.com\/site\/\",\"name\":\"Notibras\",\"description\":\"Not\u00edcias de Bras\u00edlia, do Brasil e do Mundo\",\"publisher\":{\"@id\":\"https:\/\/www.notibras.com\/site\/#organization\"},\"potentialAction\":[{\"@type\":\"SearchAction\",\"target\":{\"@type\":\"EntryPoint\",\"urlTemplate\":\"https:\/\/www.notibras.com\/site\/?s={search_term_string}\"},\"query-input\":{\"@type\":\"PropertyValueSpecification\",\"valueRequired\":true,\"valueName\":\"search_term_string\"}}],\"inLanguage\":\"pt-BR\"},{\"@type\":\"Organization\",\"@id\":\"https:\/\/www.notibras.com\/site\/#organization\",\"name\":\"Grupo Notibras de Comunica\u00e7\u00e3o\",\"url\":\"https:\/\/www.notibras.com\/site\/\",\"logo\":{\"@type\":\"ImageObject\",\"inLanguage\":\"pt-BR\",\"@id\":\"https:\/\/www.notibras.com\/site\/#\/schema\/logo\/image\/\",\"url\":\"https:\/\/www.notibras.com\/site\/wp-content\/uploads\/2023\/01\/notibras23.png\",\"contentUrl\":\"https:\/\/www.notibras.com\/site\/wp-content\/uploads\/2023\/01\/notibras23.png\",\"width\":350,\"height\":87,\"caption\":\"Grupo Notibras de Comunica\u00e7\u00e3o\"},\"image\":{\"@id\":\"https:\/\/www.notibras.com\/site\/#\/schema\/logo\/image\/\"},\"sameAs\":[\"https:\/\/www.facebook.com\/notibras\/\",\"https:\/\/x.com\/Notibras\",\"https:\/\/www.instagram.com\/notibras\/\"]},{\"@type\":\"Person\",\"@id\":\"https:\/\/www.notibras.com\/site\/#\/schema\/person\/36ab0979449956132d3e5b517ea76ac8\",\"name\":\"Reda\u00e7\u00e3o\",\"image\":{\"@type\":\"ImageObject\",\"inLanguage\":\"pt-BR\",\"@id\":\"https:\/\/secure.gravatar.com\/avatar\/e0a867bdedb85fd243eadf09663511f96fc81e0720a4a42581f334ad4303aa6b?s=96&d=mm&r=g\",\"url\":\"https:\/\/secure.gravatar.com\/avatar\/e0a867bdedb85fd243eadf09663511f96fc81e0720a4a42581f334ad4303aa6b?s=96&d=mm&r=g\",\"contentUrl\":\"https:\/\/secure.gravatar.com\/avatar\/e0a867bdedb85fd243eadf09663511f96fc81e0720a4a42581f334ad4303aa6b?s=96&d=mm&r=g\",\"caption\":\"Reda\u00e7\u00e3o\"}}]}<\/script>\n<!-- \/ Yoast SEO plugin. -->","yoast_head_json":{"title":"Magia e feiti\u00e7aria no mundo fascinante dos Magos - Notibras","robots":{"index":"index","follow":"follow","max-snippet":"max-snippet:-1","max-image-preview":"max-image-preview:large","max-video-preview":"max-video-preview:-1"},"canonical":"https:\/\/www.notibras.com\/site\/magia-e-feiticaria-no-mundo-fascinante-dos-magos\/","og_locale":"pt_BR","og_type":"article","og_title":"Magia e feiti\u00e7aria no mundo fascinante dos Magos - Notibras","og_description":"A Magia e a Feiti\u00e7aria s\u00e3o fen\u00f4menos culturais, espirituais e religiosos que acompanham a humanidade desde seus prim\u00f3rdios, conforme registros rupestres nas cavernas, assim como objetos e restos mortais encontrados em cemit\u00e9rios ancestrais datados de milhares de anos. Ambas remetem ao esfor\u00e7o humano de interagir com for\u00e7as invis\u00edveis para transformar a realidade, proteger-se de infort\u00fanios [&hellip;]","og_url":"https:\/\/www.notibras.com\/site\/magia-e-feiticaria-no-mundo-fascinante-dos-magos\/","og_site_name":"Notibras","article_publisher":"https:\/\/www.facebook.com\/notibras\/","article_published_time":"2025-09-03T05:16:45+00:00","og_image":[{"width":1024,"height":1024,"url":"https:\/\/www.notibras.com\/site\/wp-content\/uploads\/2025\/09\/7c7f7452-f2e1-4dd5-93ea-ab738d013d7c.jpg","type":"image\/jpeg"}],"author":"Reda\u00e7\u00e3o","twitter_card":"summary_large_image","twitter_creator":"@Notibras","twitter_site":"@Notibras","twitter_misc":{"Escrito por":"Reda\u00e7\u00e3o","Est. tempo de leitura":"4 minutos"},"schema":{"@context":"https:\/\/schema.org","@graph":[{"@type":"Article","@id":"https:\/\/www.notibras.com\/site\/magia-e-feiticaria-no-mundo-fascinante-dos-magos\/#article","isPartOf":{"@id":"https:\/\/www.notibras.com\/site\/magia-e-feiticaria-no-mundo-fascinante-dos-magos\/"},"author":{"name":"Reda\u00e7\u00e3o","@id":"https:\/\/www.notibras.com\/site\/#\/schema\/person\/36ab0979449956132d3e5b517ea76ac8"},"headline":"Magia e feiti\u00e7aria no mundo fascinante dos Magos","datePublished":"2025-09-03T05:16:45+00:00","mainEntityOfPage":{"@id":"https:\/\/www.notibras.com\/site\/magia-e-feiticaria-no-mundo-fascinante-dos-magos\/"},"wordCount":657,"publisher":{"@id":"https:\/\/www.notibras.com\/site\/#organization"},"image":{"@id":"https:\/\/www.notibras.com\/site\/magia-e-feiticaria-no-mundo-fascinante-dos-magos\/#primaryimage"},"thumbnailUrl":"https:\/\/www.notibras.com\/site\/wp-content\/uploads\/2025\/09\/7c7f7452-f2e1-4dd5-93ea-ab738d013d7c.jpg","articleSection":["Or\u00e1culos"],"inLanguage":"pt-BR"},{"@type":"WebPage","@id":"https:\/\/www.notibras.com\/site\/magia-e-feiticaria-no-mundo-fascinante-dos-magos\/","url":"https:\/\/www.notibras.com\/site\/magia-e-feiticaria-no-mundo-fascinante-dos-magos\/","name":"Magia e feiti\u00e7aria no mundo fascinante dos Magos - Notibras","isPartOf":{"@id":"https:\/\/www.notibras.com\/site\/#website"},"primaryImageOfPage":{"@id":"https:\/\/www.notibras.com\/site\/magia-e-feiticaria-no-mundo-fascinante-dos-magos\/#primaryimage"},"image":{"@id":"https:\/\/www.notibras.com\/site\/magia-e-feiticaria-no-mundo-fascinante-dos-magos\/#primaryimage"},"thumbnailUrl":"https:\/\/www.notibras.com\/site\/wp-content\/uploads\/2025\/09\/7c7f7452-f2e1-4dd5-93ea-ab738d013d7c.jpg","datePublished":"2025-09-03T05:16:45+00:00","breadcrumb":{"@id":"https:\/\/www.notibras.com\/site\/magia-e-feiticaria-no-mundo-fascinante-dos-magos\/#breadcrumb"},"inLanguage":"pt-BR","potentialAction":[{"@type":"ReadAction","target":["https:\/\/www.notibras.com\/site\/magia-e-feiticaria-no-mundo-fascinante-dos-magos\/"]}]},{"@type":"ImageObject","inLanguage":"pt-BR","@id":"https:\/\/www.notibras.com\/site\/magia-e-feiticaria-no-mundo-fascinante-dos-magos\/#primaryimage","url":"https:\/\/www.notibras.com\/site\/wp-content\/uploads\/2025\/09\/7c7f7452-f2e1-4dd5-93ea-ab738d013d7c.jpg","contentUrl":"https:\/\/www.notibras.com\/site\/wp-content\/uploads\/2025\/09\/7c7f7452-f2e1-4dd5-93ea-ab738d013d7c.jpg","width":1024,"height":1024},{"@type":"BreadcrumbList","@id":"https:\/\/www.notibras.com\/site\/magia-e-feiticaria-no-mundo-fascinante-dos-magos\/#breadcrumb","itemListElement":[{"@type":"ListItem","position":1,"name":"In\u00edcio","item":"https:\/\/www.notibras.com\/site\/"},{"@type":"ListItem","position":2,"name":"Magia e feiti\u00e7aria no mundo fascinante dos Magos"}]},{"@type":"WebSite","@id":"https:\/\/www.notibras.com\/site\/#website","url":"https:\/\/www.notibras.com\/site\/","name":"Notibras","description":"Not\u00edcias de Bras\u00edlia, do Brasil e do Mundo","publisher":{"@id":"https:\/\/www.notibras.com\/site\/#organization"},"potentialAction":[{"@type":"SearchAction","target":{"@type":"EntryPoint","urlTemplate":"https:\/\/www.notibras.com\/site\/?s={search_term_string}"},"query-input":{"@type":"PropertyValueSpecification","valueRequired":true,"valueName":"search_term_string"}}],"inLanguage":"pt-BR"},{"@type":"Organization","@id":"https:\/\/www.notibras.com\/site\/#organization","name":"Grupo Notibras de Comunica\u00e7\u00e3o","url":"https:\/\/www.notibras.com\/site\/","logo":{"@type":"ImageObject","inLanguage":"pt-BR","@id":"https:\/\/www.notibras.com\/site\/#\/schema\/logo\/image\/","url":"https:\/\/www.notibras.com\/site\/wp-content\/uploads\/2023\/01\/notibras23.png","contentUrl":"https:\/\/www.notibras.com\/site\/wp-content\/uploads\/2023\/01\/notibras23.png","width":350,"height":87,"caption":"Grupo Notibras de Comunica\u00e7\u00e3o"},"image":{"@id":"https:\/\/www.notibras.com\/site\/#\/schema\/logo\/image\/"},"sameAs":["https:\/\/www.facebook.com\/notibras\/","https:\/\/x.com\/Notibras","https:\/\/www.instagram.com\/notibras\/"]},{"@type":"Person","@id":"https:\/\/www.notibras.com\/site\/#\/schema\/person\/36ab0979449956132d3e5b517ea76ac8","name":"Reda\u00e7\u00e3o","image":{"@type":"ImageObject","inLanguage":"pt-BR","@id":"https:\/\/secure.gravatar.com\/avatar\/e0a867bdedb85fd243eadf09663511f96fc81e0720a4a42581f334ad4303aa6b?s=96&d=mm&r=g","url":"https:\/\/secure.gravatar.com\/avatar\/e0a867bdedb85fd243eadf09663511f96fc81e0720a4a42581f334ad4303aa6b?s=96&d=mm&r=g","contentUrl":"https:\/\/secure.gravatar.com\/avatar\/e0a867bdedb85fd243eadf09663511f96fc81e0720a4a42581f334ad4303aa6b?s=96&d=mm&r=g","caption":"Reda\u00e7\u00e3o"}}]}},"amp_enabled":true,"_links":{"self":[{"href":"https:\/\/www.notibras.com\/site\/wp-json\/wp\/v2\/posts\/363046","targetHints":{"allow":["GET"]}}],"collection":[{"href":"https:\/\/www.notibras.com\/site\/wp-json\/wp\/v2\/posts"}],"about":[{"href":"https:\/\/www.notibras.com\/site\/wp-json\/wp\/v2\/types\/post"}],"author":[{"embeddable":true,"href":"https:\/\/www.notibras.com\/site\/wp-json\/wp\/v2\/users\/2"}],"replies":[{"embeddable":true,"href":"https:\/\/www.notibras.com\/site\/wp-json\/wp\/v2\/comments?post=363046"}],"version-history":[{"count":1,"href":"https:\/\/www.notibras.com\/site\/wp-json\/wp\/v2\/posts\/363046\/revisions"}],"predecessor-version":[{"id":363048,"href":"https:\/\/www.notibras.com\/site\/wp-json\/wp\/v2\/posts\/363046\/revisions\/363048"}],"wp:featuredmedia":[{"embeddable":true,"href":"https:\/\/www.notibras.com\/site\/wp-json\/wp\/v2\/media\/363047"}],"wp:attachment":[{"href":"https:\/\/www.notibras.com\/site\/wp-json\/wp\/v2\/media?parent=363046"}],"wp:term":[{"taxonomy":"category","embeddable":true,"href":"https:\/\/www.notibras.com\/site\/wp-json\/wp\/v2\/categories?post=363046"},{"taxonomy":"post_tag","embeddable":true,"href":"https:\/\/www.notibras.com\/site\/wp-json\/wp\/v2\/tags?post=363046"}],"curies":[{"name":"wp","href":"https:\/\/api.w.org\/{rel}","templated":true}]}}