{"id":363127,"date":"2025-09-04T08:33:07","date_gmt":"2025-09-04T11:33:07","guid":{"rendered":"https:\/\/www.notibras.com\/site\/?p=363127"},"modified":"2025-09-04T08:33:07","modified_gmt":"2025-09-04T11:33:07","slug":"faraos-os-reis-com-poder-de-tocar-o-divino","status":"publish","type":"post","link":"https:\/\/www.notibras.com\/site\/faraos-os-reis-com-poder-de-tocar-o-divino\/","title":{"rendered":"Fara\u00f3s, os reis com poder de tocar o Divino"},"content":{"rendered":"<p data-start=\"235\" data-end=\"557\">Na antiga civiliza\u00e7\u00e3o eg\u00edpcia, o fara\u00f3 n\u00e3o era apenas um governante pol\u00edtico. Ele era a encarna\u00e7\u00e3o da divindade na Terra, a ponte entre os homens e os deuses, senhor absoluto que carregava sobre os ombros a ordem c\u00f3smica \u2013 o <em data-start=\"460\" data-end=\"466\">maat<\/em>. Sua figura condensava o poder terreno e espiritual, fazendo dele um ser que tudo podia.<\/p>\n<p data-start=\"587\" data-end=\"920\">A concep\u00e7\u00e3o eg\u00edpcia via o fara\u00f3 como a personifica\u00e7\u00e3o de H\u00f3rus em vida e de Os\u00edris ap\u00f3s a morte. Assim, sua autoridade era sagrada, n\u00e3o fruto de meras linhagens din\u00e1sticas. Governar era manter o equil\u00edbrio do universo, assegurar as cheias do Nilo, garantir colheitas e afastar o caos. Sua voz, portanto, tinha o peso da eternidade.<\/p>\n<p data-start=\"945\" data-end=\"1287\">Cada gesto do fara\u00f3 estava imerso em simbolismo. O ato de coroar-se com a coroa branca do Alto Egito ou a vermelha do Baixo Egito n\u00e3o era apenas pol\u00edtico: significava a uni\u00e3o dos dois mundos. Nos templos, ele participava de cerim\u00f4nias onde alimentava os deuses com oferendas, mas, paradoxalmente, era tamb\u00e9m alimentado por eles em esp\u00edrito.<\/p>\n<p data-start=\"1317\" data-end=\"1630\">Na morte, o fara\u00f3 n\u00e3o desaparecia. Seu corpo era preservado pela mumifica\u00e7\u00e3o, mas sua alma ascendia aos c\u00e9us. Ele se unia a R\u00e1, o deus-sol, navegando pela barca celestial. Assim, o ciclo da vida e da morte tornava-se eterno, garantindo n\u00e3o apenas a imortalidade do soberano, mas a continuidade do pr\u00f3prio Egito.<\/p>\n<p data-start=\"1659\" data-end=\"1962\">O poder fara\u00f4nico era, antes de tudo, m\u00edstico. Seus decretos eram or\u00e1culos, seus s\u00edmbolos \u2014 o cetro e o ankh \u2014 n\u00e3o apenas instrumentos de poder, mas chaves para a compreens\u00e3o do invis\u00edvel. Para o povo, obedecer ao fara\u00f3 era reverenciar o divino; contest\u00e1-lo era desafiar o pr\u00f3prio equil\u00edbrio do mundo.<\/p>\n<p data-start=\"1964\" data-end=\"2193\">Assim, os fara\u00f3s permanecem, mil\u00eanios depois, como figuras envoltas em mist\u00e9rio: n\u00e3o apenas governantes, mas homens que ousaram vestir a pele dos deuses, guardi\u00f5es de um Egito onde o humano e o divino se fundiam em um s\u00f3 corpo.<\/p>\n","protected":false},"excerpt":{"rendered":"<p>Na antiga civiliza\u00e7\u00e3o eg\u00edpcia, o fara\u00f3 n\u00e3o era apenas um governante pol\u00edtico. Ele era a encarna\u00e7\u00e3o da divindade na Terra, a ponte entre os homens e os deuses, senhor absoluto que carregava sobre os ombros a ordem c\u00f3smica \u2013 o maat. Sua figura condensava o poder terreno e espiritual, fazendo dele um ser que tudo [&hellip;]<\/p>\n","protected":false},"author":2,"featured_media":363128,"comment_status":"closed","ping_status":"closed","sticky":false,"template":"","format":"standard","meta":{"_acf_changed":false,"footnotes":""},"categories":[237],"tags":[],"class_list":["post-363127","post","type-post","status-publish","format-standard","has-post-thumbnail","hentry","category-oraculos"],"acf":[],"yoast_head":"<!-- This site is optimized with the Yoast SEO plugin v27.2 - https:\/\/yoast.com\/product\/yoast-seo-wordpress\/ -->\n<title>Fara\u00f3s, os reis com poder de tocar o Divino - Notibras<\/title>\n<meta name=\"robots\" content=\"index, follow, max-snippet:-1, max-image-preview:large, max-video-preview:-1\" \/>\n<link rel=\"canonical\" href=\"https:\/\/www.notibras.com\/site\/faraos-os-reis-com-poder-de-tocar-o-divino\/\" \/>\n<meta property=\"og:locale\" content=\"pt_BR\" \/>\n<meta property=\"og:type\" content=\"article\" \/>\n<meta property=\"og:title\" content=\"Fara\u00f3s, os reis com poder de tocar o Divino - Notibras\" \/>\n<meta property=\"og:description\" content=\"Na antiga civiliza\u00e7\u00e3o eg\u00edpcia, o fara\u00f3 n\u00e3o era apenas um governante pol\u00edtico. Ele era a encarna\u00e7\u00e3o da divindade na Terra, a ponte entre os homens e os deuses, senhor absoluto que carregava sobre os ombros a ordem c\u00f3smica \u2013 o maat. Sua figura condensava o poder terreno e espiritual, fazendo dele um ser que tudo [&hellip;]\" \/>\n<meta property=\"og:url\" content=\"https:\/\/www.notibras.com\/site\/faraos-os-reis-com-poder-de-tocar-o-divino\/\" \/>\n<meta property=\"og:site_name\" content=\"Notibras\" \/>\n<meta property=\"article:publisher\" content=\"https:\/\/www.facebook.com\/notibras\/\" \/>\n<meta property=\"article:published_time\" content=\"2025-09-04T11:33:07+00:00\" \/>\n<meta property=\"og:image\" content=\"https:\/\/www.notibras.com\/site\/wp-content\/uploads\/2025\/09\/4ff18a59-949b-4a65-baeb-4fce3dd4ecf3-683x1024.png\" \/>\n\t<meta property=\"og:image:width\" content=\"683\" \/>\n\t<meta property=\"og:image:height\" content=\"1024\" \/>\n\t<meta property=\"og:image:type\" content=\"image\/png\" \/>\n<meta name=\"author\" content=\"Reda\u00e7\u00e3o\" \/>\n<meta name=\"twitter:card\" content=\"summary_large_image\" \/>\n<meta name=\"twitter:creator\" content=\"@Notibras\" \/>\n<meta name=\"twitter:site\" content=\"@Notibras\" \/>\n<meta name=\"twitter:label1\" content=\"Escrito por\" \/>\n\t<meta name=\"twitter:data1\" content=\"Reda\u00e7\u00e3o\" \/>\n\t<meta name=\"twitter:label2\" content=\"Est. tempo de leitura\" \/>\n\t<meta name=\"twitter:data2\" content=\"2 minutos\" \/>\n<script type=\"application\/ld+json\" class=\"yoast-schema-graph\">{\"@context\":\"https:\/\/schema.org\",\"@graph\":[{\"@type\":\"Article\",\"@id\":\"https:\/\/www.notibras.com\/site\/faraos-os-reis-com-poder-de-tocar-o-divino\/#article\",\"isPartOf\":{\"@id\":\"https:\/\/www.notibras.com\/site\/faraos-os-reis-com-poder-de-tocar-o-divino\/\"},\"author\":{\"name\":\"Reda\u00e7\u00e3o\",\"@id\":\"https:\/\/www.notibras.com\/site\/#\/schema\/person\/36ab0979449956132d3e5b517ea76ac8\"},\"headline\":\"Fara\u00f3s, os reis com poder de tocar o Divino\",\"datePublished\":\"2025-09-04T11:33:07+00:00\",\"mainEntityOfPage\":{\"@id\":\"https:\/\/www.notibras.com\/site\/faraos-os-reis-com-poder-de-tocar-o-divino\/\"},\"wordCount\":358,\"publisher\":{\"@id\":\"https:\/\/www.notibras.com\/site\/#organization\"},\"image\":{\"@id\":\"https:\/\/www.notibras.com\/site\/faraos-os-reis-com-poder-de-tocar-o-divino\/#primaryimage\"},\"thumbnailUrl\":\"https:\/\/www.notibras.com\/site\/wp-content\/uploads\/2025\/09\/4ff18a59-949b-4a65-baeb-4fce3dd4ecf3.png\",\"articleSection\":[\"Or\u00e1culos\"],\"inLanguage\":\"pt-BR\"},{\"@type\":\"WebPage\",\"@id\":\"https:\/\/www.notibras.com\/site\/faraos-os-reis-com-poder-de-tocar-o-divino\/\",\"url\":\"https:\/\/www.notibras.com\/site\/faraos-os-reis-com-poder-de-tocar-o-divino\/\",\"name\":\"Fara\u00f3s, os reis com poder de tocar o Divino - Notibras\",\"isPartOf\":{\"@id\":\"https:\/\/www.notibras.com\/site\/#website\"},\"primaryImageOfPage\":{\"@id\":\"https:\/\/www.notibras.com\/site\/faraos-os-reis-com-poder-de-tocar-o-divino\/#primaryimage\"},\"image\":{\"@id\":\"https:\/\/www.notibras.com\/site\/faraos-os-reis-com-poder-de-tocar-o-divino\/#primaryimage\"},\"thumbnailUrl\":\"https:\/\/www.notibras.com\/site\/wp-content\/uploads\/2025\/09\/4ff18a59-949b-4a65-baeb-4fce3dd4ecf3.png\",\"datePublished\":\"2025-09-04T11:33:07+00:00\",\"breadcrumb\":{\"@id\":\"https:\/\/www.notibras.com\/site\/faraos-os-reis-com-poder-de-tocar-o-divino\/#breadcrumb\"},\"inLanguage\":\"pt-BR\",\"potentialAction\":[{\"@type\":\"ReadAction\",\"target\":[\"https:\/\/www.notibras.com\/site\/faraos-os-reis-com-poder-de-tocar-o-divino\/\"]}]},{\"@type\":\"ImageObject\",\"inLanguage\":\"pt-BR\",\"@id\":\"https:\/\/www.notibras.com\/site\/faraos-os-reis-com-poder-de-tocar-o-divino\/#primaryimage\",\"url\":\"https:\/\/www.notibras.com\/site\/wp-content\/uploads\/2025\/09\/4ff18a59-949b-4a65-baeb-4fce3dd4ecf3.png\",\"contentUrl\":\"https:\/\/www.notibras.com\/site\/wp-content\/uploads\/2025\/09\/4ff18a59-949b-4a65-baeb-4fce3dd4ecf3.png\",\"width\":1024,\"height\":1536},{\"@type\":\"BreadcrumbList\",\"@id\":\"https:\/\/www.notibras.com\/site\/faraos-os-reis-com-poder-de-tocar-o-divino\/#breadcrumb\",\"itemListElement\":[{\"@type\":\"ListItem\",\"position\":1,\"name\":\"In\u00edcio\",\"item\":\"https:\/\/www.notibras.com\/site\/\"},{\"@type\":\"ListItem\",\"position\":2,\"name\":\"Fara\u00f3s, os reis com poder de tocar o Divino\"}]},{\"@type\":\"WebSite\",\"@id\":\"https:\/\/www.notibras.com\/site\/#website\",\"url\":\"https:\/\/www.notibras.com\/site\/\",\"name\":\"Notibras\",\"description\":\"Not\u00edcias de Bras\u00edlia, do Brasil e do Mundo\",\"publisher\":{\"@id\":\"https:\/\/www.notibras.com\/site\/#organization\"},\"potentialAction\":[{\"@type\":\"SearchAction\",\"target\":{\"@type\":\"EntryPoint\",\"urlTemplate\":\"https:\/\/www.notibras.com\/site\/?s={search_term_string}\"},\"query-input\":{\"@type\":\"PropertyValueSpecification\",\"valueRequired\":true,\"valueName\":\"search_term_string\"}}],\"inLanguage\":\"pt-BR\"},{\"@type\":\"Organization\",\"@id\":\"https:\/\/www.notibras.com\/site\/#organization\",\"name\":\"Grupo Notibras de Comunica\u00e7\u00e3o\",\"url\":\"https:\/\/www.notibras.com\/site\/\",\"logo\":{\"@type\":\"ImageObject\",\"inLanguage\":\"pt-BR\",\"@id\":\"https:\/\/www.notibras.com\/site\/#\/schema\/logo\/image\/\",\"url\":\"https:\/\/www.notibras.com\/site\/wp-content\/uploads\/2023\/01\/notibras23.png\",\"contentUrl\":\"https:\/\/www.notibras.com\/site\/wp-content\/uploads\/2023\/01\/notibras23.png\",\"width\":350,\"height\":87,\"caption\":\"Grupo Notibras de Comunica\u00e7\u00e3o\"},\"image\":{\"@id\":\"https:\/\/www.notibras.com\/site\/#\/schema\/logo\/image\/\"},\"sameAs\":[\"https:\/\/www.facebook.com\/notibras\/\",\"https:\/\/x.com\/Notibras\",\"https:\/\/www.instagram.com\/notibras\/\"]},{\"@type\":\"Person\",\"@id\":\"https:\/\/www.notibras.com\/site\/#\/schema\/person\/36ab0979449956132d3e5b517ea76ac8\",\"name\":\"Reda\u00e7\u00e3o\",\"image\":{\"@type\":\"ImageObject\",\"inLanguage\":\"pt-BR\",\"@id\":\"https:\/\/secure.gravatar.com\/avatar\/e0a867bdedb85fd243eadf09663511f96fc81e0720a4a42581f334ad4303aa6b?s=96&d=mm&r=g\",\"url\":\"https:\/\/secure.gravatar.com\/avatar\/e0a867bdedb85fd243eadf09663511f96fc81e0720a4a42581f334ad4303aa6b?s=96&d=mm&r=g\",\"contentUrl\":\"https:\/\/secure.gravatar.com\/avatar\/e0a867bdedb85fd243eadf09663511f96fc81e0720a4a42581f334ad4303aa6b?s=96&d=mm&r=g\",\"caption\":\"Reda\u00e7\u00e3o\"}}]}<\/script>\n<!-- \/ Yoast SEO plugin. -->","yoast_head_json":{"title":"Fara\u00f3s, os reis com poder de tocar o Divino - Notibras","robots":{"index":"index","follow":"follow","max-snippet":"max-snippet:-1","max-image-preview":"max-image-preview:large","max-video-preview":"max-video-preview:-1"},"canonical":"https:\/\/www.notibras.com\/site\/faraos-os-reis-com-poder-de-tocar-o-divino\/","og_locale":"pt_BR","og_type":"article","og_title":"Fara\u00f3s, os reis com poder de tocar o Divino - Notibras","og_description":"Na antiga civiliza\u00e7\u00e3o eg\u00edpcia, o fara\u00f3 n\u00e3o era apenas um governante pol\u00edtico. Ele era a encarna\u00e7\u00e3o da divindade na Terra, a ponte entre os homens e os deuses, senhor absoluto que carregava sobre os ombros a ordem c\u00f3smica \u2013 o maat. Sua figura condensava o poder terreno e espiritual, fazendo dele um ser que tudo [&hellip;]","og_url":"https:\/\/www.notibras.com\/site\/faraos-os-reis-com-poder-de-tocar-o-divino\/","og_site_name":"Notibras","article_publisher":"https:\/\/www.facebook.com\/notibras\/","article_published_time":"2025-09-04T11:33:07+00:00","og_image":[{"width":683,"height":1024,"url":"https:\/\/www.notibras.com\/site\/wp-content\/uploads\/2025\/09\/4ff18a59-949b-4a65-baeb-4fce3dd4ecf3-683x1024.png","type":"image\/png"}],"author":"Reda\u00e7\u00e3o","twitter_card":"summary_large_image","twitter_creator":"@Notibras","twitter_site":"@Notibras","twitter_misc":{"Escrito por":"Reda\u00e7\u00e3o","Est. tempo de leitura":"2 minutos"},"schema":{"@context":"https:\/\/schema.org","@graph":[{"@type":"Article","@id":"https:\/\/www.notibras.com\/site\/faraos-os-reis-com-poder-de-tocar-o-divino\/#article","isPartOf":{"@id":"https:\/\/www.notibras.com\/site\/faraos-os-reis-com-poder-de-tocar-o-divino\/"},"author":{"name":"Reda\u00e7\u00e3o","@id":"https:\/\/www.notibras.com\/site\/#\/schema\/person\/36ab0979449956132d3e5b517ea76ac8"},"headline":"Fara\u00f3s, os reis com poder de tocar o Divino","datePublished":"2025-09-04T11:33:07+00:00","mainEntityOfPage":{"@id":"https:\/\/www.notibras.com\/site\/faraos-os-reis-com-poder-de-tocar-o-divino\/"},"wordCount":358,"publisher":{"@id":"https:\/\/www.notibras.com\/site\/#organization"},"image":{"@id":"https:\/\/www.notibras.com\/site\/faraos-os-reis-com-poder-de-tocar-o-divino\/#primaryimage"},"thumbnailUrl":"https:\/\/www.notibras.com\/site\/wp-content\/uploads\/2025\/09\/4ff18a59-949b-4a65-baeb-4fce3dd4ecf3.png","articleSection":["Or\u00e1culos"],"inLanguage":"pt-BR"},{"@type":"WebPage","@id":"https:\/\/www.notibras.com\/site\/faraos-os-reis-com-poder-de-tocar-o-divino\/","url":"https:\/\/www.notibras.com\/site\/faraos-os-reis-com-poder-de-tocar-o-divino\/","name":"Fara\u00f3s, os reis com poder de tocar o Divino - Notibras","isPartOf":{"@id":"https:\/\/www.notibras.com\/site\/#website"},"primaryImageOfPage":{"@id":"https:\/\/www.notibras.com\/site\/faraos-os-reis-com-poder-de-tocar-o-divino\/#primaryimage"},"image":{"@id":"https:\/\/www.notibras.com\/site\/faraos-os-reis-com-poder-de-tocar-o-divino\/#primaryimage"},"thumbnailUrl":"https:\/\/www.notibras.com\/site\/wp-content\/uploads\/2025\/09\/4ff18a59-949b-4a65-baeb-4fce3dd4ecf3.png","datePublished":"2025-09-04T11:33:07+00:00","breadcrumb":{"@id":"https:\/\/www.notibras.com\/site\/faraos-os-reis-com-poder-de-tocar-o-divino\/#breadcrumb"},"inLanguage":"pt-BR","potentialAction":[{"@type":"ReadAction","target":["https:\/\/www.notibras.com\/site\/faraos-os-reis-com-poder-de-tocar-o-divino\/"]}]},{"@type":"ImageObject","inLanguage":"pt-BR","@id":"https:\/\/www.notibras.com\/site\/faraos-os-reis-com-poder-de-tocar-o-divino\/#primaryimage","url":"https:\/\/www.notibras.com\/site\/wp-content\/uploads\/2025\/09\/4ff18a59-949b-4a65-baeb-4fce3dd4ecf3.png","contentUrl":"https:\/\/www.notibras.com\/site\/wp-content\/uploads\/2025\/09\/4ff18a59-949b-4a65-baeb-4fce3dd4ecf3.png","width":1024,"height":1536},{"@type":"BreadcrumbList","@id":"https:\/\/www.notibras.com\/site\/faraos-os-reis-com-poder-de-tocar-o-divino\/#breadcrumb","itemListElement":[{"@type":"ListItem","position":1,"name":"In\u00edcio","item":"https:\/\/www.notibras.com\/site\/"},{"@type":"ListItem","position":2,"name":"Fara\u00f3s, os reis com poder de tocar o Divino"}]},{"@type":"WebSite","@id":"https:\/\/www.notibras.com\/site\/#website","url":"https:\/\/www.notibras.com\/site\/","name":"Notibras","description":"Not\u00edcias de Bras\u00edlia, do Brasil e do Mundo","publisher":{"@id":"https:\/\/www.notibras.com\/site\/#organization"},"potentialAction":[{"@type":"SearchAction","target":{"@type":"EntryPoint","urlTemplate":"https:\/\/www.notibras.com\/site\/?s={search_term_string}"},"query-input":{"@type":"PropertyValueSpecification","valueRequired":true,"valueName":"search_term_string"}}],"inLanguage":"pt-BR"},{"@type":"Organization","@id":"https:\/\/www.notibras.com\/site\/#organization","name":"Grupo Notibras de Comunica\u00e7\u00e3o","url":"https:\/\/www.notibras.com\/site\/","logo":{"@type":"ImageObject","inLanguage":"pt-BR","@id":"https:\/\/www.notibras.com\/site\/#\/schema\/logo\/image\/","url":"https:\/\/www.notibras.com\/site\/wp-content\/uploads\/2023\/01\/notibras23.png","contentUrl":"https:\/\/www.notibras.com\/site\/wp-content\/uploads\/2023\/01\/notibras23.png","width":350,"height":87,"caption":"Grupo Notibras de Comunica\u00e7\u00e3o"},"image":{"@id":"https:\/\/www.notibras.com\/site\/#\/schema\/logo\/image\/"},"sameAs":["https:\/\/www.facebook.com\/notibras\/","https:\/\/x.com\/Notibras","https:\/\/www.instagram.com\/notibras\/"]},{"@type":"Person","@id":"https:\/\/www.notibras.com\/site\/#\/schema\/person\/36ab0979449956132d3e5b517ea76ac8","name":"Reda\u00e7\u00e3o","image":{"@type":"ImageObject","inLanguage":"pt-BR","@id":"https:\/\/secure.gravatar.com\/avatar\/e0a867bdedb85fd243eadf09663511f96fc81e0720a4a42581f334ad4303aa6b?s=96&d=mm&r=g","url":"https:\/\/secure.gravatar.com\/avatar\/e0a867bdedb85fd243eadf09663511f96fc81e0720a4a42581f334ad4303aa6b?s=96&d=mm&r=g","contentUrl":"https:\/\/secure.gravatar.com\/avatar\/e0a867bdedb85fd243eadf09663511f96fc81e0720a4a42581f334ad4303aa6b?s=96&d=mm&r=g","caption":"Reda\u00e7\u00e3o"}}]}},"amp_enabled":true,"_links":{"self":[{"href":"https:\/\/www.notibras.com\/site\/wp-json\/wp\/v2\/posts\/363127","targetHints":{"allow":["GET"]}}],"collection":[{"href":"https:\/\/www.notibras.com\/site\/wp-json\/wp\/v2\/posts"}],"about":[{"href":"https:\/\/www.notibras.com\/site\/wp-json\/wp\/v2\/types\/post"}],"author":[{"embeddable":true,"href":"https:\/\/www.notibras.com\/site\/wp-json\/wp\/v2\/users\/2"}],"replies":[{"embeddable":true,"href":"https:\/\/www.notibras.com\/site\/wp-json\/wp\/v2\/comments?post=363127"}],"version-history":[{"count":1,"href":"https:\/\/www.notibras.com\/site\/wp-json\/wp\/v2\/posts\/363127\/revisions"}],"predecessor-version":[{"id":363129,"href":"https:\/\/www.notibras.com\/site\/wp-json\/wp\/v2\/posts\/363127\/revisions\/363129"}],"wp:featuredmedia":[{"embeddable":true,"href":"https:\/\/www.notibras.com\/site\/wp-json\/wp\/v2\/media\/363128"}],"wp:attachment":[{"href":"https:\/\/www.notibras.com\/site\/wp-json\/wp\/v2\/media?parent=363127"}],"wp:term":[{"taxonomy":"category","embeddable":true,"href":"https:\/\/www.notibras.com\/site\/wp-json\/wp\/v2\/categories?post=363127"},{"taxonomy":"post_tag","embeddable":true,"href":"https:\/\/www.notibras.com\/site\/wp-json\/wp\/v2\/tags?post=363127"}],"curies":[{"name":"wp","href":"https:\/\/api.w.org\/{rel}","templated":true}]}}