{"id":363276,"date":"2025-09-05T04:36:40","date_gmt":"2025-09-05T07:36:40","guid":{"rendered":"https:\/\/www.notibras.com\/site\/?p=363276"},"modified":"2025-09-05T04:37:36","modified_gmt":"2025-09-05T07:37:36","slug":"putin-avisa-que-soldados-estrangeiros-na-ucrania-serao-um-alvo-facil","status":"publish","type":"post","link":"https:\/\/www.notibras.com\/site\/putin-avisa-que-soldados-estrangeiros-na-ucrania-serao-um-alvo-facil\/","title":{"rendered":"Putin avisa que soldados estrangeiros na Ucr\u00e2nia ser\u00e3o um alvo f\u00e1cil"},"content":{"rendered":"<p>O presidente Vladimir Putin advertiu nesta sexta-feira, 5 (hor\u00e1rio local) que a R\u00fassia n\u00e3o hesitar\u00e1 em atacar qualquer tropa estrangeira a servi\u00e7o de Kiev em territ\u00f3rio ucraniano. A declara\u00e7\u00e3o foi feita como resposta a conversas da Alemanha, Fran\u00e7a e Reino Unido em enviarem armas e soldados para defenderem a terra de Volodimir Zelensky.<\/p>\n<p>Putin tamb\u00e9m declarou que Moscou \u00e9 o melhor lugar para conversas de alto n\u00edvel com a Ucr\u00e2nia e que a R\u00fassia est\u00e1 pronta para garantir a seguran\u00e7a de tal reuni\u00e3o.<\/p>\n<p>No entanto, ele expressou profundo ceticismo, acrescentando que est\u00e1 aberto a contatos, mas v\u00ea &#8220;pouco sentido&#8221;, j\u00e1 que chegar a um acordo sobre quest\u00f5es importantes seria &#8220;virtualmente imposs\u00edvel&#8221;.<\/p>\n<p>&#8220;Quaisquer acordos sobre territ\u00f3rios devem ser confirmados por um referendo, de acordo com a Constitui\u00e7\u00e3o ucraniana&#8221;, afirmou Putin. &#8220;No entanto, para realizar tal referendo, a lei marcial deve ser suspensa, pois n\u00e3o pode ser conduzida nessas condi\u00e7\u00f5es.&#8221;<\/p>\n<p>Outras declara\u00e7\u00f5es de Putin sobre a crise ucraniana:<\/p>\n<p>Ele observou que, embora Kiev tenha descartado at\u00e9 recentemente qualquer possibilidade de contato com a R\u00fassia, agora est\u00e1 solicitando tais negocia\u00e7\u00f5es.<\/p>\n<p>O presidente afirmou que garantias de seguran\u00e7a s\u00e3o necess\u00e1rias tanto para a R\u00fassia quanto para a Ucr\u00e2nia, acrescentando que at\u00e9 agora ningu\u00e9m as discutiu seriamente.<\/p>\n<p>Atrair a Ucr\u00e2nia para a OTAN \u00e9 uma quest\u00e3o de interesse direto de seguran\u00e7a para a R\u00fassia.<\/p>\n<p>A R\u00fassia nunca se op\u00f4s \u00e0 integra\u00e7\u00e3o da Ucr\u00e2nia \u00e0 Europa, e Putin caracterizou o desejo da Ucr\u00e2nia de se juntar \u00e0 Uni\u00e3o Europeia como uma escolha leg\u00edtima.<\/p>\n","protected":false},"excerpt":{"rendered":"<p>O presidente Vladimir Putin advertiu nesta sexta-feira, 5 (hor\u00e1rio local) que a R\u00fassia n\u00e3o hesitar\u00e1 em atacar qualquer tropa estrangeira a servi\u00e7o de Kiev em territ\u00f3rio ucraniano. A declara\u00e7\u00e3o foi feita como resposta a conversas da Alemanha, Fran\u00e7a e Reino Unido em enviarem armas e soldados para defenderem a terra de Volodimir Zelensky. Putin tamb\u00e9m [&hellip;]<\/p>\n","protected":false},"author":2,"featured_media":278818,"comment_status":"closed","ping_status":"closed","sticky":false,"template":"","format":"standard","meta":{"_acf_changed":false,"footnotes":""},"categories":[159],"tags":[],"class_list":["post-363276","post","type-post","status-publish","format-standard","has-post-thumbnail","hentry","category-apocalipse"],"acf":[],"yoast_head":"<!-- This site is optimized with the Yoast SEO plugin v27.2 - https:\/\/yoast.com\/product\/yoast-seo-wordpress\/ -->\n<title>Putin avisa que soldados estrangeiros na Ucr\u00e2nia ser\u00e3o um alvo f\u00e1cil - Notibras<\/title>\n<meta name=\"robots\" content=\"index, follow, max-snippet:-1, max-image-preview:large, max-video-preview:-1\" \/>\n<link rel=\"canonical\" href=\"https:\/\/www.notibras.com\/site\/putin-avisa-que-soldados-estrangeiros-na-ucrania-serao-um-alvo-facil\/\" \/>\n<meta property=\"og:locale\" content=\"pt_BR\" \/>\n<meta property=\"og:type\" content=\"article\" \/>\n<meta property=\"og:title\" content=\"Putin avisa que soldados estrangeiros na Ucr\u00e2nia ser\u00e3o um alvo f\u00e1cil - Notibras\" \/>\n<meta property=\"og:description\" content=\"O presidente Vladimir Putin advertiu nesta sexta-feira, 5 (hor\u00e1rio local) que a R\u00fassia n\u00e3o hesitar\u00e1 em atacar qualquer tropa estrangeira a servi\u00e7o de Kiev em territ\u00f3rio ucraniano. A declara\u00e7\u00e3o foi feita como resposta a conversas da Alemanha, Fran\u00e7a e Reino Unido em enviarem armas e soldados para defenderem a terra de Volodimir Zelensky. Putin tamb\u00e9m [&hellip;]\" \/>\n<meta property=\"og:url\" content=\"https:\/\/www.notibras.com\/site\/putin-avisa-que-soldados-estrangeiros-na-ucrania-serao-um-alvo-facil\/\" \/>\n<meta property=\"og:site_name\" content=\"Notibras\" \/>\n<meta property=\"article:publisher\" content=\"https:\/\/www.facebook.com\/notibras\/\" \/>\n<meta property=\"article:published_time\" content=\"2025-09-05T07:36:40+00:00\" \/>\n<meta property=\"article:modified_time\" content=\"2025-09-05T07:37:36+00:00\" \/>\n<meta property=\"og:image\" content=\"https:\/\/www.notibras.com\/site\/wp-content\/uploads\/2022\/01\/kiev-ucrania_594440360.jpg\" \/>\n\t<meta property=\"og:image:width\" content=\"1000\" \/>\n\t<meta property=\"og:image:height\" content=\"667\" \/>\n\t<meta property=\"og:image:type\" content=\"image\/jpeg\" \/>\n<meta name=\"author\" content=\"Reda\u00e7\u00e3o\" \/>\n<meta name=\"twitter:card\" content=\"summary_large_image\" \/>\n<meta name=\"twitter:creator\" content=\"@Notibras\" \/>\n<meta name=\"twitter:site\" content=\"@Notibras\" \/>\n<meta name=\"twitter:label1\" content=\"Escrito por\" \/>\n\t<meta name=\"twitter:data1\" content=\"Reda\u00e7\u00e3o\" \/>\n\t<meta name=\"twitter:label2\" content=\"Est. tempo de leitura\" \/>\n\t<meta name=\"twitter:data2\" content=\"2 minutos\" \/>\n<script type=\"application\/ld+json\" class=\"yoast-schema-graph\">{\"@context\":\"https:\/\/schema.org\",\"@graph\":[{\"@type\":\"Article\",\"@id\":\"https:\/\/www.notibras.com\/site\/putin-avisa-que-soldados-estrangeiros-na-ucrania-serao-um-alvo-facil\/#article\",\"isPartOf\":{\"@id\":\"https:\/\/www.notibras.com\/site\/putin-avisa-que-soldados-estrangeiros-na-ucrania-serao-um-alvo-facil\/\"},\"author\":{\"name\":\"Reda\u00e7\u00e3o\",\"@id\":\"https:\/\/www.notibras.com\/site\/#\/schema\/person\/36ab0979449956132d3e5b517ea76ac8\"},\"headline\":\"Putin avisa que soldados estrangeiros na Ucr\u00e2nia ser\u00e3o um alvo f\u00e1cil\",\"datePublished\":\"2025-09-05T07:36:40+00:00\",\"dateModified\":\"2025-09-05T07:37:36+00:00\",\"mainEntityOfPage\":{\"@id\":\"https:\/\/www.notibras.com\/site\/putin-avisa-que-soldados-estrangeiros-na-ucrania-serao-um-alvo-facil\/\"},\"wordCount\":294,\"publisher\":{\"@id\":\"https:\/\/www.notibras.com\/site\/#organization\"},\"image\":{\"@id\":\"https:\/\/www.notibras.com\/site\/putin-avisa-que-soldados-estrangeiros-na-ucrania-serao-um-alvo-facil\/#primaryimage\"},\"thumbnailUrl\":\"https:\/\/www.notibras.com\/site\/wp-content\/uploads\/2022\/01\/kiev-ucrania_594440360.jpg\",\"articleSection\":[\"Apocalipse\"],\"inLanguage\":\"pt-BR\"},{\"@type\":\"WebPage\",\"@id\":\"https:\/\/www.notibras.com\/site\/putin-avisa-que-soldados-estrangeiros-na-ucrania-serao-um-alvo-facil\/\",\"url\":\"https:\/\/www.notibras.com\/site\/putin-avisa-que-soldados-estrangeiros-na-ucrania-serao-um-alvo-facil\/\",\"name\":\"Putin avisa que soldados estrangeiros na Ucr\u00e2nia ser\u00e3o um alvo f\u00e1cil - Notibras\",\"isPartOf\":{\"@id\":\"https:\/\/www.notibras.com\/site\/#website\"},\"primaryImageOfPage\":{\"@id\":\"https:\/\/www.notibras.com\/site\/putin-avisa-que-soldados-estrangeiros-na-ucrania-serao-um-alvo-facil\/#primaryimage\"},\"image\":{\"@id\":\"https:\/\/www.notibras.com\/site\/putin-avisa-que-soldados-estrangeiros-na-ucrania-serao-um-alvo-facil\/#primaryimage\"},\"thumbnailUrl\":\"https:\/\/www.notibras.com\/site\/wp-content\/uploads\/2022\/01\/kiev-ucrania_594440360.jpg\",\"datePublished\":\"2025-09-05T07:36:40+00:00\",\"dateModified\":\"2025-09-05T07:37:36+00:00\",\"breadcrumb\":{\"@id\":\"https:\/\/www.notibras.com\/site\/putin-avisa-que-soldados-estrangeiros-na-ucrania-serao-um-alvo-facil\/#breadcrumb\"},\"inLanguage\":\"pt-BR\",\"potentialAction\":[{\"@type\":\"ReadAction\",\"target\":[\"https:\/\/www.notibras.com\/site\/putin-avisa-que-soldados-estrangeiros-na-ucrania-serao-um-alvo-facil\/\"]}]},{\"@type\":\"ImageObject\",\"inLanguage\":\"pt-BR\",\"@id\":\"https:\/\/www.notibras.com\/site\/putin-avisa-que-soldados-estrangeiros-na-ucrania-serao-um-alvo-facil\/#primaryimage\",\"url\":\"https:\/\/www.notibras.com\/site\/wp-content\/uploads\/2022\/01\/kiev-ucrania_594440360.jpg\",\"contentUrl\":\"https:\/\/www.notibras.com\/site\/wp-content\/uploads\/2022\/01\/kiev-ucrania_594440360.jpg\",\"width\":1000,\"height\":667},{\"@type\":\"BreadcrumbList\",\"@id\":\"https:\/\/www.notibras.com\/site\/putin-avisa-que-soldados-estrangeiros-na-ucrania-serao-um-alvo-facil\/#breadcrumb\",\"itemListElement\":[{\"@type\":\"ListItem\",\"position\":1,\"name\":\"In\u00edcio\",\"item\":\"https:\/\/www.notibras.com\/site\/\"},{\"@type\":\"ListItem\",\"position\":2,\"name\":\"Putin avisa que soldados estrangeiros na Ucr\u00e2nia ser\u00e3o um alvo f\u00e1cil\"}]},{\"@type\":\"WebSite\",\"@id\":\"https:\/\/www.notibras.com\/site\/#website\",\"url\":\"https:\/\/www.notibras.com\/site\/\",\"name\":\"Notibras\",\"description\":\"Not\u00edcias de Bras\u00edlia, do Brasil e do Mundo\",\"publisher\":{\"@id\":\"https:\/\/www.notibras.com\/site\/#organization\"},\"potentialAction\":[{\"@type\":\"SearchAction\",\"target\":{\"@type\":\"EntryPoint\",\"urlTemplate\":\"https:\/\/www.notibras.com\/site\/?s={search_term_string}\"},\"query-input\":{\"@type\":\"PropertyValueSpecification\",\"valueRequired\":true,\"valueName\":\"search_term_string\"}}],\"inLanguage\":\"pt-BR\"},{\"@type\":\"Organization\",\"@id\":\"https:\/\/www.notibras.com\/site\/#organization\",\"name\":\"Grupo Notibras de Comunica\u00e7\u00e3o\",\"url\":\"https:\/\/www.notibras.com\/site\/\",\"logo\":{\"@type\":\"ImageObject\",\"inLanguage\":\"pt-BR\",\"@id\":\"https:\/\/www.notibras.com\/site\/#\/schema\/logo\/image\/\",\"url\":\"https:\/\/www.notibras.com\/site\/wp-content\/uploads\/2023\/01\/notibras23.png\",\"contentUrl\":\"https:\/\/www.notibras.com\/site\/wp-content\/uploads\/2023\/01\/notibras23.png\",\"width\":350,\"height\":87,\"caption\":\"Grupo Notibras de Comunica\u00e7\u00e3o\"},\"image\":{\"@id\":\"https:\/\/www.notibras.com\/site\/#\/schema\/logo\/image\/\"},\"sameAs\":[\"https:\/\/www.facebook.com\/notibras\/\",\"https:\/\/x.com\/Notibras\",\"https:\/\/www.instagram.com\/notibras\/\"]},{\"@type\":\"Person\",\"@id\":\"https:\/\/www.notibras.com\/site\/#\/schema\/person\/36ab0979449956132d3e5b517ea76ac8\",\"name\":\"Reda\u00e7\u00e3o\",\"image\":{\"@type\":\"ImageObject\",\"inLanguage\":\"pt-BR\",\"@id\":\"https:\/\/secure.gravatar.com\/avatar\/e0a867bdedb85fd243eadf09663511f96fc81e0720a4a42581f334ad4303aa6b?s=96&d=mm&r=g\",\"url\":\"https:\/\/secure.gravatar.com\/avatar\/e0a867bdedb85fd243eadf09663511f96fc81e0720a4a42581f334ad4303aa6b?s=96&d=mm&r=g\",\"contentUrl\":\"https:\/\/secure.gravatar.com\/avatar\/e0a867bdedb85fd243eadf09663511f96fc81e0720a4a42581f334ad4303aa6b?s=96&d=mm&r=g\",\"caption\":\"Reda\u00e7\u00e3o\"}}]}<\/script>\n<!-- \/ Yoast SEO plugin. -->","yoast_head_json":{"title":"Putin avisa que soldados estrangeiros na Ucr\u00e2nia ser\u00e3o um alvo f\u00e1cil - Notibras","robots":{"index":"index","follow":"follow","max-snippet":"max-snippet:-1","max-image-preview":"max-image-preview:large","max-video-preview":"max-video-preview:-1"},"canonical":"https:\/\/www.notibras.com\/site\/putin-avisa-que-soldados-estrangeiros-na-ucrania-serao-um-alvo-facil\/","og_locale":"pt_BR","og_type":"article","og_title":"Putin avisa que soldados estrangeiros na Ucr\u00e2nia ser\u00e3o um alvo f\u00e1cil - Notibras","og_description":"O presidente Vladimir Putin advertiu nesta sexta-feira, 5 (hor\u00e1rio local) que a R\u00fassia n\u00e3o hesitar\u00e1 em atacar qualquer tropa estrangeira a servi\u00e7o de Kiev em territ\u00f3rio ucraniano. A declara\u00e7\u00e3o foi feita como resposta a conversas da Alemanha, Fran\u00e7a e Reino Unido em enviarem armas e soldados para defenderem a terra de Volodimir Zelensky. Putin tamb\u00e9m [&hellip;]","og_url":"https:\/\/www.notibras.com\/site\/putin-avisa-que-soldados-estrangeiros-na-ucrania-serao-um-alvo-facil\/","og_site_name":"Notibras","article_publisher":"https:\/\/www.facebook.com\/notibras\/","article_published_time":"2025-09-05T07:36:40+00:00","article_modified_time":"2025-09-05T07:37:36+00:00","og_image":[{"width":1000,"height":667,"url":"https:\/\/www.notibras.com\/site\/wp-content\/uploads\/2022\/01\/kiev-ucrania_594440360.jpg","type":"image\/jpeg"}],"author":"Reda\u00e7\u00e3o","twitter_card":"summary_large_image","twitter_creator":"@Notibras","twitter_site":"@Notibras","twitter_misc":{"Escrito por":"Reda\u00e7\u00e3o","Est. tempo de leitura":"2 minutos"},"schema":{"@context":"https:\/\/schema.org","@graph":[{"@type":"Article","@id":"https:\/\/www.notibras.com\/site\/putin-avisa-que-soldados-estrangeiros-na-ucrania-serao-um-alvo-facil\/#article","isPartOf":{"@id":"https:\/\/www.notibras.com\/site\/putin-avisa-que-soldados-estrangeiros-na-ucrania-serao-um-alvo-facil\/"},"author":{"name":"Reda\u00e7\u00e3o","@id":"https:\/\/www.notibras.com\/site\/#\/schema\/person\/36ab0979449956132d3e5b517ea76ac8"},"headline":"Putin avisa que soldados estrangeiros na Ucr\u00e2nia ser\u00e3o um alvo f\u00e1cil","datePublished":"2025-09-05T07:36:40+00:00","dateModified":"2025-09-05T07:37:36+00:00","mainEntityOfPage":{"@id":"https:\/\/www.notibras.com\/site\/putin-avisa-que-soldados-estrangeiros-na-ucrania-serao-um-alvo-facil\/"},"wordCount":294,"publisher":{"@id":"https:\/\/www.notibras.com\/site\/#organization"},"image":{"@id":"https:\/\/www.notibras.com\/site\/putin-avisa-que-soldados-estrangeiros-na-ucrania-serao-um-alvo-facil\/#primaryimage"},"thumbnailUrl":"https:\/\/www.notibras.com\/site\/wp-content\/uploads\/2022\/01\/kiev-ucrania_594440360.jpg","articleSection":["Apocalipse"],"inLanguage":"pt-BR"},{"@type":"WebPage","@id":"https:\/\/www.notibras.com\/site\/putin-avisa-que-soldados-estrangeiros-na-ucrania-serao-um-alvo-facil\/","url":"https:\/\/www.notibras.com\/site\/putin-avisa-que-soldados-estrangeiros-na-ucrania-serao-um-alvo-facil\/","name":"Putin avisa que soldados estrangeiros na Ucr\u00e2nia ser\u00e3o um alvo f\u00e1cil - Notibras","isPartOf":{"@id":"https:\/\/www.notibras.com\/site\/#website"},"primaryImageOfPage":{"@id":"https:\/\/www.notibras.com\/site\/putin-avisa-que-soldados-estrangeiros-na-ucrania-serao-um-alvo-facil\/#primaryimage"},"image":{"@id":"https:\/\/www.notibras.com\/site\/putin-avisa-que-soldados-estrangeiros-na-ucrania-serao-um-alvo-facil\/#primaryimage"},"thumbnailUrl":"https:\/\/www.notibras.com\/site\/wp-content\/uploads\/2022\/01\/kiev-ucrania_594440360.jpg","datePublished":"2025-09-05T07:36:40+00:00","dateModified":"2025-09-05T07:37:36+00:00","breadcrumb":{"@id":"https:\/\/www.notibras.com\/site\/putin-avisa-que-soldados-estrangeiros-na-ucrania-serao-um-alvo-facil\/#breadcrumb"},"inLanguage":"pt-BR","potentialAction":[{"@type":"ReadAction","target":["https:\/\/www.notibras.com\/site\/putin-avisa-que-soldados-estrangeiros-na-ucrania-serao-um-alvo-facil\/"]}]},{"@type":"ImageObject","inLanguage":"pt-BR","@id":"https:\/\/www.notibras.com\/site\/putin-avisa-que-soldados-estrangeiros-na-ucrania-serao-um-alvo-facil\/#primaryimage","url":"https:\/\/www.notibras.com\/site\/wp-content\/uploads\/2022\/01\/kiev-ucrania_594440360.jpg","contentUrl":"https:\/\/www.notibras.com\/site\/wp-content\/uploads\/2022\/01\/kiev-ucrania_594440360.jpg","width":1000,"height":667},{"@type":"BreadcrumbList","@id":"https:\/\/www.notibras.com\/site\/putin-avisa-que-soldados-estrangeiros-na-ucrania-serao-um-alvo-facil\/#breadcrumb","itemListElement":[{"@type":"ListItem","position":1,"name":"In\u00edcio","item":"https:\/\/www.notibras.com\/site\/"},{"@type":"ListItem","position":2,"name":"Putin avisa que soldados estrangeiros na Ucr\u00e2nia ser\u00e3o um alvo f\u00e1cil"}]},{"@type":"WebSite","@id":"https:\/\/www.notibras.com\/site\/#website","url":"https:\/\/www.notibras.com\/site\/","name":"Notibras","description":"Not\u00edcias de Bras\u00edlia, do Brasil e do Mundo","publisher":{"@id":"https:\/\/www.notibras.com\/site\/#organization"},"potentialAction":[{"@type":"SearchAction","target":{"@type":"EntryPoint","urlTemplate":"https:\/\/www.notibras.com\/site\/?s={search_term_string}"},"query-input":{"@type":"PropertyValueSpecification","valueRequired":true,"valueName":"search_term_string"}}],"inLanguage":"pt-BR"},{"@type":"Organization","@id":"https:\/\/www.notibras.com\/site\/#organization","name":"Grupo Notibras de Comunica\u00e7\u00e3o","url":"https:\/\/www.notibras.com\/site\/","logo":{"@type":"ImageObject","inLanguage":"pt-BR","@id":"https:\/\/www.notibras.com\/site\/#\/schema\/logo\/image\/","url":"https:\/\/www.notibras.com\/site\/wp-content\/uploads\/2023\/01\/notibras23.png","contentUrl":"https:\/\/www.notibras.com\/site\/wp-content\/uploads\/2023\/01\/notibras23.png","width":350,"height":87,"caption":"Grupo Notibras de Comunica\u00e7\u00e3o"},"image":{"@id":"https:\/\/www.notibras.com\/site\/#\/schema\/logo\/image\/"},"sameAs":["https:\/\/www.facebook.com\/notibras\/","https:\/\/x.com\/Notibras","https:\/\/www.instagram.com\/notibras\/"]},{"@type":"Person","@id":"https:\/\/www.notibras.com\/site\/#\/schema\/person\/36ab0979449956132d3e5b517ea76ac8","name":"Reda\u00e7\u00e3o","image":{"@type":"ImageObject","inLanguage":"pt-BR","@id":"https:\/\/secure.gravatar.com\/avatar\/e0a867bdedb85fd243eadf09663511f96fc81e0720a4a42581f334ad4303aa6b?s=96&d=mm&r=g","url":"https:\/\/secure.gravatar.com\/avatar\/e0a867bdedb85fd243eadf09663511f96fc81e0720a4a42581f334ad4303aa6b?s=96&d=mm&r=g","contentUrl":"https:\/\/secure.gravatar.com\/avatar\/e0a867bdedb85fd243eadf09663511f96fc81e0720a4a42581f334ad4303aa6b?s=96&d=mm&r=g","caption":"Reda\u00e7\u00e3o"}}]}},"amp_enabled":true,"_links":{"self":[{"href":"https:\/\/www.notibras.com\/site\/wp-json\/wp\/v2\/posts\/363276","targetHints":{"allow":["GET"]}}],"collection":[{"href":"https:\/\/www.notibras.com\/site\/wp-json\/wp\/v2\/posts"}],"about":[{"href":"https:\/\/www.notibras.com\/site\/wp-json\/wp\/v2\/types\/post"}],"author":[{"embeddable":true,"href":"https:\/\/www.notibras.com\/site\/wp-json\/wp\/v2\/users\/2"}],"replies":[{"embeddable":true,"href":"https:\/\/www.notibras.com\/site\/wp-json\/wp\/v2\/comments?post=363276"}],"version-history":[{"count":2,"href":"https:\/\/www.notibras.com\/site\/wp-json\/wp\/v2\/posts\/363276\/revisions"}],"predecessor-version":[{"id":363278,"href":"https:\/\/www.notibras.com\/site\/wp-json\/wp\/v2\/posts\/363276\/revisions\/363278"}],"wp:featuredmedia":[{"embeddable":true,"href":"https:\/\/www.notibras.com\/site\/wp-json\/wp\/v2\/media\/278818"}],"wp:attachment":[{"href":"https:\/\/www.notibras.com\/site\/wp-json\/wp\/v2\/media?parent=363276"}],"wp:term":[{"taxonomy":"category","embeddable":true,"href":"https:\/\/www.notibras.com\/site\/wp-json\/wp\/v2\/categories?post=363276"},{"taxonomy":"post_tag","embeddable":true,"href":"https:\/\/www.notibras.com\/site\/wp-json\/wp\/v2\/tags?post=363276"}],"curies":[{"name":"wp","href":"https:\/\/api.w.org\/{rel}","templated":true}]}}