{"id":363334,"date":"2025-09-06T08:15:48","date_gmt":"2025-09-06T11:15:48","guid":{"rendered":"https:\/\/www.notibras.com\/site\/?p=363334"},"modified":"2025-09-06T08:15:48","modified_gmt":"2025-09-06T11:15:48","slug":"mulheres-de-coracoes-valentes-soltam-o-verbo","status":"publish","type":"post","link":"https:\/\/www.notibras.com\/site\/mulheres-de-coracoes-valentes-soltam-o-verbo\/","title":{"rendered":"Mulheres de cora\u00e7\u00f5es valentes soltam o verbo"},"content":{"rendered":"<p>A pris\u00e3o dos fascistas \u00e9 o enterro do golpe contra a democracia.<\/p>\n<p>No m\u00eas do julgamento do grupo de golpistas, a imagem de um certo dia de 2016 nos vem \u00e0 mente. Procuro em meu blog o texto &#8220;Cora\u00e7\u00f5es valentes&#8221;, escrito naqueles dias:<\/p>\n<p>&#8220;Cora\u00e7\u00f5es valentes s\u00e3o como \u00e1rvores bem enraizadas.<\/p>\n<p>N\u00e3o caem. N\u00e3o quebram.<\/p>\n<p>Ventanias fazem suas folhas bailarinas dan\u00e7arem.<\/p>\n<p>Mas seu tronco permanece sereno e firme.&#8221; (Blog Multivias, janeiro de 2016).<\/p>\n<p>Escrevi essas palavras em um dos dias mais dif\u00edceis que j\u00e1 vivi como cidad\u00e3. O Brasil assistia, perplexo, \u00e0 interrup\u00e7\u00e3o do mandato de Dilma Rousseff, a primeira mulher eleita presidente do Brasil. N\u00e3o por urnas revogadas, mas por manobras revestidas de legalidade.<\/p>\n<p>Naquele tempo, meu blog estava quase em sil\u00eancio. Eu tamb\u00e9m. Mas havia palavras que precisavam nascer, ainda que em meio \u00e0 dor.<\/p>\n<p>Voltei a esse pequeno texto hoje, anos depois, por me lembrar de uma presidenta que enfrentou a tempestade com dignidade. E por perceber que, de tempos em tempos, a hist\u00f3ria nos convoca a replantar coragem.<\/p>\n<p>Sim, os ventos mudam. E \u00e0s vezes, parecem querer arrancar tudo: ideias, sonhos, direitos, at\u00e9 a pr\u00f3pria esperan\u00e7a.<\/p>\n<p>Mas h\u00e1 algo que permanece, como o tronco da \u00e1rvore que resiste ao vendaval: o cora\u00e7\u00e3o valente de quem insiste em se levantar.<\/p>\n<p>Esse texto n\u00e3o \u00e9 s\u00f3 sobre pol\u00edtica. \u00c9, tamb\u00e9m, sobre mulheres.<\/p>\n<p>Sobre ra\u00edzes que v\u00eam de longe: das m\u00e3es que n\u00e3o se curvam, das av\u00f3s que sustentam casas e hist\u00f3rias, das meninas que crescem ouvindo que n\u00e3o podem, mas v\u00e3o l\u00e1 e fazem.<\/p>\n<p>\u00c9 tamb\u00e9m sobre os que caminham juntos.<\/p>\n<p>E sobre todos que, mesmo desacreditados, fincam os p\u00e9s no ch\u00e3o e dizem: &#8220;Daqui n\u00e3o saio. Daqui ningu\u00e9m me tira.&#8221;<\/p>\n<p>H\u00e1 algo em n\u00f3s &#8211; em mim, em voc\u00ea, que n\u00e3o cede. Uns, chamam de resist\u00eancia. Outros, de teimosia. Eu prefiro chamar de raiz. E, como toda raiz profunda, ela guarda a for\u00e7a da floresta inteira.<\/p>\n<p>Sim, ra\u00edzes profundas guardam a for\u00e7a da floresta.<\/p>\n<p>E, cora\u00e7\u00f5es valentes s\u00e3o \u00e1rvores. S\u00e3o troncos firmes no olho do furac\u00e3o, folhas dan\u00e7antes nas tardes de primavera, e galhos que se curvam, mas n\u00e3o se partem.<\/p>\n<p>Cora\u00e7\u00f5es valentes n\u00e3o tremem diante do corte, nem se calam diante do grito.<\/p>\n<p>Guardam em si a mem\u00f3ria das sementes, a coragem das florestas e a esperan\u00e7a de quem sabe que at\u00e9 o outono \u00e9 promessa de recome\u00e7o.<\/p>\n<p>O golpe de 2016 est\u00e1 sendo enterrado. As sementes lan\u00e7adas nascem. Uma floresta inteira rejuvenesce.<\/p>\n<p>&#8230;&#8230;&#8230;&#8230;&#8230;&#8230;&#8230;&#8230;.<\/p>\n<p><strong>@luisanogueiraautora<\/strong><\/p>\n","protected":false},"excerpt":{"rendered":"<p>A pris\u00e3o dos fascistas \u00e9 o enterro do golpe contra a democracia. No m\u00eas do julgamento do grupo de golpistas, a imagem de um certo dia de 2016 nos vem \u00e0 mente. Procuro em meu blog o texto &#8220;Cora\u00e7\u00f5es valentes&#8221;, escrito naqueles dias: &#8220;Cora\u00e7\u00f5es valentes s\u00e3o como \u00e1rvores bem enraizadas. N\u00e3o caem. N\u00e3o quebram. Ventanias [&hellip;]<\/p>\n","protected":false},"author":2,"featured_media":363335,"comment_status":"closed","ping_status":"closed","sticky":false,"template":"","format":"standard","meta":{"_acf_changed":false,"footnotes":""},"categories":[236],"tags":[],"class_list":["post-363334","post","type-post","status-publish","format-standard","has-post-thumbnail","hentry","category-ponto-de-vista"],"acf":[],"yoast_head":"<!-- This site is optimized with the Yoast SEO plugin v27.2 - https:\/\/yoast.com\/product\/yoast-seo-wordpress\/ -->\n<title>Mulheres de cora\u00e7\u00f5es valentes soltam o verbo - Notibras<\/title>\n<meta name=\"robots\" content=\"index, follow, max-snippet:-1, max-image-preview:large, max-video-preview:-1\" \/>\n<link rel=\"canonical\" href=\"https:\/\/www.notibras.com\/site\/mulheres-de-coracoes-valentes-soltam-o-verbo\/\" \/>\n<meta property=\"og:locale\" content=\"pt_BR\" \/>\n<meta property=\"og:type\" content=\"article\" \/>\n<meta property=\"og:title\" content=\"Mulheres de cora\u00e7\u00f5es valentes soltam o verbo - Notibras\" \/>\n<meta property=\"og:description\" content=\"A pris\u00e3o dos fascistas \u00e9 o enterro do golpe contra a democracia. No m\u00eas do julgamento do grupo de golpistas, a imagem de um certo dia de 2016 nos vem \u00e0 mente. Procuro em meu blog o texto &#8220;Cora\u00e7\u00f5es valentes&#8221;, escrito naqueles dias: &#8220;Cora\u00e7\u00f5es valentes s\u00e3o como \u00e1rvores bem enraizadas. N\u00e3o caem. N\u00e3o quebram. Ventanias [&hellip;]\" \/>\n<meta property=\"og:url\" content=\"https:\/\/www.notibras.com\/site\/mulheres-de-coracoes-valentes-soltam-o-verbo\/\" \/>\n<meta property=\"og:site_name\" content=\"Notibras\" \/>\n<meta property=\"article:publisher\" content=\"https:\/\/www.facebook.com\/notibras\/\" \/>\n<meta property=\"article:published_time\" content=\"2025-09-06T11:15:48+00:00\" \/>\n<meta property=\"og:image\" content=\"https:\/\/www.notibras.com\/site\/wp-content\/uploads\/2025\/09\/a436c70a-be89-421b-b36f-f88c920ab3b5.jpg\" \/>\n\t<meta property=\"og:image:width\" content=\"1536\" \/>\n\t<meta property=\"og:image:height\" content=\"1024\" \/>\n\t<meta property=\"og:image:type\" content=\"image\/jpeg\" \/>\n<meta name=\"author\" content=\"Reda\u00e7\u00e3o\" \/>\n<meta name=\"twitter:card\" content=\"summary_large_image\" \/>\n<meta name=\"twitter:creator\" content=\"@Notibras\" \/>\n<meta name=\"twitter:site\" content=\"@Notibras\" \/>\n<meta name=\"twitter:label1\" content=\"Escrito por\" \/>\n\t<meta name=\"twitter:data1\" content=\"Reda\u00e7\u00e3o\" \/>\n\t<meta name=\"twitter:label2\" content=\"Est. tempo de leitura\" \/>\n\t<meta name=\"twitter:data2\" content=\"3 minutos\" \/>\n<script type=\"application\/ld+json\" class=\"yoast-schema-graph\">{\"@context\":\"https:\/\/schema.org\",\"@graph\":[{\"@type\":\"Article\",\"@id\":\"https:\/\/www.notibras.com\/site\/mulheres-de-coracoes-valentes-soltam-o-verbo\/#article\",\"isPartOf\":{\"@id\":\"https:\/\/www.notibras.com\/site\/mulheres-de-coracoes-valentes-soltam-o-verbo\/\"},\"author\":{\"name\":\"Reda\u00e7\u00e3o\",\"@id\":\"https:\/\/www.notibras.com\/site\/#\/schema\/person\/36ab0979449956132d3e5b517ea76ac8\"},\"headline\":\"Mulheres de cora\u00e7\u00f5es valentes soltam o verbo\",\"datePublished\":\"2025-09-06T11:15:48+00:00\",\"mainEntityOfPage\":{\"@id\":\"https:\/\/www.notibras.com\/site\/mulheres-de-coracoes-valentes-soltam-o-verbo\/\"},\"wordCount\":455,\"publisher\":{\"@id\":\"https:\/\/www.notibras.com\/site\/#organization\"},\"image\":{\"@id\":\"https:\/\/www.notibras.com\/site\/mulheres-de-coracoes-valentes-soltam-o-verbo\/#primaryimage\"},\"thumbnailUrl\":\"https:\/\/www.notibras.com\/site\/wp-content\/uploads\/2025\/09\/a436c70a-be89-421b-b36f-f88c920ab3b5.jpg\",\"articleSection\":[\"Ponto de Vista\"],\"inLanguage\":\"pt-BR\"},{\"@type\":\"WebPage\",\"@id\":\"https:\/\/www.notibras.com\/site\/mulheres-de-coracoes-valentes-soltam-o-verbo\/\",\"url\":\"https:\/\/www.notibras.com\/site\/mulheres-de-coracoes-valentes-soltam-o-verbo\/\",\"name\":\"Mulheres de cora\u00e7\u00f5es valentes soltam o verbo - Notibras\",\"isPartOf\":{\"@id\":\"https:\/\/www.notibras.com\/site\/#website\"},\"primaryImageOfPage\":{\"@id\":\"https:\/\/www.notibras.com\/site\/mulheres-de-coracoes-valentes-soltam-o-verbo\/#primaryimage\"},\"image\":{\"@id\":\"https:\/\/www.notibras.com\/site\/mulheres-de-coracoes-valentes-soltam-o-verbo\/#primaryimage\"},\"thumbnailUrl\":\"https:\/\/www.notibras.com\/site\/wp-content\/uploads\/2025\/09\/a436c70a-be89-421b-b36f-f88c920ab3b5.jpg\",\"datePublished\":\"2025-09-06T11:15:48+00:00\",\"breadcrumb\":{\"@id\":\"https:\/\/www.notibras.com\/site\/mulheres-de-coracoes-valentes-soltam-o-verbo\/#breadcrumb\"},\"inLanguage\":\"pt-BR\",\"potentialAction\":[{\"@type\":\"ReadAction\",\"target\":[\"https:\/\/www.notibras.com\/site\/mulheres-de-coracoes-valentes-soltam-o-verbo\/\"]}]},{\"@type\":\"ImageObject\",\"inLanguage\":\"pt-BR\",\"@id\":\"https:\/\/www.notibras.com\/site\/mulheres-de-coracoes-valentes-soltam-o-verbo\/#primaryimage\",\"url\":\"https:\/\/www.notibras.com\/site\/wp-content\/uploads\/2025\/09\/a436c70a-be89-421b-b36f-f88c920ab3b5.jpg\",\"contentUrl\":\"https:\/\/www.notibras.com\/site\/wp-content\/uploads\/2025\/09\/a436c70a-be89-421b-b36f-f88c920ab3b5.jpg\",\"width\":1536,\"height\":1024},{\"@type\":\"BreadcrumbList\",\"@id\":\"https:\/\/www.notibras.com\/site\/mulheres-de-coracoes-valentes-soltam-o-verbo\/#breadcrumb\",\"itemListElement\":[{\"@type\":\"ListItem\",\"position\":1,\"name\":\"In\u00edcio\",\"item\":\"https:\/\/www.notibras.com\/site\/\"},{\"@type\":\"ListItem\",\"position\":2,\"name\":\"Mulheres de cora\u00e7\u00f5es valentes soltam o verbo\"}]},{\"@type\":\"WebSite\",\"@id\":\"https:\/\/www.notibras.com\/site\/#website\",\"url\":\"https:\/\/www.notibras.com\/site\/\",\"name\":\"Notibras\",\"description\":\"Not\u00edcias de Bras\u00edlia, do Brasil e do Mundo\",\"publisher\":{\"@id\":\"https:\/\/www.notibras.com\/site\/#organization\"},\"potentialAction\":[{\"@type\":\"SearchAction\",\"target\":{\"@type\":\"EntryPoint\",\"urlTemplate\":\"https:\/\/www.notibras.com\/site\/?s={search_term_string}\"},\"query-input\":{\"@type\":\"PropertyValueSpecification\",\"valueRequired\":true,\"valueName\":\"search_term_string\"}}],\"inLanguage\":\"pt-BR\"},{\"@type\":\"Organization\",\"@id\":\"https:\/\/www.notibras.com\/site\/#organization\",\"name\":\"Grupo Notibras de Comunica\u00e7\u00e3o\",\"url\":\"https:\/\/www.notibras.com\/site\/\",\"logo\":{\"@type\":\"ImageObject\",\"inLanguage\":\"pt-BR\",\"@id\":\"https:\/\/www.notibras.com\/site\/#\/schema\/logo\/image\/\",\"url\":\"https:\/\/www.notibras.com\/site\/wp-content\/uploads\/2023\/01\/notibras23.png\",\"contentUrl\":\"https:\/\/www.notibras.com\/site\/wp-content\/uploads\/2023\/01\/notibras23.png\",\"width\":350,\"height\":87,\"caption\":\"Grupo Notibras de Comunica\u00e7\u00e3o\"},\"image\":{\"@id\":\"https:\/\/www.notibras.com\/site\/#\/schema\/logo\/image\/\"},\"sameAs\":[\"https:\/\/www.facebook.com\/notibras\/\",\"https:\/\/x.com\/Notibras\",\"https:\/\/www.instagram.com\/notibras\/\"]},{\"@type\":\"Person\",\"@id\":\"https:\/\/www.notibras.com\/site\/#\/schema\/person\/36ab0979449956132d3e5b517ea76ac8\",\"name\":\"Reda\u00e7\u00e3o\",\"image\":{\"@type\":\"ImageObject\",\"inLanguage\":\"pt-BR\",\"@id\":\"https:\/\/secure.gravatar.com\/avatar\/e0a867bdedb85fd243eadf09663511f96fc81e0720a4a42581f334ad4303aa6b?s=96&d=mm&r=g\",\"url\":\"https:\/\/secure.gravatar.com\/avatar\/e0a867bdedb85fd243eadf09663511f96fc81e0720a4a42581f334ad4303aa6b?s=96&d=mm&r=g\",\"contentUrl\":\"https:\/\/secure.gravatar.com\/avatar\/e0a867bdedb85fd243eadf09663511f96fc81e0720a4a42581f334ad4303aa6b?s=96&d=mm&r=g\",\"caption\":\"Reda\u00e7\u00e3o\"}}]}<\/script>\n<!-- \/ Yoast SEO plugin. -->","yoast_head_json":{"title":"Mulheres de cora\u00e7\u00f5es valentes soltam o verbo - Notibras","robots":{"index":"index","follow":"follow","max-snippet":"max-snippet:-1","max-image-preview":"max-image-preview:large","max-video-preview":"max-video-preview:-1"},"canonical":"https:\/\/www.notibras.com\/site\/mulheres-de-coracoes-valentes-soltam-o-verbo\/","og_locale":"pt_BR","og_type":"article","og_title":"Mulheres de cora\u00e7\u00f5es valentes soltam o verbo - Notibras","og_description":"A pris\u00e3o dos fascistas \u00e9 o enterro do golpe contra a democracia. No m\u00eas do julgamento do grupo de golpistas, a imagem de um certo dia de 2016 nos vem \u00e0 mente. Procuro em meu blog o texto &#8220;Cora\u00e7\u00f5es valentes&#8221;, escrito naqueles dias: &#8220;Cora\u00e7\u00f5es valentes s\u00e3o como \u00e1rvores bem enraizadas. N\u00e3o caem. N\u00e3o quebram. Ventanias [&hellip;]","og_url":"https:\/\/www.notibras.com\/site\/mulheres-de-coracoes-valentes-soltam-o-verbo\/","og_site_name":"Notibras","article_publisher":"https:\/\/www.facebook.com\/notibras\/","article_published_time":"2025-09-06T11:15:48+00:00","og_image":[{"width":1536,"height":1024,"url":"https:\/\/www.notibras.com\/site\/wp-content\/uploads\/2025\/09\/a436c70a-be89-421b-b36f-f88c920ab3b5.jpg","type":"image\/jpeg"}],"author":"Reda\u00e7\u00e3o","twitter_card":"summary_large_image","twitter_creator":"@Notibras","twitter_site":"@Notibras","twitter_misc":{"Escrito por":"Reda\u00e7\u00e3o","Est. tempo de leitura":"3 minutos"},"schema":{"@context":"https:\/\/schema.org","@graph":[{"@type":"Article","@id":"https:\/\/www.notibras.com\/site\/mulheres-de-coracoes-valentes-soltam-o-verbo\/#article","isPartOf":{"@id":"https:\/\/www.notibras.com\/site\/mulheres-de-coracoes-valentes-soltam-o-verbo\/"},"author":{"name":"Reda\u00e7\u00e3o","@id":"https:\/\/www.notibras.com\/site\/#\/schema\/person\/36ab0979449956132d3e5b517ea76ac8"},"headline":"Mulheres de cora\u00e7\u00f5es valentes soltam o verbo","datePublished":"2025-09-06T11:15:48+00:00","mainEntityOfPage":{"@id":"https:\/\/www.notibras.com\/site\/mulheres-de-coracoes-valentes-soltam-o-verbo\/"},"wordCount":455,"publisher":{"@id":"https:\/\/www.notibras.com\/site\/#organization"},"image":{"@id":"https:\/\/www.notibras.com\/site\/mulheres-de-coracoes-valentes-soltam-o-verbo\/#primaryimage"},"thumbnailUrl":"https:\/\/www.notibras.com\/site\/wp-content\/uploads\/2025\/09\/a436c70a-be89-421b-b36f-f88c920ab3b5.jpg","articleSection":["Ponto de Vista"],"inLanguage":"pt-BR"},{"@type":"WebPage","@id":"https:\/\/www.notibras.com\/site\/mulheres-de-coracoes-valentes-soltam-o-verbo\/","url":"https:\/\/www.notibras.com\/site\/mulheres-de-coracoes-valentes-soltam-o-verbo\/","name":"Mulheres de cora\u00e7\u00f5es valentes soltam o verbo - Notibras","isPartOf":{"@id":"https:\/\/www.notibras.com\/site\/#website"},"primaryImageOfPage":{"@id":"https:\/\/www.notibras.com\/site\/mulheres-de-coracoes-valentes-soltam-o-verbo\/#primaryimage"},"image":{"@id":"https:\/\/www.notibras.com\/site\/mulheres-de-coracoes-valentes-soltam-o-verbo\/#primaryimage"},"thumbnailUrl":"https:\/\/www.notibras.com\/site\/wp-content\/uploads\/2025\/09\/a436c70a-be89-421b-b36f-f88c920ab3b5.jpg","datePublished":"2025-09-06T11:15:48+00:00","breadcrumb":{"@id":"https:\/\/www.notibras.com\/site\/mulheres-de-coracoes-valentes-soltam-o-verbo\/#breadcrumb"},"inLanguage":"pt-BR","potentialAction":[{"@type":"ReadAction","target":["https:\/\/www.notibras.com\/site\/mulheres-de-coracoes-valentes-soltam-o-verbo\/"]}]},{"@type":"ImageObject","inLanguage":"pt-BR","@id":"https:\/\/www.notibras.com\/site\/mulheres-de-coracoes-valentes-soltam-o-verbo\/#primaryimage","url":"https:\/\/www.notibras.com\/site\/wp-content\/uploads\/2025\/09\/a436c70a-be89-421b-b36f-f88c920ab3b5.jpg","contentUrl":"https:\/\/www.notibras.com\/site\/wp-content\/uploads\/2025\/09\/a436c70a-be89-421b-b36f-f88c920ab3b5.jpg","width":1536,"height":1024},{"@type":"BreadcrumbList","@id":"https:\/\/www.notibras.com\/site\/mulheres-de-coracoes-valentes-soltam-o-verbo\/#breadcrumb","itemListElement":[{"@type":"ListItem","position":1,"name":"In\u00edcio","item":"https:\/\/www.notibras.com\/site\/"},{"@type":"ListItem","position":2,"name":"Mulheres de cora\u00e7\u00f5es valentes soltam o verbo"}]},{"@type":"WebSite","@id":"https:\/\/www.notibras.com\/site\/#website","url":"https:\/\/www.notibras.com\/site\/","name":"Notibras","description":"Not\u00edcias de Bras\u00edlia, do Brasil e do Mundo","publisher":{"@id":"https:\/\/www.notibras.com\/site\/#organization"},"potentialAction":[{"@type":"SearchAction","target":{"@type":"EntryPoint","urlTemplate":"https:\/\/www.notibras.com\/site\/?s={search_term_string}"},"query-input":{"@type":"PropertyValueSpecification","valueRequired":true,"valueName":"search_term_string"}}],"inLanguage":"pt-BR"},{"@type":"Organization","@id":"https:\/\/www.notibras.com\/site\/#organization","name":"Grupo Notibras de Comunica\u00e7\u00e3o","url":"https:\/\/www.notibras.com\/site\/","logo":{"@type":"ImageObject","inLanguage":"pt-BR","@id":"https:\/\/www.notibras.com\/site\/#\/schema\/logo\/image\/","url":"https:\/\/www.notibras.com\/site\/wp-content\/uploads\/2023\/01\/notibras23.png","contentUrl":"https:\/\/www.notibras.com\/site\/wp-content\/uploads\/2023\/01\/notibras23.png","width":350,"height":87,"caption":"Grupo Notibras de Comunica\u00e7\u00e3o"},"image":{"@id":"https:\/\/www.notibras.com\/site\/#\/schema\/logo\/image\/"},"sameAs":["https:\/\/www.facebook.com\/notibras\/","https:\/\/x.com\/Notibras","https:\/\/www.instagram.com\/notibras\/"]},{"@type":"Person","@id":"https:\/\/www.notibras.com\/site\/#\/schema\/person\/36ab0979449956132d3e5b517ea76ac8","name":"Reda\u00e7\u00e3o","image":{"@type":"ImageObject","inLanguage":"pt-BR","@id":"https:\/\/secure.gravatar.com\/avatar\/e0a867bdedb85fd243eadf09663511f96fc81e0720a4a42581f334ad4303aa6b?s=96&d=mm&r=g","url":"https:\/\/secure.gravatar.com\/avatar\/e0a867bdedb85fd243eadf09663511f96fc81e0720a4a42581f334ad4303aa6b?s=96&d=mm&r=g","contentUrl":"https:\/\/secure.gravatar.com\/avatar\/e0a867bdedb85fd243eadf09663511f96fc81e0720a4a42581f334ad4303aa6b?s=96&d=mm&r=g","caption":"Reda\u00e7\u00e3o"}}]}},"amp_enabled":true,"_links":{"self":[{"href":"https:\/\/www.notibras.com\/site\/wp-json\/wp\/v2\/posts\/363334","targetHints":{"allow":["GET"]}}],"collection":[{"href":"https:\/\/www.notibras.com\/site\/wp-json\/wp\/v2\/posts"}],"about":[{"href":"https:\/\/www.notibras.com\/site\/wp-json\/wp\/v2\/types\/post"}],"author":[{"embeddable":true,"href":"https:\/\/www.notibras.com\/site\/wp-json\/wp\/v2\/users\/2"}],"replies":[{"embeddable":true,"href":"https:\/\/www.notibras.com\/site\/wp-json\/wp\/v2\/comments?post=363334"}],"version-history":[{"count":1,"href":"https:\/\/www.notibras.com\/site\/wp-json\/wp\/v2\/posts\/363334\/revisions"}],"predecessor-version":[{"id":363336,"href":"https:\/\/www.notibras.com\/site\/wp-json\/wp\/v2\/posts\/363334\/revisions\/363336"}],"wp:featuredmedia":[{"embeddable":true,"href":"https:\/\/www.notibras.com\/site\/wp-json\/wp\/v2\/media\/363335"}],"wp:attachment":[{"href":"https:\/\/www.notibras.com\/site\/wp-json\/wp\/v2\/media?parent=363334"}],"wp:term":[{"taxonomy":"category","embeddable":true,"href":"https:\/\/www.notibras.com\/site\/wp-json\/wp\/v2\/categories?post=363334"},{"taxonomy":"post_tag","embeddable":true,"href":"https:\/\/www.notibras.com\/site\/wp-json\/wp\/v2\/tags?post=363334"}],"curies":[{"name":"wp","href":"https:\/\/api.w.org\/{rel}","templated":true}]}}