{"id":36335,"date":"2015-02-07T15:36:13","date_gmt":"2015-02-07T18:36:13","guid":{"rendered":"http:\/\/www.notibras.com\/site\/?p=36335"},"modified":"2015-02-07T17:45:29","modified_gmt":"2015-02-07T20:45:29","slug":"policia-federal-caca-doleiro-foragido-da-operacao-lava-jato","status":"publish","type":"post","link":"https:\/\/www.notibras.com\/site\/policia-federal-caca-doleiro-foragido-da-operacao-lava-jato\/","title":{"rendered":"Pol\u00edcia Federal ca\u00e7a doleiro foragido da Opera\u00e7\u00e3o Lava Jato"},"content":{"rendered":"<div class=\"content\">\n<p>A Pol\u00edcia Federal ainda procura cumprir o mandado de pris\u00e3o contra M\u00e1rio Frederico Mendon\u00e7a\u00a0Goes, investigado na nona fase da Opera\u00e7\u00e3o Lava Jato. Ele mora no Rio de Janeiro e est\u00e1 foragido desde quinta-feira (5), quando a opera\u00e7\u00e3o foi deflagrada. Segundo o Minist\u00e9rio P\u00fablico Federal (MPF), Goes atuava no esquema de corrup\u00e7\u00e3o na Petrobras usando o mesmo estratagema do doleiro Alberto Youssef e do empres\u00e1rio Fernando Baiano, recolhendo propina de empresas privadas para agentes da estatal e ocultando a origem dos recursos.<\/p>\n<p>Goes apareceu nas investiga\u00e7\u00f5es por meio de dela\u00e7\u00e3o premiada do ex-gerente da Petrobras Pedro Barusco e depoimento espont\u00e2neo de C\u00edntia Provesi Francisco, ex-funcion\u00e1ria da Arxo Industrial, cujos s\u00f3cios foram presos, acusados de pagar propina a BR Distribuidora, subsidi\u00e1ria da Petrobras. Com o dinheiro oriundo de pagamentos indevidos, o acusado \u00e9 suspeito de ter comprado um avi\u00e3o particular, registrado em nome de sua empresa, a Riomarine \u00d3leo e G\u00e1s.<\/p>\n<blockquote><p>A ex-funcion\u00e1ria da Arxo afirmou que os pagamentos de propina eram intermediados por M\u00e1rio Goes.\u00a0 Para dar apar\u00eancia de licitude aos contratos, a Arxo usava notas fiscais frias compradas de terceiros, segundo a den\u00fancia.\u00a0 J\u00e1 Barusco afirmou que havia um &#8220;encontro de contas&#8221; entre ele e Goes, nos quais eram entregues &#8220;mochilas com grandes valores de propina, em esp\u00e9cie&#8221;, que variavam de R$ 300 mil a R$ 400 mil. No local, era feita a confer\u00eancia de cada contrato, contabilizando as propinas pagas e as pendentes.<\/p><\/blockquote>\n<p>Na decis\u00e3o que autorizou as pris\u00f5es, o juiz federal S\u00e9rgio Moro, respons\u00e1vel pelas investiga\u00e7\u00f5es da Lava Jato, entendeu que o encarceramento do acusado \u00e9 a \u00fanica forma de coibir a continuidade dos pagamentos de propina, que, aparentemente, n\u00e3o foi entancada com as pris\u00f5es de outros operadores e executivos de empreiteiras.<\/p>\n<p>&#8220;Em especial, perturba este ju\u00edzo a exist\u00eancia de provas de que Mario Goes, na intermedia\u00e7\u00e3o de propinas, teria atuado para Pedro Barusco [ex-gerente da Petrobras] e Renato Duque [ex-diretor de Servi\u00e7os] no passado e persistiria atuando, na intermedia\u00e7\u00e3o de propinas peri\u00f3dicas, agora da Arxo para a Petrobras Distribuidora, de 2012 at\u00e9 pelo menos o final de 2014. Al\u00e9m disso,\u00a0 tudo o que foi feito at\u00e9 o momento na Opera\u00e7\u00e3o Lava Jato, com a notoriedade que a investiga\u00e7\u00e3o e a persecu\u00e7\u00e3o alcan\u00e7aram, ainda n\u00e3o foi suficiente como elemento dissuas\u00f3rio da pr\u00e1tica de novos crimes contra a Petrobras,&#8221;, disse Moro.<\/p>\n<p>De acordo com o Minist\u00e9rio P\u00fablico Federal, Gilson Jo\u00e3o Pereira e Jo\u00e3o Gualberto Pereira, s\u00f3cios da Arxo, e Sergio Ambrosio Mar\u00e7aneiro, diretor-financeiro, pagavam propina para obter contratos com a BR Distribuidora, subsidi\u00e1ria da Petrobras. Todos est\u00e3o presos na Superintend\u00eancia da Policia Federal em Curitiba. Os pagamentos ocorreriam em contratos com a BR Aviation, parte da Petrobras que atua no abastecimento de aeronaves. A Arxo vende tanques de combust\u00edveis e caminh\u00f5es-tanque.<\/p>\n<p>Segundo o advogado Leonardo Pereima, os s\u00f3cios da empresa nunca pagaram propina para a Petrobras e n\u00e3o tiveram contato com o ex-gerente da estatal Pedro Barusco e com o ex-diretor de Servi\u00e7os Renato Duque. Para a defesa, as acusa\u00e7\u00f5es decorrem apenas de vingan\u00e7a da ex-funcion\u00e1ria do departamento financeiro, demitida por desviar cerca de R$ 1 milh\u00e3o, segundo ele.<\/p>\n<p><strong>Andr\u00e9 Richert, ABr<\/strong><\/p>\n<\/div>\n","protected":false},"excerpt":{"rendered":"<p>A Pol\u00edcia Federal ainda procura cumprir o mandado de pris\u00e3o contra M\u00e1rio Frederico Mendon\u00e7a\u00a0Goes, investigado na nona fase da Opera\u00e7\u00e3o Lava Jato. Ele mora no Rio de Janeiro e est\u00e1 foragido desde quinta-feira (5), quando a opera\u00e7\u00e3o foi deflagrada. Segundo o Minist\u00e9rio P\u00fablico Federal (MPF), Goes atuava no esquema de corrup\u00e7\u00e3o na Petrobras usando o [&hellip;]<\/p>\n","protected":false},"author":2,"featured_media":36337,"comment_status":"open","ping_status":"closed","sticky":false,"template":"","format":"standard","meta":{"_acf_changed":false,"footnotes":""},"categories":[16],"tags":[],"class_list":["post-36335","post","type-post","status-publish","format-standard","has-post-thumbnail","hentry","category-brasil"],"acf":[],"yoast_head":"<!-- This site is optimized with the Yoast SEO plugin v27.2 - https:\/\/yoast.com\/product\/yoast-seo-wordpress\/ -->\n<title>Pol\u00edcia Federal ca\u00e7a doleiro foragido da Opera\u00e7\u00e3o Lava Jato - Notibras<\/title>\n<meta name=\"robots\" content=\"index, follow, max-snippet:-1, max-image-preview:large, max-video-preview:-1\" \/>\n<link rel=\"canonical\" href=\"https:\/\/www.notibras.com\/site\/policia-federal-caca-doleiro-foragido-da-operacao-lava-jato\/\" \/>\n<meta property=\"og:locale\" content=\"pt_BR\" \/>\n<meta property=\"og:type\" content=\"article\" \/>\n<meta property=\"og:title\" content=\"Pol\u00edcia Federal ca\u00e7a doleiro foragido da Opera\u00e7\u00e3o Lava Jato - Notibras\" \/>\n<meta property=\"og:description\" content=\"A Pol\u00edcia Federal ainda procura cumprir o mandado de pris\u00e3o contra M\u00e1rio Frederico Mendon\u00e7a\u00a0Goes, investigado na nona fase da Opera\u00e7\u00e3o Lava Jato. Ele mora no Rio de Janeiro e est\u00e1 foragido desde quinta-feira (5), quando a opera\u00e7\u00e3o foi deflagrada. Segundo o Minist\u00e9rio P\u00fablico Federal (MPF), Goes atuava no esquema de corrup\u00e7\u00e3o na Petrobras usando o [&hellip;]\" \/>\n<meta property=\"og:url\" content=\"https:\/\/www.notibras.com\/site\/policia-federal-caca-doleiro-foragido-da-operacao-lava-jato\/\" \/>\n<meta property=\"og:site_name\" content=\"Notibras\" \/>\n<meta property=\"article:publisher\" content=\"https:\/\/www.facebook.com\/notibras\/\" \/>\n<meta property=\"article:published_time\" content=\"2015-02-07T18:36:13+00:00\" \/>\n<meta property=\"article:modified_time\" content=\"2015-02-07T20:45:29+00:00\" \/>\n<meta property=\"og:image\" content=\"https:\/\/www.notibras.com\/site\/wp-content\/uploads\/2015\/02\/lvj.jpeg\" \/>\n\t<meta property=\"og:image:width\" content=\"280\" \/>\n\t<meta property=\"og:image:height\" content=\"180\" \/>\n\t<meta property=\"og:image:type\" content=\"image\/jpeg\" \/>\n<meta name=\"author\" content=\"Reda\u00e7\u00e3o\" \/>\n<meta name=\"twitter:card\" content=\"summary_large_image\" \/>\n<meta name=\"twitter:creator\" content=\"@Notibras\" \/>\n<meta name=\"twitter:site\" content=\"@Notibras\" \/>\n<meta name=\"twitter:label1\" content=\"Escrito por\" \/>\n\t<meta name=\"twitter:data1\" content=\"Reda\u00e7\u00e3o\" \/>\n\t<meta name=\"twitter:label2\" content=\"Est. tempo de leitura\" \/>\n\t<meta name=\"twitter:data2\" content=\"3 minutos\" \/>\n<script type=\"application\/ld+json\" class=\"yoast-schema-graph\">{\"@context\":\"https:\/\/schema.org\",\"@graph\":[{\"@type\":\"Article\",\"@id\":\"https:\/\/www.notibras.com\/site\/policia-federal-caca-doleiro-foragido-da-operacao-lava-jato\/#article\",\"isPartOf\":{\"@id\":\"https:\/\/www.notibras.com\/site\/policia-federal-caca-doleiro-foragido-da-operacao-lava-jato\/\"},\"author\":{\"name\":\"Reda\u00e7\u00e3o\",\"@id\":\"https:\/\/www.notibras.com\/site\/#\/schema\/person\/36ab0979449956132d3e5b517ea76ac8\"},\"headline\":\"Pol\u00edcia Federal ca\u00e7a doleiro foragido da Opera\u00e7\u00e3o Lava Jato\",\"datePublished\":\"2015-02-07T18:36:13+00:00\",\"dateModified\":\"2015-02-07T20:45:29+00:00\",\"mainEntityOfPage\":{\"@id\":\"https:\/\/www.notibras.com\/site\/policia-federal-caca-doleiro-foragido-da-operacao-lava-jato\/\"},\"wordCount\":582,\"commentCount\":0,\"publisher\":{\"@id\":\"https:\/\/www.notibras.com\/site\/#organization\"},\"image\":{\"@id\":\"https:\/\/www.notibras.com\/site\/policia-federal-caca-doleiro-foragido-da-operacao-lava-jato\/#primaryimage\"},\"thumbnailUrl\":\"https:\/\/www.notibras.com\/site\/wp-content\/uploads\/2015\/02\/lvj.jpeg\",\"articleSection\":[\"Brasil\"],\"inLanguage\":\"pt-BR\",\"potentialAction\":[{\"@type\":\"CommentAction\",\"name\":\"Comment\",\"target\":[\"https:\/\/www.notibras.com\/site\/policia-federal-caca-doleiro-foragido-da-operacao-lava-jato\/#respond\"]}]},{\"@type\":\"WebPage\",\"@id\":\"https:\/\/www.notibras.com\/site\/policia-federal-caca-doleiro-foragido-da-operacao-lava-jato\/\",\"url\":\"https:\/\/www.notibras.com\/site\/policia-federal-caca-doleiro-foragido-da-operacao-lava-jato\/\",\"name\":\"Pol\u00edcia Federal ca\u00e7a doleiro foragido da Opera\u00e7\u00e3o Lava Jato - Notibras\",\"isPartOf\":{\"@id\":\"https:\/\/www.notibras.com\/site\/#website\"},\"primaryImageOfPage\":{\"@id\":\"https:\/\/www.notibras.com\/site\/policia-federal-caca-doleiro-foragido-da-operacao-lava-jato\/#primaryimage\"},\"image\":{\"@id\":\"https:\/\/www.notibras.com\/site\/policia-federal-caca-doleiro-foragido-da-operacao-lava-jato\/#primaryimage\"},\"thumbnailUrl\":\"https:\/\/www.notibras.com\/site\/wp-content\/uploads\/2015\/02\/lvj.jpeg\",\"datePublished\":\"2015-02-07T18:36:13+00:00\",\"dateModified\":\"2015-02-07T20:45:29+00:00\",\"breadcrumb\":{\"@id\":\"https:\/\/www.notibras.com\/site\/policia-federal-caca-doleiro-foragido-da-operacao-lava-jato\/#breadcrumb\"},\"inLanguage\":\"pt-BR\",\"potentialAction\":[{\"@type\":\"ReadAction\",\"target\":[\"https:\/\/www.notibras.com\/site\/policia-federal-caca-doleiro-foragido-da-operacao-lava-jato\/\"]}]},{\"@type\":\"ImageObject\",\"inLanguage\":\"pt-BR\",\"@id\":\"https:\/\/www.notibras.com\/site\/policia-federal-caca-doleiro-foragido-da-operacao-lava-jato\/#primaryimage\",\"url\":\"https:\/\/www.notibras.com\/site\/wp-content\/uploads\/2015\/02\/lvj.jpeg\",\"contentUrl\":\"https:\/\/www.notibras.com\/site\/wp-content\/uploads\/2015\/02\/lvj.jpeg\",\"width\":280,\"height\":180},{\"@type\":\"BreadcrumbList\",\"@id\":\"https:\/\/www.notibras.com\/site\/policia-federal-caca-doleiro-foragido-da-operacao-lava-jato\/#breadcrumb\",\"itemListElement\":[{\"@type\":\"ListItem\",\"position\":1,\"name\":\"In\u00edcio\",\"item\":\"https:\/\/www.notibras.com\/site\/\"},{\"@type\":\"ListItem\",\"position\":2,\"name\":\"Pol\u00edcia Federal ca\u00e7a doleiro foragido da Opera\u00e7\u00e3o Lava Jato\"}]},{\"@type\":\"WebSite\",\"@id\":\"https:\/\/www.notibras.com\/site\/#website\",\"url\":\"https:\/\/www.notibras.com\/site\/\",\"name\":\"Notibras\",\"description\":\"Not\u00edcias de Bras\u00edlia, do Brasil e do Mundo\",\"publisher\":{\"@id\":\"https:\/\/www.notibras.com\/site\/#organization\"},\"potentialAction\":[{\"@type\":\"SearchAction\",\"target\":{\"@type\":\"EntryPoint\",\"urlTemplate\":\"https:\/\/www.notibras.com\/site\/?s={search_term_string}\"},\"query-input\":{\"@type\":\"PropertyValueSpecification\",\"valueRequired\":true,\"valueName\":\"search_term_string\"}}],\"inLanguage\":\"pt-BR\"},{\"@type\":\"Organization\",\"@id\":\"https:\/\/www.notibras.com\/site\/#organization\",\"name\":\"Grupo Notibras de Comunica\u00e7\u00e3o\",\"url\":\"https:\/\/www.notibras.com\/site\/\",\"logo\":{\"@type\":\"ImageObject\",\"inLanguage\":\"pt-BR\",\"@id\":\"https:\/\/www.notibras.com\/site\/#\/schema\/logo\/image\/\",\"url\":\"https:\/\/www.notibras.com\/site\/wp-content\/uploads\/2023\/01\/notibras23.png\",\"contentUrl\":\"https:\/\/www.notibras.com\/site\/wp-content\/uploads\/2023\/01\/notibras23.png\",\"width\":350,\"height\":87,\"caption\":\"Grupo Notibras de Comunica\u00e7\u00e3o\"},\"image\":{\"@id\":\"https:\/\/www.notibras.com\/site\/#\/schema\/logo\/image\/\"},\"sameAs\":[\"https:\/\/www.facebook.com\/notibras\/\",\"https:\/\/x.com\/Notibras\",\"https:\/\/www.instagram.com\/notibras\/\"]},{\"@type\":\"Person\",\"@id\":\"https:\/\/www.notibras.com\/site\/#\/schema\/person\/36ab0979449956132d3e5b517ea76ac8\",\"name\":\"Reda\u00e7\u00e3o\",\"image\":{\"@type\":\"ImageObject\",\"inLanguage\":\"pt-BR\",\"@id\":\"https:\/\/secure.gravatar.com\/avatar\/e0a867bdedb85fd243eadf09663511f96fc81e0720a4a42581f334ad4303aa6b?s=96&d=mm&r=g\",\"url\":\"https:\/\/secure.gravatar.com\/avatar\/e0a867bdedb85fd243eadf09663511f96fc81e0720a4a42581f334ad4303aa6b?s=96&d=mm&r=g\",\"contentUrl\":\"https:\/\/secure.gravatar.com\/avatar\/e0a867bdedb85fd243eadf09663511f96fc81e0720a4a42581f334ad4303aa6b?s=96&d=mm&r=g\",\"caption\":\"Reda\u00e7\u00e3o\"}}]}<\/script>\n<!-- \/ Yoast SEO plugin. -->","yoast_head_json":{"title":"Pol\u00edcia Federal ca\u00e7a doleiro foragido da Opera\u00e7\u00e3o Lava Jato - Notibras","robots":{"index":"index","follow":"follow","max-snippet":"max-snippet:-1","max-image-preview":"max-image-preview:large","max-video-preview":"max-video-preview:-1"},"canonical":"https:\/\/www.notibras.com\/site\/policia-federal-caca-doleiro-foragido-da-operacao-lava-jato\/","og_locale":"pt_BR","og_type":"article","og_title":"Pol\u00edcia Federal ca\u00e7a doleiro foragido da Opera\u00e7\u00e3o Lava Jato - Notibras","og_description":"A Pol\u00edcia Federal ainda procura cumprir o mandado de pris\u00e3o contra M\u00e1rio Frederico Mendon\u00e7a\u00a0Goes, investigado na nona fase da Opera\u00e7\u00e3o Lava Jato. Ele mora no Rio de Janeiro e est\u00e1 foragido desde quinta-feira (5), quando a opera\u00e7\u00e3o foi deflagrada. Segundo o Minist\u00e9rio P\u00fablico Federal (MPF), Goes atuava no esquema de corrup\u00e7\u00e3o na Petrobras usando o [&hellip;]","og_url":"https:\/\/www.notibras.com\/site\/policia-federal-caca-doleiro-foragido-da-operacao-lava-jato\/","og_site_name":"Notibras","article_publisher":"https:\/\/www.facebook.com\/notibras\/","article_published_time":"2015-02-07T18:36:13+00:00","article_modified_time":"2015-02-07T20:45:29+00:00","og_image":[{"width":280,"height":180,"url":"https:\/\/www.notibras.com\/site\/wp-content\/uploads\/2015\/02\/lvj.jpeg","type":"image\/jpeg"}],"author":"Reda\u00e7\u00e3o","twitter_card":"summary_large_image","twitter_creator":"@Notibras","twitter_site":"@Notibras","twitter_misc":{"Escrito por":"Reda\u00e7\u00e3o","Est. tempo de leitura":"3 minutos"},"schema":{"@context":"https:\/\/schema.org","@graph":[{"@type":"Article","@id":"https:\/\/www.notibras.com\/site\/policia-federal-caca-doleiro-foragido-da-operacao-lava-jato\/#article","isPartOf":{"@id":"https:\/\/www.notibras.com\/site\/policia-federal-caca-doleiro-foragido-da-operacao-lava-jato\/"},"author":{"name":"Reda\u00e7\u00e3o","@id":"https:\/\/www.notibras.com\/site\/#\/schema\/person\/36ab0979449956132d3e5b517ea76ac8"},"headline":"Pol\u00edcia Federal ca\u00e7a doleiro foragido da Opera\u00e7\u00e3o Lava Jato","datePublished":"2015-02-07T18:36:13+00:00","dateModified":"2015-02-07T20:45:29+00:00","mainEntityOfPage":{"@id":"https:\/\/www.notibras.com\/site\/policia-federal-caca-doleiro-foragido-da-operacao-lava-jato\/"},"wordCount":582,"commentCount":0,"publisher":{"@id":"https:\/\/www.notibras.com\/site\/#organization"},"image":{"@id":"https:\/\/www.notibras.com\/site\/policia-federal-caca-doleiro-foragido-da-operacao-lava-jato\/#primaryimage"},"thumbnailUrl":"https:\/\/www.notibras.com\/site\/wp-content\/uploads\/2015\/02\/lvj.jpeg","articleSection":["Brasil"],"inLanguage":"pt-BR","potentialAction":[{"@type":"CommentAction","name":"Comment","target":["https:\/\/www.notibras.com\/site\/policia-federal-caca-doleiro-foragido-da-operacao-lava-jato\/#respond"]}]},{"@type":"WebPage","@id":"https:\/\/www.notibras.com\/site\/policia-federal-caca-doleiro-foragido-da-operacao-lava-jato\/","url":"https:\/\/www.notibras.com\/site\/policia-federal-caca-doleiro-foragido-da-operacao-lava-jato\/","name":"Pol\u00edcia Federal ca\u00e7a doleiro foragido da Opera\u00e7\u00e3o Lava Jato - Notibras","isPartOf":{"@id":"https:\/\/www.notibras.com\/site\/#website"},"primaryImageOfPage":{"@id":"https:\/\/www.notibras.com\/site\/policia-federal-caca-doleiro-foragido-da-operacao-lava-jato\/#primaryimage"},"image":{"@id":"https:\/\/www.notibras.com\/site\/policia-federal-caca-doleiro-foragido-da-operacao-lava-jato\/#primaryimage"},"thumbnailUrl":"https:\/\/www.notibras.com\/site\/wp-content\/uploads\/2015\/02\/lvj.jpeg","datePublished":"2015-02-07T18:36:13+00:00","dateModified":"2015-02-07T20:45:29+00:00","breadcrumb":{"@id":"https:\/\/www.notibras.com\/site\/policia-federal-caca-doleiro-foragido-da-operacao-lava-jato\/#breadcrumb"},"inLanguage":"pt-BR","potentialAction":[{"@type":"ReadAction","target":["https:\/\/www.notibras.com\/site\/policia-federal-caca-doleiro-foragido-da-operacao-lava-jato\/"]}]},{"@type":"ImageObject","inLanguage":"pt-BR","@id":"https:\/\/www.notibras.com\/site\/policia-federal-caca-doleiro-foragido-da-operacao-lava-jato\/#primaryimage","url":"https:\/\/www.notibras.com\/site\/wp-content\/uploads\/2015\/02\/lvj.jpeg","contentUrl":"https:\/\/www.notibras.com\/site\/wp-content\/uploads\/2015\/02\/lvj.jpeg","width":280,"height":180},{"@type":"BreadcrumbList","@id":"https:\/\/www.notibras.com\/site\/policia-federal-caca-doleiro-foragido-da-operacao-lava-jato\/#breadcrumb","itemListElement":[{"@type":"ListItem","position":1,"name":"In\u00edcio","item":"https:\/\/www.notibras.com\/site\/"},{"@type":"ListItem","position":2,"name":"Pol\u00edcia Federal ca\u00e7a doleiro foragido da Opera\u00e7\u00e3o Lava Jato"}]},{"@type":"WebSite","@id":"https:\/\/www.notibras.com\/site\/#website","url":"https:\/\/www.notibras.com\/site\/","name":"Notibras","description":"Not\u00edcias de Bras\u00edlia, do Brasil e do Mundo","publisher":{"@id":"https:\/\/www.notibras.com\/site\/#organization"},"potentialAction":[{"@type":"SearchAction","target":{"@type":"EntryPoint","urlTemplate":"https:\/\/www.notibras.com\/site\/?s={search_term_string}"},"query-input":{"@type":"PropertyValueSpecification","valueRequired":true,"valueName":"search_term_string"}}],"inLanguage":"pt-BR"},{"@type":"Organization","@id":"https:\/\/www.notibras.com\/site\/#organization","name":"Grupo Notibras de Comunica\u00e7\u00e3o","url":"https:\/\/www.notibras.com\/site\/","logo":{"@type":"ImageObject","inLanguage":"pt-BR","@id":"https:\/\/www.notibras.com\/site\/#\/schema\/logo\/image\/","url":"https:\/\/www.notibras.com\/site\/wp-content\/uploads\/2023\/01\/notibras23.png","contentUrl":"https:\/\/www.notibras.com\/site\/wp-content\/uploads\/2023\/01\/notibras23.png","width":350,"height":87,"caption":"Grupo Notibras de Comunica\u00e7\u00e3o"},"image":{"@id":"https:\/\/www.notibras.com\/site\/#\/schema\/logo\/image\/"},"sameAs":["https:\/\/www.facebook.com\/notibras\/","https:\/\/x.com\/Notibras","https:\/\/www.instagram.com\/notibras\/"]},{"@type":"Person","@id":"https:\/\/www.notibras.com\/site\/#\/schema\/person\/36ab0979449956132d3e5b517ea76ac8","name":"Reda\u00e7\u00e3o","image":{"@type":"ImageObject","inLanguage":"pt-BR","@id":"https:\/\/secure.gravatar.com\/avatar\/e0a867bdedb85fd243eadf09663511f96fc81e0720a4a42581f334ad4303aa6b?s=96&d=mm&r=g","url":"https:\/\/secure.gravatar.com\/avatar\/e0a867bdedb85fd243eadf09663511f96fc81e0720a4a42581f334ad4303aa6b?s=96&d=mm&r=g","contentUrl":"https:\/\/secure.gravatar.com\/avatar\/e0a867bdedb85fd243eadf09663511f96fc81e0720a4a42581f334ad4303aa6b?s=96&d=mm&r=g","caption":"Reda\u00e7\u00e3o"}}]}},"amp_enabled":true,"_links":{"self":[{"href":"https:\/\/www.notibras.com\/site\/wp-json\/wp\/v2\/posts\/36335","targetHints":{"allow":["GET"]}}],"collection":[{"href":"https:\/\/www.notibras.com\/site\/wp-json\/wp\/v2\/posts"}],"about":[{"href":"https:\/\/www.notibras.com\/site\/wp-json\/wp\/v2\/types\/post"}],"author":[{"embeddable":true,"href":"https:\/\/www.notibras.com\/site\/wp-json\/wp\/v2\/users\/2"}],"replies":[{"embeddable":true,"href":"https:\/\/www.notibras.com\/site\/wp-json\/wp\/v2\/comments?post=36335"}],"version-history":[{"count":0,"href":"https:\/\/www.notibras.com\/site\/wp-json\/wp\/v2\/posts\/36335\/revisions"}],"wp:featuredmedia":[{"embeddable":true,"href":"https:\/\/www.notibras.com\/site\/wp-json\/wp\/v2\/media\/36337"}],"wp:attachment":[{"href":"https:\/\/www.notibras.com\/site\/wp-json\/wp\/v2\/media?parent=36335"}],"wp:term":[{"taxonomy":"category","embeddable":true,"href":"https:\/\/www.notibras.com\/site\/wp-json\/wp\/v2\/categories?post=36335"},{"taxonomy":"post_tag","embeddable":true,"href":"https:\/\/www.notibras.com\/site\/wp-json\/wp\/v2\/tags?post=36335"}],"curies":[{"name":"wp","href":"https:\/\/api.w.org\/{rel}","templated":true}]}}