{"id":363632,"date":"2025-09-09T04:47:06","date_gmt":"2025-09-09T07:47:06","guid":{"rendered":"https:\/\/www.notibras.com\/site\/?p=363632"},"modified":"2025-09-09T04:47:06","modified_gmt":"2025-09-09T07:47:06","slug":"maduro-move-tropa-para-deixar-mariners-longe","status":"publish","type":"post","link":"https:\/\/www.notibras.com\/site\/maduro-move-tropa-para-deixar-mariners-longe\/","title":{"rendered":"Maduro move tropa para deixar mariners longe"},"content":{"rendered":"<p>O presidente venezuelano Nicol\u00e1s Maduro est\u00e1 enviando 25.000 soldados para a fronteira com a Col\u00f4mbia para fortalecer as opera\u00e7\u00f5es em meio a amea\u00e7as dos Estados Unidos.<\/p>\n<p>Em explica\u00e7\u00f5es compartilhadas em sua conta X, o presidente relatou o envio das For\u00e7as Armadas Nacionais Bolivarianas (FANB) para refor\u00e7ar as Opera\u00e7\u00f5es das Unidades de Rea\u00e7\u00e3o R\u00e1pida (URRAS) na Zona de Paz Binacional com a Col\u00f4mbia e a fachada caribenha.<\/p>\n<p>\u201dO objetivo principal desta mobiliza\u00e7\u00e3o \u00e9 defender a soberania nacional, a seguran\u00e7a do pa\u00eds e a luta pela paz \u201c, enfatizou Maduro.<\/p>\n<p>Ap\u00f3s o an\u00fancio, o ministro da Defesa venezuelano, Vladimir Padrino, confirmou a mobiliza\u00e7\u00e3o militar em cinco estados do pa\u00eds, nos lados \u201cCaribenho\u201d e \u201cAtl\u00e2ntico\u201d.<\/p>\n<p>Ele enfatizou que a Marinha e a For\u00e7a A\u00e9rea da Venezuela continuar\u00e3o patrulhando os espa\u00e7os nacionais na \u00e1rea em defesa da soberania territorial do pa\u00eds.<\/p>\n<p>\u201cNingu\u00e9m vir\u00e1 e far\u00e1 o trabalho por n\u00f3s. Ningu\u00e9m pisar\u00e1 nesta terra e far\u00e1 o que devemos fazer. Portanto, estamos em perfeita harmonia com o povo e seu desejo de paz e vit\u00f3ria, paz e vit\u00f3ria \u201d, enfatizou.<\/p>\n","protected":false},"excerpt":{"rendered":"<p>O presidente venezuelano Nicol\u00e1s Maduro est\u00e1 enviando 25.000 soldados para a fronteira com a Col\u00f4mbia para fortalecer as opera\u00e7\u00f5es em meio a amea\u00e7as dos Estados Unidos. Em explica\u00e7\u00f5es compartilhadas em sua conta X, o presidente relatou o envio das For\u00e7as Armadas Nacionais Bolivarianas (FANB) para refor\u00e7ar as Opera\u00e7\u00f5es das Unidades de Rea\u00e7\u00e3o R\u00e1pida (URRAS) na [&hellip;]<\/p>\n","protected":false},"author":2,"featured_media":363633,"comment_status":"closed","ping_status":"closed","sticky":false,"template":"","format":"standard","meta":{"_acf_changed":false,"footnotes":""},"categories":[159],"tags":[],"class_list":["post-363632","post","type-post","status-publish","format-standard","has-post-thumbnail","hentry","category-apocalipse"],"acf":[],"yoast_head":"<!-- This site is optimized with the Yoast SEO plugin v27.2 - https:\/\/yoast.com\/product\/yoast-seo-wordpress\/ -->\n<title>Maduro move tropa para deixar mariners longe - Notibras<\/title>\n<meta name=\"robots\" content=\"index, follow, max-snippet:-1, max-image-preview:large, max-video-preview:-1\" \/>\n<link rel=\"canonical\" href=\"https:\/\/www.notibras.com\/site\/maduro-move-tropa-para-deixar-mariners-longe\/\" \/>\n<meta property=\"og:locale\" content=\"pt_BR\" \/>\n<meta property=\"og:type\" content=\"article\" \/>\n<meta property=\"og:title\" content=\"Maduro move tropa para deixar mariners longe - Notibras\" \/>\n<meta property=\"og:description\" content=\"O presidente venezuelano Nicol\u00e1s Maduro est\u00e1 enviando 25.000 soldados para a fronteira com a Col\u00f4mbia para fortalecer as opera\u00e7\u00f5es em meio a amea\u00e7as dos Estados Unidos. Em explica\u00e7\u00f5es compartilhadas em sua conta X, o presidente relatou o envio das For\u00e7as Armadas Nacionais Bolivarianas (FANB) para refor\u00e7ar as Opera\u00e7\u00f5es das Unidades de Rea\u00e7\u00e3o R\u00e1pida (URRAS) na [&hellip;]\" \/>\n<meta property=\"og:url\" content=\"https:\/\/www.notibras.com\/site\/maduro-move-tropa-para-deixar-mariners-longe\/\" \/>\n<meta property=\"og:site_name\" content=\"Notibras\" \/>\n<meta property=\"article:publisher\" content=\"https:\/\/www.facebook.com\/notibras\/\" \/>\n<meta property=\"article:published_time\" content=\"2025-09-09T07:47:06+00:00\" \/>\n<meta property=\"og:image\" content=\"https:\/\/www.notibras.com\/site\/wp-content\/uploads\/2025\/09\/a-8-696x391-1.jpg\" \/>\n\t<meta property=\"og:image:width\" content=\"696\" \/>\n\t<meta property=\"og:image:height\" content=\"391\" \/>\n\t<meta property=\"og:image:type\" content=\"image\/jpeg\" \/>\n<meta name=\"author\" content=\"Reda\u00e7\u00e3o\" \/>\n<meta name=\"twitter:card\" content=\"summary_large_image\" \/>\n<meta name=\"twitter:creator\" content=\"@Notibras\" \/>\n<meta name=\"twitter:site\" content=\"@Notibras\" \/>\n<meta name=\"twitter:label1\" content=\"Escrito por\" \/>\n\t<meta name=\"twitter:data1\" content=\"Reda\u00e7\u00e3o\" \/>\n\t<meta name=\"twitter:label2\" content=\"Est. tempo de leitura\" \/>\n\t<meta name=\"twitter:data2\" content=\"2 minutos\" \/>\n<script type=\"application\/ld+json\" class=\"yoast-schema-graph\">{\"@context\":\"https:\/\/schema.org\",\"@graph\":[{\"@type\":\"Article\",\"@id\":\"https:\/\/www.notibras.com\/site\/maduro-move-tropa-para-deixar-mariners-longe\/#article\",\"isPartOf\":{\"@id\":\"https:\/\/www.notibras.com\/site\/maduro-move-tropa-para-deixar-mariners-longe\/\"},\"author\":{\"name\":\"Reda\u00e7\u00e3o\",\"@id\":\"https:\/\/www.notibras.com\/site\/#\/schema\/person\/36ab0979449956132d3e5b517ea76ac8\"},\"headline\":\"Maduro move tropa para deixar mariners longe\",\"datePublished\":\"2025-09-09T07:47:06+00:00\",\"mainEntityOfPage\":{\"@id\":\"https:\/\/www.notibras.com\/site\/maduro-move-tropa-para-deixar-mariners-longe\/\"},\"wordCount\":207,\"publisher\":{\"@id\":\"https:\/\/www.notibras.com\/site\/#organization\"},\"image\":{\"@id\":\"https:\/\/www.notibras.com\/site\/maduro-move-tropa-para-deixar-mariners-longe\/#primaryimage\"},\"thumbnailUrl\":\"https:\/\/www.notibras.com\/site\/wp-content\/uploads\/2025\/09\/a-8-696x391-1.jpg\",\"articleSection\":[\"Apocalipse\"],\"inLanguage\":\"pt-BR\"},{\"@type\":\"WebPage\",\"@id\":\"https:\/\/www.notibras.com\/site\/maduro-move-tropa-para-deixar-mariners-longe\/\",\"url\":\"https:\/\/www.notibras.com\/site\/maduro-move-tropa-para-deixar-mariners-longe\/\",\"name\":\"Maduro move tropa para deixar mariners longe - Notibras\",\"isPartOf\":{\"@id\":\"https:\/\/www.notibras.com\/site\/#website\"},\"primaryImageOfPage\":{\"@id\":\"https:\/\/www.notibras.com\/site\/maduro-move-tropa-para-deixar-mariners-longe\/#primaryimage\"},\"image\":{\"@id\":\"https:\/\/www.notibras.com\/site\/maduro-move-tropa-para-deixar-mariners-longe\/#primaryimage\"},\"thumbnailUrl\":\"https:\/\/www.notibras.com\/site\/wp-content\/uploads\/2025\/09\/a-8-696x391-1.jpg\",\"datePublished\":\"2025-09-09T07:47:06+00:00\",\"breadcrumb\":{\"@id\":\"https:\/\/www.notibras.com\/site\/maduro-move-tropa-para-deixar-mariners-longe\/#breadcrumb\"},\"inLanguage\":\"pt-BR\",\"potentialAction\":[{\"@type\":\"ReadAction\",\"target\":[\"https:\/\/www.notibras.com\/site\/maduro-move-tropa-para-deixar-mariners-longe\/\"]}]},{\"@type\":\"ImageObject\",\"inLanguage\":\"pt-BR\",\"@id\":\"https:\/\/www.notibras.com\/site\/maduro-move-tropa-para-deixar-mariners-longe\/#primaryimage\",\"url\":\"https:\/\/www.notibras.com\/site\/wp-content\/uploads\/2025\/09\/a-8-696x391-1.jpg\",\"contentUrl\":\"https:\/\/www.notibras.com\/site\/wp-content\/uploads\/2025\/09\/a-8-696x391-1.jpg\",\"width\":696,\"height\":391},{\"@type\":\"BreadcrumbList\",\"@id\":\"https:\/\/www.notibras.com\/site\/maduro-move-tropa-para-deixar-mariners-longe\/#breadcrumb\",\"itemListElement\":[{\"@type\":\"ListItem\",\"position\":1,\"name\":\"In\u00edcio\",\"item\":\"https:\/\/www.notibras.com\/site\/\"},{\"@type\":\"ListItem\",\"position\":2,\"name\":\"Maduro move tropa para deixar mariners longe\"}]},{\"@type\":\"WebSite\",\"@id\":\"https:\/\/www.notibras.com\/site\/#website\",\"url\":\"https:\/\/www.notibras.com\/site\/\",\"name\":\"Notibras\",\"description\":\"Not\u00edcias de Bras\u00edlia, do Brasil e do Mundo\",\"publisher\":{\"@id\":\"https:\/\/www.notibras.com\/site\/#organization\"},\"potentialAction\":[{\"@type\":\"SearchAction\",\"target\":{\"@type\":\"EntryPoint\",\"urlTemplate\":\"https:\/\/www.notibras.com\/site\/?s={search_term_string}\"},\"query-input\":{\"@type\":\"PropertyValueSpecification\",\"valueRequired\":true,\"valueName\":\"search_term_string\"}}],\"inLanguage\":\"pt-BR\"},{\"@type\":\"Organization\",\"@id\":\"https:\/\/www.notibras.com\/site\/#organization\",\"name\":\"Grupo Notibras de Comunica\u00e7\u00e3o\",\"url\":\"https:\/\/www.notibras.com\/site\/\",\"logo\":{\"@type\":\"ImageObject\",\"inLanguage\":\"pt-BR\",\"@id\":\"https:\/\/www.notibras.com\/site\/#\/schema\/logo\/image\/\",\"url\":\"https:\/\/www.notibras.com\/site\/wp-content\/uploads\/2023\/01\/notibras23.png\",\"contentUrl\":\"https:\/\/www.notibras.com\/site\/wp-content\/uploads\/2023\/01\/notibras23.png\",\"width\":350,\"height\":87,\"caption\":\"Grupo Notibras de Comunica\u00e7\u00e3o\"},\"image\":{\"@id\":\"https:\/\/www.notibras.com\/site\/#\/schema\/logo\/image\/\"},\"sameAs\":[\"https:\/\/www.facebook.com\/notibras\/\",\"https:\/\/x.com\/Notibras\",\"https:\/\/www.instagram.com\/notibras\/\"]},{\"@type\":\"Person\",\"@id\":\"https:\/\/www.notibras.com\/site\/#\/schema\/person\/36ab0979449956132d3e5b517ea76ac8\",\"name\":\"Reda\u00e7\u00e3o\",\"image\":{\"@type\":\"ImageObject\",\"inLanguage\":\"pt-BR\",\"@id\":\"https:\/\/secure.gravatar.com\/avatar\/e0a867bdedb85fd243eadf09663511f96fc81e0720a4a42581f334ad4303aa6b?s=96&d=mm&r=g\",\"url\":\"https:\/\/secure.gravatar.com\/avatar\/e0a867bdedb85fd243eadf09663511f96fc81e0720a4a42581f334ad4303aa6b?s=96&d=mm&r=g\",\"contentUrl\":\"https:\/\/secure.gravatar.com\/avatar\/e0a867bdedb85fd243eadf09663511f96fc81e0720a4a42581f334ad4303aa6b?s=96&d=mm&r=g\",\"caption\":\"Reda\u00e7\u00e3o\"}}]}<\/script>\n<!-- \/ Yoast SEO plugin. -->","yoast_head_json":{"title":"Maduro move tropa para deixar mariners longe - Notibras","robots":{"index":"index","follow":"follow","max-snippet":"max-snippet:-1","max-image-preview":"max-image-preview:large","max-video-preview":"max-video-preview:-1"},"canonical":"https:\/\/www.notibras.com\/site\/maduro-move-tropa-para-deixar-mariners-longe\/","og_locale":"pt_BR","og_type":"article","og_title":"Maduro move tropa para deixar mariners longe - Notibras","og_description":"O presidente venezuelano Nicol\u00e1s Maduro est\u00e1 enviando 25.000 soldados para a fronteira com a Col\u00f4mbia para fortalecer as opera\u00e7\u00f5es em meio a amea\u00e7as dos Estados Unidos. Em explica\u00e7\u00f5es compartilhadas em sua conta X, o presidente relatou o envio das For\u00e7as Armadas Nacionais Bolivarianas (FANB) para refor\u00e7ar as Opera\u00e7\u00f5es das Unidades de Rea\u00e7\u00e3o R\u00e1pida (URRAS) na [&hellip;]","og_url":"https:\/\/www.notibras.com\/site\/maduro-move-tropa-para-deixar-mariners-longe\/","og_site_name":"Notibras","article_publisher":"https:\/\/www.facebook.com\/notibras\/","article_published_time":"2025-09-09T07:47:06+00:00","og_image":[{"width":696,"height":391,"url":"https:\/\/www.notibras.com\/site\/wp-content\/uploads\/2025\/09\/a-8-696x391-1.jpg","type":"image\/jpeg"}],"author":"Reda\u00e7\u00e3o","twitter_card":"summary_large_image","twitter_creator":"@Notibras","twitter_site":"@Notibras","twitter_misc":{"Escrito por":"Reda\u00e7\u00e3o","Est. tempo de leitura":"2 minutos"},"schema":{"@context":"https:\/\/schema.org","@graph":[{"@type":"Article","@id":"https:\/\/www.notibras.com\/site\/maduro-move-tropa-para-deixar-mariners-longe\/#article","isPartOf":{"@id":"https:\/\/www.notibras.com\/site\/maduro-move-tropa-para-deixar-mariners-longe\/"},"author":{"name":"Reda\u00e7\u00e3o","@id":"https:\/\/www.notibras.com\/site\/#\/schema\/person\/36ab0979449956132d3e5b517ea76ac8"},"headline":"Maduro move tropa para deixar mariners longe","datePublished":"2025-09-09T07:47:06+00:00","mainEntityOfPage":{"@id":"https:\/\/www.notibras.com\/site\/maduro-move-tropa-para-deixar-mariners-longe\/"},"wordCount":207,"publisher":{"@id":"https:\/\/www.notibras.com\/site\/#organization"},"image":{"@id":"https:\/\/www.notibras.com\/site\/maduro-move-tropa-para-deixar-mariners-longe\/#primaryimage"},"thumbnailUrl":"https:\/\/www.notibras.com\/site\/wp-content\/uploads\/2025\/09\/a-8-696x391-1.jpg","articleSection":["Apocalipse"],"inLanguage":"pt-BR"},{"@type":"WebPage","@id":"https:\/\/www.notibras.com\/site\/maduro-move-tropa-para-deixar-mariners-longe\/","url":"https:\/\/www.notibras.com\/site\/maduro-move-tropa-para-deixar-mariners-longe\/","name":"Maduro move tropa para deixar mariners longe - Notibras","isPartOf":{"@id":"https:\/\/www.notibras.com\/site\/#website"},"primaryImageOfPage":{"@id":"https:\/\/www.notibras.com\/site\/maduro-move-tropa-para-deixar-mariners-longe\/#primaryimage"},"image":{"@id":"https:\/\/www.notibras.com\/site\/maduro-move-tropa-para-deixar-mariners-longe\/#primaryimage"},"thumbnailUrl":"https:\/\/www.notibras.com\/site\/wp-content\/uploads\/2025\/09\/a-8-696x391-1.jpg","datePublished":"2025-09-09T07:47:06+00:00","breadcrumb":{"@id":"https:\/\/www.notibras.com\/site\/maduro-move-tropa-para-deixar-mariners-longe\/#breadcrumb"},"inLanguage":"pt-BR","potentialAction":[{"@type":"ReadAction","target":["https:\/\/www.notibras.com\/site\/maduro-move-tropa-para-deixar-mariners-longe\/"]}]},{"@type":"ImageObject","inLanguage":"pt-BR","@id":"https:\/\/www.notibras.com\/site\/maduro-move-tropa-para-deixar-mariners-longe\/#primaryimage","url":"https:\/\/www.notibras.com\/site\/wp-content\/uploads\/2025\/09\/a-8-696x391-1.jpg","contentUrl":"https:\/\/www.notibras.com\/site\/wp-content\/uploads\/2025\/09\/a-8-696x391-1.jpg","width":696,"height":391},{"@type":"BreadcrumbList","@id":"https:\/\/www.notibras.com\/site\/maduro-move-tropa-para-deixar-mariners-longe\/#breadcrumb","itemListElement":[{"@type":"ListItem","position":1,"name":"In\u00edcio","item":"https:\/\/www.notibras.com\/site\/"},{"@type":"ListItem","position":2,"name":"Maduro move tropa para deixar mariners longe"}]},{"@type":"WebSite","@id":"https:\/\/www.notibras.com\/site\/#website","url":"https:\/\/www.notibras.com\/site\/","name":"Notibras","description":"Not\u00edcias de Bras\u00edlia, do Brasil e do Mundo","publisher":{"@id":"https:\/\/www.notibras.com\/site\/#organization"},"potentialAction":[{"@type":"SearchAction","target":{"@type":"EntryPoint","urlTemplate":"https:\/\/www.notibras.com\/site\/?s={search_term_string}"},"query-input":{"@type":"PropertyValueSpecification","valueRequired":true,"valueName":"search_term_string"}}],"inLanguage":"pt-BR"},{"@type":"Organization","@id":"https:\/\/www.notibras.com\/site\/#organization","name":"Grupo Notibras de Comunica\u00e7\u00e3o","url":"https:\/\/www.notibras.com\/site\/","logo":{"@type":"ImageObject","inLanguage":"pt-BR","@id":"https:\/\/www.notibras.com\/site\/#\/schema\/logo\/image\/","url":"https:\/\/www.notibras.com\/site\/wp-content\/uploads\/2023\/01\/notibras23.png","contentUrl":"https:\/\/www.notibras.com\/site\/wp-content\/uploads\/2023\/01\/notibras23.png","width":350,"height":87,"caption":"Grupo Notibras de Comunica\u00e7\u00e3o"},"image":{"@id":"https:\/\/www.notibras.com\/site\/#\/schema\/logo\/image\/"},"sameAs":["https:\/\/www.facebook.com\/notibras\/","https:\/\/x.com\/Notibras","https:\/\/www.instagram.com\/notibras\/"]},{"@type":"Person","@id":"https:\/\/www.notibras.com\/site\/#\/schema\/person\/36ab0979449956132d3e5b517ea76ac8","name":"Reda\u00e7\u00e3o","image":{"@type":"ImageObject","inLanguage":"pt-BR","@id":"https:\/\/secure.gravatar.com\/avatar\/e0a867bdedb85fd243eadf09663511f96fc81e0720a4a42581f334ad4303aa6b?s=96&d=mm&r=g","url":"https:\/\/secure.gravatar.com\/avatar\/e0a867bdedb85fd243eadf09663511f96fc81e0720a4a42581f334ad4303aa6b?s=96&d=mm&r=g","contentUrl":"https:\/\/secure.gravatar.com\/avatar\/e0a867bdedb85fd243eadf09663511f96fc81e0720a4a42581f334ad4303aa6b?s=96&d=mm&r=g","caption":"Reda\u00e7\u00e3o"}}]}},"amp_enabled":true,"_links":{"self":[{"href":"https:\/\/www.notibras.com\/site\/wp-json\/wp\/v2\/posts\/363632","targetHints":{"allow":["GET"]}}],"collection":[{"href":"https:\/\/www.notibras.com\/site\/wp-json\/wp\/v2\/posts"}],"about":[{"href":"https:\/\/www.notibras.com\/site\/wp-json\/wp\/v2\/types\/post"}],"author":[{"embeddable":true,"href":"https:\/\/www.notibras.com\/site\/wp-json\/wp\/v2\/users\/2"}],"replies":[{"embeddable":true,"href":"https:\/\/www.notibras.com\/site\/wp-json\/wp\/v2\/comments?post=363632"}],"version-history":[{"count":1,"href":"https:\/\/www.notibras.com\/site\/wp-json\/wp\/v2\/posts\/363632\/revisions"}],"predecessor-version":[{"id":363634,"href":"https:\/\/www.notibras.com\/site\/wp-json\/wp\/v2\/posts\/363632\/revisions\/363634"}],"wp:featuredmedia":[{"embeddable":true,"href":"https:\/\/www.notibras.com\/site\/wp-json\/wp\/v2\/media\/363633"}],"wp:attachment":[{"href":"https:\/\/www.notibras.com\/site\/wp-json\/wp\/v2\/media?parent=363632"}],"wp:term":[{"taxonomy":"category","embeddable":true,"href":"https:\/\/www.notibras.com\/site\/wp-json\/wp\/v2\/categories?post=363632"},{"taxonomy":"post_tag","embeddable":true,"href":"https:\/\/www.notibras.com\/site\/wp-json\/wp\/v2\/tags?post=363632"}],"curies":[{"name":"wp","href":"https:\/\/api.w.org\/{rel}","templated":true}]}}