{"id":36364,"date":"2015-02-08T10:13:12","date_gmt":"2015-02-08T13:13:12","guid":{"rendered":"http:\/\/www.notibras.com\/site\/?p=36364"},"modified":"2015-02-08T16:36:29","modified_gmt":"2015-02-08T19:36:29","slug":"alimentacao-reforcada-ajuda-a-enfrentar-o-reinado-de-momo","status":"publish","type":"post","link":"https:\/\/www.notibras.com\/site\/alimentacao-reforcada-ajuda-a-enfrentar-o-reinado-de-momo\/","title":{"rendered":"Alimenta\u00e7\u00e3o equilibrada ajuda a enfrentar Carnaval"},"content":{"rendered":"<p>Muita gente imagina que dieta equilibrada e a pr\u00e1tica regular de atividades f\u00edsicas s\u00e3o fatores que predisp\u00f5em o foli\u00e3o para o carnaval que se aproxima. Andrea Dario Frias, doutora em nutri\u00e7\u00e3o, adverte que nem sempre \u00e9 assim. \u201cAs pessoas est\u00e3o saindo do per\u00edodo de f\u00e9rias e de final de ano, em que deram uma &#8216;paradinha&#8217; na academia e uma descuidada na alimenta\u00e7\u00e3o. E, a\u00ed, vem o carnaval na sequ\u00eancia\u201d.<\/p>\n<p>Faltando uma semana para as festas de Momo, ainda d\u00e1 para ficar com o corpo em dia para curtir a folia, \u201cchegar com mais disposi\u00e7\u00e3o, energia e, at\u00e9, com uns quilinhos a menos, se voc\u00ea se cuidar\u201d,\u00a0 indicou Andrea. A primeira dica \u00e9 fracionar a alimenta\u00e7\u00e3o, isto \u00e9, consumir alimentos de tr\u00eas em tr\u00eas horas ou, no m\u00e1ximo, a cada quatro horas. \u201cIsso vai garantir uma saciedade para a refei\u00e7\u00e3o seguinte e voc\u00ea vai comer menos quantidade de alimento\u201d. Isso tamb\u00e9m vai fazer com que o metabolismo da pessoa trabalhe de forma adequada.<\/p>\n<blockquote><p>Andrea refor\u00e7ou que a alimenta\u00e7\u00e3o no per\u00edodo pr\u00e9-carnaval deve ser equilibrada, porque o objetivo \u00e9 \u201cdar uma desintoxicada\u201d de tudo que foi ingerido de errado no final do ano e nas f\u00e9rias, e \u201cter mais pique\u201d. A alimenta\u00e7\u00e3o deve ser baseada em carnes magras, preferencialmente frango sem pele e peixe, e alimentos cozidos a vapor e grelhados, evitando o consumo de frituras ou o uso de muita gordura no preparo. Frutas e legumes podem ser comidos em abund\u00e2ncia, na forma de saladas e sucos, al\u00e9m de cereais integrais. Se a pessoa n\u00e3o \u00e9 intolerante \u00e0 lactose, pode utilizar latic\u00ednios com modera\u00e7\u00e3o, em especial os desnatados.<\/p><\/blockquote>\n<p>A doutora alertou, por\u00e9m, que n\u00e3o existe milagre. Ningu\u00e9m vai chegar com pique ao carnaval se n\u00e3o tiver condicionamento f\u00edsico. Por isso, disse ser importante intensificar a atividade f\u00edsica. \u201cA gente pede que se voc\u00ea j\u00e1 \u00e9 adepto da atividade f\u00edsica, intensifique um pouco mais para se preparar melhor, e, se n\u00e3o \u00e9 adepto, passe a fazer com frequ\u00eancia, no m\u00ednimo\u00a0 tr\u00eas a quatro vezes por semana, caminhada ao ar livre, esteira, bicicleta, nata\u00e7\u00e3o [por exemplo], para que possa, nesse per\u00edodo, promover um equil\u00edbrio do metabolismo, melhorar a queima de calorias, caso precise enxugar medidas, e chegar ao carnaval mais em forma\u201d.<\/p>\n<p>Para aqueles que n\u00e3o t\u00eam tempo de fazer uma alimenta\u00e7\u00e3o adequada, Andrea lembrou que existem no mercado alimentos que podem atuar como apoio \u00e0 refei\u00e7\u00e3o, principalmente \u00e0 noite, como os <em>shakes<\/em>. Mas \u00e9 preciso ter cuidado e n\u00e3o usar esse tipo de alimento por tempo prolongado. \u201cSempre um\u00a0 <em>shake <\/em>bem balanceado, nutritivo e que seja aprovado por empresas de confian\u00e7a, que a gente sabe que fazem dentro das regras que o Minist\u00e9rio da Sa\u00fade estabelece\u201d.<\/p>\n<blockquote><p>A pessoa deve tomar muito l\u00edquido para hidratar o corpo. Sucos desintoxicantes, feitos com frutas, vegetais e gengibre, ch\u00e1 verde, \u00e1gua de coco s\u00e3o op\u00e7\u00f5es para limpar o organismo\u00a0 de impurezas e t\u00eam efeito termog\u00eanico, ou seja, aceleram a queima de calorias, receitou. \u201cNesse per\u00edodo, a gente acredita que dessa forma, a pessoa vai se preparar e chegar at\u00e9 o momento de curtir bem o carnaval\u201d.<\/p><\/blockquote>\n<p>Quando o carnaval come\u00e7ar de fato, a recomenda\u00e7\u00e3o da doutora em nutri\u00e7\u00e3o \u00e9 mudar o card\u00e1pio, aumentando a hidrata\u00e7\u00e3o para\u00a0 repor os l\u00edquidos perdidos. O uso de \u00e1gua, sucos naturais e \u00e1gua-de-coco deve ser intensificado. \u00c9 preciso cuidado tamb\u00e9m em rela\u00e7\u00e3o \u00e0s bebidas alco\u00f3licas, que n\u00e3o devem ser ingeridas de est\u00f4mago vazio. \u201cO \u00e1lcool desidrata o corpo. Voc\u00ea pode tomar, mas sempre alternando com muita \u00e1gua\u201d. Ela destacou que o \u00e1lcool em demasia pode sobrecarregar o f\u00edgado com excesso de toxinas.<\/p>\n<p>As pessoas n\u00e3o devem abusar de alimentos muito gordurosos durante o carnaval e tomar cuidado com refei\u00e7\u00f5es preparadas na rua, para evitar intoxica\u00e7\u00f5es. Para ter mais energia, os foli\u00f5es devem preferir os carboidratos, como massas com molho vermelho, lanches leves com p\u00e3es integrais, batata e tapioca. \u201cConsumir hortali\u00e7as e frutas, sob a forma de sucos, e n\u00e3o ficar em jejum. Fazer uma boa refei\u00e7\u00e3o \u00e0 hora em que acordar no dia seguinte e, depois, a cada tr\u00eas ou quatro horas, comer alguma coisa para se manter nutrido\u201d.<\/p>\n<p><strong>Alana Gandra, ABr<\/strong><\/p>\n","protected":false},"excerpt":{"rendered":"<p>Muita gente imagina que dieta equilibrada e a pr\u00e1tica regular de atividades f\u00edsicas s\u00e3o fatores que predisp\u00f5em o foli\u00e3o para o carnaval que se aproxima. Andrea Dario Frias, doutora em nutri\u00e7\u00e3o, adverte que nem sempre \u00e9 assim. \u201cAs pessoas est\u00e3o saindo do per\u00edodo de f\u00e9rias e de final de ano, em que deram uma &#8216;paradinha&#8217; [&hellip;]<\/p>\n","protected":false},"author":2,"featured_media":36365,"comment_status":"open","ping_status":"closed","sticky":false,"template":"","format":"standard","meta":{"_acf_changed":false,"footnotes":""},"categories":[16],"tags":[],"class_list":["post-36364","post","type-post","status-publish","format-standard","has-post-thumbnail","hentry","category-brasil"],"acf":[],"yoast_head":"<!-- This site is optimized with the Yoast SEO plugin v27.2 - https:\/\/yoast.com\/product\/yoast-seo-wordpress\/ -->\n<title>Alimenta\u00e7\u00e3o equilibrada ajuda a enfrentar Carnaval - Notibras<\/title>\n<meta name=\"robots\" content=\"index, follow, max-snippet:-1, max-image-preview:large, max-video-preview:-1\" \/>\n<link rel=\"canonical\" href=\"https:\/\/www.notibras.com\/site\/alimentacao-reforcada-ajuda-a-enfrentar-o-reinado-de-momo\/\" \/>\n<meta property=\"og:locale\" content=\"pt_BR\" \/>\n<meta property=\"og:type\" content=\"article\" \/>\n<meta property=\"og:title\" content=\"Alimenta\u00e7\u00e3o equilibrada ajuda a enfrentar Carnaval - Notibras\" \/>\n<meta property=\"og:description\" content=\"Muita gente imagina que dieta equilibrada e a pr\u00e1tica regular de atividades f\u00edsicas s\u00e3o fatores que predisp\u00f5em o foli\u00e3o para o carnaval que se aproxima. Andrea Dario Frias, doutora em nutri\u00e7\u00e3o, adverte que nem sempre \u00e9 assim. \u201cAs pessoas est\u00e3o saindo do per\u00edodo de f\u00e9rias e de final de ano, em que deram uma &#8216;paradinha&#8217; [&hellip;]\" \/>\n<meta property=\"og:url\" content=\"https:\/\/www.notibras.com\/site\/alimentacao-reforcada-ajuda-a-enfrentar-o-reinado-de-momo\/\" \/>\n<meta property=\"og:site_name\" content=\"Notibras\" \/>\n<meta property=\"article:publisher\" content=\"https:\/\/www.facebook.com\/notibras\/\" \/>\n<meta property=\"article:published_time\" content=\"2015-02-08T13:13:12+00:00\" \/>\n<meta property=\"article:modified_time\" content=\"2015-02-08T19:36:29+00:00\" \/>\n<meta property=\"og:image\" content=\"https:\/\/www.notibras.com\/site\/wp-content\/uploads\/2015\/02\/905854-carnaval_bolapreta0308.jpg\" \/>\n\t<meta property=\"og:image:width\" content=\"580\" \/>\n\t<meta property=\"og:image:height\" content=\"388\" \/>\n\t<meta property=\"og:image:type\" content=\"image\/jpeg\" \/>\n<meta name=\"author\" content=\"Reda\u00e7\u00e3o\" \/>\n<meta name=\"twitter:card\" content=\"summary_large_image\" \/>\n<meta name=\"twitter:creator\" content=\"@Notibras\" \/>\n<meta name=\"twitter:site\" content=\"@Notibras\" \/>\n<meta name=\"twitter:label1\" content=\"Escrito por\" \/>\n\t<meta name=\"twitter:data1\" content=\"Reda\u00e7\u00e3o\" \/>\n\t<meta name=\"twitter:label2\" content=\"Est. tempo de leitura\" \/>\n\t<meta name=\"twitter:data2\" content=\"4 minutos\" \/>\n<script type=\"application\/ld+json\" class=\"yoast-schema-graph\">{\"@context\":\"https:\/\/schema.org\",\"@graph\":[{\"@type\":\"Article\",\"@id\":\"https:\/\/www.notibras.com\/site\/alimentacao-reforcada-ajuda-a-enfrentar-o-reinado-de-momo\/#article\",\"isPartOf\":{\"@id\":\"https:\/\/www.notibras.com\/site\/alimentacao-reforcada-ajuda-a-enfrentar-o-reinado-de-momo\/\"},\"author\":{\"name\":\"Reda\u00e7\u00e3o\",\"@id\":\"https:\/\/www.notibras.com\/site\/#\/schema\/person\/36ab0979449956132d3e5b517ea76ac8\"},\"headline\":\"Alimenta\u00e7\u00e3o equilibrada ajuda a enfrentar Carnaval\",\"datePublished\":\"2015-02-08T13:13:12+00:00\",\"dateModified\":\"2015-02-08T19:36:29+00:00\",\"mainEntityOfPage\":{\"@id\":\"https:\/\/www.notibras.com\/site\/alimentacao-reforcada-ajuda-a-enfrentar-o-reinado-de-momo\/\"},\"wordCount\":752,\"commentCount\":0,\"publisher\":{\"@id\":\"https:\/\/www.notibras.com\/site\/#organization\"},\"image\":{\"@id\":\"https:\/\/www.notibras.com\/site\/alimentacao-reforcada-ajuda-a-enfrentar-o-reinado-de-momo\/#primaryimage\"},\"thumbnailUrl\":\"https:\/\/www.notibras.com\/site\/wp-content\/uploads\/2015\/02\/905854-carnaval_bolapreta0308.jpg\",\"articleSection\":[\"Brasil\"],\"inLanguage\":\"pt-BR\",\"potentialAction\":[{\"@type\":\"CommentAction\",\"name\":\"Comment\",\"target\":[\"https:\/\/www.notibras.com\/site\/alimentacao-reforcada-ajuda-a-enfrentar-o-reinado-de-momo\/#respond\"]}]},{\"@type\":\"WebPage\",\"@id\":\"https:\/\/www.notibras.com\/site\/alimentacao-reforcada-ajuda-a-enfrentar-o-reinado-de-momo\/\",\"url\":\"https:\/\/www.notibras.com\/site\/alimentacao-reforcada-ajuda-a-enfrentar-o-reinado-de-momo\/\",\"name\":\"Alimenta\u00e7\u00e3o equilibrada ajuda a enfrentar Carnaval - Notibras\",\"isPartOf\":{\"@id\":\"https:\/\/www.notibras.com\/site\/#website\"},\"primaryImageOfPage\":{\"@id\":\"https:\/\/www.notibras.com\/site\/alimentacao-reforcada-ajuda-a-enfrentar-o-reinado-de-momo\/#primaryimage\"},\"image\":{\"@id\":\"https:\/\/www.notibras.com\/site\/alimentacao-reforcada-ajuda-a-enfrentar-o-reinado-de-momo\/#primaryimage\"},\"thumbnailUrl\":\"https:\/\/www.notibras.com\/site\/wp-content\/uploads\/2015\/02\/905854-carnaval_bolapreta0308.jpg\",\"datePublished\":\"2015-02-08T13:13:12+00:00\",\"dateModified\":\"2015-02-08T19:36:29+00:00\",\"breadcrumb\":{\"@id\":\"https:\/\/www.notibras.com\/site\/alimentacao-reforcada-ajuda-a-enfrentar-o-reinado-de-momo\/#breadcrumb\"},\"inLanguage\":\"pt-BR\",\"potentialAction\":[{\"@type\":\"ReadAction\",\"target\":[\"https:\/\/www.notibras.com\/site\/alimentacao-reforcada-ajuda-a-enfrentar-o-reinado-de-momo\/\"]}]},{\"@type\":\"ImageObject\",\"inLanguage\":\"pt-BR\",\"@id\":\"https:\/\/www.notibras.com\/site\/alimentacao-reforcada-ajuda-a-enfrentar-o-reinado-de-momo\/#primaryimage\",\"url\":\"https:\/\/www.notibras.com\/site\/wp-content\/uploads\/2015\/02\/905854-carnaval_bolapreta0308.jpg\",\"contentUrl\":\"https:\/\/www.notibras.com\/site\/wp-content\/uploads\/2015\/02\/905854-carnaval_bolapreta0308.jpg\",\"width\":580,\"height\":388},{\"@type\":\"BreadcrumbList\",\"@id\":\"https:\/\/www.notibras.com\/site\/alimentacao-reforcada-ajuda-a-enfrentar-o-reinado-de-momo\/#breadcrumb\",\"itemListElement\":[{\"@type\":\"ListItem\",\"position\":1,\"name\":\"In\u00edcio\",\"item\":\"https:\/\/www.notibras.com\/site\/\"},{\"@type\":\"ListItem\",\"position\":2,\"name\":\"Alimenta\u00e7\u00e3o equilibrada ajuda a enfrentar Carnaval\"}]},{\"@type\":\"WebSite\",\"@id\":\"https:\/\/www.notibras.com\/site\/#website\",\"url\":\"https:\/\/www.notibras.com\/site\/\",\"name\":\"Notibras\",\"description\":\"Not\u00edcias de Bras\u00edlia, do Brasil e do Mundo\",\"publisher\":{\"@id\":\"https:\/\/www.notibras.com\/site\/#organization\"},\"potentialAction\":[{\"@type\":\"SearchAction\",\"target\":{\"@type\":\"EntryPoint\",\"urlTemplate\":\"https:\/\/www.notibras.com\/site\/?s={search_term_string}\"},\"query-input\":{\"@type\":\"PropertyValueSpecification\",\"valueRequired\":true,\"valueName\":\"search_term_string\"}}],\"inLanguage\":\"pt-BR\"},{\"@type\":\"Organization\",\"@id\":\"https:\/\/www.notibras.com\/site\/#organization\",\"name\":\"Grupo Notibras de Comunica\u00e7\u00e3o\",\"url\":\"https:\/\/www.notibras.com\/site\/\",\"logo\":{\"@type\":\"ImageObject\",\"inLanguage\":\"pt-BR\",\"@id\":\"https:\/\/www.notibras.com\/site\/#\/schema\/logo\/image\/\",\"url\":\"https:\/\/www.notibras.com\/site\/wp-content\/uploads\/2023\/01\/notibras23.png\",\"contentUrl\":\"https:\/\/www.notibras.com\/site\/wp-content\/uploads\/2023\/01\/notibras23.png\",\"width\":350,\"height\":87,\"caption\":\"Grupo Notibras de Comunica\u00e7\u00e3o\"},\"image\":{\"@id\":\"https:\/\/www.notibras.com\/site\/#\/schema\/logo\/image\/\"},\"sameAs\":[\"https:\/\/www.facebook.com\/notibras\/\",\"https:\/\/x.com\/Notibras\",\"https:\/\/www.instagram.com\/notibras\/\"]},{\"@type\":\"Person\",\"@id\":\"https:\/\/www.notibras.com\/site\/#\/schema\/person\/36ab0979449956132d3e5b517ea76ac8\",\"name\":\"Reda\u00e7\u00e3o\",\"image\":{\"@type\":\"ImageObject\",\"inLanguage\":\"pt-BR\",\"@id\":\"https:\/\/secure.gravatar.com\/avatar\/e0a867bdedb85fd243eadf09663511f96fc81e0720a4a42581f334ad4303aa6b?s=96&d=mm&r=g\",\"url\":\"https:\/\/secure.gravatar.com\/avatar\/e0a867bdedb85fd243eadf09663511f96fc81e0720a4a42581f334ad4303aa6b?s=96&d=mm&r=g\",\"contentUrl\":\"https:\/\/secure.gravatar.com\/avatar\/e0a867bdedb85fd243eadf09663511f96fc81e0720a4a42581f334ad4303aa6b?s=96&d=mm&r=g\",\"caption\":\"Reda\u00e7\u00e3o\"}}]}<\/script>\n<!-- \/ Yoast SEO plugin. -->","yoast_head_json":{"title":"Alimenta\u00e7\u00e3o equilibrada ajuda a enfrentar Carnaval - Notibras","robots":{"index":"index","follow":"follow","max-snippet":"max-snippet:-1","max-image-preview":"max-image-preview:large","max-video-preview":"max-video-preview:-1"},"canonical":"https:\/\/www.notibras.com\/site\/alimentacao-reforcada-ajuda-a-enfrentar-o-reinado-de-momo\/","og_locale":"pt_BR","og_type":"article","og_title":"Alimenta\u00e7\u00e3o equilibrada ajuda a enfrentar Carnaval - Notibras","og_description":"Muita gente imagina que dieta equilibrada e a pr\u00e1tica regular de atividades f\u00edsicas s\u00e3o fatores que predisp\u00f5em o foli\u00e3o para o carnaval que se aproxima. Andrea Dario Frias, doutora em nutri\u00e7\u00e3o, adverte que nem sempre \u00e9 assim. \u201cAs pessoas est\u00e3o saindo do per\u00edodo de f\u00e9rias e de final de ano, em que deram uma &#8216;paradinha&#8217; [&hellip;]","og_url":"https:\/\/www.notibras.com\/site\/alimentacao-reforcada-ajuda-a-enfrentar-o-reinado-de-momo\/","og_site_name":"Notibras","article_publisher":"https:\/\/www.facebook.com\/notibras\/","article_published_time":"2015-02-08T13:13:12+00:00","article_modified_time":"2015-02-08T19:36:29+00:00","og_image":[{"width":580,"height":388,"url":"https:\/\/www.notibras.com\/site\/wp-content\/uploads\/2015\/02\/905854-carnaval_bolapreta0308.jpg","type":"image\/jpeg"}],"author":"Reda\u00e7\u00e3o","twitter_card":"summary_large_image","twitter_creator":"@Notibras","twitter_site":"@Notibras","twitter_misc":{"Escrito por":"Reda\u00e7\u00e3o","Est. tempo de leitura":"4 minutos"},"schema":{"@context":"https:\/\/schema.org","@graph":[{"@type":"Article","@id":"https:\/\/www.notibras.com\/site\/alimentacao-reforcada-ajuda-a-enfrentar-o-reinado-de-momo\/#article","isPartOf":{"@id":"https:\/\/www.notibras.com\/site\/alimentacao-reforcada-ajuda-a-enfrentar-o-reinado-de-momo\/"},"author":{"name":"Reda\u00e7\u00e3o","@id":"https:\/\/www.notibras.com\/site\/#\/schema\/person\/36ab0979449956132d3e5b517ea76ac8"},"headline":"Alimenta\u00e7\u00e3o equilibrada ajuda a enfrentar Carnaval","datePublished":"2015-02-08T13:13:12+00:00","dateModified":"2015-02-08T19:36:29+00:00","mainEntityOfPage":{"@id":"https:\/\/www.notibras.com\/site\/alimentacao-reforcada-ajuda-a-enfrentar-o-reinado-de-momo\/"},"wordCount":752,"commentCount":0,"publisher":{"@id":"https:\/\/www.notibras.com\/site\/#organization"},"image":{"@id":"https:\/\/www.notibras.com\/site\/alimentacao-reforcada-ajuda-a-enfrentar-o-reinado-de-momo\/#primaryimage"},"thumbnailUrl":"https:\/\/www.notibras.com\/site\/wp-content\/uploads\/2015\/02\/905854-carnaval_bolapreta0308.jpg","articleSection":["Brasil"],"inLanguage":"pt-BR","potentialAction":[{"@type":"CommentAction","name":"Comment","target":["https:\/\/www.notibras.com\/site\/alimentacao-reforcada-ajuda-a-enfrentar-o-reinado-de-momo\/#respond"]}]},{"@type":"WebPage","@id":"https:\/\/www.notibras.com\/site\/alimentacao-reforcada-ajuda-a-enfrentar-o-reinado-de-momo\/","url":"https:\/\/www.notibras.com\/site\/alimentacao-reforcada-ajuda-a-enfrentar-o-reinado-de-momo\/","name":"Alimenta\u00e7\u00e3o equilibrada ajuda a enfrentar Carnaval - Notibras","isPartOf":{"@id":"https:\/\/www.notibras.com\/site\/#website"},"primaryImageOfPage":{"@id":"https:\/\/www.notibras.com\/site\/alimentacao-reforcada-ajuda-a-enfrentar-o-reinado-de-momo\/#primaryimage"},"image":{"@id":"https:\/\/www.notibras.com\/site\/alimentacao-reforcada-ajuda-a-enfrentar-o-reinado-de-momo\/#primaryimage"},"thumbnailUrl":"https:\/\/www.notibras.com\/site\/wp-content\/uploads\/2015\/02\/905854-carnaval_bolapreta0308.jpg","datePublished":"2015-02-08T13:13:12+00:00","dateModified":"2015-02-08T19:36:29+00:00","breadcrumb":{"@id":"https:\/\/www.notibras.com\/site\/alimentacao-reforcada-ajuda-a-enfrentar-o-reinado-de-momo\/#breadcrumb"},"inLanguage":"pt-BR","potentialAction":[{"@type":"ReadAction","target":["https:\/\/www.notibras.com\/site\/alimentacao-reforcada-ajuda-a-enfrentar-o-reinado-de-momo\/"]}]},{"@type":"ImageObject","inLanguage":"pt-BR","@id":"https:\/\/www.notibras.com\/site\/alimentacao-reforcada-ajuda-a-enfrentar-o-reinado-de-momo\/#primaryimage","url":"https:\/\/www.notibras.com\/site\/wp-content\/uploads\/2015\/02\/905854-carnaval_bolapreta0308.jpg","contentUrl":"https:\/\/www.notibras.com\/site\/wp-content\/uploads\/2015\/02\/905854-carnaval_bolapreta0308.jpg","width":580,"height":388},{"@type":"BreadcrumbList","@id":"https:\/\/www.notibras.com\/site\/alimentacao-reforcada-ajuda-a-enfrentar-o-reinado-de-momo\/#breadcrumb","itemListElement":[{"@type":"ListItem","position":1,"name":"In\u00edcio","item":"https:\/\/www.notibras.com\/site\/"},{"@type":"ListItem","position":2,"name":"Alimenta\u00e7\u00e3o equilibrada ajuda a enfrentar Carnaval"}]},{"@type":"WebSite","@id":"https:\/\/www.notibras.com\/site\/#website","url":"https:\/\/www.notibras.com\/site\/","name":"Notibras","description":"Not\u00edcias de Bras\u00edlia, do Brasil e do Mundo","publisher":{"@id":"https:\/\/www.notibras.com\/site\/#organization"},"potentialAction":[{"@type":"SearchAction","target":{"@type":"EntryPoint","urlTemplate":"https:\/\/www.notibras.com\/site\/?s={search_term_string}"},"query-input":{"@type":"PropertyValueSpecification","valueRequired":true,"valueName":"search_term_string"}}],"inLanguage":"pt-BR"},{"@type":"Organization","@id":"https:\/\/www.notibras.com\/site\/#organization","name":"Grupo Notibras de Comunica\u00e7\u00e3o","url":"https:\/\/www.notibras.com\/site\/","logo":{"@type":"ImageObject","inLanguage":"pt-BR","@id":"https:\/\/www.notibras.com\/site\/#\/schema\/logo\/image\/","url":"https:\/\/www.notibras.com\/site\/wp-content\/uploads\/2023\/01\/notibras23.png","contentUrl":"https:\/\/www.notibras.com\/site\/wp-content\/uploads\/2023\/01\/notibras23.png","width":350,"height":87,"caption":"Grupo Notibras de Comunica\u00e7\u00e3o"},"image":{"@id":"https:\/\/www.notibras.com\/site\/#\/schema\/logo\/image\/"},"sameAs":["https:\/\/www.facebook.com\/notibras\/","https:\/\/x.com\/Notibras","https:\/\/www.instagram.com\/notibras\/"]},{"@type":"Person","@id":"https:\/\/www.notibras.com\/site\/#\/schema\/person\/36ab0979449956132d3e5b517ea76ac8","name":"Reda\u00e7\u00e3o","image":{"@type":"ImageObject","inLanguage":"pt-BR","@id":"https:\/\/secure.gravatar.com\/avatar\/e0a867bdedb85fd243eadf09663511f96fc81e0720a4a42581f334ad4303aa6b?s=96&d=mm&r=g","url":"https:\/\/secure.gravatar.com\/avatar\/e0a867bdedb85fd243eadf09663511f96fc81e0720a4a42581f334ad4303aa6b?s=96&d=mm&r=g","contentUrl":"https:\/\/secure.gravatar.com\/avatar\/e0a867bdedb85fd243eadf09663511f96fc81e0720a4a42581f334ad4303aa6b?s=96&d=mm&r=g","caption":"Reda\u00e7\u00e3o"}}]}},"amp_enabled":true,"_links":{"self":[{"href":"https:\/\/www.notibras.com\/site\/wp-json\/wp\/v2\/posts\/36364","targetHints":{"allow":["GET"]}}],"collection":[{"href":"https:\/\/www.notibras.com\/site\/wp-json\/wp\/v2\/posts"}],"about":[{"href":"https:\/\/www.notibras.com\/site\/wp-json\/wp\/v2\/types\/post"}],"author":[{"embeddable":true,"href":"https:\/\/www.notibras.com\/site\/wp-json\/wp\/v2\/users\/2"}],"replies":[{"embeddable":true,"href":"https:\/\/www.notibras.com\/site\/wp-json\/wp\/v2\/comments?post=36364"}],"version-history":[{"count":0,"href":"https:\/\/www.notibras.com\/site\/wp-json\/wp\/v2\/posts\/36364\/revisions"}],"wp:featuredmedia":[{"embeddable":true,"href":"https:\/\/www.notibras.com\/site\/wp-json\/wp\/v2\/media\/36365"}],"wp:attachment":[{"href":"https:\/\/www.notibras.com\/site\/wp-json\/wp\/v2\/media?parent=36364"}],"wp:term":[{"taxonomy":"category","embeddable":true,"href":"https:\/\/www.notibras.com\/site\/wp-json\/wp\/v2\/categories?post=36364"},{"taxonomy":"post_tag","embeddable":true,"href":"https:\/\/www.notibras.com\/site\/wp-json\/wp\/v2\/tags?post=36364"}],"curies":[{"name":"wp","href":"https:\/\/api.w.org\/{rel}","templated":true}]}}