{"id":363642,"date":"2025-09-09T05:19:16","date_gmt":"2025-09-09T08:19:16","guid":{"rendered":"https:\/\/www.notibras.com\/site\/?p=363642"},"modified":"2025-09-09T05:19:16","modified_gmt":"2025-09-09T08:19:16","slug":"entre-o-oraculo-e-a-lanca-de-leonidas-o-rei-guerreiro","status":"publish","type":"post","link":"https:\/\/www.notibras.com\/site\/entre-o-oraculo-e-a-lanca-de-leonidas-o-rei-guerreiro\/","title":{"rendered":"Entre o Or\u00e1culo e a lan\u00e7a de Le\u00f4nidas, o rei guerreiro"},"content":{"rendered":"<p data-start=\"152\" data-end=\"464\">Diz-se que os deuses falam em sussurros, mas os homens, ansiosos por destino, transformam-nos em gritos. Em Delfos, entre colunas brancas e sombras de incenso, o or\u00e1culo estendia v\u00e9us de palavras enigm\u00e1ticas. Cada s\u00edlaba era como uma pedra lan\u00e7ada no lago da Hist\u00f3ria, cujas ondas repercutiriam s\u00e9culos depois.<\/p>\n<p data-start=\"466\" data-end=\"747\">Foi ali que Le\u00f4nidas, filho de Esparta, buscou a claridade em meio \u00e0s n\u00e9voas. A sacerdotisa, olhos cobertos pela fuma\u00e7a da pitonisa, advertiu: <em data-start=\"609\" data-end=\"654\">\u201c\u00d3 rei, tua gl\u00f3ria ser\u00e1 breve, mas eterna.\u201d<\/em> O eco dessas palavras n\u00e3o se perdeu no m\u00e1rmore. Gravou-se em sua alma como ferro em brasa.<\/p>\n<p data-start=\"749\" data-end=\"1115\">E ent\u00e3o, quando o trov\u00e3o persa se ergueu sobre as montanhas, Le\u00f4nidas n\u00e3o vacilou. Conduziu trezentos guerreiros \u00e0 estreita garganta das Term\u00f3pilas. N\u00e3o marchavam apenas homens de carne, mas espectros da profecia, arrastados pelo fio invis\u00edvel dos deuses. Cada escudo erguido era resposta a uma voz ancestral; cada espada desembainhada, cumprimento de um des\u00edgnio.<\/p>\n<p data-start=\"1117\" data-end=\"1301\">Ali, entre rochedos e mares, o destino se dobrou ao misticismo: a derrota tornou-se vit\u00f3ria eterna. Pois os or\u00e1culos n\u00e3o prometem triunfos f\u00e1ceis, apenas a imortalidade da lembran\u00e7a.<\/p>\n<p data-start=\"1303\" data-end=\"1471\">Le\u00f4nidas tombou, sim, mas n\u00e3o caiu. Permanece, como os enigmas de Delfos, entre os que vivem e os que sonham. Esparta se fez sil\u00eancio, e no sil\u00eancio ergueu-se o mito.<\/p>\n<p data-start=\"1473\" data-end=\"1618\">Talvez seja esse o segredo dos or\u00e1culos: n\u00e3o falar do futuro, mas ensinar aos homens que certas mortes s\u00e3o mais luminosas do que qualquer vida.<\/p>\n","protected":false},"excerpt":{"rendered":"<p>Diz-se que os deuses falam em sussurros, mas os homens, ansiosos por destino, transformam-nos em gritos. Em Delfos, entre colunas brancas e sombras de incenso, o or\u00e1culo estendia v\u00e9us de palavras enigm\u00e1ticas. Cada s\u00edlaba era como uma pedra lan\u00e7ada no lago da Hist\u00f3ria, cujas ondas repercutiriam s\u00e9culos depois. Foi ali que Le\u00f4nidas, filho de Esparta, [&hellip;]<\/p>\n","protected":false},"author":2,"featured_media":363643,"comment_status":"closed","ping_status":"closed","sticky":false,"template":"","format":"standard","meta":{"_acf_changed":false,"footnotes":""},"categories":[237],"tags":[],"class_list":["post-363642","post","type-post","status-publish","format-standard","has-post-thumbnail","hentry","category-oraculos"],"acf":[],"yoast_head":"<!-- This site is optimized with the Yoast SEO plugin v27.2 - https:\/\/yoast.com\/product\/yoast-seo-wordpress\/ -->\n<title>Entre o Or\u00e1culo e a lan\u00e7a de Le\u00f4nidas, o rei guerreiro - Notibras<\/title>\n<meta name=\"robots\" content=\"index, follow, max-snippet:-1, max-image-preview:large, max-video-preview:-1\" \/>\n<link rel=\"canonical\" href=\"https:\/\/www.notibras.com\/site\/entre-o-oraculo-e-a-lanca-de-leonidas-o-rei-guerreiro\/\" \/>\n<meta property=\"og:locale\" content=\"pt_BR\" \/>\n<meta property=\"og:type\" content=\"article\" \/>\n<meta property=\"og:title\" content=\"Entre o Or\u00e1culo e a lan\u00e7a de Le\u00f4nidas, o rei guerreiro - Notibras\" \/>\n<meta property=\"og:description\" content=\"Diz-se que os deuses falam em sussurros, mas os homens, ansiosos por destino, transformam-nos em gritos. Em Delfos, entre colunas brancas e sombras de incenso, o or\u00e1culo estendia v\u00e9us de palavras enigm\u00e1ticas. Cada s\u00edlaba era como uma pedra lan\u00e7ada no lago da Hist\u00f3ria, cujas ondas repercutiriam s\u00e9culos depois. Foi ali que Le\u00f4nidas, filho de Esparta, [&hellip;]\" \/>\n<meta property=\"og:url\" content=\"https:\/\/www.notibras.com\/site\/entre-o-oraculo-e-a-lanca-de-leonidas-o-rei-guerreiro\/\" \/>\n<meta property=\"og:site_name\" content=\"Notibras\" \/>\n<meta property=\"article:publisher\" content=\"https:\/\/www.facebook.com\/notibras\/\" \/>\n<meta property=\"article:published_time\" content=\"2025-09-09T08:19:16+00:00\" \/>\n<meta property=\"og:image\" content=\"https:\/\/www.notibras.com\/site\/wp-content\/uploads\/2025\/09\/rei_leonidas_800x600.png\" \/>\n\t<meta property=\"og:image:width\" content=\"800\" \/>\n\t<meta property=\"og:image:height\" content=\"600\" \/>\n\t<meta property=\"og:image:type\" content=\"image\/png\" \/>\n<meta name=\"author\" content=\"Reda\u00e7\u00e3o\" \/>\n<meta name=\"twitter:card\" content=\"summary_large_image\" \/>\n<meta name=\"twitter:creator\" content=\"@Notibras\" \/>\n<meta name=\"twitter:site\" content=\"@Notibras\" \/>\n<meta name=\"twitter:label1\" content=\"Escrito por\" \/>\n\t<meta name=\"twitter:data1\" content=\"Reda\u00e7\u00e3o\" \/>\n\t<meta name=\"twitter:label2\" content=\"Est. tempo de leitura\" \/>\n\t<meta name=\"twitter:data2\" content=\"2 minutos\" \/>\n<script type=\"application\/ld+json\" class=\"yoast-schema-graph\">{\"@context\":\"https:\/\/schema.org\",\"@graph\":[{\"@type\":\"Article\",\"@id\":\"https:\/\/www.notibras.com\/site\/entre-o-oraculo-e-a-lanca-de-leonidas-o-rei-guerreiro\/#article\",\"isPartOf\":{\"@id\":\"https:\/\/www.notibras.com\/site\/entre-o-oraculo-e-a-lanca-de-leonidas-o-rei-guerreiro\/\"},\"author\":{\"name\":\"Reda\u00e7\u00e3o\",\"@id\":\"https:\/\/www.notibras.com\/site\/#\/schema\/person\/36ab0979449956132d3e5b517ea76ac8\"},\"headline\":\"Entre o Or\u00e1culo e a lan\u00e7a de Le\u00f4nidas, o rei guerreiro\",\"datePublished\":\"2025-09-09T08:19:16+00:00\",\"mainEntityOfPage\":{\"@id\":\"https:\/\/www.notibras.com\/site\/entre-o-oraculo-e-a-lanca-de-leonidas-o-rei-guerreiro\/\"},\"wordCount\":278,\"publisher\":{\"@id\":\"https:\/\/www.notibras.com\/site\/#organization\"},\"image\":{\"@id\":\"https:\/\/www.notibras.com\/site\/entre-o-oraculo-e-a-lanca-de-leonidas-o-rei-guerreiro\/#primaryimage\"},\"thumbnailUrl\":\"https:\/\/www.notibras.com\/site\/wp-content\/uploads\/2025\/09\/rei_leonidas_800x600.png\",\"articleSection\":[\"Or\u00e1culos\"],\"inLanguage\":\"pt-BR\"},{\"@type\":\"WebPage\",\"@id\":\"https:\/\/www.notibras.com\/site\/entre-o-oraculo-e-a-lanca-de-leonidas-o-rei-guerreiro\/\",\"url\":\"https:\/\/www.notibras.com\/site\/entre-o-oraculo-e-a-lanca-de-leonidas-o-rei-guerreiro\/\",\"name\":\"Entre o Or\u00e1culo e a lan\u00e7a de Le\u00f4nidas, o rei guerreiro - Notibras\",\"isPartOf\":{\"@id\":\"https:\/\/www.notibras.com\/site\/#website\"},\"primaryImageOfPage\":{\"@id\":\"https:\/\/www.notibras.com\/site\/entre-o-oraculo-e-a-lanca-de-leonidas-o-rei-guerreiro\/#primaryimage\"},\"image\":{\"@id\":\"https:\/\/www.notibras.com\/site\/entre-o-oraculo-e-a-lanca-de-leonidas-o-rei-guerreiro\/#primaryimage\"},\"thumbnailUrl\":\"https:\/\/www.notibras.com\/site\/wp-content\/uploads\/2025\/09\/rei_leonidas_800x600.png\",\"datePublished\":\"2025-09-09T08:19:16+00:00\",\"breadcrumb\":{\"@id\":\"https:\/\/www.notibras.com\/site\/entre-o-oraculo-e-a-lanca-de-leonidas-o-rei-guerreiro\/#breadcrumb\"},\"inLanguage\":\"pt-BR\",\"potentialAction\":[{\"@type\":\"ReadAction\",\"target\":[\"https:\/\/www.notibras.com\/site\/entre-o-oraculo-e-a-lanca-de-leonidas-o-rei-guerreiro\/\"]}]},{\"@type\":\"ImageObject\",\"inLanguage\":\"pt-BR\",\"@id\":\"https:\/\/www.notibras.com\/site\/entre-o-oraculo-e-a-lanca-de-leonidas-o-rei-guerreiro\/#primaryimage\",\"url\":\"https:\/\/www.notibras.com\/site\/wp-content\/uploads\/2025\/09\/rei_leonidas_800x600.png\",\"contentUrl\":\"https:\/\/www.notibras.com\/site\/wp-content\/uploads\/2025\/09\/rei_leonidas_800x600.png\",\"width\":800,\"height\":600},{\"@type\":\"BreadcrumbList\",\"@id\":\"https:\/\/www.notibras.com\/site\/entre-o-oraculo-e-a-lanca-de-leonidas-o-rei-guerreiro\/#breadcrumb\",\"itemListElement\":[{\"@type\":\"ListItem\",\"position\":1,\"name\":\"In\u00edcio\",\"item\":\"https:\/\/www.notibras.com\/site\/\"},{\"@type\":\"ListItem\",\"position\":2,\"name\":\"Entre o Or\u00e1culo e a lan\u00e7a de Le\u00f4nidas, o rei guerreiro\"}]},{\"@type\":\"WebSite\",\"@id\":\"https:\/\/www.notibras.com\/site\/#website\",\"url\":\"https:\/\/www.notibras.com\/site\/\",\"name\":\"Notibras\",\"description\":\"Not\u00edcias de Bras\u00edlia, do Brasil e do Mundo\",\"publisher\":{\"@id\":\"https:\/\/www.notibras.com\/site\/#organization\"},\"potentialAction\":[{\"@type\":\"SearchAction\",\"target\":{\"@type\":\"EntryPoint\",\"urlTemplate\":\"https:\/\/www.notibras.com\/site\/?s={search_term_string}\"},\"query-input\":{\"@type\":\"PropertyValueSpecification\",\"valueRequired\":true,\"valueName\":\"search_term_string\"}}],\"inLanguage\":\"pt-BR\"},{\"@type\":\"Organization\",\"@id\":\"https:\/\/www.notibras.com\/site\/#organization\",\"name\":\"Grupo Notibras de Comunica\u00e7\u00e3o\",\"url\":\"https:\/\/www.notibras.com\/site\/\",\"logo\":{\"@type\":\"ImageObject\",\"inLanguage\":\"pt-BR\",\"@id\":\"https:\/\/www.notibras.com\/site\/#\/schema\/logo\/image\/\",\"url\":\"https:\/\/www.notibras.com\/site\/wp-content\/uploads\/2023\/01\/notibras23.png\",\"contentUrl\":\"https:\/\/www.notibras.com\/site\/wp-content\/uploads\/2023\/01\/notibras23.png\",\"width\":350,\"height\":87,\"caption\":\"Grupo Notibras de Comunica\u00e7\u00e3o\"},\"image\":{\"@id\":\"https:\/\/www.notibras.com\/site\/#\/schema\/logo\/image\/\"},\"sameAs\":[\"https:\/\/www.facebook.com\/notibras\/\",\"https:\/\/x.com\/Notibras\",\"https:\/\/www.instagram.com\/notibras\/\"]},{\"@type\":\"Person\",\"@id\":\"https:\/\/www.notibras.com\/site\/#\/schema\/person\/36ab0979449956132d3e5b517ea76ac8\",\"name\":\"Reda\u00e7\u00e3o\",\"image\":{\"@type\":\"ImageObject\",\"inLanguage\":\"pt-BR\",\"@id\":\"https:\/\/secure.gravatar.com\/avatar\/e0a867bdedb85fd243eadf09663511f96fc81e0720a4a42581f334ad4303aa6b?s=96&d=mm&r=g\",\"url\":\"https:\/\/secure.gravatar.com\/avatar\/e0a867bdedb85fd243eadf09663511f96fc81e0720a4a42581f334ad4303aa6b?s=96&d=mm&r=g\",\"contentUrl\":\"https:\/\/secure.gravatar.com\/avatar\/e0a867bdedb85fd243eadf09663511f96fc81e0720a4a42581f334ad4303aa6b?s=96&d=mm&r=g\",\"caption\":\"Reda\u00e7\u00e3o\"}}]}<\/script>\n<!-- \/ Yoast SEO plugin. -->","yoast_head_json":{"title":"Entre o Or\u00e1culo e a lan\u00e7a de Le\u00f4nidas, o rei guerreiro - Notibras","robots":{"index":"index","follow":"follow","max-snippet":"max-snippet:-1","max-image-preview":"max-image-preview:large","max-video-preview":"max-video-preview:-1"},"canonical":"https:\/\/www.notibras.com\/site\/entre-o-oraculo-e-a-lanca-de-leonidas-o-rei-guerreiro\/","og_locale":"pt_BR","og_type":"article","og_title":"Entre o Or\u00e1culo e a lan\u00e7a de Le\u00f4nidas, o rei guerreiro - Notibras","og_description":"Diz-se que os deuses falam em sussurros, mas os homens, ansiosos por destino, transformam-nos em gritos. Em Delfos, entre colunas brancas e sombras de incenso, o or\u00e1culo estendia v\u00e9us de palavras enigm\u00e1ticas. Cada s\u00edlaba era como uma pedra lan\u00e7ada no lago da Hist\u00f3ria, cujas ondas repercutiriam s\u00e9culos depois. Foi ali que Le\u00f4nidas, filho de Esparta, [&hellip;]","og_url":"https:\/\/www.notibras.com\/site\/entre-o-oraculo-e-a-lanca-de-leonidas-o-rei-guerreiro\/","og_site_name":"Notibras","article_publisher":"https:\/\/www.facebook.com\/notibras\/","article_published_time":"2025-09-09T08:19:16+00:00","og_image":[{"width":800,"height":600,"url":"https:\/\/www.notibras.com\/site\/wp-content\/uploads\/2025\/09\/rei_leonidas_800x600.png","type":"image\/png"}],"author":"Reda\u00e7\u00e3o","twitter_card":"summary_large_image","twitter_creator":"@Notibras","twitter_site":"@Notibras","twitter_misc":{"Escrito por":"Reda\u00e7\u00e3o","Est. tempo de leitura":"2 minutos"},"schema":{"@context":"https:\/\/schema.org","@graph":[{"@type":"Article","@id":"https:\/\/www.notibras.com\/site\/entre-o-oraculo-e-a-lanca-de-leonidas-o-rei-guerreiro\/#article","isPartOf":{"@id":"https:\/\/www.notibras.com\/site\/entre-o-oraculo-e-a-lanca-de-leonidas-o-rei-guerreiro\/"},"author":{"name":"Reda\u00e7\u00e3o","@id":"https:\/\/www.notibras.com\/site\/#\/schema\/person\/36ab0979449956132d3e5b517ea76ac8"},"headline":"Entre o Or\u00e1culo e a lan\u00e7a de Le\u00f4nidas, o rei guerreiro","datePublished":"2025-09-09T08:19:16+00:00","mainEntityOfPage":{"@id":"https:\/\/www.notibras.com\/site\/entre-o-oraculo-e-a-lanca-de-leonidas-o-rei-guerreiro\/"},"wordCount":278,"publisher":{"@id":"https:\/\/www.notibras.com\/site\/#organization"},"image":{"@id":"https:\/\/www.notibras.com\/site\/entre-o-oraculo-e-a-lanca-de-leonidas-o-rei-guerreiro\/#primaryimage"},"thumbnailUrl":"https:\/\/www.notibras.com\/site\/wp-content\/uploads\/2025\/09\/rei_leonidas_800x600.png","articleSection":["Or\u00e1culos"],"inLanguage":"pt-BR"},{"@type":"WebPage","@id":"https:\/\/www.notibras.com\/site\/entre-o-oraculo-e-a-lanca-de-leonidas-o-rei-guerreiro\/","url":"https:\/\/www.notibras.com\/site\/entre-o-oraculo-e-a-lanca-de-leonidas-o-rei-guerreiro\/","name":"Entre o Or\u00e1culo e a lan\u00e7a de Le\u00f4nidas, o rei guerreiro - Notibras","isPartOf":{"@id":"https:\/\/www.notibras.com\/site\/#website"},"primaryImageOfPage":{"@id":"https:\/\/www.notibras.com\/site\/entre-o-oraculo-e-a-lanca-de-leonidas-o-rei-guerreiro\/#primaryimage"},"image":{"@id":"https:\/\/www.notibras.com\/site\/entre-o-oraculo-e-a-lanca-de-leonidas-o-rei-guerreiro\/#primaryimage"},"thumbnailUrl":"https:\/\/www.notibras.com\/site\/wp-content\/uploads\/2025\/09\/rei_leonidas_800x600.png","datePublished":"2025-09-09T08:19:16+00:00","breadcrumb":{"@id":"https:\/\/www.notibras.com\/site\/entre-o-oraculo-e-a-lanca-de-leonidas-o-rei-guerreiro\/#breadcrumb"},"inLanguage":"pt-BR","potentialAction":[{"@type":"ReadAction","target":["https:\/\/www.notibras.com\/site\/entre-o-oraculo-e-a-lanca-de-leonidas-o-rei-guerreiro\/"]}]},{"@type":"ImageObject","inLanguage":"pt-BR","@id":"https:\/\/www.notibras.com\/site\/entre-o-oraculo-e-a-lanca-de-leonidas-o-rei-guerreiro\/#primaryimage","url":"https:\/\/www.notibras.com\/site\/wp-content\/uploads\/2025\/09\/rei_leonidas_800x600.png","contentUrl":"https:\/\/www.notibras.com\/site\/wp-content\/uploads\/2025\/09\/rei_leonidas_800x600.png","width":800,"height":600},{"@type":"BreadcrumbList","@id":"https:\/\/www.notibras.com\/site\/entre-o-oraculo-e-a-lanca-de-leonidas-o-rei-guerreiro\/#breadcrumb","itemListElement":[{"@type":"ListItem","position":1,"name":"In\u00edcio","item":"https:\/\/www.notibras.com\/site\/"},{"@type":"ListItem","position":2,"name":"Entre o Or\u00e1culo e a lan\u00e7a de Le\u00f4nidas, o rei guerreiro"}]},{"@type":"WebSite","@id":"https:\/\/www.notibras.com\/site\/#website","url":"https:\/\/www.notibras.com\/site\/","name":"Notibras","description":"Not\u00edcias de Bras\u00edlia, do Brasil e do Mundo","publisher":{"@id":"https:\/\/www.notibras.com\/site\/#organization"},"potentialAction":[{"@type":"SearchAction","target":{"@type":"EntryPoint","urlTemplate":"https:\/\/www.notibras.com\/site\/?s={search_term_string}"},"query-input":{"@type":"PropertyValueSpecification","valueRequired":true,"valueName":"search_term_string"}}],"inLanguage":"pt-BR"},{"@type":"Organization","@id":"https:\/\/www.notibras.com\/site\/#organization","name":"Grupo Notibras de Comunica\u00e7\u00e3o","url":"https:\/\/www.notibras.com\/site\/","logo":{"@type":"ImageObject","inLanguage":"pt-BR","@id":"https:\/\/www.notibras.com\/site\/#\/schema\/logo\/image\/","url":"https:\/\/www.notibras.com\/site\/wp-content\/uploads\/2023\/01\/notibras23.png","contentUrl":"https:\/\/www.notibras.com\/site\/wp-content\/uploads\/2023\/01\/notibras23.png","width":350,"height":87,"caption":"Grupo Notibras de Comunica\u00e7\u00e3o"},"image":{"@id":"https:\/\/www.notibras.com\/site\/#\/schema\/logo\/image\/"},"sameAs":["https:\/\/www.facebook.com\/notibras\/","https:\/\/x.com\/Notibras","https:\/\/www.instagram.com\/notibras\/"]},{"@type":"Person","@id":"https:\/\/www.notibras.com\/site\/#\/schema\/person\/36ab0979449956132d3e5b517ea76ac8","name":"Reda\u00e7\u00e3o","image":{"@type":"ImageObject","inLanguage":"pt-BR","@id":"https:\/\/secure.gravatar.com\/avatar\/e0a867bdedb85fd243eadf09663511f96fc81e0720a4a42581f334ad4303aa6b?s=96&d=mm&r=g","url":"https:\/\/secure.gravatar.com\/avatar\/e0a867bdedb85fd243eadf09663511f96fc81e0720a4a42581f334ad4303aa6b?s=96&d=mm&r=g","contentUrl":"https:\/\/secure.gravatar.com\/avatar\/e0a867bdedb85fd243eadf09663511f96fc81e0720a4a42581f334ad4303aa6b?s=96&d=mm&r=g","caption":"Reda\u00e7\u00e3o"}}]}},"amp_enabled":true,"_links":{"self":[{"href":"https:\/\/www.notibras.com\/site\/wp-json\/wp\/v2\/posts\/363642","targetHints":{"allow":["GET"]}}],"collection":[{"href":"https:\/\/www.notibras.com\/site\/wp-json\/wp\/v2\/posts"}],"about":[{"href":"https:\/\/www.notibras.com\/site\/wp-json\/wp\/v2\/types\/post"}],"author":[{"embeddable":true,"href":"https:\/\/www.notibras.com\/site\/wp-json\/wp\/v2\/users\/2"}],"replies":[{"embeddable":true,"href":"https:\/\/www.notibras.com\/site\/wp-json\/wp\/v2\/comments?post=363642"}],"version-history":[{"count":1,"href":"https:\/\/www.notibras.com\/site\/wp-json\/wp\/v2\/posts\/363642\/revisions"}],"predecessor-version":[{"id":363644,"href":"https:\/\/www.notibras.com\/site\/wp-json\/wp\/v2\/posts\/363642\/revisions\/363644"}],"wp:featuredmedia":[{"embeddable":true,"href":"https:\/\/www.notibras.com\/site\/wp-json\/wp\/v2\/media\/363643"}],"wp:attachment":[{"href":"https:\/\/www.notibras.com\/site\/wp-json\/wp\/v2\/media?parent=363642"}],"wp:term":[{"taxonomy":"category","embeddable":true,"href":"https:\/\/www.notibras.com\/site\/wp-json\/wp\/v2\/categories?post=363642"},{"taxonomy":"post_tag","embeddable":true,"href":"https:\/\/www.notibras.com\/site\/wp-json\/wp\/v2\/tags?post=363642"}],"curies":[{"name":"wp","href":"https:\/\/api.w.org\/{rel}","templated":true}]}}