{"id":363661,"date":"2025-09-09T06:25:02","date_gmt":"2025-09-09T09:25:02","guid":{"rendered":"https:\/\/www.notibras.com\/site\/?p=363661"},"modified":"2025-09-09T06:25:02","modified_gmt":"2025-09-09T09:25:02","slug":"a-magia-dos-numeros-no-nove-do-9-de-setembro","status":"publish","type":"post","link":"https:\/\/www.notibras.com\/site\/a-magia-dos-numeros-no-nove-do-9-de-setembro\/","title":{"rendered":"A Magia dos N\u00fameros no nove do 9 de Setembro"},"content":{"rendered":"<p>A Numerologia \u00e9 um conhecimento cujas ra\u00edzes se perdem no recuo do tempo. \u00c9 uma ci\u00eancia que estuda e demonstra a influ\u00eancia dos algarismos em nossas vidas e a \u00edntima conex\u00e3o entre tr\u00eas entidades sagradas: Homem-N\u00famero-Cosmo. No Livro de Thot do Antigo Egito as divindades representam os princ\u00edpios universais; estes se expressam por meio de s\u00edmbolos, os s\u00edmbolos s\u00e3o interpretados por n\u00fameros, e os n\u00fameros traduzem as ideias e a Cria\u00e7\u00e3o. O consagrado Axioma de Pit\u00e1goras \u201cDeus Geometriza\u201d, remete \u00e0 Cria\u00e7\u00e3o Divina com precis\u00e3o matem\u00e1tica nos corpos universais, na vida e em tudo que existe no C\u00e9u e na Terra.<\/p>\n<p>A numerologia \u00e9 uma das mais antigas ci\u00eancias simb\u00f3licas, reconhecida como a linguagem universal dos n\u00fameros, praticada desde a Antiguidade por tradi\u00e7\u00f5es pitag\u00f3ricas, cabal\u00edsticas e herm\u00e9ticas. Sua premissa fundamental \u00e9 a de que os n\u00fameros n\u00e3o apenas medem a realidade, mas tamb\u00e9m expressam qualidades espirituais e arquet\u00edpicas. Do ponto de vista astrol\u00f3gico e esot\u00e9rico, os n\u00fameros refletem ritmos c\u00f3smicos, influ\u00eancias planet\u00e1rias e ciclos de vida, constituindo-se em chaves de interpreta\u00e7\u00e3o tanto para o destino humano quanto para o funcionamento do universo.<\/p>\n<p>O ano corrente de 2025 \u00e9 reduzido ao n\u00famero 9 (2+0+2+5). O 9 \u00e9 impregnado das vibra\u00e7\u00f5es de Marte, um planeta din\u00e2mico, guerreiro e feroz que provoca tens\u00f5es e conflitos. Ligado ao signos de \u00c1ries e Escorpi\u00e3o; o 9 representa a destrui\u00e7\u00e3o e renova\u00e7\u00e3o, o \u201csolve et coagula\u201d na linguagem alqu\u00edmica.<\/p>\n<p>A data 9 de setembro de 2025 corresponde ao n\u00famero 992025, e, quando reduzido (9+9+2+0+2+5), resulta em 27, que, por sua vez, se reduz a 9 (2+7). O nove, portanto, \u00e9 o n\u00famero raiz, s\u00edmbolo do fechamento de ciclos e in\u00edcio de novos caminhos. Segundo Pit\u00e1goras, o 9 \u00e9 \u201co n\u00famero da inicia\u00e7\u00e3o e do retorno \u00e0 unidade\u201d. Pode ser interpretado como o fim do come\u00e7o ou o come\u00e7o do fim.<\/p>\n<p>O dia 9 de setembro de 2025 apresenta uma poderosa repeti\u00e7\u00e3o do n\u00famero nove (9\/9\/9), intensificando suas qualidades. Em numerologia, datas com repeti\u00e7\u00f5es num\u00e9ricas s\u00e3o consideradas portais energ\u00e9ticos, momentos em que as vibra\u00e7\u00f5es se amplificam. Assim, nesse dia 9 de setembro, os cuidados devem ser redobrados, pois a mudan\u00e7a que se divisa pode causar danos e traumas irrevers\u00edveis, tanto nas rela\u00e7\u00f5es entre pa\u00edses, como nos jogos de poder, e nas pessoas, pois os \u00e2nimos est\u00e3o exaltados e propensos a rupturas.<\/p>\n<p>O 9 pode tamb\u00e9m manifestar-se como excesso de idealismo, isolamento e melancolia. Em termos k\u00e1rmicos, o n\u00famero aponta para o desapego e o perd\u00e3o. No Tarot, o 9 corresponde ao Hermit\u00e3o, arcano relacionado \u00e0 experi\u00eancia, sabedoria, recolhimento, medita\u00e7\u00e3o, busca da verdade, equil\u00edbrio. Est\u00e1 associado a Marte em \u00c1ries \u2013 coragem, firmeza, esp\u00edrito de luta, mas possibilidade de precipita\u00e7\u00e3o. Por isso mesmo, n\u00e3o \u00e9 um arcano de muitas esperan\u00e7as. O seu axioma \u00e9: \u201cSobe o monte e contempla a terra prometida, mas n\u00e3o te digo que por\u00e1s os p\u00e9s nela\u201d. Vale uma reflex\u00e3o.<\/p>\n<p>Para os menos avisados, cabe uma orienta\u00e7\u00e3o numerol\u00f3gica. O Mapa das Vibra\u00e7\u00f5es atende tanto \u00e0 pessoa f\u00edsica como \u00e0s empresas, de modo a harmonizar o Ser, reduzir os preju\u00edzos da empresa e otimizar os lucros. O trabalho de assessoria abrange o perfil da pessoa, incluindo os tra\u00e7os do car\u00e1ter, da personalidade, poss\u00edveis mudan\u00e7as no nome, an\u00e1lise de compatibilidade em relacionamentos e as expectativas do destino. A supress\u00e3o ou acr\u00e9scimo de uma ou mais letras do nome pode tanto atrair fatores favor\u00e1veis, como e eliminar os desfavor\u00e1veis. A data de nascimento e o dia do anivers\u00e1rio delineiam a Estrada da Vida a ser percorrida, assim como as vibra\u00e7\u00f5es do Ano Pessoal.<\/p>\n<p>Um exemplo cl\u00e1ssico na altera\u00e7\u00e3o do nome da pessoa \u00e9 o caso da cantora ANITTA, grafado com dois Ts, que corresponde ao n\u00famero \u201c11\u201d, ideias, ideais, mas tamb\u00e9m instabilidade. Por outro lado, ANITA, com um T, quando somadas as letras e reduzidas a um s\u00f3 algarismo , tem como resultado o n\u00famero 9. Mas, tudo \u00e9 uma quest\u00e3o de gosto.<\/p>\n<p>&#8230;&#8230;&#8230;&#8230;&#8230;&#8230;&#8230;&#8230;&#8230;&#8230;<\/p>\n<p><strong>Giovanni Seabra \u2013 Numer\u00f3logo e Gr\u00e3o-Mestre do Col\u00e9gio dos Magos e Sacerdotisas<\/strong><br \/>\n<strong>@giovanniseabra.esoterico<\/strong><\/p>\n","protected":false},"excerpt":{"rendered":"<p>A Numerologia \u00e9 um conhecimento cujas ra\u00edzes se perdem no recuo do tempo. \u00c9 uma ci\u00eancia que estuda e demonstra a influ\u00eancia dos algarismos em nossas vidas e a \u00edntima conex\u00e3o entre tr\u00eas entidades sagradas: Homem-N\u00famero-Cosmo. No Livro de Thot do Antigo Egito as divindades representam os princ\u00edpios universais; estes se expressam por meio de [&hellip;]<\/p>\n","protected":false},"author":2,"featured_media":363662,"comment_status":"closed","ping_status":"closed","sticky":false,"template":"","format":"standard","meta":{"_acf_changed":false,"footnotes":""},"categories":[237],"tags":[],"class_list":["post-363661","post","type-post","status-publish","format-standard","has-post-thumbnail","hentry","category-oraculos"],"acf":[],"yoast_head":"<!-- This site is optimized with the Yoast SEO plugin v27.2 - https:\/\/yoast.com\/product\/yoast-seo-wordpress\/ -->\n<title>A Magia dos N\u00fameros no nove do 9 de Setembro - Notibras<\/title>\n<meta name=\"robots\" content=\"index, follow, max-snippet:-1, max-image-preview:large, max-video-preview:-1\" \/>\n<link rel=\"canonical\" href=\"https:\/\/www.notibras.com\/site\/a-magia-dos-numeros-no-nove-do-9-de-setembro\/\" \/>\n<meta property=\"og:locale\" content=\"pt_BR\" \/>\n<meta property=\"og:type\" content=\"article\" \/>\n<meta property=\"og:title\" content=\"A Magia dos N\u00fameros no nove do 9 de Setembro - Notibras\" \/>\n<meta property=\"og:description\" content=\"A Numerologia \u00e9 um conhecimento cujas ra\u00edzes se perdem no recuo do tempo. \u00c9 uma ci\u00eancia que estuda e demonstra a influ\u00eancia dos algarismos em nossas vidas e a \u00edntima conex\u00e3o entre tr\u00eas entidades sagradas: Homem-N\u00famero-Cosmo. No Livro de Thot do Antigo Egito as divindades representam os princ\u00edpios universais; estes se expressam por meio de [&hellip;]\" \/>\n<meta property=\"og:url\" content=\"https:\/\/www.notibras.com\/site\/a-magia-dos-numeros-no-nove-do-9-de-setembro\/\" \/>\n<meta property=\"og:site_name\" content=\"Notibras\" \/>\n<meta property=\"article:publisher\" content=\"https:\/\/www.facebook.com\/notibras\/\" \/>\n<meta property=\"article:published_time\" content=\"2025-09-09T09:25:02+00:00\" \/>\n<meta property=\"og:image\" content=\"https:\/\/www.notibras.com\/site\/wp-content\/uploads\/2025\/09\/abf725a0-6ff0-4def-9086-c67f36e0f8e5-1.jpg\" \/>\n\t<meta property=\"og:image:width\" content=\"1024\" \/>\n\t<meta property=\"og:image:height\" content=\"1024\" \/>\n\t<meta property=\"og:image:type\" content=\"image\/jpeg\" \/>\n<meta name=\"author\" content=\"Reda\u00e7\u00e3o\" \/>\n<meta name=\"twitter:card\" content=\"summary_large_image\" \/>\n<meta name=\"twitter:creator\" content=\"@Notibras\" \/>\n<meta name=\"twitter:site\" content=\"@Notibras\" \/>\n<meta name=\"twitter:label1\" content=\"Escrito por\" \/>\n\t<meta name=\"twitter:data1\" content=\"Reda\u00e7\u00e3o\" \/>\n\t<meta name=\"twitter:label2\" content=\"Est. tempo de leitura\" \/>\n\t<meta name=\"twitter:data2\" content=\"4 minutos\" \/>\n<script type=\"application\/ld+json\" class=\"yoast-schema-graph\">{\"@context\":\"https:\/\/schema.org\",\"@graph\":[{\"@type\":\"Article\",\"@id\":\"https:\/\/www.notibras.com\/site\/a-magia-dos-numeros-no-nove-do-9-de-setembro\/#article\",\"isPartOf\":{\"@id\":\"https:\/\/www.notibras.com\/site\/a-magia-dos-numeros-no-nove-do-9-de-setembro\/\"},\"author\":{\"name\":\"Reda\u00e7\u00e3o\",\"@id\":\"https:\/\/www.notibras.com\/site\/#\/schema\/person\/36ab0979449956132d3e5b517ea76ac8\"},\"headline\":\"A Magia dos N\u00fameros no nove do 9 de Setembro\",\"datePublished\":\"2025-09-09T09:25:02+00:00\",\"mainEntityOfPage\":{\"@id\":\"https:\/\/www.notibras.com\/site\/a-magia-dos-numeros-no-nove-do-9-de-setembro\/\"},\"wordCount\":735,\"publisher\":{\"@id\":\"https:\/\/www.notibras.com\/site\/#organization\"},\"image\":{\"@id\":\"https:\/\/www.notibras.com\/site\/a-magia-dos-numeros-no-nove-do-9-de-setembro\/#primaryimage\"},\"thumbnailUrl\":\"https:\/\/www.notibras.com\/site\/wp-content\/uploads\/2025\/09\/abf725a0-6ff0-4def-9086-c67f36e0f8e5-1.jpg\",\"articleSection\":[\"Or\u00e1culos\"],\"inLanguage\":\"pt-BR\"},{\"@type\":\"WebPage\",\"@id\":\"https:\/\/www.notibras.com\/site\/a-magia-dos-numeros-no-nove-do-9-de-setembro\/\",\"url\":\"https:\/\/www.notibras.com\/site\/a-magia-dos-numeros-no-nove-do-9-de-setembro\/\",\"name\":\"A Magia dos N\u00fameros no nove do 9 de Setembro - Notibras\",\"isPartOf\":{\"@id\":\"https:\/\/www.notibras.com\/site\/#website\"},\"primaryImageOfPage\":{\"@id\":\"https:\/\/www.notibras.com\/site\/a-magia-dos-numeros-no-nove-do-9-de-setembro\/#primaryimage\"},\"image\":{\"@id\":\"https:\/\/www.notibras.com\/site\/a-magia-dos-numeros-no-nove-do-9-de-setembro\/#primaryimage\"},\"thumbnailUrl\":\"https:\/\/www.notibras.com\/site\/wp-content\/uploads\/2025\/09\/abf725a0-6ff0-4def-9086-c67f36e0f8e5-1.jpg\",\"datePublished\":\"2025-09-09T09:25:02+00:00\",\"breadcrumb\":{\"@id\":\"https:\/\/www.notibras.com\/site\/a-magia-dos-numeros-no-nove-do-9-de-setembro\/#breadcrumb\"},\"inLanguage\":\"pt-BR\",\"potentialAction\":[{\"@type\":\"ReadAction\",\"target\":[\"https:\/\/www.notibras.com\/site\/a-magia-dos-numeros-no-nove-do-9-de-setembro\/\"]}]},{\"@type\":\"ImageObject\",\"inLanguage\":\"pt-BR\",\"@id\":\"https:\/\/www.notibras.com\/site\/a-magia-dos-numeros-no-nove-do-9-de-setembro\/#primaryimage\",\"url\":\"https:\/\/www.notibras.com\/site\/wp-content\/uploads\/2025\/09\/abf725a0-6ff0-4def-9086-c67f36e0f8e5-1.jpg\",\"contentUrl\":\"https:\/\/www.notibras.com\/site\/wp-content\/uploads\/2025\/09\/abf725a0-6ff0-4def-9086-c67f36e0f8e5-1.jpg\",\"width\":1024,\"height\":1024},{\"@type\":\"BreadcrumbList\",\"@id\":\"https:\/\/www.notibras.com\/site\/a-magia-dos-numeros-no-nove-do-9-de-setembro\/#breadcrumb\",\"itemListElement\":[{\"@type\":\"ListItem\",\"position\":1,\"name\":\"In\u00edcio\",\"item\":\"https:\/\/www.notibras.com\/site\/\"},{\"@type\":\"ListItem\",\"position\":2,\"name\":\"A Magia dos N\u00fameros no nove do 9 de Setembro\"}]},{\"@type\":\"WebSite\",\"@id\":\"https:\/\/www.notibras.com\/site\/#website\",\"url\":\"https:\/\/www.notibras.com\/site\/\",\"name\":\"Notibras\",\"description\":\"Not\u00edcias de Bras\u00edlia, do Brasil e do Mundo\",\"publisher\":{\"@id\":\"https:\/\/www.notibras.com\/site\/#organization\"},\"potentialAction\":[{\"@type\":\"SearchAction\",\"target\":{\"@type\":\"EntryPoint\",\"urlTemplate\":\"https:\/\/www.notibras.com\/site\/?s={search_term_string}\"},\"query-input\":{\"@type\":\"PropertyValueSpecification\",\"valueRequired\":true,\"valueName\":\"search_term_string\"}}],\"inLanguage\":\"pt-BR\"},{\"@type\":\"Organization\",\"@id\":\"https:\/\/www.notibras.com\/site\/#organization\",\"name\":\"Grupo Notibras de Comunica\u00e7\u00e3o\",\"url\":\"https:\/\/www.notibras.com\/site\/\",\"logo\":{\"@type\":\"ImageObject\",\"inLanguage\":\"pt-BR\",\"@id\":\"https:\/\/www.notibras.com\/site\/#\/schema\/logo\/image\/\",\"url\":\"https:\/\/www.notibras.com\/site\/wp-content\/uploads\/2023\/01\/notibras23.png\",\"contentUrl\":\"https:\/\/www.notibras.com\/site\/wp-content\/uploads\/2023\/01\/notibras23.png\",\"width\":350,\"height\":87,\"caption\":\"Grupo Notibras de Comunica\u00e7\u00e3o\"},\"image\":{\"@id\":\"https:\/\/www.notibras.com\/site\/#\/schema\/logo\/image\/\"},\"sameAs\":[\"https:\/\/www.facebook.com\/notibras\/\",\"https:\/\/x.com\/Notibras\",\"https:\/\/www.instagram.com\/notibras\/\"]},{\"@type\":\"Person\",\"@id\":\"https:\/\/www.notibras.com\/site\/#\/schema\/person\/36ab0979449956132d3e5b517ea76ac8\",\"name\":\"Reda\u00e7\u00e3o\",\"image\":{\"@type\":\"ImageObject\",\"inLanguage\":\"pt-BR\",\"@id\":\"https:\/\/secure.gravatar.com\/avatar\/e0a867bdedb85fd243eadf09663511f96fc81e0720a4a42581f334ad4303aa6b?s=96&d=mm&r=g\",\"url\":\"https:\/\/secure.gravatar.com\/avatar\/e0a867bdedb85fd243eadf09663511f96fc81e0720a4a42581f334ad4303aa6b?s=96&d=mm&r=g\",\"contentUrl\":\"https:\/\/secure.gravatar.com\/avatar\/e0a867bdedb85fd243eadf09663511f96fc81e0720a4a42581f334ad4303aa6b?s=96&d=mm&r=g\",\"caption\":\"Reda\u00e7\u00e3o\"}}]}<\/script>\n<!-- \/ Yoast SEO plugin. -->","yoast_head_json":{"title":"A Magia dos N\u00fameros no nove do 9 de Setembro - Notibras","robots":{"index":"index","follow":"follow","max-snippet":"max-snippet:-1","max-image-preview":"max-image-preview:large","max-video-preview":"max-video-preview:-1"},"canonical":"https:\/\/www.notibras.com\/site\/a-magia-dos-numeros-no-nove-do-9-de-setembro\/","og_locale":"pt_BR","og_type":"article","og_title":"A Magia dos N\u00fameros no nove do 9 de Setembro - Notibras","og_description":"A Numerologia \u00e9 um conhecimento cujas ra\u00edzes se perdem no recuo do tempo. \u00c9 uma ci\u00eancia que estuda e demonstra a influ\u00eancia dos algarismos em nossas vidas e a \u00edntima conex\u00e3o entre tr\u00eas entidades sagradas: Homem-N\u00famero-Cosmo. No Livro de Thot do Antigo Egito as divindades representam os princ\u00edpios universais; estes se expressam por meio de [&hellip;]","og_url":"https:\/\/www.notibras.com\/site\/a-magia-dos-numeros-no-nove-do-9-de-setembro\/","og_site_name":"Notibras","article_publisher":"https:\/\/www.facebook.com\/notibras\/","article_published_time":"2025-09-09T09:25:02+00:00","og_image":[{"width":1024,"height":1024,"url":"https:\/\/www.notibras.com\/site\/wp-content\/uploads\/2025\/09\/abf725a0-6ff0-4def-9086-c67f36e0f8e5-1.jpg","type":"image\/jpeg"}],"author":"Reda\u00e7\u00e3o","twitter_card":"summary_large_image","twitter_creator":"@Notibras","twitter_site":"@Notibras","twitter_misc":{"Escrito por":"Reda\u00e7\u00e3o","Est. tempo de leitura":"4 minutos"},"schema":{"@context":"https:\/\/schema.org","@graph":[{"@type":"Article","@id":"https:\/\/www.notibras.com\/site\/a-magia-dos-numeros-no-nove-do-9-de-setembro\/#article","isPartOf":{"@id":"https:\/\/www.notibras.com\/site\/a-magia-dos-numeros-no-nove-do-9-de-setembro\/"},"author":{"name":"Reda\u00e7\u00e3o","@id":"https:\/\/www.notibras.com\/site\/#\/schema\/person\/36ab0979449956132d3e5b517ea76ac8"},"headline":"A Magia dos N\u00fameros no nove do 9 de Setembro","datePublished":"2025-09-09T09:25:02+00:00","mainEntityOfPage":{"@id":"https:\/\/www.notibras.com\/site\/a-magia-dos-numeros-no-nove-do-9-de-setembro\/"},"wordCount":735,"publisher":{"@id":"https:\/\/www.notibras.com\/site\/#organization"},"image":{"@id":"https:\/\/www.notibras.com\/site\/a-magia-dos-numeros-no-nove-do-9-de-setembro\/#primaryimage"},"thumbnailUrl":"https:\/\/www.notibras.com\/site\/wp-content\/uploads\/2025\/09\/abf725a0-6ff0-4def-9086-c67f36e0f8e5-1.jpg","articleSection":["Or\u00e1culos"],"inLanguage":"pt-BR"},{"@type":"WebPage","@id":"https:\/\/www.notibras.com\/site\/a-magia-dos-numeros-no-nove-do-9-de-setembro\/","url":"https:\/\/www.notibras.com\/site\/a-magia-dos-numeros-no-nove-do-9-de-setembro\/","name":"A Magia dos N\u00fameros no nove do 9 de Setembro - Notibras","isPartOf":{"@id":"https:\/\/www.notibras.com\/site\/#website"},"primaryImageOfPage":{"@id":"https:\/\/www.notibras.com\/site\/a-magia-dos-numeros-no-nove-do-9-de-setembro\/#primaryimage"},"image":{"@id":"https:\/\/www.notibras.com\/site\/a-magia-dos-numeros-no-nove-do-9-de-setembro\/#primaryimage"},"thumbnailUrl":"https:\/\/www.notibras.com\/site\/wp-content\/uploads\/2025\/09\/abf725a0-6ff0-4def-9086-c67f36e0f8e5-1.jpg","datePublished":"2025-09-09T09:25:02+00:00","breadcrumb":{"@id":"https:\/\/www.notibras.com\/site\/a-magia-dos-numeros-no-nove-do-9-de-setembro\/#breadcrumb"},"inLanguage":"pt-BR","potentialAction":[{"@type":"ReadAction","target":["https:\/\/www.notibras.com\/site\/a-magia-dos-numeros-no-nove-do-9-de-setembro\/"]}]},{"@type":"ImageObject","inLanguage":"pt-BR","@id":"https:\/\/www.notibras.com\/site\/a-magia-dos-numeros-no-nove-do-9-de-setembro\/#primaryimage","url":"https:\/\/www.notibras.com\/site\/wp-content\/uploads\/2025\/09\/abf725a0-6ff0-4def-9086-c67f36e0f8e5-1.jpg","contentUrl":"https:\/\/www.notibras.com\/site\/wp-content\/uploads\/2025\/09\/abf725a0-6ff0-4def-9086-c67f36e0f8e5-1.jpg","width":1024,"height":1024},{"@type":"BreadcrumbList","@id":"https:\/\/www.notibras.com\/site\/a-magia-dos-numeros-no-nove-do-9-de-setembro\/#breadcrumb","itemListElement":[{"@type":"ListItem","position":1,"name":"In\u00edcio","item":"https:\/\/www.notibras.com\/site\/"},{"@type":"ListItem","position":2,"name":"A Magia dos N\u00fameros no nove do 9 de Setembro"}]},{"@type":"WebSite","@id":"https:\/\/www.notibras.com\/site\/#website","url":"https:\/\/www.notibras.com\/site\/","name":"Notibras","description":"Not\u00edcias de Bras\u00edlia, do Brasil e do Mundo","publisher":{"@id":"https:\/\/www.notibras.com\/site\/#organization"},"potentialAction":[{"@type":"SearchAction","target":{"@type":"EntryPoint","urlTemplate":"https:\/\/www.notibras.com\/site\/?s={search_term_string}"},"query-input":{"@type":"PropertyValueSpecification","valueRequired":true,"valueName":"search_term_string"}}],"inLanguage":"pt-BR"},{"@type":"Organization","@id":"https:\/\/www.notibras.com\/site\/#organization","name":"Grupo Notibras de Comunica\u00e7\u00e3o","url":"https:\/\/www.notibras.com\/site\/","logo":{"@type":"ImageObject","inLanguage":"pt-BR","@id":"https:\/\/www.notibras.com\/site\/#\/schema\/logo\/image\/","url":"https:\/\/www.notibras.com\/site\/wp-content\/uploads\/2023\/01\/notibras23.png","contentUrl":"https:\/\/www.notibras.com\/site\/wp-content\/uploads\/2023\/01\/notibras23.png","width":350,"height":87,"caption":"Grupo Notibras de Comunica\u00e7\u00e3o"},"image":{"@id":"https:\/\/www.notibras.com\/site\/#\/schema\/logo\/image\/"},"sameAs":["https:\/\/www.facebook.com\/notibras\/","https:\/\/x.com\/Notibras","https:\/\/www.instagram.com\/notibras\/"]},{"@type":"Person","@id":"https:\/\/www.notibras.com\/site\/#\/schema\/person\/36ab0979449956132d3e5b517ea76ac8","name":"Reda\u00e7\u00e3o","image":{"@type":"ImageObject","inLanguage":"pt-BR","@id":"https:\/\/secure.gravatar.com\/avatar\/e0a867bdedb85fd243eadf09663511f96fc81e0720a4a42581f334ad4303aa6b?s=96&d=mm&r=g","url":"https:\/\/secure.gravatar.com\/avatar\/e0a867bdedb85fd243eadf09663511f96fc81e0720a4a42581f334ad4303aa6b?s=96&d=mm&r=g","contentUrl":"https:\/\/secure.gravatar.com\/avatar\/e0a867bdedb85fd243eadf09663511f96fc81e0720a4a42581f334ad4303aa6b?s=96&d=mm&r=g","caption":"Reda\u00e7\u00e3o"}}]}},"amp_enabled":true,"_links":{"self":[{"href":"https:\/\/www.notibras.com\/site\/wp-json\/wp\/v2\/posts\/363661","targetHints":{"allow":["GET"]}}],"collection":[{"href":"https:\/\/www.notibras.com\/site\/wp-json\/wp\/v2\/posts"}],"about":[{"href":"https:\/\/www.notibras.com\/site\/wp-json\/wp\/v2\/types\/post"}],"author":[{"embeddable":true,"href":"https:\/\/www.notibras.com\/site\/wp-json\/wp\/v2\/users\/2"}],"replies":[{"embeddable":true,"href":"https:\/\/www.notibras.com\/site\/wp-json\/wp\/v2\/comments?post=363661"}],"version-history":[{"count":1,"href":"https:\/\/www.notibras.com\/site\/wp-json\/wp\/v2\/posts\/363661\/revisions"}],"predecessor-version":[{"id":363663,"href":"https:\/\/www.notibras.com\/site\/wp-json\/wp\/v2\/posts\/363661\/revisions\/363663"}],"wp:featuredmedia":[{"embeddable":true,"href":"https:\/\/www.notibras.com\/site\/wp-json\/wp\/v2\/media\/363662"}],"wp:attachment":[{"href":"https:\/\/www.notibras.com\/site\/wp-json\/wp\/v2\/media?parent=363661"}],"wp:term":[{"taxonomy":"category","embeddable":true,"href":"https:\/\/www.notibras.com\/site\/wp-json\/wp\/v2\/categories?post=363661"},{"taxonomy":"post_tag","embeddable":true,"href":"https:\/\/www.notibras.com\/site\/wp-json\/wp\/v2\/tags?post=363661"}],"curies":[{"name":"wp","href":"https:\/\/api.w.org\/{rel}","templated":true}]}}