{"id":363708,"date":"2025-09-09T11:52:18","date_gmt":"2025-09-09T14:52:18","guid":{"rendered":"https:\/\/www.notibras.com\/site\/?p=363708"},"modified":"2025-09-09T13:05:48","modified_gmt":"2025-09-09T16:05:48","slug":"israel-faz-ataque-inedito-ao-catar-contra-o-hamas","status":"publish","type":"post","link":"https:\/\/www.notibras.com\/site\/israel-faz-ataque-inedito-ao-catar-contra-o-hamas\/","title":{"rendered":"Israel faz ataque in\u00e9dito ao Catar contra o Hamas"},"content":{"rendered":"<div class=\"article__header\">\n<div class=\"article__announce-text\">\n<p>As For\u00e7as de Defesa de Israel (IDF), juntamente com a organiza\u00e7\u00e3o de intelig\u00eancia Shin Bet (Shabak), realizaram ataques contra altos funcion\u00e1rios do Hamas, de acordo com o servi\u00e7o de imprensa do ex\u00e9rcito.<\/p>\n<p>\u201cAs IDF e o Shabak, usando a For\u00e7a A\u00e9rea, conduziram recentemente um ataque direcionado \u00e0 alta lideran\u00e7a da organiza\u00e7\u00e3o Hamas\u201d, disse o comunicado militar. Os locais espec\u00edficos dos ataques n\u00e3o foram divulgados.<\/p>\n<p><strong>O que se sabe<\/strong><br \/>\nExplos\u00e3o ocorreu em Doha, no Catar, durante as negocia\u00e7\u00f5es com a delega\u00e7\u00e3o do Hamas sobre a \u00faltima proposta dos EUA para a tr\u00e9gua em Gaza.<\/p>\n<p>O chefe do Hamas na Faixa de Gaza, al-Hayya, juntamente com outros tr\u00eas membros da lideran\u00e7a do movimento, foram mortos no ataque em Doha, informou a Al Arabiya.<\/p>\n<p>Israel teria informado os EUA sobre os ataques aos l\u00edderes do Hamas no Catar.<\/p>\n<p>O Catar tamb\u00e9m foi notificado antes dos ataques, diz Israel Hayom.<\/p>\n<p>No entanto, o Minist\u00e9rio das Rela\u00e7\u00f5es Exteriores do Catar condenou veementemente os ataques de Israel a edif\u00edcios residenciais em Doha.<\/p>\n<p>Membros da delega\u00e7\u00e3o do Hamas liderada pelo l\u00edder do movimento na Faixa de Gaza, Khalil al-Hayya, sobreviveram aos ataques israelenses em Doha, relata a Al-Jazeera, citando uma fonte da lideran\u00e7a do Hamas.<\/p>\n<p>As negocia\u00e7\u00f5es entre mediadores na Faixa de Gaza no Catar foram suspensas ap\u00f3s um ataque a\u00e9reo israelense, informou a emissora Al Arabiya na ter\u00e7a-feira, citando fontes.<\/p>\n<\/div>\n<\/div>\n","protected":false},"excerpt":{"rendered":"<p>As For\u00e7as de Defesa de Israel (IDF), juntamente com a organiza\u00e7\u00e3o de intelig\u00eancia Shin Bet (Shabak), realizaram ataques contra altos funcion\u00e1rios do Hamas, de acordo com o servi\u00e7o de imprensa do ex\u00e9rcito. \u201cAs IDF e o Shabak, usando a For\u00e7a A\u00e9rea, conduziram recentemente um ataque direcionado \u00e0 alta lideran\u00e7a da organiza\u00e7\u00e3o Hamas\u201d, disse o comunicado [&hellip;]<\/p>\n","protected":false},"author":2,"featured_media":363709,"comment_status":"closed","ping_status":"closed","sticky":false,"template":"","format":"standard","meta":{"_acf_changed":false,"footnotes":""},"categories":[159],"tags":[95],"class_list":["post-363708","post","type-post","status-publish","format-standard","has-post-thumbnail","hentry","category-apocalipse","tag-capa"],"acf":[],"yoast_head":"<!-- This site is optimized with the Yoast SEO plugin v27.2 - https:\/\/yoast.com\/product\/yoast-seo-wordpress\/ -->\n<title>Israel faz ataque in\u00e9dito ao Catar contra o Hamas - Notibras<\/title>\n<meta name=\"robots\" content=\"index, follow, max-snippet:-1, max-image-preview:large, max-video-preview:-1\" \/>\n<link rel=\"canonical\" href=\"https:\/\/www.notibras.com\/site\/israel-faz-ataque-inedito-ao-catar-contra-o-hamas\/\" \/>\n<meta property=\"og:locale\" content=\"pt_BR\" \/>\n<meta property=\"og:type\" content=\"article\" \/>\n<meta property=\"og:title\" content=\"Israel faz ataque in\u00e9dito ao Catar contra o Hamas - Notibras\" \/>\n<meta property=\"og:description\" content=\"As For\u00e7as de Defesa de Israel (IDF), juntamente com a organiza\u00e7\u00e3o de intelig\u00eancia Shin Bet (Shabak), realizaram ataques contra altos funcion\u00e1rios do Hamas, de acordo com o servi\u00e7o de imprensa do ex\u00e9rcito. \u201cAs IDF e o Shabak, usando a For\u00e7a A\u00e9rea, conduziram recentemente um ataque direcionado \u00e0 alta lideran\u00e7a da organiza\u00e7\u00e3o Hamas\u201d, disse o comunicado [&hellip;]\" \/>\n<meta property=\"og:url\" content=\"https:\/\/www.notibras.com\/site\/israel-faz-ataque-inedito-ao-catar-contra-o-hamas\/\" \/>\n<meta property=\"og:site_name\" content=\"Notibras\" \/>\n<meta property=\"article:publisher\" content=\"https:\/\/www.facebook.com\/notibras\/\" \/>\n<meta property=\"article:published_time\" content=\"2025-09-09T14:52:18+00:00\" \/>\n<meta property=\"article:modified_time\" content=\"2025-09-09T16:05:48+00:00\" \/>\n<meta property=\"og:image\" content=\"https:\/\/www.notibras.com\/site\/wp-content\/uploads\/2025\/09\/1122322188_0_160_3072_1888_1920x0_80_0_0_8be0ca50eb4437d5ac319cb4bd9debf3.jpg.webp\" \/>\n\t<meta property=\"og:image:width\" content=\"1920\" \/>\n\t<meta property=\"og:image:height\" content=\"1080\" \/>\n\t<meta property=\"og:image:type\" content=\"image\/webp\" \/>\n<meta name=\"author\" content=\"Reda\u00e7\u00e3o\" \/>\n<meta name=\"twitter:card\" content=\"summary_large_image\" \/>\n<meta name=\"twitter:creator\" content=\"@Notibras\" \/>\n<meta name=\"twitter:site\" content=\"@Notibras\" \/>\n<meta name=\"twitter:label1\" content=\"Escrito por\" \/>\n\t<meta name=\"twitter:data1\" content=\"Reda\u00e7\u00e3o\" \/>\n\t<meta name=\"twitter:label2\" content=\"Est. tempo de leitura\" \/>\n\t<meta name=\"twitter:data2\" content=\"2 minutos\" \/>\n<script type=\"application\/ld+json\" class=\"yoast-schema-graph\">{\"@context\":\"https:\/\/schema.org\",\"@graph\":[{\"@type\":\"Article\",\"@id\":\"https:\/\/www.notibras.com\/site\/israel-faz-ataque-inedito-ao-catar-contra-o-hamas\/#article\",\"isPartOf\":{\"@id\":\"https:\/\/www.notibras.com\/site\/israel-faz-ataque-inedito-ao-catar-contra-o-hamas\/\"},\"author\":{\"name\":\"Reda\u00e7\u00e3o\",\"@id\":\"https:\/\/www.notibras.com\/site\/#\/schema\/person\/36ab0979449956132d3e5b517ea76ac8\"},\"headline\":\"Israel faz ataque in\u00e9dito ao Catar contra o Hamas\",\"datePublished\":\"2025-09-09T14:52:18+00:00\",\"dateModified\":\"2025-09-09T16:05:48+00:00\",\"mainEntityOfPage\":{\"@id\":\"https:\/\/www.notibras.com\/site\/israel-faz-ataque-inedito-ao-catar-contra-o-hamas\/\"},\"wordCount\":263,\"publisher\":{\"@id\":\"https:\/\/www.notibras.com\/site\/#organization\"},\"image\":{\"@id\":\"https:\/\/www.notibras.com\/site\/israel-faz-ataque-inedito-ao-catar-contra-o-hamas\/#primaryimage\"},\"thumbnailUrl\":\"https:\/\/www.notibras.com\/site\/wp-content\/uploads\/2025\/09\/1122322188_0_160_3072_1888_1920x0_80_0_0_8be0ca50eb4437d5ac319cb4bd9debf3.jpg.webp\",\"keywords\":[\"capa\"],\"articleSection\":[\"Apocalipse\"],\"inLanguage\":\"pt-BR\"},{\"@type\":\"WebPage\",\"@id\":\"https:\/\/www.notibras.com\/site\/israel-faz-ataque-inedito-ao-catar-contra-o-hamas\/\",\"url\":\"https:\/\/www.notibras.com\/site\/israel-faz-ataque-inedito-ao-catar-contra-o-hamas\/\",\"name\":\"Israel faz ataque in\u00e9dito ao Catar contra o Hamas - Notibras\",\"isPartOf\":{\"@id\":\"https:\/\/www.notibras.com\/site\/#website\"},\"primaryImageOfPage\":{\"@id\":\"https:\/\/www.notibras.com\/site\/israel-faz-ataque-inedito-ao-catar-contra-o-hamas\/#primaryimage\"},\"image\":{\"@id\":\"https:\/\/www.notibras.com\/site\/israel-faz-ataque-inedito-ao-catar-contra-o-hamas\/#primaryimage\"},\"thumbnailUrl\":\"https:\/\/www.notibras.com\/site\/wp-content\/uploads\/2025\/09\/1122322188_0_160_3072_1888_1920x0_80_0_0_8be0ca50eb4437d5ac319cb4bd9debf3.jpg.webp\",\"datePublished\":\"2025-09-09T14:52:18+00:00\",\"dateModified\":\"2025-09-09T16:05:48+00:00\",\"breadcrumb\":{\"@id\":\"https:\/\/www.notibras.com\/site\/israel-faz-ataque-inedito-ao-catar-contra-o-hamas\/#breadcrumb\"},\"inLanguage\":\"pt-BR\",\"potentialAction\":[{\"@type\":\"ReadAction\",\"target\":[\"https:\/\/www.notibras.com\/site\/israel-faz-ataque-inedito-ao-catar-contra-o-hamas\/\"]}]},{\"@type\":\"ImageObject\",\"inLanguage\":\"pt-BR\",\"@id\":\"https:\/\/www.notibras.com\/site\/israel-faz-ataque-inedito-ao-catar-contra-o-hamas\/#primaryimage\",\"url\":\"https:\/\/www.notibras.com\/site\/wp-content\/uploads\/2025\/09\/1122322188_0_160_3072_1888_1920x0_80_0_0_8be0ca50eb4437d5ac319cb4bd9debf3.jpg.webp\",\"contentUrl\":\"https:\/\/www.notibras.com\/site\/wp-content\/uploads\/2025\/09\/1122322188_0_160_3072_1888_1920x0_80_0_0_8be0ca50eb4437d5ac319cb4bd9debf3.jpg.webp\",\"width\":1920,\"height\":1080},{\"@type\":\"BreadcrumbList\",\"@id\":\"https:\/\/www.notibras.com\/site\/israel-faz-ataque-inedito-ao-catar-contra-o-hamas\/#breadcrumb\",\"itemListElement\":[{\"@type\":\"ListItem\",\"position\":1,\"name\":\"In\u00edcio\",\"item\":\"https:\/\/www.notibras.com\/site\/\"},{\"@type\":\"ListItem\",\"position\":2,\"name\":\"Israel faz ataque in\u00e9dito ao Catar contra o Hamas\"}]},{\"@type\":\"WebSite\",\"@id\":\"https:\/\/www.notibras.com\/site\/#website\",\"url\":\"https:\/\/www.notibras.com\/site\/\",\"name\":\"Notibras\",\"description\":\"Not\u00edcias de Bras\u00edlia, do Brasil e do Mundo\",\"publisher\":{\"@id\":\"https:\/\/www.notibras.com\/site\/#organization\"},\"potentialAction\":[{\"@type\":\"SearchAction\",\"target\":{\"@type\":\"EntryPoint\",\"urlTemplate\":\"https:\/\/www.notibras.com\/site\/?s={search_term_string}\"},\"query-input\":{\"@type\":\"PropertyValueSpecification\",\"valueRequired\":true,\"valueName\":\"search_term_string\"}}],\"inLanguage\":\"pt-BR\"},{\"@type\":\"Organization\",\"@id\":\"https:\/\/www.notibras.com\/site\/#organization\",\"name\":\"Grupo Notibras de Comunica\u00e7\u00e3o\",\"url\":\"https:\/\/www.notibras.com\/site\/\",\"logo\":{\"@type\":\"ImageObject\",\"inLanguage\":\"pt-BR\",\"@id\":\"https:\/\/www.notibras.com\/site\/#\/schema\/logo\/image\/\",\"url\":\"https:\/\/www.notibras.com\/site\/wp-content\/uploads\/2023\/01\/notibras23.png\",\"contentUrl\":\"https:\/\/www.notibras.com\/site\/wp-content\/uploads\/2023\/01\/notibras23.png\",\"width\":350,\"height\":87,\"caption\":\"Grupo Notibras de Comunica\u00e7\u00e3o\"},\"image\":{\"@id\":\"https:\/\/www.notibras.com\/site\/#\/schema\/logo\/image\/\"},\"sameAs\":[\"https:\/\/www.facebook.com\/notibras\/\",\"https:\/\/x.com\/Notibras\",\"https:\/\/www.instagram.com\/notibras\/\"]},{\"@type\":\"Person\",\"@id\":\"https:\/\/www.notibras.com\/site\/#\/schema\/person\/36ab0979449956132d3e5b517ea76ac8\",\"name\":\"Reda\u00e7\u00e3o\",\"image\":{\"@type\":\"ImageObject\",\"inLanguage\":\"pt-BR\",\"@id\":\"https:\/\/secure.gravatar.com\/avatar\/e0a867bdedb85fd243eadf09663511f96fc81e0720a4a42581f334ad4303aa6b?s=96&d=mm&r=g\",\"url\":\"https:\/\/secure.gravatar.com\/avatar\/e0a867bdedb85fd243eadf09663511f96fc81e0720a4a42581f334ad4303aa6b?s=96&d=mm&r=g\",\"contentUrl\":\"https:\/\/secure.gravatar.com\/avatar\/e0a867bdedb85fd243eadf09663511f96fc81e0720a4a42581f334ad4303aa6b?s=96&d=mm&r=g\",\"caption\":\"Reda\u00e7\u00e3o\"}}]}<\/script>\n<!-- \/ Yoast SEO plugin. -->","yoast_head_json":{"title":"Israel faz ataque in\u00e9dito ao Catar contra o Hamas - Notibras","robots":{"index":"index","follow":"follow","max-snippet":"max-snippet:-1","max-image-preview":"max-image-preview:large","max-video-preview":"max-video-preview:-1"},"canonical":"https:\/\/www.notibras.com\/site\/israel-faz-ataque-inedito-ao-catar-contra-o-hamas\/","og_locale":"pt_BR","og_type":"article","og_title":"Israel faz ataque in\u00e9dito ao Catar contra o Hamas - Notibras","og_description":"As For\u00e7as de Defesa de Israel (IDF), juntamente com a organiza\u00e7\u00e3o de intelig\u00eancia Shin Bet (Shabak), realizaram ataques contra altos funcion\u00e1rios do Hamas, de acordo com o servi\u00e7o de imprensa do ex\u00e9rcito. \u201cAs IDF e o Shabak, usando a For\u00e7a A\u00e9rea, conduziram recentemente um ataque direcionado \u00e0 alta lideran\u00e7a da organiza\u00e7\u00e3o Hamas\u201d, disse o comunicado [&hellip;]","og_url":"https:\/\/www.notibras.com\/site\/israel-faz-ataque-inedito-ao-catar-contra-o-hamas\/","og_site_name":"Notibras","article_publisher":"https:\/\/www.facebook.com\/notibras\/","article_published_time":"2025-09-09T14:52:18+00:00","article_modified_time":"2025-09-09T16:05:48+00:00","og_image":[{"width":1920,"height":1080,"url":"https:\/\/www.notibras.com\/site\/wp-content\/uploads\/2025\/09\/1122322188_0_160_3072_1888_1920x0_80_0_0_8be0ca50eb4437d5ac319cb4bd9debf3.jpg.webp","type":"image\/webp"}],"author":"Reda\u00e7\u00e3o","twitter_card":"summary_large_image","twitter_creator":"@Notibras","twitter_site":"@Notibras","twitter_misc":{"Escrito por":"Reda\u00e7\u00e3o","Est. tempo de leitura":"2 minutos"},"schema":{"@context":"https:\/\/schema.org","@graph":[{"@type":"Article","@id":"https:\/\/www.notibras.com\/site\/israel-faz-ataque-inedito-ao-catar-contra-o-hamas\/#article","isPartOf":{"@id":"https:\/\/www.notibras.com\/site\/israel-faz-ataque-inedito-ao-catar-contra-o-hamas\/"},"author":{"name":"Reda\u00e7\u00e3o","@id":"https:\/\/www.notibras.com\/site\/#\/schema\/person\/36ab0979449956132d3e5b517ea76ac8"},"headline":"Israel faz ataque in\u00e9dito ao Catar contra o Hamas","datePublished":"2025-09-09T14:52:18+00:00","dateModified":"2025-09-09T16:05:48+00:00","mainEntityOfPage":{"@id":"https:\/\/www.notibras.com\/site\/israel-faz-ataque-inedito-ao-catar-contra-o-hamas\/"},"wordCount":263,"publisher":{"@id":"https:\/\/www.notibras.com\/site\/#organization"},"image":{"@id":"https:\/\/www.notibras.com\/site\/israel-faz-ataque-inedito-ao-catar-contra-o-hamas\/#primaryimage"},"thumbnailUrl":"https:\/\/www.notibras.com\/site\/wp-content\/uploads\/2025\/09\/1122322188_0_160_3072_1888_1920x0_80_0_0_8be0ca50eb4437d5ac319cb4bd9debf3.jpg.webp","keywords":["capa"],"articleSection":["Apocalipse"],"inLanguage":"pt-BR"},{"@type":"WebPage","@id":"https:\/\/www.notibras.com\/site\/israel-faz-ataque-inedito-ao-catar-contra-o-hamas\/","url":"https:\/\/www.notibras.com\/site\/israel-faz-ataque-inedito-ao-catar-contra-o-hamas\/","name":"Israel faz ataque in\u00e9dito ao Catar contra o Hamas - Notibras","isPartOf":{"@id":"https:\/\/www.notibras.com\/site\/#website"},"primaryImageOfPage":{"@id":"https:\/\/www.notibras.com\/site\/israel-faz-ataque-inedito-ao-catar-contra-o-hamas\/#primaryimage"},"image":{"@id":"https:\/\/www.notibras.com\/site\/israel-faz-ataque-inedito-ao-catar-contra-o-hamas\/#primaryimage"},"thumbnailUrl":"https:\/\/www.notibras.com\/site\/wp-content\/uploads\/2025\/09\/1122322188_0_160_3072_1888_1920x0_80_0_0_8be0ca50eb4437d5ac319cb4bd9debf3.jpg.webp","datePublished":"2025-09-09T14:52:18+00:00","dateModified":"2025-09-09T16:05:48+00:00","breadcrumb":{"@id":"https:\/\/www.notibras.com\/site\/israel-faz-ataque-inedito-ao-catar-contra-o-hamas\/#breadcrumb"},"inLanguage":"pt-BR","potentialAction":[{"@type":"ReadAction","target":["https:\/\/www.notibras.com\/site\/israel-faz-ataque-inedito-ao-catar-contra-o-hamas\/"]}]},{"@type":"ImageObject","inLanguage":"pt-BR","@id":"https:\/\/www.notibras.com\/site\/israel-faz-ataque-inedito-ao-catar-contra-o-hamas\/#primaryimage","url":"https:\/\/www.notibras.com\/site\/wp-content\/uploads\/2025\/09\/1122322188_0_160_3072_1888_1920x0_80_0_0_8be0ca50eb4437d5ac319cb4bd9debf3.jpg.webp","contentUrl":"https:\/\/www.notibras.com\/site\/wp-content\/uploads\/2025\/09\/1122322188_0_160_3072_1888_1920x0_80_0_0_8be0ca50eb4437d5ac319cb4bd9debf3.jpg.webp","width":1920,"height":1080},{"@type":"BreadcrumbList","@id":"https:\/\/www.notibras.com\/site\/israel-faz-ataque-inedito-ao-catar-contra-o-hamas\/#breadcrumb","itemListElement":[{"@type":"ListItem","position":1,"name":"In\u00edcio","item":"https:\/\/www.notibras.com\/site\/"},{"@type":"ListItem","position":2,"name":"Israel faz ataque in\u00e9dito ao Catar contra o Hamas"}]},{"@type":"WebSite","@id":"https:\/\/www.notibras.com\/site\/#website","url":"https:\/\/www.notibras.com\/site\/","name":"Notibras","description":"Not\u00edcias de Bras\u00edlia, do Brasil e do Mundo","publisher":{"@id":"https:\/\/www.notibras.com\/site\/#organization"},"potentialAction":[{"@type":"SearchAction","target":{"@type":"EntryPoint","urlTemplate":"https:\/\/www.notibras.com\/site\/?s={search_term_string}"},"query-input":{"@type":"PropertyValueSpecification","valueRequired":true,"valueName":"search_term_string"}}],"inLanguage":"pt-BR"},{"@type":"Organization","@id":"https:\/\/www.notibras.com\/site\/#organization","name":"Grupo Notibras de Comunica\u00e7\u00e3o","url":"https:\/\/www.notibras.com\/site\/","logo":{"@type":"ImageObject","inLanguage":"pt-BR","@id":"https:\/\/www.notibras.com\/site\/#\/schema\/logo\/image\/","url":"https:\/\/www.notibras.com\/site\/wp-content\/uploads\/2023\/01\/notibras23.png","contentUrl":"https:\/\/www.notibras.com\/site\/wp-content\/uploads\/2023\/01\/notibras23.png","width":350,"height":87,"caption":"Grupo Notibras de Comunica\u00e7\u00e3o"},"image":{"@id":"https:\/\/www.notibras.com\/site\/#\/schema\/logo\/image\/"},"sameAs":["https:\/\/www.facebook.com\/notibras\/","https:\/\/x.com\/Notibras","https:\/\/www.instagram.com\/notibras\/"]},{"@type":"Person","@id":"https:\/\/www.notibras.com\/site\/#\/schema\/person\/36ab0979449956132d3e5b517ea76ac8","name":"Reda\u00e7\u00e3o","image":{"@type":"ImageObject","inLanguage":"pt-BR","@id":"https:\/\/secure.gravatar.com\/avatar\/e0a867bdedb85fd243eadf09663511f96fc81e0720a4a42581f334ad4303aa6b?s=96&d=mm&r=g","url":"https:\/\/secure.gravatar.com\/avatar\/e0a867bdedb85fd243eadf09663511f96fc81e0720a4a42581f334ad4303aa6b?s=96&d=mm&r=g","contentUrl":"https:\/\/secure.gravatar.com\/avatar\/e0a867bdedb85fd243eadf09663511f96fc81e0720a4a42581f334ad4303aa6b?s=96&d=mm&r=g","caption":"Reda\u00e7\u00e3o"}}]}},"amp_enabled":true,"_links":{"self":[{"href":"https:\/\/www.notibras.com\/site\/wp-json\/wp\/v2\/posts\/363708","targetHints":{"allow":["GET"]}}],"collection":[{"href":"https:\/\/www.notibras.com\/site\/wp-json\/wp\/v2\/posts"}],"about":[{"href":"https:\/\/www.notibras.com\/site\/wp-json\/wp\/v2\/types\/post"}],"author":[{"embeddable":true,"href":"https:\/\/www.notibras.com\/site\/wp-json\/wp\/v2\/users\/2"}],"replies":[{"embeddable":true,"href":"https:\/\/www.notibras.com\/site\/wp-json\/wp\/v2\/comments?post=363708"}],"version-history":[{"count":8,"href":"https:\/\/www.notibras.com\/site\/wp-json\/wp\/v2\/posts\/363708\/revisions"}],"predecessor-version":[{"id":363717,"href":"https:\/\/www.notibras.com\/site\/wp-json\/wp\/v2\/posts\/363708\/revisions\/363717"}],"wp:featuredmedia":[{"embeddable":true,"href":"https:\/\/www.notibras.com\/site\/wp-json\/wp\/v2\/media\/363709"}],"wp:attachment":[{"href":"https:\/\/www.notibras.com\/site\/wp-json\/wp\/v2\/media?parent=363708"}],"wp:term":[{"taxonomy":"category","embeddable":true,"href":"https:\/\/www.notibras.com\/site\/wp-json\/wp\/v2\/categories?post=363708"},{"taxonomy":"post_tag","embeddable":true,"href":"https:\/\/www.notibras.com\/site\/wp-json\/wp\/v2\/tags?post=363708"}],"curies":[{"name":"wp","href":"https:\/\/api.w.org\/{rel}","templated":true}]}}