{"id":363897,"date":"2025-09-10T08:34:36","date_gmt":"2025-09-10T11:34:36","guid":{"rendered":"https:\/\/www.notibras.com\/site\/?p=363897"},"modified":"2025-09-10T08:35:46","modified_gmt":"2025-09-10T11:35:46","slug":"mundo-cai-de-pau-em-israel-apos-ataque-bestial-a-dirigentes-do-hamas","status":"publish","type":"post","link":"https:\/\/www.notibras.com\/site\/mundo-cai-de-pau-em-israel-apos-ataque-bestial-a-dirigentes-do-hamas\/","title":{"rendered":"Mundo cai de pau em Israel ap\u00f3s ataque bestial a dirigentes do Hamas"},"content":{"rendered":"<p>O Conselho de Coopera\u00e7\u00e3o do Golfo (CCG) se solidariza com o Catar e apoiar\u00e1 qualquer resposta ap\u00f3s os ataques israelenses em Doha, disse o secret\u00e1rio-geral do CCG, Jasem Albudaiwi. &#8220;Os estados do Conselho expressam total solidariedade ao Estado do Catar e apoiam quaisquer medidas que ele tome&#8221;, disse.<\/p>\n<p>Na ter\u00e7a-feira, as For\u00e7as de Defesa de Israel (FDI) anunciaram ter realizado ataques em Doha contra altos funcion\u00e1rios do movimento palestino Hamas. Testemunhas oculares relataram \u00e0 Sputnik que v\u00e1rias explos\u00f5es ocorreram no centro da capital do Catar.<\/p>\n<p>Pot\u00eancias mundiais, incluindo Reino Unido, Alemanha e \u00cdndia, condenaram o ataque a\u00e9reo israelense contra membros do Hamas em Doha e pediram modera\u00e7\u00e3o.<\/p>\n<p>&#8220;O ataque a\u00e9reo de hoje de Israel contra l\u00edderes do Hamas em Doha viola o direito internacional e a integridade territorial do Catar, e corre o risco de uma nova escalada de viol\u00eancia na regi\u00e3o&#8221;, disse o Servi\u00e7o Europeu de A\u00e7\u00e3o Externa em um comunicado.<\/p>\n<p>O primeiro-ministro do Reino Unido, Keir Starmer, condenou o ataque de Israel e pediu &#8220;cessar-fogo imediato, a liberta\u00e7\u00e3o de ref\u00e9ns e um grande aumento na ajuda a Gaza&#8221;.<\/p>\n<p>A \u00cdndia est\u00e1 preocupada com o ataque a\u00e9reo israelense em Doha e pede modera\u00e7\u00e3o para garantir que a paz e a seguran\u00e7a na regi\u00e3o n\u00e3o sejam comprometidas, observou o Minist\u00e9rio das Rela\u00e7\u00f5es Exteriores da \u00cdndia.<\/p>\n<p>&#8220;A Holanda condena o ataque a\u00e9reo israelense em Doha. A soberania dos Estados deve ser respeitada. Al\u00e9m disso, esta medida n\u00e3o aproxima um cessar-fogo t\u00e3o necess\u00e1rio na Faixa de Gaza&#8221;, disse o Ministro das Rela\u00e7\u00f5es Exteriores holand\u00eas, David van Weel, no canal X.<\/p>\n<p>O Ministro das Rela\u00e7\u00f5es Exteriores alem\u00e3o, Johann Wadephul, observou que o ataque israelense n\u00e3o apenas viola a soberania territorial do Catar, &#8220;mas tamb\u00e9m p\u00f5e em risco nossos esfor\u00e7os para libertar os ref\u00e9ns&#8221;. Wadephul instou todas as partes a envidarem todos os esfor\u00e7os para alcan\u00e7ar um cessar-fogo e libertar os ref\u00e9ns.<\/p>\n<p>&#8220;Cuba expressa sua mais veemente condena\u00e7\u00e3o ao ataque israelense \u00e0 sede do Hamas em Doha, que constitui uma nova execu\u00e7\u00e3o extrajudicial pelo sionismo, uma flagrante viola\u00e7\u00e3o do direito internacional e da soberania do Catar, e uma s\u00e9ria amea\u00e7a \u00e0 seguran\u00e7a e estabilidade regionais&#8221;, disse o ministro das Rela\u00e7\u00f5es Exteriores cubano, Bruno Rodr\u00edguez Parrilla, no X.<\/p>\n<p>O ministro das Rela\u00e7\u00f5es Exteriores da Venezuela, Yvan Gil, tamb\u00e9m condenou &#8220;o ataque covarde do regime [do primeiro-ministro israelense Benjamin] Netanyahu \u00e0 soberania e integridade territorial do Catar&#8221;, chamando o ataque a\u00e9reo de &#8220;um ato de terrorismo de Estado, uma viola\u00e7\u00e3o flagrante do direito internacional e um desafio aos princ\u00edpios de coexist\u00eancia pac\u00edfica entre as na\u00e7\u00f5es&#8221;.<\/p>\n<p>Na ter\u00e7a-feira, as For\u00e7as de Defesa de Israel afirmaram ter realizado ataques em Doha contra altos funcion\u00e1rios do movimento palestino Hamas. Testemunhas oculares relataram \u00e0 RIA Novosti que v\u00e1rias explos\u00f5es ocorreram no centro da capital do Catar.<\/p>\n","protected":false},"excerpt":{"rendered":"<p>O Conselho de Coopera\u00e7\u00e3o do Golfo (CCG) se solidariza com o Catar e apoiar\u00e1 qualquer resposta ap\u00f3s os ataques israelenses em Doha, disse o secret\u00e1rio-geral do CCG, Jasem Albudaiwi. &#8220;Os estados do Conselho expressam total solidariedade ao Estado do Catar e apoiam quaisquer medidas que ele tome&#8221;, disse. Na ter\u00e7a-feira, as For\u00e7as de Defesa de [&hellip;]<\/p>\n","protected":false},"author":2,"featured_media":363898,"comment_status":"closed","ping_status":"closed","sticky":false,"template":"","format":"standard","meta":{"_acf_changed":false,"footnotes":""},"categories":[159],"tags":[],"class_list":["post-363897","post","type-post","status-publish","format-standard","has-post-thumbnail","hentry","category-apocalipse"],"acf":[],"yoast_head":"<!-- This site is optimized with the Yoast SEO plugin v27.2 - https:\/\/yoast.com\/product\/yoast-seo-wordpress\/ -->\n<title>Mundo cai de pau em Israel ap\u00f3s ataque bestial a dirigentes do Hamas - Notibras<\/title>\n<meta name=\"robots\" content=\"index, follow, max-snippet:-1, max-image-preview:large, max-video-preview:-1\" \/>\n<link rel=\"canonical\" href=\"https:\/\/www.notibras.com\/site\/mundo-cai-de-pau-em-israel-apos-ataque-bestial-a-dirigentes-do-hamas\/\" \/>\n<meta property=\"og:locale\" content=\"pt_BR\" \/>\n<meta property=\"og:type\" content=\"article\" \/>\n<meta property=\"og:title\" content=\"Mundo cai de pau em Israel ap\u00f3s ataque bestial a dirigentes do Hamas - Notibras\" \/>\n<meta property=\"og:description\" content=\"O Conselho de Coopera\u00e7\u00e3o do Golfo (CCG) se solidariza com o Catar e apoiar\u00e1 qualquer resposta ap\u00f3s os ataques israelenses em Doha, disse o secret\u00e1rio-geral do CCG, Jasem Albudaiwi. &#8220;Os estados do Conselho expressam total solidariedade ao Estado do Catar e apoiam quaisquer medidas que ele tome&#8221;, disse. Na ter\u00e7a-feira, as For\u00e7as de Defesa de [&hellip;]\" \/>\n<meta property=\"og:url\" content=\"https:\/\/www.notibras.com\/site\/mundo-cai-de-pau-em-israel-apos-ataque-bestial-a-dirigentes-do-hamas\/\" \/>\n<meta property=\"og:site_name\" content=\"Notibras\" \/>\n<meta property=\"article:publisher\" content=\"https:\/\/www.facebook.com\/notibras\/\" \/>\n<meta property=\"article:published_time\" content=\"2025-09-10T11:34:36+00:00\" \/>\n<meta property=\"article:modified_time\" content=\"2025-09-10T11:35:46+00:00\" \/>\n<meta property=\"og:image\" content=\"https:\/\/www.notibras.com\/site\/wp-content\/uploads\/2025\/09\/1119786720_0_170_3072_1898_1920x0_80_0_0_f3923b70a302bd967067362d10408966.jpg-1.webp\" \/>\n\t<meta property=\"og:image:width\" content=\"1920\" \/>\n\t<meta property=\"og:image:height\" content=\"1080\" \/>\n\t<meta property=\"og:image:type\" content=\"image\/webp\" \/>\n<meta name=\"author\" content=\"Reda\u00e7\u00e3o\" \/>\n<meta name=\"twitter:card\" content=\"summary_large_image\" \/>\n<meta name=\"twitter:creator\" content=\"@Notibras\" \/>\n<meta name=\"twitter:site\" content=\"@Notibras\" \/>\n<meta name=\"twitter:label1\" content=\"Escrito por\" \/>\n\t<meta name=\"twitter:data1\" content=\"Reda\u00e7\u00e3o\" \/>\n\t<meta name=\"twitter:label2\" content=\"Est. tempo de leitura\" \/>\n\t<meta name=\"twitter:data2\" content=\"3 minutos\" \/>\n<script type=\"application\/ld+json\" class=\"yoast-schema-graph\">{\"@context\":\"https:\/\/schema.org\",\"@graph\":[{\"@type\":\"Article\",\"@id\":\"https:\/\/www.notibras.com\/site\/mundo-cai-de-pau-em-israel-apos-ataque-bestial-a-dirigentes-do-hamas\/#article\",\"isPartOf\":{\"@id\":\"https:\/\/www.notibras.com\/site\/mundo-cai-de-pau-em-israel-apos-ataque-bestial-a-dirigentes-do-hamas\/\"},\"author\":{\"name\":\"Reda\u00e7\u00e3o\",\"@id\":\"https:\/\/www.notibras.com\/site\/#\/schema\/person\/36ab0979449956132d3e5b517ea76ac8\"},\"headline\":\"Mundo cai de pau em Israel ap\u00f3s ataque bestial a dirigentes do Hamas\",\"datePublished\":\"2025-09-10T11:34:36+00:00\",\"dateModified\":\"2025-09-10T11:35:46+00:00\",\"mainEntityOfPage\":{\"@id\":\"https:\/\/www.notibras.com\/site\/mundo-cai-de-pau-em-israel-apos-ataque-bestial-a-dirigentes-do-hamas\/\"},\"wordCount\":529,\"publisher\":{\"@id\":\"https:\/\/www.notibras.com\/site\/#organization\"},\"image\":{\"@id\":\"https:\/\/www.notibras.com\/site\/mundo-cai-de-pau-em-israel-apos-ataque-bestial-a-dirigentes-do-hamas\/#primaryimage\"},\"thumbnailUrl\":\"https:\/\/www.notibras.com\/site\/wp-content\/uploads\/2025\/09\/1119786720_0_170_3072_1898_1920x0_80_0_0_f3923b70a302bd967067362d10408966.jpg-1.webp\",\"articleSection\":[\"Apocalipse\"],\"inLanguage\":\"pt-BR\"},{\"@type\":\"WebPage\",\"@id\":\"https:\/\/www.notibras.com\/site\/mundo-cai-de-pau-em-israel-apos-ataque-bestial-a-dirigentes-do-hamas\/\",\"url\":\"https:\/\/www.notibras.com\/site\/mundo-cai-de-pau-em-israel-apos-ataque-bestial-a-dirigentes-do-hamas\/\",\"name\":\"Mundo cai de pau em Israel ap\u00f3s ataque bestial a dirigentes do Hamas - Notibras\",\"isPartOf\":{\"@id\":\"https:\/\/www.notibras.com\/site\/#website\"},\"primaryImageOfPage\":{\"@id\":\"https:\/\/www.notibras.com\/site\/mundo-cai-de-pau-em-israel-apos-ataque-bestial-a-dirigentes-do-hamas\/#primaryimage\"},\"image\":{\"@id\":\"https:\/\/www.notibras.com\/site\/mundo-cai-de-pau-em-israel-apos-ataque-bestial-a-dirigentes-do-hamas\/#primaryimage\"},\"thumbnailUrl\":\"https:\/\/www.notibras.com\/site\/wp-content\/uploads\/2025\/09\/1119786720_0_170_3072_1898_1920x0_80_0_0_f3923b70a302bd967067362d10408966.jpg-1.webp\",\"datePublished\":\"2025-09-10T11:34:36+00:00\",\"dateModified\":\"2025-09-10T11:35:46+00:00\",\"breadcrumb\":{\"@id\":\"https:\/\/www.notibras.com\/site\/mundo-cai-de-pau-em-israel-apos-ataque-bestial-a-dirigentes-do-hamas\/#breadcrumb\"},\"inLanguage\":\"pt-BR\",\"potentialAction\":[{\"@type\":\"ReadAction\",\"target\":[\"https:\/\/www.notibras.com\/site\/mundo-cai-de-pau-em-israel-apos-ataque-bestial-a-dirigentes-do-hamas\/\"]}]},{\"@type\":\"ImageObject\",\"inLanguage\":\"pt-BR\",\"@id\":\"https:\/\/www.notibras.com\/site\/mundo-cai-de-pau-em-israel-apos-ataque-bestial-a-dirigentes-do-hamas\/#primaryimage\",\"url\":\"https:\/\/www.notibras.com\/site\/wp-content\/uploads\/2025\/09\/1119786720_0_170_3072_1898_1920x0_80_0_0_f3923b70a302bd967067362d10408966.jpg-1.webp\",\"contentUrl\":\"https:\/\/www.notibras.com\/site\/wp-content\/uploads\/2025\/09\/1119786720_0_170_3072_1898_1920x0_80_0_0_f3923b70a302bd967067362d10408966.jpg-1.webp\",\"width\":1920,\"height\":1080},{\"@type\":\"BreadcrumbList\",\"@id\":\"https:\/\/www.notibras.com\/site\/mundo-cai-de-pau-em-israel-apos-ataque-bestial-a-dirigentes-do-hamas\/#breadcrumb\",\"itemListElement\":[{\"@type\":\"ListItem\",\"position\":1,\"name\":\"In\u00edcio\",\"item\":\"https:\/\/www.notibras.com\/site\/\"},{\"@type\":\"ListItem\",\"position\":2,\"name\":\"Mundo cai de pau em Israel ap\u00f3s ataque bestial a dirigentes do Hamas\"}]},{\"@type\":\"WebSite\",\"@id\":\"https:\/\/www.notibras.com\/site\/#website\",\"url\":\"https:\/\/www.notibras.com\/site\/\",\"name\":\"Notibras\",\"description\":\"Not\u00edcias de Bras\u00edlia, do Brasil e do Mundo\",\"publisher\":{\"@id\":\"https:\/\/www.notibras.com\/site\/#organization\"},\"potentialAction\":[{\"@type\":\"SearchAction\",\"target\":{\"@type\":\"EntryPoint\",\"urlTemplate\":\"https:\/\/www.notibras.com\/site\/?s={search_term_string}\"},\"query-input\":{\"@type\":\"PropertyValueSpecification\",\"valueRequired\":true,\"valueName\":\"search_term_string\"}}],\"inLanguage\":\"pt-BR\"},{\"@type\":\"Organization\",\"@id\":\"https:\/\/www.notibras.com\/site\/#organization\",\"name\":\"Grupo Notibras de Comunica\u00e7\u00e3o\",\"url\":\"https:\/\/www.notibras.com\/site\/\",\"logo\":{\"@type\":\"ImageObject\",\"inLanguage\":\"pt-BR\",\"@id\":\"https:\/\/www.notibras.com\/site\/#\/schema\/logo\/image\/\",\"url\":\"https:\/\/www.notibras.com\/site\/wp-content\/uploads\/2023\/01\/notibras23.png\",\"contentUrl\":\"https:\/\/www.notibras.com\/site\/wp-content\/uploads\/2023\/01\/notibras23.png\",\"width\":350,\"height\":87,\"caption\":\"Grupo Notibras de Comunica\u00e7\u00e3o\"},\"image\":{\"@id\":\"https:\/\/www.notibras.com\/site\/#\/schema\/logo\/image\/\"},\"sameAs\":[\"https:\/\/www.facebook.com\/notibras\/\",\"https:\/\/x.com\/Notibras\",\"https:\/\/www.instagram.com\/notibras\/\"]},{\"@type\":\"Person\",\"@id\":\"https:\/\/www.notibras.com\/site\/#\/schema\/person\/36ab0979449956132d3e5b517ea76ac8\",\"name\":\"Reda\u00e7\u00e3o\",\"image\":{\"@type\":\"ImageObject\",\"inLanguage\":\"pt-BR\",\"@id\":\"https:\/\/secure.gravatar.com\/avatar\/e0a867bdedb85fd243eadf09663511f96fc81e0720a4a42581f334ad4303aa6b?s=96&d=mm&r=g\",\"url\":\"https:\/\/secure.gravatar.com\/avatar\/e0a867bdedb85fd243eadf09663511f96fc81e0720a4a42581f334ad4303aa6b?s=96&d=mm&r=g\",\"contentUrl\":\"https:\/\/secure.gravatar.com\/avatar\/e0a867bdedb85fd243eadf09663511f96fc81e0720a4a42581f334ad4303aa6b?s=96&d=mm&r=g\",\"caption\":\"Reda\u00e7\u00e3o\"}}]}<\/script>\n<!-- \/ Yoast SEO plugin. -->","yoast_head_json":{"title":"Mundo cai de pau em Israel ap\u00f3s ataque bestial a dirigentes do Hamas - Notibras","robots":{"index":"index","follow":"follow","max-snippet":"max-snippet:-1","max-image-preview":"max-image-preview:large","max-video-preview":"max-video-preview:-1"},"canonical":"https:\/\/www.notibras.com\/site\/mundo-cai-de-pau-em-israel-apos-ataque-bestial-a-dirigentes-do-hamas\/","og_locale":"pt_BR","og_type":"article","og_title":"Mundo cai de pau em Israel ap\u00f3s ataque bestial a dirigentes do Hamas - Notibras","og_description":"O Conselho de Coopera\u00e7\u00e3o do Golfo (CCG) se solidariza com o Catar e apoiar\u00e1 qualquer resposta ap\u00f3s os ataques israelenses em Doha, disse o secret\u00e1rio-geral do CCG, Jasem Albudaiwi. &#8220;Os estados do Conselho expressam total solidariedade ao Estado do Catar e apoiam quaisquer medidas que ele tome&#8221;, disse. Na ter\u00e7a-feira, as For\u00e7as de Defesa de [&hellip;]","og_url":"https:\/\/www.notibras.com\/site\/mundo-cai-de-pau-em-israel-apos-ataque-bestial-a-dirigentes-do-hamas\/","og_site_name":"Notibras","article_publisher":"https:\/\/www.facebook.com\/notibras\/","article_published_time":"2025-09-10T11:34:36+00:00","article_modified_time":"2025-09-10T11:35:46+00:00","og_image":[{"width":1920,"height":1080,"url":"https:\/\/www.notibras.com\/site\/wp-content\/uploads\/2025\/09\/1119786720_0_170_3072_1898_1920x0_80_0_0_f3923b70a302bd967067362d10408966.jpg-1.webp","type":"image\/webp"}],"author":"Reda\u00e7\u00e3o","twitter_card":"summary_large_image","twitter_creator":"@Notibras","twitter_site":"@Notibras","twitter_misc":{"Escrito por":"Reda\u00e7\u00e3o","Est. tempo de leitura":"3 minutos"},"schema":{"@context":"https:\/\/schema.org","@graph":[{"@type":"Article","@id":"https:\/\/www.notibras.com\/site\/mundo-cai-de-pau-em-israel-apos-ataque-bestial-a-dirigentes-do-hamas\/#article","isPartOf":{"@id":"https:\/\/www.notibras.com\/site\/mundo-cai-de-pau-em-israel-apos-ataque-bestial-a-dirigentes-do-hamas\/"},"author":{"name":"Reda\u00e7\u00e3o","@id":"https:\/\/www.notibras.com\/site\/#\/schema\/person\/36ab0979449956132d3e5b517ea76ac8"},"headline":"Mundo cai de pau em Israel ap\u00f3s ataque bestial a dirigentes do Hamas","datePublished":"2025-09-10T11:34:36+00:00","dateModified":"2025-09-10T11:35:46+00:00","mainEntityOfPage":{"@id":"https:\/\/www.notibras.com\/site\/mundo-cai-de-pau-em-israel-apos-ataque-bestial-a-dirigentes-do-hamas\/"},"wordCount":529,"publisher":{"@id":"https:\/\/www.notibras.com\/site\/#organization"},"image":{"@id":"https:\/\/www.notibras.com\/site\/mundo-cai-de-pau-em-israel-apos-ataque-bestial-a-dirigentes-do-hamas\/#primaryimage"},"thumbnailUrl":"https:\/\/www.notibras.com\/site\/wp-content\/uploads\/2025\/09\/1119786720_0_170_3072_1898_1920x0_80_0_0_f3923b70a302bd967067362d10408966.jpg-1.webp","articleSection":["Apocalipse"],"inLanguage":"pt-BR"},{"@type":"WebPage","@id":"https:\/\/www.notibras.com\/site\/mundo-cai-de-pau-em-israel-apos-ataque-bestial-a-dirigentes-do-hamas\/","url":"https:\/\/www.notibras.com\/site\/mundo-cai-de-pau-em-israel-apos-ataque-bestial-a-dirigentes-do-hamas\/","name":"Mundo cai de pau em Israel ap\u00f3s ataque bestial a dirigentes do Hamas - Notibras","isPartOf":{"@id":"https:\/\/www.notibras.com\/site\/#website"},"primaryImageOfPage":{"@id":"https:\/\/www.notibras.com\/site\/mundo-cai-de-pau-em-israel-apos-ataque-bestial-a-dirigentes-do-hamas\/#primaryimage"},"image":{"@id":"https:\/\/www.notibras.com\/site\/mundo-cai-de-pau-em-israel-apos-ataque-bestial-a-dirigentes-do-hamas\/#primaryimage"},"thumbnailUrl":"https:\/\/www.notibras.com\/site\/wp-content\/uploads\/2025\/09\/1119786720_0_170_3072_1898_1920x0_80_0_0_f3923b70a302bd967067362d10408966.jpg-1.webp","datePublished":"2025-09-10T11:34:36+00:00","dateModified":"2025-09-10T11:35:46+00:00","breadcrumb":{"@id":"https:\/\/www.notibras.com\/site\/mundo-cai-de-pau-em-israel-apos-ataque-bestial-a-dirigentes-do-hamas\/#breadcrumb"},"inLanguage":"pt-BR","potentialAction":[{"@type":"ReadAction","target":["https:\/\/www.notibras.com\/site\/mundo-cai-de-pau-em-israel-apos-ataque-bestial-a-dirigentes-do-hamas\/"]}]},{"@type":"ImageObject","inLanguage":"pt-BR","@id":"https:\/\/www.notibras.com\/site\/mundo-cai-de-pau-em-israel-apos-ataque-bestial-a-dirigentes-do-hamas\/#primaryimage","url":"https:\/\/www.notibras.com\/site\/wp-content\/uploads\/2025\/09\/1119786720_0_170_3072_1898_1920x0_80_0_0_f3923b70a302bd967067362d10408966.jpg-1.webp","contentUrl":"https:\/\/www.notibras.com\/site\/wp-content\/uploads\/2025\/09\/1119786720_0_170_3072_1898_1920x0_80_0_0_f3923b70a302bd967067362d10408966.jpg-1.webp","width":1920,"height":1080},{"@type":"BreadcrumbList","@id":"https:\/\/www.notibras.com\/site\/mundo-cai-de-pau-em-israel-apos-ataque-bestial-a-dirigentes-do-hamas\/#breadcrumb","itemListElement":[{"@type":"ListItem","position":1,"name":"In\u00edcio","item":"https:\/\/www.notibras.com\/site\/"},{"@type":"ListItem","position":2,"name":"Mundo cai de pau em Israel ap\u00f3s ataque bestial a dirigentes do Hamas"}]},{"@type":"WebSite","@id":"https:\/\/www.notibras.com\/site\/#website","url":"https:\/\/www.notibras.com\/site\/","name":"Notibras","description":"Not\u00edcias de Bras\u00edlia, do Brasil e do Mundo","publisher":{"@id":"https:\/\/www.notibras.com\/site\/#organization"},"potentialAction":[{"@type":"SearchAction","target":{"@type":"EntryPoint","urlTemplate":"https:\/\/www.notibras.com\/site\/?s={search_term_string}"},"query-input":{"@type":"PropertyValueSpecification","valueRequired":true,"valueName":"search_term_string"}}],"inLanguage":"pt-BR"},{"@type":"Organization","@id":"https:\/\/www.notibras.com\/site\/#organization","name":"Grupo Notibras de Comunica\u00e7\u00e3o","url":"https:\/\/www.notibras.com\/site\/","logo":{"@type":"ImageObject","inLanguage":"pt-BR","@id":"https:\/\/www.notibras.com\/site\/#\/schema\/logo\/image\/","url":"https:\/\/www.notibras.com\/site\/wp-content\/uploads\/2023\/01\/notibras23.png","contentUrl":"https:\/\/www.notibras.com\/site\/wp-content\/uploads\/2023\/01\/notibras23.png","width":350,"height":87,"caption":"Grupo Notibras de Comunica\u00e7\u00e3o"},"image":{"@id":"https:\/\/www.notibras.com\/site\/#\/schema\/logo\/image\/"},"sameAs":["https:\/\/www.facebook.com\/notibras\/","https:\/\/x.com\/Notibras","https:\/\/www.instagram.com\/notibras\/"]},{"@type":"Person","@id":"https:\/\/www.notibras.com\/site\/#\/schema\/person\/36ab0979449956132d3e5b517ea76ac8","name":"Reda\u00e7\u00e3o","image":{"@type":"ImageObject","inLanguage":"pt-BR","@id":"https:\/\/secure.gravatar.com\/avatar\/e0a867bdedb85fd243eadf09663511f96fc81e0720a4a42581f334ad4303aa6b?s=96&d=mm&r=g","url":"https:\/\/secure.gravatar.com\/avatar\/e0a867bdedb85fd243eadf09663511f96fc81e0720a4a42581f334ad4303aa6b?s=96&d=mm&r=g","contentUrl":"https:\/\/secure.gravatar.com\/avatar\/e0a867bdedb85fd243eadf09663511f96fc81e0720a4a42581f334ad4303aa6b?s=96&d=mm&r=g","caption":"Reda\u00e7\u00e3o"}}]}},"amp_enabled":true,"_links":{"self":[{"href":"https:\/\/www.notibras.com\/site\/wp-json\/wp\/v2\/posts\/363897","targetHints":{"allow":["GET"]}}],"collection":[{"href":"https:\/\/www.notibras.com\/site\/wp-json\/wp\/v2\/posts"}],"about":[{"href":"https:\/\/www.notibras.com\/site\/wp-json\/wp\/v2\/types\/post"}],"author":[{"embeddable":true,"href":"https:\/\/www.notibras.com\/site\/wp-json\/wp\/v2\/users\/2"}],"replies":[{"embeddable":true,"href":"https:\/\/www.notibras.com\/site\/wp-json\/wp\/v2\/comments?post=363897"}],"version-history":[{"count":3,"href":"https:\/\/www.notibras.com\/site\/wp-json\/wp\/v2\/posts\/363897\/revisions"}],"predecessor-version":[{"id":363901,"href":"https:\/\/www.notibras.com\/site\/wp-json\/wp\/v2\/posts\/363897\/revisions\/363901"}],"wp:featuredmedia":[{"embeddable":true,"href":"https:\/\/www.notibras.com\/site\/wp-json\/wp\/v2\/media\/363898"}],"wp:attachment":[{"href":"https:\/\/www.notibras.com\/site\/wp-json\/wp\/v2\/media?parent=363897"}],"wp:term":[{"taxonomy":"category","embeddable":true,"href":"https:\/\/www.notibras.com\/site\/wp-json\/wp\/v2\/categories?post=363897"},{"taxonomy":"post_tag","embeddable":true,"href":"https:\/\/www.notibras.com\/site\/wp-json\/wp\/v2\/tags?post=363897"}],"curies":[{"name":"wp","href":"https:\/\/api.w.org\/{rel}","templated":true}]}}