{"id":363902,"date":"2025-09-10T06:40:07","date_gmt":"2025-09-10T09:40:07","guid":{"rendered":"https:\/\/www.notibras.com\/site\/?p=363902"},"modified":"2025-09-10T09:13:05","modified_gmt":"2025-09-10T12:13:05","slug":"feras-de-batalha-rugem-e-varrem-ucranianos-do-campo-de-combate","status":"publish","type":"post","link":"https:\/\/www.notibras.com\/site\/feras-de-batalha-rugem-e-varrem-ucranianos-do-campo-de-combate\/","title":{"rendered":"Feras de batalha rugem e varrem ucranianos do campo de combate"},"content":{"rendered":"<p>O tanque russo T-90M Proryv (lit. &#8220;Avan\u00e7o&#8221;) provou ser o melhor tanque da atualidade em condi\u00e7\u00f5es reais de combate, disse o vice-presidente do Conselho de Seguran\u00e7a da R\u00fassia, Dmitry Medvedev. Um lote desse armamento come\u00e7ou a entrar em a\u00e7\u00e3o contra os soldados ucranianos.<\/p>\n<p>O presidente russo, Vladimir Putin, descreveu o T-90M como &#8220;o melhor do mundo, sem exagero&#8221;, acrescentando que &#8220;o inimigo admite isso&#8221;.<\/p>\n<p>Dmitry Medvedev, inspecionou anteriormente o tanque T-90M no campo de testes da empresa Uralvagonzavod, observando que especialistas e militares o chamam de &#8220;o melhor tanque da atualidade, em compara\u00e7\u00e3o com os modelos ocidentais&#8221;.<\/p>\n<p>Al\u00e9m disso, Medvedev destacou o trabalho da empresa em Nizhny Tagil, que atualmente est\u00e1 &#8220;trabalhando em grande medida para atingir os objetivos de uma opera\u00e7\u00e3o militar especial&#8221;.<\/p>\n<p>O Minist\u00e9rio da Defesa da R\u00fassia observou que o T-90M \u00e9 um tanque sovi\u00e9tico T-90 profundamente modernizado. Comparado ao T-90, o ve\u00edculo tem maior capacidade de sobreviv\u00eancia da tripula\u00e7\u00e3o devido a um novo m\u00f3dulo de torre com blindagem multicamadas, com a coloca\u00e7\u00e3o do suporte de muni\u00e7\u00e3o fora do compartimento de combate, bem como uma gama maior de armas utilizadas em compara\u00e7\u00e3o com modelos anteriores deste tipo.<\/p>\n<p><strong>Veja o v\u00eddeo:<\/strong><\/p>\n<div style=\"width: 640px;\" class=\"wp-video\"><video class=\"wp-video-shortcode\" id=\"video-363902-1\" width=\"640\" height=\"360\" preload=\"metadata\" controls=\"controls\"><source type=\"video\/mp4\" src=\"https:\/\/videon.img.ria.ru\/Out\/Flv\/20250908\/2025_08_09__5fi4b2rr.0wv.mp4?_=1\" \/><a href=\"https:\/\/videon.img.ria.ru\/Out\/Flv\/20250908\/2025_08_09__5fi4b2rr.0wv.mp4\">https:\/\/videon.img.ria.ru\/Out\/Flv\/20250908\/2025_08_09__5fi4b2rr.0wv.mp4<\/a><\/video><\/div>\n","protected":false},"excerpt":{"rendered":"<p>O tanque russo T-90M Proryv (lit. &#8220;Avan\u00e7o&#8221;) provou ser o melhor tanque da atualidade em condi\u00e7\u00f5es reais de combate, disse o vice-presidente do Conselho de Seguran\u00e7a da R\u00fassia, Dmitry Medvedev. Um lote desse armamento come\u00e7ou a entrar em a\u00e7\u00e3o contra os soldados ucranianos. O presidente russo, Vladimir Putin, descreveu o T-90M como &#8220;o melhor do [&hellip;]<\/p>\n","protected":false},"author":2,"featured_media":363903,"comment_status":"closed","ping_status":"closed","sticky":false,"template":"","format":"standard","meta":{"_acf_changed":false,"footnotes":""},"categories":[159],"tags":[],"class_list":["post-363902","post","type-post","status-publish","format-standard","has-post-thumbnail","hentry","category-apocalipse"],"acf":[],"yoast_head":"<!-- This site is optimized with the Yoast SEO plugin v27.2 - https:\/\/yoast.com\/product\/yoast-seo-wordpress\/ -->\n<title>Feras de batalha rugem e varrem ucranianos do campo de combate - Notibras<\/title>\n<meta name=\"robots\" content=\"index, follow, max-snippet:-1, max-image-preview:large, max-video-preview:-1\" \/>\n<link rel=\"canonical\" href=\"https:\/\/www.notibras.com\/site\/feras-de-batalha-rugem-e-varrem-ucranianos-do-campo-de-combate\/\" \/>\n<meta property=\"og:locale\" content=\"pt_BR\" \/>\n<meta property=\"og:type\" content=\"article\" \/>\n<meta property=\"og:title\" content=\"Feras de batalha rugem e varrem ucranianos do campo de combate - Notibras\" \/>\n<meta property=\"og:description\" content=\"O tanque russo T-90M Proryv (lit. &#8220;Avan\u00e7o&#8221;) provou ser o melhor tanque da atualidade em condi\u00e7\u00f5es reais de combate, disse o vice-presidente do Conselho de Seguran\u00e7a da R\u00fassia, Dmitry Medvedev. Um lote desse armamento come\u00e7ou a entrar em a\u00e7\u00e3o contra os soldados ucranianos. O presidente russo, Vladimir Putin, descreveu o T-90M como &#8220;o melhor do [&hellip;]\" \/>\n<meta property=\"og:url\" content=\"https:\/\/www.notibras.com\/site\/feras-de-batalha-rugem-e-varrem-ucranianos-do-campo-de-combate\/\" \/>\n<meta property=\"og:site_name\" content=\"Notibras\" \/>\n<meta property=\"article:publisher\" content=\"https:\/\/www.facebook.com\/notibras\/\" \/>\n<meta property=\"article:published_time\" content=\"2025-09-10T09:40:07+00:00\" \/>\n<meta property=\"article:modified_time\" content=\"2025-09-10T12:13:05+00:00\" \/>\n<meta property=\"og:image\" content=\"https:\/\/www.notibras.com\/site\/wp-content\/uploads\/2025\/09\/1120768953_0_160_3072_1888_1920x0_80_0_0_459dd6834881115ca52f0482e019f4fe.jpg.webp\" \/>\n\t<meta property=\"og:image:width\" content=\"1920\" \/>\n\t<meta property=\"og:image:height\" content=\"1080\" \/>\n\t<meta property=\"og:image:type\" content=\"image\/webp\" \/>\n<meta name=\"author\" content=\"Reda\u00e7\u00e3o\" \/>\n<meta name=\"twitter:card\" content=\"summary_large_image\" \/>\n<meta name=\"twitter:creator\" content=\"@Notibras\" \/>\n<meta name=\"twitter:site\" content=\"@Notibras\" \/>\n<meta name=\"twitter:label1\" content=\"Escrito por\" \/>\n\t<meta name=\"twitter:data1\" content=\"Reda\u00e7\u00e3o\" \/>\n\t<meta name=\"twitter:label2\" content=\"Est. tempo de leitura\" \/>\n\t<meta name=\"twitter:data2\" content=\"2 minutos\" \/>\n<script type=\"application\/ld+json\" class=\"yoast-schema-graph\">{\"@context\":\"https:\/\/schema.org\",\"@graph\":[{\"@type\":\"Article\",\"@id\":\"https:\/\/www.notibras.com\/site\/feras-de-batalha-rugem-e-varrem-ucranianos-do-campo-de-combate\/#article\",\"isPartOf\":{\"@id\":\"https:\/\/www.notibras.com\/site\/feras-de-batalha-rugem-e-varrem-ucranianos-do-campo-de-combate\/\"},\"author\":{\"name\":\"Reda\u00e7\u00e3o\",\"@id\":\"https:\/\/www.notibras.com\/site\/#\/schema\/person\/36ab0979449956132d3e5b517ea76ac8\"},\"headline\":\"Feras de batalha rugem e varrem ucranianos do campo de combate\",\"datePublished\":\"2025-09-10T09:40:07+00:00\",\"dateModified\":\"2025-09-10T12:13:05+00:00\",\"mainEntityOfPage\":{\"@id\":\"https:\/\/www.notibras.com\/site\/feras-de-batalha-rugem-e-varrem-ucranianos-do-campo-de-combate\/\"},\"wordCount\":239,\"publisher\":{\"@id\":\"https:\/\/www.notibras.com\/site\/#organization\"},\"image\":{\"@id\":\"https:\/\/www.notibras.com\/site\/feras-de-batalha-rugem-e-varrem-ucranianos-do-campo-de-combate\/#primaryimage\"},\"thumbnailUrl\":\"https:\/\/www.notibras.com\/site\/wp-content\/uploads\/2025\/09\/1120768953_0_160_3072_1888_1920x0_80_0_0_459dd6834881115ca52f0482e019f4fe.jpg.webp\",\"articleSection\":[\"Apocalipse\"],\"inLanguage\":\"pt-BR\"},{\"@type\":\"WebPage\",\"@id\":\"https:\/\/www.notibras.com\/site\/feras-de-batalha-rugem-e-varrem-ucranianos-do-campo-de-combate\/\",\"url\":\"https:\/\/www.notibras.com\/site\/feras-de-batalha-rugem-e-varrem-ucranianos-do-campo-de-combate\/\",\"name\":\"Feras de batalha rugem e varrem ucranianos do campo de combate - Notibras\",\"isPartOf\":{\"@id\":\"https:\/\/www.notibras.com\/site\/#website\"},\"primaryImageOfPage\":{\"@id\":\"https:\/\/www.notibras.com\/site\/feras-de-batalha-rugem-e-varrem-ucranianos-do-campo-de-combate\/#primaryimage\"},\"image\":{\"@id\":\"https:\/\/www.notibras.com\/site\/feras-de-batalha-rugem-e-varrem-ucranianos-do-campo-de-combate\/#primaryimage\"},\"thumbnailUrl\":\"https:\/\/www.notibras.com\/site\/wp-content\/uploads\/2025\/09\/1120768953_0_160_3072_1888_1920x0_80_0_0_459dd6834881115ca52f0482e019f4fe.jpg.webp\",\"datePublished\":\"2025-09-10T09:40:07+00:00\",\"dateModified\":\"2025-09-10T12:13:05+00:00\",\"breadcrumb\":{\"@id\":\"https:\/\/www.notibras.com\/site\/feras-de-batalha-rugem-e-varrem-ucranianos-do-campo-de-combate\/#breadcrumb\"},\"inLanguage\":\"pt-BR\",\"potentialAction\":[{\"@type\":\"ReadAction\",\"target\":[\"https:\/\/www.notibras.com\/site\/feras-de-batalha-rugem-e-varrem-ucranianos-do-campo-de-combate\/\"]}]},{\"@type\":\"ImageObject\",\"inLanguage\":\"pt-BR\",\"@id\":\"https:\/\/www.notibras.com\/site\/feras-de-batalha-rugem-e-varrem-ucranianos-do-campo-de-combate\/#primaryimage\",\"url\":\"https:\/\/www.notibras.com\/site\/wp-content\/uploads\/2025\/09\/1120768953_0_160_3072_1888_1920x0_80_0_0_459dd6834881115ca52f0482e019f4fe.jpg.webp\",\"contentUrl\":\"https:\/\/www.notibras.com\/site\/wp-content\/uploads\/2025\/09\/1120768953_0_160_3072_1888_1920x0_80_0_0_459dd6834881115ca52f0482e019f4fe.jpg.webp\",\"width\":1920,\"height\":1080},{\"@type\":\"BreadcrumbList\",\"@id\":\"https:\/\/www.notibras.com\/site\/feras-de-batalha-rugem-e-varrem-ucranianos-do-campo-de-combate\/#breadcrumb\",\"itemListElement\":[{\"@type\":\"ListItem\",\"position\":1,\"name\":\"In\u00edcio\",\"item\":\"https:\/\/www.notibras.com\/site\/\"},{\"@type\":\"ListItem\",\"position\":2,\"name\":\"Feras de batalha rugem e varrem ucranianos do campo de combate\"}]},{\"@type\":\"WebSite\",\"@id\":\"https:\/\/www.notibras.com\/site\/#website\",\"url\":\"https:\/\/www.notibras.com\/site\/\",\"name\":\"Notibras\",\"description\":\"Not\u00edcias de Bras\u00edlia, do Brasil e do Mundo\",\"publisher\":{\"@id\":\"https:\/\/www.notibras.com\/site\/#organization\"},\"potentialAction\":[{\"@type\":\"SearchAction\",\"target\":{\"@type\":\"EntryPoint\",\"urlTemplate\":\"https:\/\/www.notibras.com\/site\/?s={search_term_string}\"},\"query-input\":{\"@type\":\"PropertyValueSpecification\",\"valueRequired\":true,\"valueName\":\"search_term_string\"}}],\"inLanguage\":\"pt-BR\"},{\"@type\":\"Organization\",\"@id\":\"https:\/\/www.notibras.com\/site\/#organization\",\"name\":\"Grupo Notibras de Comunica\u00e7\u00e3o\",\"url\":\"https:\/\/www.notibras.com\/site\/\",\"logo\":{\"@type\":\"ImageObject\",\"inLanguage\":\"pt-BR\",\"@id\":\"https:\/\/www.notibras.com\/site\/#\/schema\/logo\/image\/\",\"url\":\"https:\/\/www.notibras.com\/site\/wp-content\/uploads\/2023\/01\/notibras23.png\",\"contentUrl\":\"https:\/\/www.notibras.com\/site\/wp-content\/uploads\/2023\/01\/notibras23.png\",\"width\":350,\"height\":87,\"caption\":\"Grupo Notibras de Comunica\u00e7\u00e3o\"},\"image\":{\"@id\":\"https:\/\/www.notibras.com\/site\/#\/schema\/logo\/image\/\"},\"sameAs\":[\"https:\/\/www.facebook.com\/notibras\/\",\"https:\/\/x.com\/Notibras\",\"https:\/\/www.instagram.com\/notibras\/\"]},{\"@type\":\"Person\",\"@id\":\"https:\/\/www.notibras.com\/site\/#\/schema\/person\/36ab0979449956132d3e5b517ea76ac8\",\"name\":\"Reda\u00e7\u00e3o\",\"image\":{\"@type\":\"ImageObject\",\"inLanguage\":\"pt-BR\",\"@id\":\"https:\/\/secure.gravatar.com\/avatar\/e0a867bdedb85fd243eadf09663511f96fc81e0720a4a42581f334ad4303aa6b?s=96&d=mm&r=g\",\"url\":\"https:\/\/secure.gravatar.com\/avatar\/e0a867bdedb85fd243eadf09663511f96fc81e0720a4a42581f334ad4303aa6b?s=96&d=mm&r=g\",\"contentUrl\":\"https:\/\/secure.gravatar.com\/avatar\/e0a867bdedb85fd243eadf09663511f96fc81e0720a4a42581f334ad4303aa6b?s=96&d=mm&r=g\",\"caption\":\"Reda\u00e7\u00e3o\"}}]}<\/script>\n<!-- \/ Yoast SEO plugin. -->","yoast_head_json":{"title":"Feras de batalha rugem e varrem ucranianos do campo de combate - Notibras","robots":{"index":"index","follow":"follow","max-snippet":"max-snippet:-1","max-image-preview":"max-image-preview:large","max-video-preview":"max-video-preview:-1"},"canonical":"https:\/\/www.notibras.com\/site\/feras-de-batalha-rugem-e-varrem-ucranianos-do-campo-de-combate\/","og_locale":"pt_BR","og_type":"article","og_title":"Feras de batalha rugem e varrem ucranianos do campo de combate - Notibras","og_description":"O tanque russo T-90M Proryv (lit. &#8220;Avan\u00e7o&#8221;) provou ser o melhor tanque da atualidade em condi\u00e7\u00f5es reais de combate, disse o vice-presidente do Conselho de Seguran\u00e7a da R\u00fassia, Dmitry Medvedev. Um lote desse armamento come\u00e7ou a entrar em a\u00e7\u00e3o contra os soldados ucranianos. O presidente russo, Vladimir Putin, descreveu o T-90M como &#8220;o melhor do [&hellip;]","og_url":"https:\/\/www.notibras.com\/site\/feras-de-batalha-rugem-e-varrem-ucranianos-do-campo-de-combate\/","og_site_name":"Notibras","article_publisher":"https:\/\/www.facebook.com\/notibras\/","article_published_time":"2025-09-10T09:40:07+00:00","article_modified_time":"2025-09-10T12:13:05+00:00","og_image":[{"width":1920,"height":1080,"url":"https:\/\/www.notibras.com\/site\/wp-content\/uploads\/2025\/09\/1120768953_0_160_3072_1888_1920x0_80_0_0_459dd6834881115ca52f0482e019f4fe.jpg.webp","type":"image\/webp"}],"author":"Reda\u00e7\u00e3o","twitter_card":"summary_large_image","twitter_creator":"@Notibras","twitter_site":"@Notibras","twitter_misc":{"Escrito por":"Reda\u00e7\u00e3o","Est. tempo de leitura":"2 minutos"},"schema":{"@context":"https:\/\/schema.org","@graph":[{"@type":"Article","@id":"https:\/\/www.notibras.com\/site\/feras-de-batalha-rugem-e-varrem-ucranianos-do-campo-de-combate\/#article","isPartOf":{"@id":"https:\/\/www.notibras.com\/site\/feras-de-batalha-rugem-e-varrem-ucranianos-do-campo-de-combate\/"},"author":{"name":"Reda\u00e7\u00e3o","@id":"https:\/\/www.notibras.com\/site\/#\/schema\/person\/36ab0979449956132d3e5b517ea76ac8"},"headline":"Feras de batalha rugem e varrem ucranianos do campo de combate","datePublished":"2025-09-10T09:40:07+00:00","dateModified":"2025-09-10T12:13:05+00:00","mainEntityOfPage":{"@id":"https:\/\/www.notibras.com\/site\/feras-de-batalha-rugem-e-varrem-ucranianos-do-campo-de-combate\/"},"wordCount":239,"publisher":{"@id":"https:\/\/www.notibras.com\/site\/#organization"},"image":{"@id":"https:\/\/www.notibras.com\/site\/feras-de-batalha-rugem-e-varrem-ucranianos-do-campo-de-combate\/#primaryimage"},"thumbnailUrl":"https:\/\/www.notibras.com\/site\/wp-content\/uploads\/2025\/09\/1120768953_0_160_3072_1888_1920x0_80_0_0_459dd6834881115ca52f0482e019f4fe.jpg.webp","articleSection":["Apocalipse"],"inLanguage":"pt-BR"},{"@type":"WebPage","@id":"https:\/\/www.notibras.com\/site\/feras-de-batalha-rugem-e-varrem-ucranianos-do-campo-de-combate\/","url":"https:\/\/www.notibras.com\/site\/feras-de-batalha-rugem-e-varrem-ucranianos-do-campo-de-combate\/","name":"Feras de batalha rugem e varrem ucranianos do campo de combate - Notibras","isPartOf":{"@id":"https:\/\/www.notibras.com\/site\/#website"},"primaryImageOfPage":{"@id":"https:\/\/www.notibras.com\/site\/feras-de-batalha-rugem-e-varrem-ucranianos-do-campo-de-combate\/#primaryimage"},"image":{"@id":"https:\/\/www.notibras.com\/site\/feras-de-batalha-rugem-e-varrem-ucranianos-do-campo-de-combate\/#primaryimage"},"thumbnailUrl":"https:\/\/www.notibras.com\/site\/wp-content\/uploads\/2025\/09\/1120768953_0_160_3072_1888_1920x0_80_0_0_459dd6834881115ca52f0482e019f4fe.jpg.webp","datePublished":"2025-09-10T09:40:07+00:00","dateModified":"2025-09-10T12:13:05+00:00","breadcrumb":{"@id":"https:\/\/www.notibras.com\/site\/feras-de-batalha-rugem-e-varrem-ucranianos-do-campo-de-combate\/#breadcrumb"},"inLanguage":"pt-BR","potentialAction":[{"@type":"ReadAction","target":["https:\/\/www.notibras.com\/site\/feras-de-batalha-rugem-e-varrem-ucranianos-do-campo-de-combate\/"]}]},{"@type":"ImageObject","inLanguage":"pt-BR","@id":"https:\/\/www.notibras.com\/site\/feras-de-batalha-rugem-e-varrem-ucranianos-do-campo-de-combate\/#primaryimage","url":"https:\/\/www.notibras.com\/site\/wp-content\/uploads\/2025\/09\/1120768953_0_160_3072_1888_1920x0_80_0_0_459dd6834881115ca52f0482e019f4fe.jpg.webp","contentUrl":"https:\/\/www.notibras.com\/site\/wp-content\/uploads\/2025\/09\/1120768953_0_160_3072_1888_1920x0_80_0_0_459dd6834881115ca52f0482e019f4fe.jpg.webp","width":1920,"height":1080},{"@type":"BreadcrumbList","@id":"https:\/\/www.notibras.com\/site\/feras-de-batalha-rugem-e-varrem-ucranianos-do-campo-de-combate\/#breadcrumb","itemListElement":[{"@type":"ListItem","position":1,"name":"In\u00edcio","item":"https:\/\/www.notibras.com\/site\/"},{"@type":"ListItem","position":2,"name":"Feras de batalha rugem e varrem ucranianos do campo de combate"}]},{"@type":"WebSite","@id":"https:\/\/www.notibras.com\/site\/#website","url":"https:\/\/www.notibras.com\/site\/","name":"Notibras","description":"Not\u00edcias de Bras\u00edlia, do Brasil e do Mundo","publisher":{"@id":"https:\/\/www.notibras.com\/site\/#organization"},"potentialAction":[{"@type":"SearchAction","target":{"@type":"EntryPoint","urlTemplate":"https:\/\/www.notibras.com\/site\/?s={search_term_string}"},"query-input":{"@type":"PropertyValueSpecification","valueRequired":true,"valueName":"search_term_string"}}],"inLanguage":"pt-BR"},{"@type":"Organization","@id":"https:\/\/www.notibras.com\/site\/#organization","name":"Grupo Notibras de Comunica\u00e7\u00e3o","url":"https:\/\/www.notibras.com\/site\/","logo":{"@type":"ImageObject","inLanguage":"pt-BR","@id":"https:\/\/www.notibras.com\/site\/#\/schema\/logo\/image\/","url":"https:\/\/www.notibras.com\/site\/wp-content\/uploads\/2023\/01\/notibras23.png","contentUrl":"https:\/\/www.notibras.com\/site\/wp-content\/uploads\/2023\/01\/notibras23.png","width":350,"height":87,"caption":"Grupo Notibras de Comunica\u00e7\u00e3o"},"image":{"@id":"https:\/\/www.notibras.com\/site\/#\/schema\/logo\/image\/"},"sameAs":["https:\/\/www.facebook.com\/notibras\/","https:\/\/x.com\/Notibras","https:\/\/www.instagram.com\/notibras\/"]},{"@type":"Person","@id":"https:\/\/www.notibras.com\/site\/#\/schema\/person\/36ab0979449956132d3e5b517ea76ac8","name":"Reda\u00e7\u00e3o","image":{"@type":"ImageObject","inLanguage":"pt-BR","@id":"https:\/\/secure.gravatar.com\/avatar\/e0a867bdedb85fd243eadf09663511f96fc81e0720a4a42581f334ad4303aa6b?s=96&d=mm&r=g","url":"https:\/\/secure.gravatar.com\/avatar\/e0a867bdedb85fd243eadf09663511f96fc81e0720a4a42581f334ad4303aa6b?s=96&d=mm&r=g","contentUrl":"https:\/\/secure.gravatar.com\/avatar\/e0a867bdedb85fd243eadf09663511f96fc81e0720a4a42581f334ad4303aa6b?s=96&d=mm&r=g","caption":"Reda\u00e7\u00e3o"}}]}},"amp_enabled":true,"_links":{"self":[{"href":"https:\/\/www.notibras.com\/site\/wp-json\/wp\/v2\/posts\/363902","targetHints":{"allow":["GET"]}}],"collection":[{"href":"https:\/\/www.notibras.com\/site\/wp-json\/wp\/v2\/posts"}],"about":[{"href":"https:\/\/www.notibras.com\/site\/wp-json\/wp\/v2\/types\/post"}],"author":[{"embeddable":true,"href":"https:\/\/www.notibras.com\/site\/wp-json\/wp\/v2\/users\/2"}],"replies":[{"embeddable":true,"href":"https:\/\/www.notibras.com\/site\/wp-json\/wp\/v2\/comments?post=363902"}],"version-history":[{"count":3,"href":"https:\/\/www.notibras.com\/site\/wp-json\/wp\/v2\/posts\/363902\/revisions"}],"predecessor-version":[{"id":363906,"href":"https:\/\/www.notibras.com\/site\/wp-json\/wp\/v2\/posts\/363902\/revisions\/363906"}],"wp:featuredmedia":[{"embeddable":true,"href":"https:\/\/www.notibras.com\/site\/wp-json\/wp\/v2\/media\/363903"}],"wp:attachment":[{"href":"https:\/\/www.notibras.com\/site\/wp-json\/wp\/v2\/media?parent=363902"}],"wp:term":[{"taxonomy":"category","embeddable":true,"href":"https:\/\/www.notibras.com\/site\/wp-json\/wp\/v2\/categories?post=363902"},{"taxonomy":"post_tag","embeddable":true,"href":"https:\/\/www.notibras.com\/site\/wp-json\/wp\/v2\/tags?post=363902"}],"curies":[{"name":"wp","href":"https:\/\/api.w.org\/{rel}","templated":true}]}}