{"id":36399,"date":"2015-02-08T16:35:07","date_gmt":"2015-02-08T19:35:07","guid":{"rendered":"http:\/\/www.notibras.com\/site\/?p=36399"},"modified":"2015-02-08T17:58:14","modified_gmt":"2015-02-08T20:58:14","slug":"brasil-vai-a-evento-mundial-em-busca-de-vida-mais-saudavel","status":"publish","type":"post","link":"https:\/\/www.notibras.com\/site\/brasil-vai-a-evento-mundial-em-busca-de-vida-mais-saudavel\/","title":{"rendered":"Brasil vai a evento mundial em busca de vida saud\u00e1vel"},"content":{"rendered":"<p>Discutir os impactos de fatores sociais e ambientais na vida das pessoas para influenciar a percep\u00e7\u00e3o de que o acesso \u00e0 sa\u00fade vai al\u00e9m da assist\u00eancia m\u00e9dica \u2013 este \u00e9 o objetivo da delega\u00e7\u00e3o brasileira que vai ao 14\u00ba Congresso Mundial de Sa\u00fade P\u00fablica, entre os dias 11 e 15 deste m\u00eas, em Calcut\u00e1, na \u00cdndia. O evento, cuja o tema \u00e9 Pessoas Saud\u00e1veis, Ambientes Saud\u00e1veis, reunir\u00e1 pesquisadores e profissionais de gest\u00e3o de organiza\u00e7\u00f5es internacionais.<\/p>\n<p>O evento, promovido a cada tr\u00eas anos, pelo Congresso da Federa\u00e7\u00e3o Mundial de Associa\u00e7\u00f5es em Sa\u00fade P\u00fablica, tem como um de seus objetivos influenciar as decis\u00f5es da Organiza\u00e7\u00e3o das Na\u00e7\u00f5es Unidas (ONU), que discute a ado\u00e7\u00e3o das novas Metas do Mil\u00eanio. Entre os 17 novos objetivos previstos, est\u00e1 o de \u201cassegurar uma vida saud\u00e1vel e promover bem-estar para todos\u201d.<\/p>\n<blockquote><p>Na avalia\u00e7\u00e3o dos especialistas, a meta precisa estar ligada aos demais objetivos, como acabar com a pobreza, garantir acesso \u00e0 \u00e1gua, ao saneamento e \u00e0 energia el\u00e9trica, e o cuidado com o meio ambiente.<\/p><\/blockquote>\n<p>Representando a Federa\u00e7\u00e3o Mundial de Associa\u00e7\u00f5es em Sa\u00fade P\u00fablica o conselheiro e ex-presidente da Associa\u00e7\u00e3o Brasileira de Sa\u00fade Coletiva (Abrasco) Luiz Facchini, explica que as condi\u00e7\u00f5es de sa\u00fade das pessoas s\u00e3o determinadas por v\u00e1rios fatores, entre os quais, a pobreza \u00e9 um dos principais.<\/p>\n<p>\u201cA escassez de \u00e1gua, como vemos hoje no Sudeste, sendo persistente no Nordeste, a polui\u00e7\u00e3o atmosf\u00e9rica s\u00e3o problemas de todos, mas que afetam mais os pobres\u201d, disse. \u201cEssas pessoas vivem em moradias prec\u00e1rias, passam horas no transporte p\u00fablico apertado e acumulam uma s\u00e9rie de problemas de sa\u00fade referentes a essas experi\u00eancias\u201d, completou ele, que \u00e9 professor de medicina da Universidade Federal de Pelotas.<\/p>\n<p>O secret\u00e1rio executivo da Universidade Aberta do SUS (UNA-SUS), Francisco Campos, que representar\u00e1 o Brasil no congresso, acrescenta que, para garantir uma vida saud\u00e1vel, os pa\u00edses precisam de medidas nas \u00e1reas social e ambiental. \u201cPol\u00edticas de sa\u00fade n\u00e3o se restringem \u00e0 assist\u00eancia m\u00e9dica. Ter uma casa adequada, acesso \u00e0 seguridade social (aposentadoria, pens\u00e3o, aux\u00edlio-doen\u00e7a, por exemplo), deixa a pessoa mais tranquila, portanto, mais saud\u00e1vel.\u201d<\/p>\n<blockquote><p>A discuss\u00e3o sobre a cobertura universal de sa\u00fade, como um direito humano e obriga\u00e7\u00e3o do Estado, tamb\u00e9m estar\u00e1 na pauta do evento. Campos diz que, apesar dos problemas, o Brasil \u00e9 o \u00fanico pa\u00eds com popula\u00e7\u00e3o acima de 200 milh\u00f5es de pessoas, cujo acesso a todos os servi\u00e7os \u00e9 gratuito\u00a0 \u2013 desde as consultas at\u00e9 um transplante de \u00f3rg\u00e3os \u2013 e est\u00e1 na Constitui\u00e7\u00e3o.<\/p><\/blockquote>\n<p>\u201cIsso significa, em muitos pa\u00edses, se a pessoa sofrer um acidente, que os custos com o tratamento podem significar a bancarrota de uma fam\u00edlia. Ou seja, a sa\u00fade, nestes lugares, n\u00e3o \u00e9 parte do pacote b\u00e1sico da cidadania\u201d, criticou o secret\u00e1rio executivo da UNA-SUS.<\/p>\n<p>No congresso, a expectativa \u00e9 que o impacto de viola\u00e7\u00f5es de direitos humanos na sa\u00fade sejam avaliados. \u201cTemos resqu\u00edcios de pr\u00e1ticas absolutamente conden\u00e1veis no mundo como trabalho escravo, explora\u00e7\u00e3o de m\u00e3o de obra infantil, viol\u00eancia e coisas muito piores que impactam diretamente na sa\u00fade e vida das pessoas\u201d, destaca Francisco Campos.<\/p>\n<p><strong>Isabela Vieira, ABr<\/strong><\/p>\n","protected":false},"excerpt":{"rendered":"<p>Discutir os impactos de fatores sociais e ambientais na vida das pessoas para influenciar a percep\u00e7\u00e3o de que o acesso \u00e0 sa\u00fade vai al\u00e9m da assist\u00eancia m\u00e9dica \u2013 este \u00e9 o objetivo da delega\u00e7\u00e3o brasileira que vai ao 14\u00ba Congresso Mundial de Sa\u00fade P\u00fablica, entre os dias 11 e 15 deste m\u00eas, em Calcut\u00e1, na [&hellip;]<\/p>\n","protected":false},"author":2,"featured_media":36400,"comment_status":"open","ping_status":"closed","sticky":false,"template":"","format":"standard","meta":{"_acf_changed":false,"footnotes":""},"categories":[16],"tags":[],"class_list":["post-36399","post","type-post","status-publish","format-standard","has-post-thumbnail","hentry","category-brasil"],"acf":[],"yoast_head":"<!-- This site is optimized with the Yoast SEO plugin v27.2 - https:\/\/yoast.com\/product\/yoast-seo-wordpress\/ -->\n<title>Brasil vai a evento mundial em busca de vida saud\u00e1vel - Notibras<\/title>\n<meta name=\"robots\" content=\"index, follow, max-snippet:-1, max-image-preview:large, max-video-preview:-1\" \/>\n<link rel=\"canonical\" href=\"https:\/\/www.notibras.com\/site\/brasil-vai-a-evento-mundial-em-busca-de-vida-mais-saudavel\/\" \/>\n<meta property=\"og:locale\" content=\"pt_BR\" \/>\n<meta property=\"og:type\" content=\"article\" \/>\n<meta property=\"og:title\" content=\"Brasil vai a evento mundial em busca de vida saud\u00e1vel - Notibras\" \/>\n<meta property=\"og:description\" content=\"Discutir os impactos de fatores sociais e ambientais na vida das pessoas para influenciar a percep\u00e7\u00e3o de que o acesso \u00e0 sa\u00fade vai al\u00e9m da assist\u00eancia m\u00e9dica \u2013 este \u00e9 o objetivo da delega\u00e7\u00e3o brasileira que vai ao 14\u00ba Congresso Mundial de Sa\u00fade P\u00fablica, entre os dias 11 e 15 deste m\u00eas, em Calcut\u00e1, na [&hellip;]\" \/>\n<meta property=\"og:url\" content=\"https:\/\/www.notibras.com\/site\/brasil-vai-a-evento-mundial-em-busca-de-vida-mais-saudavel\/\" \/>\n<meta property=\"og:site_name\" content=\"Notibras\" \/>\n<meta property=\"article:publisher\" content=\"https:\/\/www.facebook.com\/notibras\/\" \/>\n<meta property=\"article:published_time\" content=\"2015-02-08T19:35:07+00:00\" \/>\n<meta property=\"article:modified_time\" content=\"2015-02-08T20:58:14+00:00\" \/>\n<meta property=\"og:image\" content=\"https:\/\/www.notibras.com\/site\/wp-content\/uploads\/2015\/02\/vs.jpg\" \/>\n\t<meta property=\"og:image:width\" content=\"460\" \/>\n\t<meta property=\"og:image:height\" content=\"360\" \/>\n\t<meta property=\"og:image:type\" content=\"image\/jpeg\" \/>\n<meta name=\"author\" content=\"Reda\u00e7\u00e3o\" \/>\n<meta name=\"twitter:card\" content=\"summary_large_image\" \/>\n<meta name=\"twitter:creator\" content=\"@Notibras\" \/>\n<meta name=\"twitter:site\" content=\"@Notibras\" \/>\n<meta name=\"twitter:label1\" content=\"Escrito por\" \/>\n\t<meta name=\"twitter:data1\" content=\"Reda\u00e7\u00e3o\" \/>\n\t<meta name=\"twitter:label2\" content=\"Est. tempo de leitura\" \/>\n\t<meta name=\"twitter:data2\" content=\"3 minutos\" \/>\n<script type=\"application\/ld+json\" class=\"yoast-schema-graph\">{\"@context\":\"https:\/\/schema.org\",\"@graph\":[{\"@type\":\"Article\",\"@id\":\"https:\/\/www.notibras.com\/site\/brasil-vai-a-evento-mundial-em-busca-de-vida-mais-saudavel\/#article\",\"isPartOf\":{\"@id\":\"https:\/\/www.notibras.com\/site\/brasil-vai-a-evento-mundial-em-busca-de-vida-mais-saudavel\/\"},\"author\":{\"name\":\"Reda\u00e7\u00e3o\",\"@id\":\"https:\/\/www.notibras.com\/site\/#\/schema\/person\/36ab0979449956132d3e5b517ea76ac8\"},\"headline\":\"Brasil vai a evento mundial em busca de vida saud\u00e1vel\",\"datePublished\":\"2015-02-08T19:35:07+00:00\",\"dateModified\":\"2015-02-08T20:58:14+00:00\",\"mainEntityOfPage\":{\"@id\":\"https:\/\/www.notibras.com\/site\/brasil-vai-a-evento-mundial-em-busca-de-vida-mais-saudavel\/\"},\"wordCount\":572,\"commentCount\":0,\"publisher\":{\"@id\":\"https:\/\/www.notibras.com\/site\/#organization\"},\"image\":{\"@id\":\"https:\/\/www.notibras.com\/site\/brasil-vai-a-evento-mundial-em-busca-de-vida-mais-saudavel\/#primaryimage\"},\"thumbnailUrl\":\"https:\/\/www.notibras.com\/site\/wp-content\/uploads\/2015\/02\/vs.jpg\",\"articleSection\":[\"Brasil\"],\"inLanguage\":\"pt-BR\",\"potentialAction\":[{\"@type\":\"CommentAction\",\"name\":\"Comment\",\"target\":[\"https:\/\/www.notibras.com\/site\/brasil-vai-a-evento-mundial-em-busca-de-vida-mais-saudavel\/#respond\"]}]},{\"@type\":\"WebPage\",\"@id\":\"https:\/\/www.notibras.com\/site\/brasil-vai-a-evento-mundial-em-busca-de-vida-mais-saudavel\/\",\"url\":\"https:\/\/www.notibras.com\/site\/brasil-vai-a-evento-mundial-em-busca-de-vida-mais-saudavel\/\",\"name\":\"Brasil vai a evento mundial em busca de vida saud\u00e1vel - Notibras\",\"isPartOf\":{\"@id\":\"https:\/\/www.notibras.com\/site\/#website\"},\"primaryImageOfPage\":{\"@id\":\"https:\/\/www.notibras.com\/site\/brasil-vai-a-evento-mundial-em-busca-de-vida-mais-saudavel\/#primaryimage\"},\"image\":{\"@id\":\"https:\/\/www.notibras.com\/site\/brasil-vai-a-evento-mundial-em-busca-de-vida-mais-saudavel\/#primaryimage\"},\"thumbnailUrl\":\"https:\/\/www.notibras.com\/site\/wp-content\/uploads\/2015\/02\/vs.jpg\",\"datePublished\":\"2015-02-08T19:35:07+00:00\",\"dateModified\":\"2015-02-08T20:58:14+00:00\",\"breadcrumb\":{\"@id\":\"https:\/\/www.notibras.com\/site\/brasil-vai-a-evento-mundial-em-busca-de-vida-mais-saudavel\/#breadcrumb\"},\"inLanguage\":\"pt-BR\",\"potentialAction\":[{\"@type\":\"ReadAction\",\"target\":[\"https:\/\/www.notibras.com\/site\/brasil-vai-a-evento-mundial-em-busca-de-vida-mais-saudavel\/\"]}]},{\"@type\":\"ImageObject\",\"inLanguage\":\"pt-BR\",\"@id\":\"https:\/\/www.notibras.com\/site\/brasil-vai-a-evento-mundial-em-busca-de-vida-mais-saudavel\/#primaryimage\",\"url\":\"https:\/\/www.notibras.com\/site\/wp-content\/uploads\/2015\/02\/vs.jpg\",\"contentUrl\":\"https:\/\/www.notibras.com\/site\/wp-content\/uploads\/2015\/02\/vs.jpg\",\"width\":460,\"height\":360},{\"@type\":\"BreadcrumbList\",\"@id\":\"https:\/\/www.notibras.com\/site\/brasil-vai-a-evento-mundial-em-busca-de-vida-mais-saudavel\/#breadcrumb\",\"itemListElement\":[{\"@type\":\"ListItem\",\"position\":1,\"name\":\"In\u00edcio\",\"item\":\"https:\/\/www.notibras.com\/site\/\"},{\"@type\":\"ListItem\",\"position\":2,\"name\":\"Brasil vai a evento mundial em busca de vida saud\u00e1vel\"}]},{\"@type\":\"WebSite\",\"@id\":\"https:\/\/www.notibras.com\/site\/#website\",\"url\":\"https:\/\/www.notibras.com\/site\/\",\"name\":\"Notibras\",\"description\":\"Not\u00edcias de Bras\u00edlia, do Brasil e do Mundo\",\"publisher\":{\"@id\":\"https:\/\/www.notibras.com\/site\/#organization\"},\"potentialAction\":[{\"@type\":\"SearchAction\",\"target\":{\"@type\":\"EntryPoint\",\"urlTemplate\":\"https:\/\/www.notibras.com\/site\/?s={search_term_string}\"},\"query-input\":{\"@type\":\"PropertyValueSpecification\",\"valueRequired\":true,\"valueName\":\"search_term_string\"}}],\"inLanguage\":\"pt-BR\"},{\"@type\":\"Organization\",\"@id\":\"https:\/\/www.notibras.com\/site\/#organization\",\"name\":\"Grupo Notibras de Comunica\u00e7\u00e3o\",\"url\":\"https:\/\/www.notibras.com\/site\/\",\"logo\":{\"@type\":\"ImageObject\",\"inLanguage\":\"pt-BR\",\"@id\":\"https:\/\/www.notibras.com\/site\/#\/schema\/logo\/image\/\",\"url\":\"https:\/\/www.notibras.com\/site\/wp-content\/uploads\/2023\/01\/notibras23.png\",\"contentUrl\":\"https:\/\/www.notibras.com\/site\/wp-content\/uploads\/2023\/01\/notibras23.png\",\"width\":350,\"height\":87,\"caption\":\"Grupo Notibras de Comunica\u00e7\u00e3o\"},\"image\":{\"@id\":\"https:\/\/www.notibras.com\/site\/#\/schema\/logo\/image\/\"},\"sameAs\":[\"https:\/\/www.facebook.com\/notibras\/\",\"https:\/\/x.com\/Notibras\",\"https:\/\/www.instagram.com\/notibras\/\"]},{\"@type\":\"Person\",\"@id\":\"https:\/\/www.notibras.com\/site\/#\/schema\/person\/36ab0979449956132d3e5b517ea76ac8\",\"name\":\"Reda\u00e7\u00e3o\",\"image\":{\"@type\":\"ImageObject\",\"inLanguage\":\"pt-BR\",\"@id\":\"https:\/\/secure.gravatar.com\/avatar\/e0a867bdedb85fd243eadf09663511f96fc81e0720a4a42581f334ad4303aa6b?s=96&d=mm&r=g\",\"url\":\"https:\/\/secure.gravatar.com\/avatar\/e0a867bdedb85fd243eadf09663511f96fc81e0720a4a42581f334ad4303aa6b?s=96&d=mm&r=g\",\"contentUrl\":\"https:\/\/secure.gravatar.com\/avatar\/e0a867bdedb85fd243eadf09663511f96fc81e0720a4a42581f334ad4303aa6b?s=96&d=mm&r=g\",\"caption\":\"Reda\u00e7\u00e3o\"}}]}<\/script>\n<!-- \/ Yoast SEO plugin. -->","yoast_head_json":{"title":"Brasil vai a evento mundial em busca de vida saud\u00e1vel - Notibras","robots":{"index":"index","follow":"follow","max-snippet":"max-snippet:-1","max-image-preview":"max-image-preview:large","max-video-preview":"max-video-preview:-1"},"canonical":"https:\/\/www.notibras.com\/site\/brasil-vai-a-evento-mundial-em-busca-de-vida-mais-saudavel\/","og_locale":"pt_BR","og_type":"article","og_title":"Brasil vai a evento mundial em busca de vida saud\u00e1vel - Notibras","og_description":"Discutir os impactos de fatores sociais e ambientais na vida das pessoas para influenciar a percep\u00e7\u00e3o de que o acesso \u00e0 sa\u00fade vai al\u00e9m da assist\u00eancia m\u00e9dica \u2013 este \u00e9 o objetivo da delega\u00e7\u00e3o brasileira que vai ao 14\u00ba Congresso Mundial de Sa\u00fade P\u00fablica, entre os dias 11 e 15 deste m\u00eas, em Calcut\u00e1, na [&hellip;]","og_url":"https:\/\/www.notibras.com\/site\/brasil-vai-a-evento-mundial-em-busca-de-vida-mais-saudavel\/","og_site_name":"Notibras","article_publisher":"https:\/\/www.facebook.com\/notibras\/","article_published_time":"2015-02-08T19:35:07+00:00","article_modified_time":"2015-02-08T20:58:14+00:00","og_image":[{"width":460,"height":360,"url":"https:\/\/www.notibras.com\/site\/wp-content\/uploads\/2015\/02\/vs.jpg","type":"image\/jpeg"}],"author":"Reda\u00e7\u00e3o","twitter_card":"summary_large_image","twitter_creator":"@Notibras","twitter_site":"@Notibras","twitter_misc":{"Escrito por":"Reda\u00e7\u00e3o","Est. tempo de leitura":"3 minutos"},"schema":{"@context":"https:\/\/schema.org","@graph":[{"@type":"Article","@id":"https:\/\/www.notibras.com\/site\/brasil-vai-a-evento-mundial-em-busca-de-vida-mais-saudavel\/#article","isPartOf":{"@id":"https:\/\/www.notibras.com\/site\/brasil-vai-a-evento-mundial-em-busca-de-vida-mais-saudavel\/"},"author":{"name":"Reda\u00e7\u00e3o","@id":"https:\/\/www.notibras.com\/site\/#\/schema\/person\/36ab0979449956132d3e5b517ea76ac8"},"headline":"Brasil vai a evento mundial em busca de vida saud\u00e1vel","datePublished":"2015-02-08T19:35:07+00:00","dateModified":"2015-02-08T20:58:14+00:00","mainEntityOfPage":{"@id":"https:\/\/www.notibras.com\/site\/brasil-vai-a-evento-mundial-em-busca-de-vida-mais-saudavel\/"},"wordCount":572,"commentCount":0,"publisher":{"@id":"https:\/\/www.notibras.com\/site\/#organization"},"image":{"@id":"https:\/\/www.notibras.com\/site\/brasil-vai-a-evento-mundial-em-busca-de-vida-mais-saudavel\/#primaryimage"},"thumbnailUrl":"https:\/\/www.notibras.com\/site\/wp-content\/uploads\/2015\/02\/vs.jpg","articleSection":["Brasil"],"inLanguage":"pt-BR","potentialAction":[{"@type":"CommentAction","name":"Comment","target":["https:\/\/www.notibras.com\/site\/brasil-vai-a-evento-mundial-em-busca-de-vida-mais-saudavel\/#respond"]}]},{"@type":"WebPage","@id":"https:\/\/www.notibras.com\/site\/brasil-vai-a-evento-mundial-em-busca-de-vida-mais-saudavel\/","url":"https:\/\/www.notibras.com\/site\/brasil-vai-a-evento-mundial-em-busca-de-vida-mais-saudavel\/","name":"Brasil vai a evento mundial em busca de vida saud\u00e1vel - Notibras","isPartOf":{"@id":"https:\/\/www.notibras.com\/site\/#website"},"primaryImageOfPage":{"@id":"https:\/\/www.notibras.com\/site\/brasil-vai-a-evento-mundial-em-busca-de-vida-mais-saudavel\/#primaryimage"},"image":{"@id":"https:\/\/www.notibras.com\/site\/brasil-vai-a-evento-mundial-em-busca-de-vida-mais-saudavel\/#primaryimage"},"thumbnailUrl":"https:\/\/www.notibras.com\/site\/wp-content\/uploads\/2015\/02\/vs.jpg","datePublished":"2015-02-08T19:35:07+00:00","dateModified":"2015-02-08T20:58:14+00:00","breadcrumb":{"@id":"https:\/\/www.notibras.com\/site\/brasil-vai-a-evento-mundial-em-busca-de-vida-mais-saudavel\/#breadcrumb"},"inLanguage":"pt-BR","potentialAction":[{"@type":"ReadAction","target":["https:\/\/www.notibras.com\/site\/brasil-vai-a-evento-mundial-em-busca-de-vida-mais-saudavel\/"]}]},{"@type":"ImageObject","inLanguage":"pt-BR","@id":"https:\/\/www.notibras.com\/site\/brasil-vai-a-evento-mundial-em-busca-de-vida-mais-saudavel\/#primaryimage","url":"https:\/\/www.notibras.com\/site\/wp-content\/uploads\/2015\/02\/vs.jpg","contentUrl":"https:\/\/www.notibras.com\/site\/wp-content\/uploads\/2015\/02\/vs.jpg","width":460,"height":360},{"@type":"BreadcrumbList","@id":"https:\/\/www.notibras.com\/site\/brasil-vai-a-evento-mundial-em-busca-de-vida-mais-saudavel\/#breadcrumb","itemListElement":[{"@type":"ListItem","position":1,"name":"In\u00edcio","item":"https:\/\/www.notibras.com\/site\/"},{"@type":"ListItem","position":2,"name":"Brasil vai a evento mundial em busca de vida saud\u00e1vel"}]},{"@type":"WebSite","@id":"https:\/\/www.notibras.com\/site\/#website","url":"https:\/\/www.notibras.com\/site\/","name":"Notibras","description":"Not\u00edcias de Bras\u00edlia, do Brasil e do Mundo","publisher":{"@id":"https:\/\/www.notibras.com\/site\/#organization"},"potentialAction":[{"@type":"SearchAction","target":{"@type":"EntryPoint","urlTemplate":"https:\/\/www.notibras.com\/site\/?s={search_term_string}"},"query-input":{"@type":"PropertyValueSpecification","valueRequired":true,"valueName":"search_term_string"}}],"inLanguage":"pt-BR"},{"@type":"Organization","@id":"https:\/\/www.notibras.com\/site\/#organization","name":"Grupo Notibras de Comunica\u00e7\u00e3o","url":"https:\/\/www.notibras.com\/site\/","logo":{"@type":"ImageObject","inLanguage":"pt-BR","@id":"https:\/\/www.notibras.com\/site\/#\/schema\/logo\/image\/","url":"https:\/\/www.notibras.com\/site\/wp-content\/uploads\/2023\/01\/notibras23.png","contentUrl":"https:\/\/www.notibras.com\/site\/wp-content\/uploads\/2023\/01\/notibras23.png","width":350,"height":87,"caption":"Grupo Notibras de Comunica\u00e7\u00e3o"},"image":{"@id":"https:\/\/www.notibras.com\/site\/#\/schema\/logo\/image\/"},"sameAs":["https:\/\/www.facebook.com\/notibras\/","https:\/\/x.com\/Notibras","https:\/\/www.instagram.com\/notibras\/"]},{"@type":"Person","@id":"https:\/\/www.notibras.com\/site\/#\/schema\/person\/36ab0979449956132d3e5b517ea76ac8","name":"Reda\u00e7\u00e3o","image":{"@type":"ImageObject","inLanguage":"pt-BR","@id":"https:\/\/secure.gravatar.com\/avatar\/e0a867bdedb85fd243eadf09663511f96fc81e0720a4a42581f334ad4303aa6b?s=96&d=mm&r=g","url":"https:\/\/secure.gravatar.com\/avatar\/e0a867bdedb85fd243eadf09663511f96fc81e0720a4a42581f334ad4303aa6b?s=96&d=mm&r=g","contentUrl":"https:\/\/secure.gravatar.com\/avatar\/e0a867bdedb85fd243eadf09663511f96fc81e0720a4a42581f334ad4303aa6b?s=96&d=mm&r=g","caption":"Reda\u00e7\u00e3o"}}]}},"amp_enabled":true,"_links":{"self":[{"href":"https:\/\/www.notibras.com\/site\/wp-json\/wp\/v2\/posts\/36399","targetHints":{"allow":["GET"]}}],"collection":[{"href":"https:\/\/www.notibras.com\/site\/wp-json\/wp\/v2\/posts"}],"about":[{"href":"https:\/\/www.notibras.com\/site\/wp-json\/wp\/v2\/types\/post"}],"author":[{"embeddable":true,"href":"https:\/\/www.notibras.com\/site\/wp-json\/wp\/v2\/users\/2"}],"replies":[{"embeddable":true,"href":"https:\/\/www.notibras.com\/site\/wp-json\/wp\/v2\/comments?post=36399"}],"version-history":[{"count":0,"href":"https:\/\/www.notibras.com\/site\/wp-json\/wp\/v2\/posts\/36399\/revisions"}],"wp:featuredmedia":[{"embeddable":true,"href":"https:\/\/www.notibras.com\/site\/wp-json\/wp\/v2\/media\/36400"}],"wp:attachment":[{"href":"https:\/\/www.notibras.com\/site\/wp-json\/wp\/v2\/media?parent=36399"}],"wp:term":[{"taxonomy":"category","embeddable":true,"href":"https:\/\/www.notibras.com\/site\/wp-json\/wp\/v2\/categories?post=36399"},{"taxonomy":"post_tag","embeddable":true,"href":"https:\/\/www.notibras.com\/site\/wp-json\/wp\/v2\/tags?post=36399"}],"curies":[{"name":"wp","href":"https:\/\/api.w.org\/{rel}","templated":true}]}}