{"id":363995,"date":"2025-09-11T08:52:33","date_gmt":"2025-09-11T11:52:33","guid":{"rendered":"https:\/\/www.notibras.com\/site\/?p=363995"},"modified":"2025-09-11T09:17:26","modified_gmt":"2025-09-11T12:17:26","slug":"as-missas-negras-da-era-medieval-e-sua-simbologia-ocultista","status":"publish","type":"post","link":"https:\/\/www.notibras.com\/site\/as-missas-negras-da-era-medieval-e-sua-simbologia-ocultista\/","title":{"rendered":"As missas negras da era medieval e sua Simbologia Ocultista"},"content":{"rendered":"<p>As missas negras emergem como um conceito fascinante e controverso, com ra\u00edzes que remontam \u00e0 Idade M\u00e9dia. Originalmente, essas cerim\u00f4nias eram descritas como par\u00f3dias blasfemas da missa cat\u00f3lica, supostamente realizadas por hereges e magos negros. No entanto, a realidade dessas pr\u00e1ticas frequentemente se confunde com mitos e medos projetados pela sociedade da \u00e9poca. Elas s\u00e3o concebidas como invers\u00f5es deliberadas dos rituais crist\u00e3os, simbolizando uma rejei\u00e7\u00e3o e par\u00f3dia da f\u00e9 tradicional.<\/p>\n<p>Cada elemento da missa \u00e9 subvertido, utilizando s\u00edmbolos sagrados de forma profana. O sacerdote das missas negras, muitas vezes chamado de &#8220;sacerdote negro&#8221;, um contraponto \u00e0s vestes papais que s\u00e3o brancas, \u00e9 respons\u00e1vel por conduzir a cerim\u00f4nia. Ele pode ser acompanhado por uma sacerdotisa, que representa a contraparte feminina e \u00e9 vista como um canal de energia sexual e de for\u00e7a vital.<\/p>\n<p>Os posicionamentos, de instrumentos e s\u00edmbolos considerados sagrados, invertidos tem um simbolismo muito expl\u00edcito com a frase herm\u00e9tica que diz: \u201co que est\u00e1 acima, tamb\u00e9m est\u00e1 abaixo.\u201d O Altar Invertido, que pode ser uma mesa simples ou como em algumas lendas, o corpo nu de uma mulher, simbolizando a Terra M\u00e3e ou a profana\u00e7\u00e3o do sagrado. O Pentagrama Invertido, utilizado como s\u00edmbolo de rebeldia e apropria\u00e7\u00e3o do poder terreno, em oposi\u00e7\u00e3o \u00e0 espiritualidade ascendente do pentagrama tradicional.<\/p>\n<p>Os C\u00e1lice e Adaga, no qual eventualmente cont\u00eam vinho ou sangue, \u00e9 consagrado de forma inversa. A adaga representa tanto sacrif\u00edcio quanto prote\u00e7\u00e3o. O \u201cLivro das Sombras\u201d, usado para recitar encantamentos e invoca\u00e7\u00f5es, preenchido com f\u00f3rmulas m\u00e1gicas e sigilos. A inicia\u00e7\u00e3o em uma missa negra \u00e9 um ritual cuidadosamente orquestrado, simbolizando a morte do eu antigo e o renascimento em uma nova identidade. O candidato pode ser despojado de vestes, ungido com \u00f3leos especiais e jurar lealdade ao grupo e seus princ\u00edpios. O novo membro pode passar por testes de coragem e devo\u00e7\u00e3o, culminando em um juramento solene. Estruturalmente, esses rituais foram sendo apropriados, e adaptados, entre as v\u00e1rias correntes ocultistas que foram surgindo desde a antiguidade at\u00e9 a atualidade.<\/p>\n<p>As missas negras podem coincidir com importantes datas do calend\u00e1rio pag\u00e3o, como os Sabbats (Beltane, Samhain) ou Esbats (luas cheias), aproveitando a energia m\u00e1gica destes per\u00edodos. Equin\u00f3cios e Solst\u00edcios, s\u00e3o datas significativas, refletindo a conex\u00e3o com ciclos naturais e a busca por equil\u00edbrio e poder. Os Sabbats e Esbats s\u00e3o celebra\u00e7\u00f5es fundamentais no calend\u00e1rio pag\u00e3o e Wiccano, conectando praticantes aos ciclos naturais do ano e \u00e0s fases da lua. Esses rituais n\u00e3o apenas honram a mudan\u00e7a das esta\u00e7\u00f5es e os ritmos lunares, mas tamb\u00e9m servem como momentos poderosos para a pr\u00e1tica m\u00e1gica e a introspec\u00e7\u00e3o espiritual Sabbats s\u00e3o festivais solares que celebram as mudan\u00e7as de esta\u00e7\u00e3o e os ciclos da Terra. Eles s\u00e3o ocasi\u00f5es para alinhar-se com as energias sazonais e refletir sobre as transforma\u00e7\u00f5es na natureza e dentro de si mesmo. O calend\u00e1rio \u00e9 amplo e muito significativo, sempre coincidindo com eventos astron\u00f4micos, meteorol\u00f3gicos, ciclos da natureza e de fertilidade. Por exemplo temos o dia 31 de outubro em que se celebra o fim do ciclo de colheita e o in\u00edcio do inverno. \u00c9 um tempo de introspec\u00e7\u00e3o e comunica\u00e7\u00e3o com os ancestrais, muitas vezes associado ao v\u00e9u entre os mundos, que se acredita ser mais t\u00eanue.<\/p>\n<p>Os rituais de Sabbat frequentemente incluem dan\u00e7as, fogueiras, oferendas de alimentos e medita\u00e7\u00f5es guiadas para honrar a esta\u00e7\u00e3o e seus deuses associados. Esbats, s\u00e3o celebra\u00e7\u00f5es lunares, principalmente realizadas nas noites de lua cheia. Eles s\u00e3o vistos como momentos de alta energia m\u00e1gica, prop\u00edcios para rituais de manifesta\u00e7\u00e3o, prote\u00e7\u00e3o e cura. As pr\u00e1ticas podem incluir a consagra\u00e7\u00e3o de ferramentas m\u00e1gicas, a prepara\u00e7\u00e3o de po\u00e7\u00f5es ou talism\u00e3s, e medita\u00e7\u00f5es profundas. \u00c9 um tempo para recarregar energias e conectar-se com a intui\u00e7\u00e3o. Tanto os Sabbats quanto os Esbats s\u00e3o vistos como parte de um ciclo alqu\u00edmico, onde a transforma\u00e7\u00e3o pessoal e o alinhamento com os ritmos c\u00f3smicos s\u00e3o continuamente buscados. Eles simbolizam a dan\u00e7a entre a luz e a escurid\u00e3o, a a\u00e7\u00e3o e o repouso, refletindo o eterno processo de morte e renascimento. O estudo das missas negras revela uma rica tessitura de simbolismo e transgress\u00e3o. Cada elemento \u00e9 cuidadosamente escolhido para desafiar a norma e invocar poderes que se acredita residirem al\u00e9m do mundo vis\u00edvel.<\/p>\n<p>Embora muitas das descri\u00e7\u00f5es desses rituais sejam envoltas em lendas e exageros, elas continuam a fascinar aqueles que buscam compreender os limites do espiritual e do profano. Essas celebra\u00e7\u00f5es oferecem uma estrutura para os praticantes se conectarem com o mundo natural e seus pr\u00f3prios ciclos internos. Elas incentivam a pr\u00e1tica de viver em harmonia com a Terra e os astros, promovendo crescimento espiritual e equil\u00edbrio. Pra quem n\u00e3o sabe, ou n\u00e3o sabia, nossos rituais voltados para as efem\u00e9rides astron\u00f4micas t\u00eam um \u201cqu\u00ea \u201cde um Sabbat e de rebeldia. \u00c9 essa transmuta\u00e7\u00e3o alqu\u00edmica de rituais pag\u00e3os que nos mant\u00e9m conectados com nosso passado m\u00edstico.<\/p>\n<p>&#8230;&#8230;&#8230;&#8230;&#8230;&#8230;&#8230;&#8230;&#8230;<\/p>\n<p><strong>Marco Mammoli<\/strong><br \/>\n<strong>Mestre Conselheiro e Membro do conselho do Col\u00e9gio dos Magos e Sacerdotisas. Contato direto com o Col\u00e9gio dos Magos e Sacerdotisas atrav\u00e9s da Bio, Direct e o Whatsapp: 81 997302139.<\/strong><\/p>\n","protected":false},"excerpt":{"rendered":"<p>As missas negras emergem como um conceito fascinante e controverso, com ra\u00edzes que remontam \u00e0 Idade M\u00e9dia. Originalmente, essas cerim\u00f4nias eram descritas como par\u00f3dias blasfemas da missa cat\u00f3lica, supostamente realizadas por hereges e magos negros. No entanto, a realidade dessas pr\u00e1ticas frequentemente se confunde com mitos e medos projetados pela sociedade da \u00e9poca. Elas s\u00e3o [&hellip;]<\/p>\n","protected":false},"author":2,"featured_media":363996,"comment_status":"closed","ping_status":"closed","sticky":false,"template":"","format":"standard","meta":{"_acf_changed":false,"footnotes":""},"categories":[237],"tags":[],"class_list":["post-363995","post","type-post","status-publish","format-standard","has-post-thumbnail","hentry","category-oraculos"],"acf":[],"yoast_head":"<!-- This site is optimized with the Yoast SEO plugin v27.2 - https:\/\/yoast.com\/product\/yoast-seo-wordpress\/ -->\n<title>As missas negras da era medieval e sua Simbologia Ocultista - Notibras<\/title>\n<meta name=\"robots\" content=\"index, follow, max-snippet:-1, max-image-preview:large, max-video-preview:-1\" \/>\n<link rel=\"canonical\" href=\"https:\/\/www.notibras.com\/site\/as-missas-negras-da-era-medieval-e-sua-simbologia-ocultista\/\" \/>\n<meta property=\"og:locale\" content=\"pt_BR\" \/>\n<meta property=\"og:type\" content=\"article\" \/>\n<meta property=\"og:title\" content=\"As missas negras da era medieval e sua Simbologia Ocultista - Notibras\" \/>\n<meta property=\"og:description\" content=\"As missas negras emergem como um conceito fascinante e controverso, com ra\u00edzes que remontam \u00e0 Idade M\u00e9dia. Originalmente, essas cerim\u00f4nias eram descritas como par\u00f3dias blasfemas da missa cat\u00f3lica, supostamente realizadas por hereges e magos negros. No entanto, a realidade dessas pr\u00e1ticas frequentemente se confunde com mitos e medos projetados pela sociedade da \u00e9poca. Elas s\u00e3o [&hellip;]\" \/>\n<meta property=\"og:url\" content=\"https:\/\/www.notibras.com\/site\/as-missas-negras-da-era-medieval-e-sua-simbologia-ocultista\/\" \/>\n<meta property=\"og:site_name\" content=\"Notibras\" \/>\n<meta property=\"article:publisher\" content=\"https:\/\/www.facebook.com\/notibras\/\" \/>\n<meta property=\"article:published_time\" content=\"2025-09-11T11:52:33+00:00\" \/>\n<meta property=\"article:modified_time\" content=\"2025-09-11T12:17:26+00:00\" \/>\n<meta property=\"og:image\" content=\"https:\/\/www.notibras.com\/site\/wp-content\/uploads\/2025\/09\/0425cd0f-42d9-430d-9970-478edf986c24.jpg\" \/>\n\t<meta property=\"og:image:width\" content=\"550\" \/>\n\t<meta property=\"og:image:height\" content=\"550\" \/>\n\t<meta property=\"og:image:type\" content=\"image\/jpeg\" \/>\n<meta name=\"author\" content=\"Reda\u00e7\u00e3o\" \/>\n<meta name=\"twitter:card\" content=\"summary_large_image\" \/>\n<meta name=\"twitter:creator\" content=\"@Notibras\" \/>\n<meta name=\"twitter:site\" content=\"@Notibras\" \/>\n<meta name=\"twitter:label1\" content=\"Escrito por\" \/>\n\t<meta name=\"twitter:data1\" content=\"Reda\u00e7\u00e3o\" \/>\n\t<meta name=\"twitter:label2\" content=\"Est. tempo de leitura\" \/>\n\t<meta name=\"twitter:data2\" content=\"5 minutos\" \/>\n<script type=\"application\/ld+json\" class=\"yoast-schema-graph\">{\"@context\":\"https:\/\/schema.org\",\"@graph\":[{\"@type\":\"Article\",\"@id\":\"https:\/\/www.notibras.com\/site\/as-missas-negras-da-era-medieval-e-sua-simbologia-ocultista\/#article\",\"isPartOf\":{\"@id\":\"https:\/\/www.notibras.com\/site\/as-missas-negras-da-era-medieval-e-sua-simbologia-ocultista\/\"},\"author\":{\"name\":\"Reda\u00e7\u00e3o\",\"@id\":\"https:\/\/www.notibras.com\/site\/#\/schema\/person\/36ab0979449956132d3e5b517ea76ac8\"},\"headline\":\"As missas negras da era medieval e sua Simbologia Ocultista\",\"datePublished\":\"2025-09-11T11:52:33+00:00\",\"dateModified\":\"2025-09-11T12:17:26+00:00\",\"mainEntityOfPage\":{\"@id\":\"https:\/\/www.notibras.com\/site\/as-missas-negras-da-era-medieval-e-sua-simbologia-ocultista\/\"},\"wordCount\":937,\"publisher\":{\"@id\":\"https:\/\/www.notibras.com\/site\/#organization\"},\"image\":{\"@id\":\"https:\/\/www.notibras.com\/site\/as-missas-negras-da-era-medieval-e-sua-simbologia-ocultista\/#primaryimage\"},\"thumbnailUrl\":\"https:\/\/www.notibras.com\/site\/wp-content\/uploads\/2025\/09\/0425cd0f-42d9-430d-9970-478edf986c24.jpg\",\"articleSection\":[\"Or\u00e1culos\"],\"inLanguage\":\"pt-BR\"},{\"@type\":\"WebPage\",\"@id\":\"https:\/\/www.notibras.com\/site\/as-missas-negras-da-era-medieval-e-sua-simbologia-ocultista\/\",\"url\":\"https:\/\/www.notibras.com\/site\/as-missas-negras-da-era-medieval-e-sua-simbologia-ocultista\/\",\"name\":\"As missas negras da era medieval e sua Simbologia Ocultista - Notibras\",\"isPartOf\":{\"@id\":\"https:\/\/www.notibras.com\/site\/#website\"},\"primaryImageOfPage\":{\"@id\":\"https:\/\/www.notibras.com\/site\/as-missas-negras-da-era-medieval-e-sua-simbologia-ocultista\/#primaryimage\"},\"image\":{\"@id\":\"https:\/\/www.notibras.com\/site\/as-missas-negras-da-era-medieval-e-sua-simbologia-ocultista\/#primaryimage\"},\"thumbnailUrl\":\"https:\/\/www.notibras.com\/site\/wp-content\/uploads\/2025\/09\/0425cd0f-42d9-430d-9970-478edf986c24.jpg\",\"datePublished\":\"2025-09-11T11:52:33+00:00\",\"dateModified\":\"2025-09-11T12:17:26+00:00\",\"breadcrumb\":{\"@id\":\"https:\/\/www.notibras.com\/site\/as-missas-negras-da-era-medieval-e-sua-simbologia-ocultista\/#breadcrumb\"},\"inLanguage\":\"pt-BR\",\"potentialAction\":[{\"@type\":\"ReadAction\",\"target\":[\"https:\/\/www.notibras.com\/site\/as-missas-negras-da-era-medieval-e-sua-simbologia-ocultista\/\"]}]},{\"@type\":\"ImageObject\",\"inLanguage\":\"pt-BR\",\"@id\":\"https:\/\/www.notibras.com\/site\/as-missas-negras-da-era-medieval-e-sua-simbologia-ocultista\/#primaryimage\",\"url\":\"https:\/\/www.notibras.com\/site\/wp-content\/uploads\/2025\/09\/0425cd0f-42d9-430d-9970-478edf986c24.jpg\",\"contentUrl\":\"https:\/\/www.notibras.com\/site\/wp-content\/uploads\/2025\/09\/0425cd0f-42d9-430d-9970-478edf986c24.jpg\",\"width\":550,\"height\":550},{\"@type\":\"BreadcrumbList\",\"@id\":\"https:\/\/www.notibras.com\/site\/as-missas-negras-da-era-medieval-e-sua-simbologia-ocultista\/#breadcrumb\",\"itemListElement\":[{\"@type\":\"ListItem\",\"position\":1,\"name\":\"In\u00edcio\",\"item\":\"https:\/\/www.notibras.com\/site\/\"},{\"@type\":\"ListItem\",\"position\":2,\"name\":\"As missas negras da era medieval e sua Simbologia Ocultista\"}]},{\"@type\":\"WebSite\",\"@id\":\"https:\/\/www.notibras.com\/site\/#website\",\"url\":\"https:\/\/www.notibras.com\/site\/\",\"name\":\"Notibras\",\"description\":\"Not\u00edcias de Bras\u00edlia, do Brasil e do Mundo\",\"publisher\":{\"@id\":\"https:\/\/www.notibras.com\/site\/#organization\"},\"potentialAction\":[{\"@type\":\"SearchAction\",\"target\":{\"@type\":\"EntryPoint\",\"urlTemplate\":\"https:\/\/www.notibras.com\/site\/?s={search_term_string}\"},\"query-input\":{\"@type\":\"PropertyValueSpecification\",\"valueRequired\":true,\"valueName\":\"search_term_string\"}}],\"inLanguage\":\"pt-BR\"},{\"@type\":\"Organization\",\"@id\":\"https:\/\/www.notibras.com\/site\/#organization\",\"name\":\"Grupo Notibras de Comunica\u00e7\u00e3o\",\"url\":\"https:\/\/www.notibras.com\/site\/\",\"logo\":{\"@type\":\"ImageObject\",\"inLanguage\":\"pt-BR\",\"@id\":\"https:\/\/www.notibras.com\/site\/#\/schema\/logo\/image\/\",\"url\":\"https:\/\/www.notibras.com\/site\/wp-content\/uploads\/2023\/01\/notibras23.png\",\"contentUrl\":\"https:\/\/www.notibras.com\/site\/wp-content\/uploads\/2023\/01\/notibras23.png\",\"width\":350,\"height\":87,\"caption\":\"Grupo Notibras de Comunica\u00e7\u00e3o\"},\"image\":{\"@id\":\"https:\/\/www.notibras.com\/site\/#\/schema\/logo\/image\/\"},\"sameAs\":[\"https:\/\/www.facebook.com\/notibras\/\",\"https:\/\/x.com\/Notibras\",\"https:\/\/www.instagram.com\/notibras\/\"]},{\"@type\":\"Person\",\"@id\":\"https:\/\/www.notibras.com\/site\/#\/schema\/person\/36ab0979449956132d3e5b517ea76ac8\",\"name\":\"Reda\u00e7\u00e3o\",\"image\":{\"@type\":\"ImageObject\",\"inLanguage\":\"pt-BR\",\"@id\":\"https:\/\/secure.gravatar.com\/avatar\/e0a867bdedb85fd243eadf09663511f96fc81e0720a4a42581f334ad4303aa6b?s=96&d=mm&r=g\",\"url\":\"https:\/\/secure.gravatar.com\/avatar\/e0a867bdedb85fd243eadf09663511f96fc81e0720a4a42581f334ad4303aa6b?s=96&d=mm&r=g\",\"contentUrl\":\"https:\/\/secure.gravatar.com\/avatar\/e0a867bdedb85fd243eadf09663511f96fc81e0720a4a42581f334ad4303aa6b?s=96&d=mm&r=g\",\"caption\":\"Reda\u00e7\u00e3o\"}}]}<\/script>\n<!-- \/ Yoast SEO plugin. -->","yoast_head_json":{"title":"As missas negras da era medieval e sua Simbologia Ocultista - Notibras","robots":{"index":"index","follow":"follow","max-snippet":"max-snippet:-1","max-image-preview":"max-image-preview:large","max-video-preview":"max-video-preview:-1"},"canonical":"https:\/\/www.notibras.com\/site\/as-missas-negras-da-era-medieval-e-sua-simbologia-ocultista\/","og_locale":"pt_BR","og_type":"article","og_title":"As missas negras da era medieval e sua Simbologia Ocultista - Notibras","og_description":"As missas negras emergem como um conceito fascinante e controverso, com ra\u00edzes que remontam \u00e0 Idade M\u00e9dia. Originalmente, essas cerim\u00f4nias eram descritas como par\u00f3dias blasfemas da missa cat\u00f3lica, supostamente realizadas por hereges e magos negros. No entanto, a realidade dessas pr\u00e1ticas frequentemente se confunde com mitos e medos projetados pela sociedade da \u00e9poca. Elas s\u00e3o [&hellip;]","og_url":"https:\/\/www.notibras.com\/site\/as-missas-negras-da-era-medieval-e-sua-simbologia-ocultista\/","og_site_name":"Notibras","article_publisher":"https:\/\/www.facebook.com\/notibras\/","article_published_time":"2025-09-11T11:52:33+00:00","article_modified_time":"2025-09-11T12:17:26+00:00","og_image":[{"width":550,"height":550,"url":"https:\/\/www.notibras.com\/site\/wp-content\/uploads\/2025\/09\/0425cd0f-42d9-430d-9970-478edf986c24.jpg","type":"image\/jpeg"}],"author":"Reda\u00e7\u00e3o","twitter_card":"summary_large_image","twitter_creator":"@Notibras","twitter_site":"@Notibras","twitter_misc":{"Escrito por":"Reda\u00e7\u00e3o","Est. tempo de leitura":"5 minutos"},"schema":{"@context":"https:\/\/schema.org","@graph":[{"@type":"Article","@id":"https:\/\/www.notibras.com\/site\/as-missas-negras-da-era-medieval-e-sua-simbologia-ocultista\/#article","isPartOf":{"@id":"https:\/\/www.notibras.com\/site\/as-missas-negras-da-era-medieval-e-sua-simbologia-ocultista\/"},"author":{"name":"Reda\u00e7\u00e3o","@id":"https:\/\/www.notibras.com\/site\/#\/schema\/person\/36ab0979449956132d3e5b517ea76ac8"},"headline":"As missas negras da era medieval e sua Simbologia Ocultista","datePublished":"2025-09-11T11:52:33+00:00","dateModified":"2025-09-11T12:17:26+00:00","mainEntityOfPage":{"@id":"https:\/\/www.notibras.com\/site\/as-missas-negras-da-era-medieval-e-sua-simbologia-ocultista\/"},"wordCount":937,"publisher":{"@id":"https:\/\/www.notibras.com\/site\/#organization"},"image":{"@id":"https:\/\/www.notibras.com\/site\/as-missas-negras-da-era-medieval-e-sua-simbologia-ocultista\/#primaryimage"},"thumbnailUrl":"https:\/\/www.notibras.com\/site\/wp-content\/uploads\/2025\/09\/0425cd0f-42d9-430d-9970-478edf986c24.jpg","articleSection":["Or\u00e1culos"],"inLanguage":"pt-BR"},{"@type":"WebPage","@id":"https:\/\/www.notibras.com\/site\/as-missas-negras-da-era-medieval-e-sua-simbologia-ocultista\/","url":"https:\/\/www.notibras.com\/site\/as-missas-negras-da-era-medieval-e-sua-simbologia-ocultista\/","name":"As missas negras da era medieval e sua Simbologia Ocultista - Notibras","isPartOf":{"@id":"https:\/\/www.notibras.com\/site\/#website"},"primaryImageOfPage":{"@id":"https:\/\/www.notibras.com\/site\/as-missas-negras-da-era-medieval-e-sua-simbologia-ocultista\/#primaryimage"},"image":{"@id":"https:\/\/www.notibras.com\/site\/as-missas-negras-da-era-medieval-e-sua-simbologia-ocultista\/#primaryimage"},"thumbnailUrl":"https:\/\/www.notibras.com\/site\/wp-content\/uploads\/2025\/09\/0425cd0f-42d9-430d-9970-478edf986c24.jpg","datePublished":"2025-09-11T11:52:33+00:00","dateModified":"2025-09-11T12:17:26+00:00","breadcrumb":{"@id":"https:\/\/www.notibras.com\/site\/as-missas-negras-da-era-medieval-e-sua-simbologia-ocultista\/#breadcrumb"},"inLanguage":"pt-BR","potentialAction":[{"@type":"ReadAction","target":["https:\/\/www.notibras.com\/site\/as-missas-negras-da-era-medieval-e-sua-simbologia-ocultista\/"]}]},{"@type":"ImageObject","inLanguage":"pt-BR","@id":"https:\/\/www.notibras.com\/site\/as-missas-negras-da-era-medieval-e-sua-simbologia-ocultista\/#primaryimage","url":"https:\/\/www.notibras.com\/site\/wp-content\/uploads\/2025\/09\/0425cd0f-42d9-430d-9970-478edf986c24.jpg","contentUrl":"https:\/\/www.notibras.com\/site\/wp-content\/uploads\/2025\/09\/0425cd0f-42d9-430d-9970-478edf986c24.jpg","width":550,"height":550},{"@type":"BreadcrumbList","@id":"https:\/\/www.notibras.com\/site\/as-missas-negras-da-era-medieval-e-sua-simbologia-ocultista\/#breadcrumb","itemListElement":[{"@type":"ListItem","position":1,"name":"In\u00edcio","item":"https:\/\/www.notibras.com\/site\/"},{"@type":"ListItem","position":2,"name":"As missas negras da era medieval e sua Simbologia Ocultista"}]},{"@type":"WebSite","@id":"https:\/\/www.notibras.com\/site\/#website","url":"https:\/\/www.notibras.com\/site\/","name":"Notibras","description":"Not\u00edcias de Bras\u00edlia, do Brasil e do Mundo","publisher":{"@id":"https:\/\/www.notibras.com\/site\/#organization"},"potentialAction":[{"@type":"SearchAction","target":{"@type":"EntryPoint","urlTemplate":"https:\/\/www.notibras.com\/site\/?s={search_term_string}"},"query-input":{"@type":"PropertyValueSpecification","valueRequired":true,"valueName":"search_term_string"}}],"inLanguage":"pt-BR"},{"@type":"Organization","@id":"https:\/\/www.notibras.com\/site\/#organization","name":"Grupo Notibras de Comunica\u00e7\u00e3o","url":"https:\/\/www.notibras.com\/site\/","logo":{"@type":"ImageObject","inLanguage":"pt-BR","@id":"https:\/\/www.notibras.com\/site\/#\/schema\/logo\/image\/","url":"https:\/\/www.notibras.com\/site\/wp-content\/uploads\/2023\/01\/notibras23.png","contentUrl":"https:\/\/www.notibras.com\/site\/wp-content\/uploads\/2023\/01\/notibras23.png","width":350,"height":87,"caption":"Grupo Notibras de Comunica\u00e7\u00e3o"},"image":{"@id":"https:\/\/www.notibras.com\/site\/#\/schema\/logo\/image\/"},"sameAs":["https:\/\/www.facebook.com\/notibras\/","https:\/\/x.com\/Notibras","https:\/\/www.instagram.com\/notibras\/"]},{"@type":"Person","@id":"https:\/\/www.notibras.com\/site\/#\/schema\/person\/36ab0979449956132d3e5b517ea76ac8","name":"Reda\u00e7\u00e3o","image":{"@type":"ImageObject","inLanguage":"pt-BR","@id":"https:\/\/secure.gravatar.com\/avatar\/e0a867bdedb85fd243eadf09663511f96fc81e0720a4a42581f334ad4303aa6b?s=96&d=mm&r=g","url":"https:\/\/secure.gravatar.com\/avatar\/e0a867bdedb85fd243eadf09663511f96fc81e0720a4a42581f334ad4303aa6b?s=96&d=mm&r=g","contentUrl":"https:\/\/secure.gravatar.com\/avatar\/e0a867bdedb85fd243eadf09663511f96fc81e0720a4a42581f334ad4303aa6b?s=96&d=mm&r=g","caption":"Reda\u00e7\u00e3o"}}]}},"amp_enabled":true,"_links":{"self":[{"href":"https:\/\/www.notibras.com\/site\/wp-json\/wp\/v2\/posts\/363995","targetHints":{"allow":["GET"]}}],"collection":[{"href":"https:\/\/www.notibras.com\/site\/wp-json\/wp\/v2\/posts"}],"about":[{"href":"https:\/\/www.notibras.com\/site\/wp-json\/wp\/v2\/types\/post"}],"author":[{"embeddable":true,"href":"https:\/\/www.notibras.com\/site\/wp-json\/wp\/v2\/users\/2"}],"replies":[{"embeddable":true,"href":"https:\/\/www.notibras.com\/site\/wp-json\/wp\/v2\/comments?post=363995"}],"version-history":[{"count":2,"href":"https:\/\/www.notibras.com\/site\/wp-json\/wp\/v2\/posts\/363995\/revisions"}],"predecessor-version":[{"id":363998,"href":"https:\/\/www.notibras.com\/site\/wp-json\/wp\/v2\/posts\/363995\/revisions\/363998"}],"wp:featuredmedia":[{"embeddable":true,"href":"https:\/\/www.notibras.com\/site\/wp-json\/wp\/v2\/media\/363996"}],"wp:attachment":[{"href":"https:\/\/www.notibras.com\/site\/wp-json\/wp\/v2\/media?parent=363995"}],"wp:term":[{"taxonomy":"category","embeddable":true,"href":"https:\/\/www.notibras.com\/site\/wp-json\/wp\/v2\/categories?post=363995"},{"taxonomy":"post_tag","embeddable":true,"href":"https:\/\/www.notibras.com\/site\/wp-json\/wp\/v2\/tags?post=363995"}],"curies":[{"name":"wp","href":"https:\/\/api.w.org\/{rel}","templated":true}]}}