{"id":364097,"date":"2025-09-12T00:49:24","date_gmt":"2025-09-12T03:49:24","guid":{"rendered":"https:\/\/www.notibras.com\/site\/?p=364097"},"modified":"2025-09-12T00:49:24","modified_gmt":"2025-09-12T03:49:24","slug":"sociedades-secretas-por-tras-da-igreja-medieval","status":"publish","type":"post","link":"https:\/\/www.notibras.com\/site\/sociedades-secretas-por-tras-da-igreja-medieval\/","title":{"rendered":"Sociedades secretas por tr\u00e1s da Igreja Medieval"},"content":{"rendered":"<p data-start=\"195\" data-end=\"570\">A Idade M\u00e9dia, envolta em n\u00e9voas de f\u00e9 e supersti\u00e7\u00e3o, foi tamb\u00e9m o ber\u00e7o de segredos cuidadosamente guardados. Por tr\u00e1s da pompa das catedrais e da ret\u00f3rica solene dos p\u00falpitos, floresciam sociedades ocultas que se escondiam sob o manto da Igreja. Eram grupos discretos, muitas vezes proibidos, que navegavam entre o misticismo, a pol\u00edtica e a busca por um saber interdito.<\/p>\n<p data-start=\"597\" data-end=\"1000\">A Igreja Cat\u00f3lica n\u00e3o era apenas institui\u00e7\u00e3o religiosa: era o eixo de poder pol\u00edtico, econ\u00f4mico e cultural do Ocidente. Nesse terreno f\u00e9rtil, formaram-se irmandades discretas que tentavam preservar conhecimentos antigos, muitos herdados do paganismo ou da tradi\u00e7\u00e3o greco-romana. O segredo era n\u00e3o apenas uma estrat\u00e9gia de sobreviv\u00eancia, mas tamb\u00e9m um elemento de identidade: o mist\u00e9rio conferia poder.<\/p>\n<p data-start=\"1021\" data-end=\"1514\">A Ordem dos Pobres Cavaleiros de Cristo e do Templo de Salom\u00e3o, conhecidos como templ\u00e1rios, nasceram como defensores dos peregrinos em Jerusal\u00e9m. Mas logo acumularam riquezas imensas e se tornaram banqueiros da cristandade. A fama de guardi\u00f5es de rel\u00edquias e de detentores de um saber herm\u00e9tico cresceu, alimentando lendas sobre contatos com tradi\u00e7\u00f5es orientais e pr\u00e1ticas esot\u00e9ricas. A sua queda, orquestrada pela coroa francesa com apoio papal, apenas refor\u00e7ou a aura de sociedade secreta.<\/p>\n<p data-start=\"1549\" data-end=\"1942\">Embora sua fama se consolidasse mais tarde, ecos de fraternidades rosacruzes j\u00e1 circulavam em manuscritos medievais. Eram associa\u00e7\u00f5es que buscavam a uni\u00e3o da f\u00e9 crist\u00e3 com o conhecimento oculto, como a alquimia e a astrologia. Para al\u00e9m da busca pela pedra filosofal, os alquimistas formavam verdadeiras redes subterr\u00e2neas de partilha de saber, sempre sob risco de serem acusados de heresia.<\/p>\n<p data-start=\"1973\" data-end=\"2372\">Nem toda sociedade secreta tinha o verniz cavalheiresco ou filos\u00f3fico. Alguns movimentos her\u00e9ticos, como os c\u00e1taros, chegaram a formar comunidades inteiras. Aos olhos da Igreja, eram perigosos porque disputavam n\u00e3o apenas a f\u00e9, mas tamb\u00e9m a obedi\u00eancia social. Quando a persegui\u00e7\u00e3o aumentava, muitos desses grupos sobreviviam na clandestinidade, reunindo-se em grutas, florestas ou casas discretas.<\/p>\n<p data-start=\"2398\" data-end=\"2711\">O fasc\u00ednio pelas sociedades secretas da Idade M\u00e9dia nasce do contraste: ao mesmo tempo em que pregava a salva\u00e7\u00e3o eterna, a Igreja escondia ou combatia aqueles que buscavam novos caminhos espirituais. Muitos desses grupos foram exterminados, outros se transformaram, alguns deram origem a fraternidades modernas.<\/p>\n<p data-start=\"2713\" data-end=\"2947\">A Idade M\u00e9dia foi, portanto, mais do que a \u201cnoite escura\u201d do obscurantismo: foi tamb\u00e9m um palco onde luzes e sombras, saber e sil\u00eancio, se entrela\u00e7avam em rituais, c\u00f3digos e s\u00edmbolos que ainda hoje intrigam historiadores e curiosos.<\/p>\n","protected":false},"excerpt":{"rendered":"<p>A Idade M\u00e9dia, envolta em n\u00e9voas de f\u00e9 e supersti\u00e7\u00e3o, foi tamb\u00e9m o ber\u00e7o de segredos cuidadosamente guardados. Por tr\u00e1s da pompa das catedrais e da ret\u00f3rica solene dos p\u00falpitos, floresciam sociedades ocultas que se escondiam sob o manto da Igreja. Eram grupos discretos, muitas vezes proibidos, que navegavam entre o misticismo, a pol\u00edtica e [&hellip;]<\/p>\n","protected":false},"author":2,"featured_media":364098,"comment_status":"closed","ping_status":"closed","sticky":false,"template":"","format":"standard","meta":{"_acf_changed":false,"footnotes":""},"categories":[237],"tags":[],"class_list":["post-364097","post","type-post","status-publish","format-standard","has-post-thumbnail","hentry","category-oraculos"],"acf":[],"yoast_head":"<!-- This site is optimized with the Yoast SEO plugin v27.2 - https:\/\/yoast.com\/product\/yoast-seo-wordpress\/ -->\n<title>Sociedades secretas por tr\u00e1s da Igreja Medieval - Notibras<\/title>\n<meta name=\"robots\" content=\"index, follow, max-snippet:-1, max-image-preview:large, max-video-preview:-1\" \/>\n<link rel=\"canonical\" href=\"https:\/\/www.notibras.com\/site\/sociedades-secretas-por-tras-da-igreja-medieval\/\" \/>\n<meta property=\"og:locale\" content=\"pt_BR\" \/>\n<meta property=\"og:type\" content=\"article\" \/>\n<meta property=\"og:title\" content=\"Sociedades secretas por tr\u00e1s da Igreja Medieval - Notibras\" \/>\n<meta property=\"og:description\" content=\"A Idade M\u00e9dia, envolta em n\u00e9voas de f\u00e9 e supersti\u00e7\u00e3o, foi tamb\u00e9m o ber\u00e7o de segredos cuidadosamente guardados. Por tr\u00e1s da pompa das catedrais e da ret\u00f3rica solene dos p\u00falpitos, floresciam sociedades ocultas que se escondiam sob o manto da Igreja. Eram grupos discretos, muitas vezes proibidos, que navegavam entre o misticismo, a pol\u00edtica e [&hellip;]\" \/>\n<meta property=\"og:url\" content=\"https:\/\/www.notibras.com\/site\/sociedades-secretas-por-tras-da-igreja-medieval\/\" \/>\n<meta property=\"og:site_name\" content=\"Notibras\" \/>\n<meta property=\"article:publisher\" content=\"https:\/\/www.facebook.com\/notibras\/\" \/>\n<meta property=\"article:published_time\" content=\"2025-09-12T03:49:24+00:00\" \/>\n<meta property=\"og:image\" content=\"https:\/\/www.notibras.com\/site\/wp-content\/uploads\/2025\/09\/5f4b8d52-6aa5-4226-9cf4-8305207d712f-683x1024.png\" \/>\n\t<meta property=\"og:image:width\" content=\"683\" \/>\n\t<meta property=\"og:image:height\" content=\"1024\" \/>\n\t<meta property=\"og:image:type\" content=\"image\/png\" \/>\n<meta name=\"author\" content=\"Reda\u00e7\u00e3o\" \/>\n<meta name=\"twitter:card\" content=\"summary_large_image\" \/>\n<meta name=\"twitter:creator\" content=\"@Notibras\" \/>\n<meta name=\"twitter:site\" content=\"@Notibras\" \/>\n<meta name=\"twitter:label1\" content=\"Escrito por\" \/>\n\t<meta name=\"twitter:data1\" content=\"Reda\u00e7\u00e3o\" \/>\n\t<meta name=\"twitter:label2\" content=\"Est. tempo de leitura\" \/>\n\t<meta name=\"twitter:data2\" content=\"3 minutos\" \/>\n<script type=\"application\/ld+json\" class=\"yoast-schema-graph\">{\"@context\":\"https:\/\/schema.org\",\"@graph\":[{\"@type\":\"Article\",\"@id\":\"https:\/\/www.notibras.com\/site\/sociedades-secretas-por-tras-da-igreja-medieval\/#article\",\"isPartOf\":{\"@id\":\"https:\/\/www.notibras.com\/site\/sociedades-secretas-por-tras-da-igreja-medieval\/\"},\"author\":{\"name\":\"Reda\u00e7\u00e3o\",\"@id\":\"https:\/\/www.notibras.com\/site\/#\/schema\/person\/36ab0979449956132d3e5b517ea76ac8\"},\"headline\":\"Sociedades secretas por tr\u00e1s da Igreja Medieval\",\"datePublished\":\"2025-09-12T03:49:24+00:00\",\"mainEntityOfPage\":{\"@id\":\"https:\/\/www.notibras.com\/site\/sociedades-secretas-por-tras-da-igreja-medieval\/\"},\"wordCount\":449,\"publisher\":{\"@id\":\"https:\/\/www.notibras.com\/site\/#organization\"},\"image\":{\"@id\":\"https:\/\/www.notibras.com\/site\/sociedades-secretas-por-tras-da-igreja-medieval\/#primaryimage\"},\"thumbnailUrl\":\"https:\/\/www.notibras.com\/site\/wp-content\/uploads\/2025\/09\/5f4b8d52-6aa5-4226-9cf4-8305207d712f.png\",\"articleSection\":[\"Or\u00e1culos\"],\"inLanguage\":\"pt-BR\"},{\"@type\":\"WebPage\",\"@id\":\"https:\/\/www.notibras.com\/site\/sociedades-secretas-por-tras-da-igreja-medieval\/\",\"url\":\"https:\/\/www.notibras.com\/site\/sociedades-secretas-por-tras-da-igreja-medieval\/\",\"name\":\"Sociedades secretas por tr\u00e1s da Igreja Medieval - Notibras\",\"isPartOf\":{\"@id\":\"https:\/\/www.notibras.com\/site\/#website\"},\"primaryImageOfPage\":{\"@id\":\"https:\/\/www.notibras.com\/site\/sociedades-secretas-por-tras-da-igreja-medieval\/#primaryimage\"},\"image\":{\"@id\":\"https:\/\/www.notibras.com\/site\/sociedades-secretas-por-tras-da-igreja-medieval\/#primaryimage\"},\"thumbnailUrl\":\"https:\/\/www.notibras.com\/site\/wp-content\/uploads\/2025\/09\/5f4b8d52-6aa5-4226-9cf4-8305207d712f.png\",\"datePublished\":\"2025-09-12T03:49:24+00:00\",\"breadcrumb\":{\"@id\":\"https:\/\/www.notibras.com\/site\/sociedades-secretas-por-tras-da-igreja-medieval\/#breadcrumb\"},\"inLanguage\":\"pt-BR\",\"potentialAction\":[{\"@type\":\"ReadAction\",\"target\":[\"https:\/\/www.notibras.com\/site\/sociedades-secretas-por-tras-da-igreja-medieval\/\"]}]},{\"@type\":\"ImageObject\",\"inLanguage\":\"pt-BR\",\"@id\":\"https:\/\/www.notibras.com\/site\/sociedades-secretas-por-tras-da-igreja-medieval\/#primaryimage\",\"url\":\"https:\/\/www.notibras.com\/site\/wp-content\/uploads\/2025\/09\/5f4b8d52-6aa5-4226-9cf4-8305207d712f.png\",\"contentUrl\":\"https:\/\/www.notibras.com\/site\/wp-content\/uploads\/2025\/09\/5f4b8d52-6aa5-4226-9cf4-8305207d712f.png\",\"width\":1024,\"height\":1536},{\"@type\":\"BreadcrumbList\",\"@id\":\"https:\/\/www.notibras.com\/site\/sociedades-secretas-por-tras-da-igreja-medieval\/#breadcrumb\",\"itemListElement\":[{\"@type\":\"ListItem\",\"position\":1,\"name\":\"In\u00edcio\",\"item\":\"https:\/\/www.notibras.com\/site\/\"},{\"@type\":\"ListItem\",\"position\":2,\"name\":\"Sociedades secretas por tr\u00e1s da Igreja Medieval\"}]},{\"@type\":\"WebSite\",\"@id\":\"https:\/\/www.notibras.com\/site\/#website\",\"url\":\"https:\/\/www.notibras.com\/site\/\",\"name\":\"Notibras\",\"description\":\"Not\u00edcias de Bras\u00edlia, do Brasil e do Mundo\",\"publisher\":{\"@id\":\"https:\/\/www.notibras.com\/site\/#organization\"},\"potentialAction\":[{\"@type\":\"SearchAction\",\"target\":{\"@type\":\"EntryPoint\",\"urlTemplate\":\"https:\/\/www.notibras.com\/site\/?s={search_term_string}\"},\"query-input\":{\"@type\":\"PropertyValueSpecification\",\"valueRequired\":true,\"valueName\":\"search_term_string\"}}],\"inLanguage\":\"pt-BR\"},{\"@type\":\"Organization\",\"@id\":\"https:\/\/www.notibras.com\/site\/#organization\",\"name\":\"Grupo Notibras de Comunica\u00e7\u00e3o\",\"url\":\"https:\/\/www.notibras.com\/site\/\",\"logo\":{\"@type\":\"ImageObject\",\"inLanguage\":\"pt-BR\",\"@id\":\"https:\/\/www.notibras.com\/site\/#\/schema\/logo\/image\/\",\"url\":\"https:\/\/www.notibras.com\/site\/wp-content\/uploads\/2023\/01\/notibras23.png\",\"contentUrl\":\"https:\/\/www.notibras.com\/site\/wp-content\/uploads\/2023\/01\/notibras23.png\",\"width\":350,\"height\":87,\"caption\":\"Grupo Notibras de Comunica\u00e7\u00e3o\"},\"image\":{\"@id\":\"https:\/\/www.notibras.com\/site\/#\/schema\/logo\/image\/\"},\"sameAs\":[\"https:\/\/www.facebook.com\/notibras\/\",\"https:\/\/x.com\/Notibras\",\"https:\/\/www.instagram.com\/notibras\/\"]},{\"@type\":\"Person\",\"@id\":\"https:\/\/www.notibras.com\/site\/#\/schema\/person\/36ab0979449956132d3e5b517ea76ac8\",\"name\":\"Reda\u00e7\u00e3o\",\"image\":{\"@type\":\"ImageObject\",\"inLanguage\":\"pt-BR\",\"@id\":\"https:\/\/secure.gravatar.com\/avatar\/e0a867bdedb85fd243eadf09663511f96fc81e0720a4a42581f334ad4303aa6b?s=96&d=mm&r=g\",\"url\":\"https:\/\/secure.gravatar.com\/avatar\/e0a867bdedb85fd243eadf09663511f96fc81e0720a4a42581f334ad4303aa6b?s=96&d=mm&r=g\",\"contentUrl\":\"https:\/\/secure.gravatar.com\/avatar\/e0a867bdedb85fd243eadf09663511f96fc81e0720a4a42581f334ad4303aa6b?s=96&d=mm&r=g\",\"caption\":\"Reda\u00e7\u00e3o\"}}]}<\/script>\n<!-- \/ Yoast SEO plugin. -->","yoast_head_json":{"title":"Sociedades secretas por tr\u00e1s da Igreja Medieval - Notibras","robots":{"index":"index","follow":"follow","max-snippet":"max-snippet:-1","max-image-preview":"max-image-preview:large","max-video-preview":"max-video-preview:-1"},"canonical":"https:\/\/www.notibras.com\/site\/sociedades-secretas-por-tras-da-igreja-medieval\/","og_locale":"pt_BR","og_type":"article","og_title":"Sociedades secretas por tr\u00e1s da Igreja Medieval - Notibras","og_description":"A Idade M\u00e9dia, envolta em n\u00e9voas de f\u00e9 e supersti\u00e7\u00e3o, foi tamb\u00e9m o ber\u00e7o de segredos cuidadosamente guardados. Por tr\u00e1s da pompa das catedrais e da ret\u00f3rica solene dos p\u00falpitos, floresciam sociedades ocultas que se escondiam sob o manto da Igreja. Eram grupos discretos, muitas vezes proibidos, que navegavam entre o misticismo, a pol\u00edtica e [&hellip;]","og_url":"https:\/\/www.notibras.com\/site\/sociedades-secretas-por-tras-da-igreja-medieval\/","og_site_name":"Notibras","article_publisher":"https:\/\/www.facebook.com\/notibras\/","article_published_time":"2025-09-12T03:49:24+00:00","og_image":[{"width":683,"height":1024,"url":"https:\/\/www.notibras.com\/site\/wp-content\/uploads\/2025\/09\/5f4b8d52-6aa5-4226-9cf4-8305207d712f-683x1024.png","type":"image\/png"}],"author":"Reda\u00e7\u00e3o","twitter_card":"summary_large_image","twitter_creator":"@Notibras","twitter_site":"@Notibras","twitter_misc":{"Escrito por":"Reda\u00e7\u00e3o","Est. tempo de leitura":"3 minutos"},"schema":{"@context":"https:\/\/schema.org","@graph":[{"@type":"Article","@id":"https:\/\/www.notibras.com\/site\/sociedades-secretas-por-tras-da-igreja-medieval\/#article","isPartOf":{"@id":"https:\/\/www.notibras.com\/site\/sociedades-secretas-por-tras-da-igreja-medieval\/"},"author":{"name":"Reda\u00e7\u00e3o","@id":"https:\/\/www.notibras.com\/site\/#\/schema\/person\/36ab0979449956132d3e5b517ea76ac8"},"headline":"Sociedades secretas por tr\u00e1s da Igreja Medieval","datePublished":"2025-09-12T03:49:24+00:00","mainEntityOfPage":{"@id":"https:\/\/www.notibras.com\/site\/sociedades-secretas-por-tras-da-igreja-medieval\/"},"wordCount":449,"publisher":{"@id":"https:\/\/www.notibras.com\/site\/#organization"},"image":{"@id":"https:\/\/www.notibras.com\/site\/sociedades-secretas-por-tras-da-igreja-medieval\/#primaryimage"},"thumbnailUrl":"https:\/\/www.notibras.com\/site\/wp-content\/uploads\/2025\/09\/5f4b8d52-6aa5-4226-9cf4-8305207d712f.png","articleSection":["Or\u00e1culos"],"inLanguage":"pt-BR"},{"@type":"WebPage","@id":"https:\/\/www.notibras.com\/site\/sociedades-secretas-por-tras-da-igreja-medieval\/","url":"https:\/\/www.notibras.com\/site\/sociedades-secretas-por-tras-da-igreja-medieval\/","name":"Sociedades secretas por tr\u00e1s da Igreja Medieval - Notibras","isPartOf":{"@id":"https:\/\/www.notibras.com\/site\/#website"},"primaryImageOfPage":{"@id":"https:\/\/www.notibras.com\/site\/sociedades-secretas-por-tras-da-igreja-medieval\/#primaryimage"},"image":{"@id":"https:\/\/www.notibras.com\/site\/sociedades-secretas-por-tras-da-igreja-medieval\/#primaryimage"},"thumbnailUrl":"https:\/\/www.notibras.com\/site\/wp-content\/uploads\/2025\/09\/5f4b8d52-6aa5-4226-9cf4-8305207d712f.png","datePublished":"2025-09-12T03:49:24+00:00","breadcrumb":{"@id":"https:\/\/www.notibras.com\/site\/sociedades-secretas-por-tras-da-igreja-medieval\/#breadcrumb"},"inLanguage":"pt-BR","potentialAction":[{"@type":"ReadAction","target":["https:\/\/www.notibras.com\/site\/sociedades-secretas-por-tras-da-igreja-medieval\/"]}]},{"@type":"ImageObject","inLanguage":"pt-BR","@id":"https:\/\/www.notibras.com\/site\/sociedades-secretas-por-tras-da-igreja-medieval\/#primaryimage","url":"https:\/\/www.notibras.com\/site\/wp-content\/uploads\/2025\/09\/5f4b8d52-6aa5-4226-9cf4-8305207d712f.png","contentUrl":"https:\/\/www.notibras.com\/site\/wp-content\/uploads\/2025\/09\/5f4b8d52-6aa5-4226-9cf4-8305207d712f.png","width":1024,"height":1536},{"@type":"BreadcrumbList","@id":"https:\/\/www.notibras.com\/site\/sociedades-secretas-por-tras-da-igreja-medieval\/#breadcrumb","itemListElement":[{"@type":"ListItem","position":1,"name":"In\u00edcio","item":"https:\/\/www.notibras.com\/site\/"},{"@type":"ListItem","position":2,"name":"Sociedades secretas por tr\u00e1s da Igreja Medieval"}]},{"@type":"WebSite","@id":"https:\/\/www.notibras.com\/site\/#website","url":"https:\/\/www.notibras.com\/site\/","name":"Notibras","description":"Not\u00edcias de Bras\u00edlia, do Brasil e do Mundo","publisher":{"@id":"https:\/\/www.notibras.com\/site\/#organization"},"potentialAction":[{"@type":"SearchAction","target":{"@type":"EntryPoint","urlTemplate":"https:\/\/www.notibras.com\/site\/?s={search_term_string}"},"query-input":{"@type":"PropertyValueSpecification","valueRequired":true,"valueName":"search_term_string"}}],"inLanguage":"pt-BR"},{"@type":"Organization","@id":"https:\/\/www.notibras.com\/site\/#organization","name":"Grupo Notibras de Comunica\u00e7\u00e3o","url":"https:\/\/www.notibras.com\/site\/","logo":{"@type":"ImageObject","inLanguage":"pt-BR","@id":"https:\/\/www.notibras.com\/site\/#\/schema\/logo\/image\/","url":"https:\/\/www.notibras.com\/site\/wp-content\/uploads\/2023\/01\/notibras23.png","contentUrl":"https:\/\/www.notibras.com\/site\/wp-content\/uploads\/2023\/01\/notibras23.png","width":350,"height":87,"caption":"Grupo Notibras de Comunica\u00e7\u00e3o"},"image":{"@id":"https:\/\/www.notibras.com\/site\/#\/schema\/logo\/image\/"},"sameAs":["https:\/\/www.facebook.com\/notibras\/","https:\/\/x.com\/Notibras","https:\/\/www.instagram.com\/notibras\/"]},{"@type":"Person","@id":"https:\/\/www.notibras.com\/site\/#\/schema\/person\/36ab0979449956132d3e5b517ea76ac8","name":"Reda\u00e7\u00e3o","image":{"@type":"ImageObject","inLanguage":"pt-BR","@id":"https:\/\/secure.gravatar.com\/avatar\/e0a867bdedb85fd243eadf09663511f96fc81e0720a4a42581f334ad4303aa6b?s=96&d=mm&r=g","url":"https:\/\/secure.gravatar.com\/avatar\/e0a867bdedb85fd243eadf09663511f96fc81e0720a4a42581f334ad4303aa6b?s=96&d=mm&r=g","contentUrl":"https:\/\/secure.gravatar.com\/avatar\/e0a867bdedb85fd243eadf09663511f96fc81e0720a4a42581f334ad4303aa6b?s=96&d=mm&r=g","caption":"Reda\u00e7\u00e3o"}}]}},"amp_enabled":true,"_links":{"self":[{"href":"https:\/\/www.notibras.com\/site\/wp-json\/wp\/v2\/posts\/364097","targetHints":{"allow":["GET"]}}],"collection":[{"href":"https:\/\/www.notibras.com\/site\/wp-json\/wp\/v2\/posts"}],"about":[{"href":"https:\/\/www.notibras.com\/site\/wp-json\/wp\/v2\/types\/post"}],"author":[{"embeddable":true,"href":"https:\/\/www.notibras.com\/site\/wp-json\/wp\/v2\/users\/2"}],"replies":[{"embeddable":true,"href":"https:\/\/www.notibras.com\/site\/wp-json\/wp\/v2\/comments?post=364097"}],"version-history":[{"count":1,"href":"https:\/\/www.notibras.com\/site\/wp-json\/wp\/v2\/posts\/364097\/revisions"}],"predecessor-version":[{"id":364099,"href":"https:\/\/www.notibras.com\/site\/wp-json\/wp\/v2\/posts\/364097\/revisions\/364099"}],"wp:featuredmedia":[{"embeddable":true,"href":"https:\/\/www.notibras.com\/site\/wp-json\/wp\/v2\/media\/364098"}],"wp:attachment":[{"href":"https:\/\/www.notibras.com\/site\/wp-json\/wp\/v2\/media?parent=364097"}],"wp:term":[{"taxonomy":"category","embeddable":true,"href":"https:\/\/www.notibras.com\/site\/wp-json\/wp\/v2\/categories?post=364097"},{"taxonomy":"post_tag","embeddable":true,"href":"https:\/\/www.notibras.com\/site\/wp-json\/wp\/v2\/tags?post=364097"}],"curies":[{"name":"wp","href":"https:\/\/api.w.org\/{rel}","templated":true}]}}