{"id":364266,"date":"2025-09-14T05:36:17","date_gmt":"2025-09-14T08:36:17","guid":{"rendered":"https:\/\/www.notibras.com\/site\/?p=364266"},"modified":"2025-09-14T05:36:17","modified_gmt":"2025-09-14T08:36:17","slug":"vodu-entre-a-luz-e-a-sombra-sem-supersticao","status":"publish","type":"post","link":"https:\/\/www.notibras.com\/site\/vodu-entre-a-luz-e-a-sombra-sem-supersticao\/","title":{"rendered":"Vodu, entre a Luz e a Sombra, sem supersti\u00e7\u00e3o"},"content":{"rendered":"<p data-start=\"197\" data-end=\"571\">Poucas tradi\u00e7\u00f5es espirituais despertam tanto fasc\u00ednio e temor quanto o Vodu. Marcado por s\u00e9culos de preconceito e mistifica\u00e7\u00e3o, ele \u00e9 frequentemente reduzido ao estere\u00f3tipo dos bonecos espetados por alfinetes. Mas, sob uma \u00f3tica esot\u00e9rica, essa pr\u00e1tica revela-se muito mais complexa: um sistema de f\u00e9 que navega entre o bem e o mal, entre a magia que cura e a que destr\u00f3i.<\/p>\n<p data-start=\"573\" data-end=\"990\">Origin\u00e1rio da fus\u00e3o entre cren\u00e7as africanas trazidas pelos escravizados e elementos do catolicismo colonial, o Vodu \u00e9 antes de tudo uma religi\u00e3o de liga\u00e7\u00e3o. Seus ritos conectam o praticante com os <em data-start=\"770\" data-end=\"776\">Loas<\/em>, esp\u00edritos intermedi\u00e1rios que transitam entre o humano e o divino, cada qual com sua for\u00e7a, seu temperamento e seus dom\u00ednios. Invoc\u00e1-los \u00e9 abrir canais para que energias ancestrais se manifestem no mundo f\u00edsico.<\/p>\n<p data-start=\"1016\" data-end=\"1650\">Na senda luminosa, o Vodu \u00e9 medicina. Curandeiros e sacerdotes, conhecidos como <em data-start=\"1096\" data-end=\"1106\">houngans<\/em> e <em data-start=\"1109\" data-end=\"1117\">mambos<\/em>, utilizam ervas, c\u00e2nticos e rituais para restabelecer a harmonia perdida. Doen\u00e7as, infort\u00fanios e desajustes espirituais s\u00e3o tratados como desequil\u00edbrios de energia que precisam ser realinhados. Nesse aspecto, o Vodu se aproxima de pr\u00e1ticas xam\u00e2nicas: \u00e9 uma ponte entre os homens e a natureza, entre os vivos e os ancestrais.<\/p>\n<p data-start=\"1016\" data-end=\"1650\">Tamb\u00e9m h\u00e1 o Vodu da prote\u00e7\u00e3o, em que talism\u00e3s e oferendas funcionam como escudos contra for\u00e7as destrutivas. Aqui, o sagrado se coloca a servi\u00e7o da vida, da fertilidade, da prosperidade e da paz interior.<\/p>\n<p data-start=\"1676\" data-end=\"2259\">Mas o mesmo poder que cura tamb\u00e9m pode ferir. O chamado <em data-start=\"1732\" data-end=\"1739\">Bokor<\/em> \u2014 feiticeiro que se afasta da senda sagrada \u2014 \u00e9 aquele que domina a arte do Vodu sombrio. \u00c9 ele quem confecciona feiti\u00e7os de amarra\u00e7\u00e3o, maldi\u00e7\u00f5es ou mesmo os temidos zumbis espirituais, entidades aprisionadas entre mundos.<br data-start=\"1962\" data-end=\"1965\" \/>Atrav\u00e9s do <em data-start=\"1976\" data-end=\"1983\">petro<\/em>, lado mais tempestuoso do culto, abrem-se caminhos para a vingan\u00e7a, a manipula\u00e7\u00e3o e a destrui\u00e7\u00e3o do advers\u00e1rio. Sob a \u00f3tica esot\u00e9rica, esse uso das for\u00e7as vodu\u00edstas nada mais \u00e9 do que um desequil\u00edbrio: energia desviada de sua fun\u00e7\u00e3o natural, que cobra seu pre\u00e7o em retorno.<\/p>\n<p data-start=\"2293\" data-end=\"2723\">O Vodu n\u00e3o \u00e9 essencialmente bom ou mau. Ele \u00e9, como toda tradi\u00e7\u00e3o m\u00e1gica, reflexo da inten\u00e7\u00e3o de quem o pratica. Assim como a faca pode cortar o p\u00e3o ou ferir um corpo, o Vodu oferece instrumentos. Cabe ao cora\u00e7\u00e3o do iniciado escolher como utiliz\u00e1-los.<br data-start=\"2544\" data-end=\"2547\" \/>No olhar esot\u00e9rico, sua for\u00e7a reside justamente nessa dualidade. \u00c9 um espelho da condi\u00e7\u00e3o humana, capaz de revelar tanto a nobreza quanto a sombra que habitam cada indiv\u00edduo.<\/p>\n<p data-start=\"2741\" data-end=\"3056\">Ver o Vodu apenas como supersti\u00e7\u00e3o ou feiti\u00e7aria mal\u00e9vola \u00e9 negar-lhe a profundidade espiritual que carrega. Ele \u00e9 rito, mito e tradi\u00e7\u00e3o. \u00c9 ferramenta de cura e de destrui\u00e7\u00e3o. \u00c9 um chamado ancestral que ecoa at\u00e9 hoje, lembrando-nos de que luz e sombra convivem em todos n\u00f3s \u2014 e que cada escolha \u00e9 um ato de magia.<\/p>\n","protected":false},"excerpt":{"rendered":"<p>Poucas tradi\u00e7\u00f5es espirituais despertam tanto fasc\u00ednio e temor quanto o Vodu. Marcado por s\u00e9culos de preconceito e mistifica\u00e7\u00e3o, ele \u00e9 frequentemente reduzido ao estere\u00f3tipo dos bonecos espetados por alfinetes. Mas, sob uma \u00f3tica esot\u00e9rica, essa pr\u00e1tica revela-se muito mais complexa: um sistema de f\u00e9 que navega entre o bem e o mal, entre a magia [&hellip;]<\/p>\n","protected":false},"author":2,"featured_media":364267,"comment_status":"closed","ping_status":"closed","sticky":false,"template":"","format":"standard","meta":{"_acf_changed":false,"footnotes":""},"categories":[237],"tags":[],"class_list":["post-364266","post","type-post","status-publish","format-standard","has-post-thumbnail","hentry","category-oraculos"],"acf":[],"yoast_head":"<!-- This site is optimized with the Yoast SEO plugin v27.2 - https:\/\/yoast.com\/product\/yoast-seo-wordpress\/ -->\n<title>Vodu, entre a Luz e a Sombra, sem supersti\u00e7\u00e3o - Notibras<\/title>\n<meta name=\"robots\" content=\"index, follow, max-snippet:-1, max-image-preview:large, max-video-preview:-1\" \/>\n<link rel=\"canonical\" href=\"https:\/\/www.notibras.com\/site\/vodu-entre-a-luz-e-a-sombra-sem-supersticao\/\" \/>\n<meta property=\"og:locale\" content=\"pt_BR\" \/>\n<meta property=\"og:type\" content=\"article\" \/>\n<meta property=\"og:title\" content=\"Vodu, entre a Luz e a Sombra, sem supersti\u00e7\u00e3o - Notibras\" \/>\n<meta property=\"og:description\" content=\"Poucas tradi\u00e7\u00f5es espirituais despertam tanto fasc\u00ednio e temor quanto o Vodu. Marcado por s\u00e9culos de preconceito e mistifica\u00e7\u00e3o, ele \u00e9 frequentemente reduzido ao estere\u00f3tipo dos bonecos espetados por alfinetes. Mas, sob uma \u00f3tica esot\u00e9rica, essa pr\u00e1tica revela-se muito mais complexa: um sistema de f\u00e9 que navega entre o bem e o mal, entre a magia [&hellip;]\" \/>\n<meta property=\"og:url\" content=\"https:\/\/www.notibras.com\/site\/vodu-entre-a-luz-e-a-sombra-sem-supersticao\/\" \/>\n<meta property=\"og:site_name\" content=\"Notibras\" \/>\n<meta property=\"article:publisher\" content=\"https:\/\/www.facebook.com\/notibras\/\" \/>\n<meta property=\"article:published_time\" content=\"2025-09-14T08:36:17+00:00\" \/>\n<meta property=\"og:image\" content=\"https:\/\/www.notibras.com\/site\/wp-content\/uploads\/2025\/09\/ad1c92bd-396c-4905-89c4-51b46ebef4f1-683x1024.png\" \/>\n\t<meta property=\"og:image:width\" content=\"683\" \/>\n\t<meta property=\"og:image:height\" content=\"1024\" \/>\n\t<meta property=\"og:image:type\" content=\"image\/png\" \/>\n<meta name=\"author\" content=\"Reda\u00e7\u00e3o\" \/>\n<meta name=\"twitter:card\" content=\"summary_large_image\" \/>\n<meta name=\"twitter:creator\" content=\"@Notibras\" \/>\n<meta name=\"twitter:site\" content=\"@Notibras\" \/>\n<meta name=\"twitter:label1\" content=\"Escrito por\" \/>\n\t<meta name=\"twitter:data1\" content=\"Reda\u00e7\u00e3o\" \/>\n\t<meta name=\"twitter:label2\" content=\"Est. tempo de leitura\" \/>\n\t<meta name=\"twitter:data2\" content=\"3 minutos\" \/>\n<script type=\"application\/ld+json\" class=\"yoast-schema-graph\">{\"@context\":\"https:\/\/schema.org\",\"@graph\":[{\"@type\":\"Article\",\"@id\":\"https:\/\/www.notibras.com\/site\/vodu-entre-a-luz-e-a-sombra-sem-supersticao\/#article\",\"isPartOf\":{\"@id\":\"https:\/\/www.notibras.com\/site\/vodu-entre-a-luz-e-a-sombra-sem-supersticao\/\"},\"author\":{\"name\":\"Reda\u00e7\u00e3o\",\"@id\":\"https:\/\/www.notibras.com\/site\/#\/schema\/person\/36ab0979449956132d3e5b517ea76ac8\"},\"headline\":\"Vodu, entre a Luz e a Sombra, sem supersti\u00e7\u00e3o\",\"datePublished\":\"2025-09-14T08:36:17+00:00\",\"mainEntityOfPage\":{\"@id\":\"https:\/\/www.notibras.com\/site\/vodu-entre-a-luz-e-a-sombra-sem-supersticao\/\"},\"wordCount\":504,\"publisher\":{\"@id\":\"https:\/\/www.notibras.com\/site\/#organization\"},\"image\":{\"@id\":\"https:\/\/www.notibras.com\/site\/vodu-entre-a-luz-e-a-sombra-sem-supersticao\/#primaryimage\"},\"thumbnailUrl\":\"https:\/\/www.notibras.com\/site\/wp-content\/uploads\/2025\/09\/ad1c92bd-396c-4905-89c4-51b46ebef4f1.png\",\"articleSection\":[\"Or\u00e1culos\"],\"inLanguage\":\"pt-BR\"},{\"@type\":\"WebPage\",\"@id\":\"https:\/\/www.notibras.com\/site\/vodu-entre-a-luz-e-a-sombra-sem-supersticao\/\",\"url\":\"https:\/\/www.notibras.com\/site\/vodu-entre-a-luz-e-a-sombra-sem-supersticao\/\",\"name\":\"Vodu, entre a Luz e a Sombra, sem supersti\u00e7\u00e3o - Notibras\",\"isPartOf\":{\"@id\":\"https:\/\/www.notibras.com\/site\/#website\"},\"primaryImageOfPage\":{\"@id\":\"https:\/\/www.notibras.com\/site\/vodu-entre-a-luz-e-a-sombra-sem-supersticao\/#primaryimage\"},\"image\":{\"@id\":\"https:\/\/www.notibras.com\/site\/vodu-entre-a-luz-e-a-sombra-sem-supersticao\/#primaryimage\"},\"thumbnailUrl\":\"https:\/\/www.notibras.com\/site\/wp-content\/uploads\/2025\/09\/ad1c92bd-396c-4905-89c4-51b46ebef4f1.png\",\"datePublished\":\"2025-09-14T08:36:17+00:00\",\"breadcrumb\":{\"@id\":\"https:\/\/www.notibras.com\/site\/vodu-entre-a-luz-e-a-sombra-sem-supersticao\/#breadcrumb\"},\"inLanguage\":\"pt-BR\",\"potentialAction\":[{\"@type\":\"ReadAction\",\"target\":[\"https:\/\/www.notibras.com\/site\/vodu-entre-a-luz-e-a-sombra-sem-supersticao\/\"]}]},{\"@type\":\"ImageObject\",\"inLanguage\":\"pt-BR\",\"@id\":\"https:\/\/www.notibras.com\/site\/vodu-entre-a-luz-e-a-sombra-sem-supersticao\/#primaryimage\",\"url\":\"https:\/\/www.notibras.com\/site\/wp-content\/uploads\/2025\/09\/ad1c92bd-396c-4905-89c4-51b46ebef4f1.png\",\"contentUrl\":\"https:\/\/www.notibras.com\/site\/wp-content\/uploads\/2025\/09\/ad1c92bd-396c-4905-89c4-51b46ebef4f1.png\",\"width\":1024,\"height\":1536},{\"@type\":\"BreadcrumbList\",\"@id\":\"https:\/\/www.notibras.com\/site\/vodu-entre-a-luz-e-a-sombra-sem-supersticao\/#breadcrumb\",\"itemListElement\":[{\"@type\":\"ListItem\",\"position\":1,\"name\":\"In\u00edcio\",\"item\":\"https:\/\/www.notibras.com\/site\/\"},{\"@type\":\"ListItem\",\"position\":2,\"name\":\"Vodu, entre a Luz e a Sombra, sem supersti\u00e7\u00e3o\"}]},{\"@type\":\"WebSite\",\"@id\":\"https:\/\/www.notibras.com\/site\/#website\",\"url\":\"https:\/\/www.notibras.com\/site\/\",\"name\":\"Notibras\",\"description\":\"Not\u00edcias de Bras\u00edlia, do Brasil e do Mundo\",\"publisher\":{\"@id\":\"https:\/\/www.notibras.com\/site\/#organization\"},\"potentialAction\":[{\"@type\":\"SearchAction\",\"target\":{\"@type\":\"EntryPoint\",\"urlTemplate\":\"https:\/\/www.notibras.com\/site\/?s={search_term_string}\"},\"query-input\":{\"@type\":\"PropertyValueSpecification\",\"valueRequired\":true,\"valueName\":\"search_term_string\"}}],\"inLanguage\":\"pt-BR\"},{\"@type\":\"Organization\",\"@id\":\"https:\/\/www.notibras.com\/site\/#organization\",\"name\":\"Grupo Notibras de Comunica\u00e7\u00e3o\",\"url\":\"https:\/\/www.notibras.com\/site\/\",\"logo\":{\"@type\":\"ImageObject\",\"inLanguage\":\"pt-BR\",\"@id\":\"https:\/\/www.notibras.com\/site\/#\/schema\/logo\/image\/\",\"url\":\"https:\/\/www.notibras.com\/site\/wp-content\/uploads\/2023\/01\/notibras23.png\",\"contentUrl\":\"https:\/\/www.notibras.com\/site\/wp-content\/uploads\/2023\/01\/notibras23.png\",\"width\":350,\"height\":87,\"caption\":\"Grupo Notibras de Comunica\u00e7\u00e3o\"},\"image\":{\"@id\":\"https:\/\/www.notibras.com\/site\/#\/schema\/logo\/image\/\"},\"sameAs\":[\"https:\/\/www.facebook.com\/notibras\/\",\"https:\/\/x.com\/Notibras\",\"https:\/\/www.instagram.com\/notibras\/\"]},{\"@type\":\"Person\",\"@id\":\"https:\/\/www.notibras.com\/site\/#\/schema\/person\/36ab0979449956132d3e5b517ea76ac8\",\"name\":\"Reda\u00e7\u00e3o\",\"image\":{\"@type\":\"ImageObject\",\"inLanguage\":\"pt-BR\",\"@id\":\"https:\/\/secure.gravatar.com\/avatar\/e0a867bdedb85fd243eadf09663511f96fc81e0720a4a42581f334ad4303aa6b?s=96&d=mm&r=g\",\"url\":\"https:\/\/secure.gravatar.com\/avatar\/e0a867bdedb85fd243eadf09663511f96fc81e0720a4a42581f334ad4303aa6b?s=96&d=mm&r=g\",\"contentUrl\":\"https:\/\/secure.gravatar.com\/avatar\/e0a867bdedb85fd243eadf09663511f96fc81e0720a4a42581f334ad4303aa6b?s=96&d=mm&r=g\",\"caption\":\"Reda\u00e7\u00e3o\"}}]}<\/script>\n<!-- \/ Yoast SEO plugin. -->","yoast_head_json":{"title":"Vodu, entre a Luz e a Sombra, sem supersti\u00e7\u00e3o - Notibras","robots":{"index":"index","follow":"follow","max-snippet":"max-snippet:-1","max-image-preview":"max-image-preview:large","max-video-preview":"max-video-preview:-1"},"canonical":"https:\/\/www.notibras.com\/site\/vodu-entre-a-luz-e-a-sombra-sem-supersticao\/","og_locale":"pt_BR","og_type":"article","og_title":"Vodu, entre a Luz e a Sombra, sem supersti\u00e7\u00e3o - Notibras","og_description":"Poucas tradi\u00e7\u00f5es espirituais despertam tanto fasc\u00ednio e temor quanto o Vodu. Marcado por s\u00e9culos de preconceito e mistifica\u00e7\u00e3o, ele \u00e9 frequentemente reduzido ao estere\u00f3tipo dos bonecos espetados por alfinetes. Mas, sob uma \u00f3tica esot\u00e9rica, essa pr\u00e1tica revela-se muito mais complexa: um sistema de f\u00e9 que navega entre o bem e o mal, entre a magia [&hellip;]","og_url":"https:\/\/www.notibras.com\/site\/vodu-entre-a-luz-e-a-sombra-sem-supersticao\/","og_site_name":"Notibras","article_publisher":"https:\/\/www.facebook.com\/notibras\/","article_published_time":"2025-09-14T08:36:17+00:00","og_image":[{"width":683,"height":1024,"url":"https:\/\/www.notibras.com\/site\/wp-content\/uploads\/2025\/09\/ad1c92bd-396c-4905-89c4-51b46ebef4f1-683x1024.png","type":"image\/png"}],"author":"Reda\u00e7\u00e3o","twitter_card":"summary_large_image","twitter_creator":"@Notibras","twitter_site":"@Notibras","twitter_misc":{"Escrito por":"Reda\u00e7\u00e3o","Est. tempo de leitura":"3 minutos"},"schema":{"@context":"https:\/\/schema.org","@graph":[{"@type":"Article","@id":"https:\/\/www.notibras.com\/site\/vodu-entre-a-luz-e-a-sombra-sem-supersticao\/#article","isPartOf":{"@id":"https:\/\/www.notibras.com\/site\/vodu-entre-a-luz-e-a-sombra-sem-supersticao\/"},"author":{"name":"Reda\u00e7\u00e3o","@id":"https:\/\/www.notibras.com\/site\/#\/schema\/person\/36ab0979449956132d3e5b517ea76ac8"},"headline":"Vodu, entre a Luz e a Sombra, sem supersti\u00e7\u00e3o","datePublished":"2025-09-14T08:36:17+00:00","mainEntityOfPage":{"@id":"https:\/\/www.notibras.com\/site\/vodu-entre-a-luz-e-a-sombra-sem-supersticao\/"},"wordCount":504,"publisher":{"@id":"https:\/\/www.notibras.com\/site\/#organization"},"image":{"@id":"https:\/\/www.notibras.com\/site\/vodu-entre-a-luz-e-a-sombra-sem-supersticao\/#primaryimage"},"thumbnailUrl":"https:\/\/www.notibras.com\/site\/wp-content\/uploads\/2025\/09\/ad1c92bd-396c-4905-89c4-51b46ebef4f1.png","articleSection":["Or\u00e1culos"],"inLanguage":"pt-BR"},{"@type":"WebPage","@id":"https:\/\/www.notibras.com\/site\/vodu-entre-a-luz-e-a-sombra-sem-supersticao\/","url":"https:\/\/www.notibras.com\/site\/vodu-entre-a-luz-e-a-sombra-sem-supersticao\/","name":"Vodu, entre a Luz e a Sombra, sem supersti\u00e7\u00e3o - Notibras","isPartOf":{"@id":"https:\/\/www.notibras.com\/site\/#website"},"primaryImageOfPage":{"@id":"https:\/\/www.notibras.com\/site\/vodu-entre-a-luz-e-a-sombra-sem-supersticao\/#primaryimage"},"image":{"@id":"https:\/\/www.notibras.com\/site\/vodu-entre-a-luz-e-a-sombra-sem-supersticao\/#primaryimage"},"thumbnailUrl":"https:\/\/www.notibras.com\/site\/wp-content\/uploads\/2025\/09\/ad1c92bd-396c-4905-89c4-51b46ebef4f1.png","datePublished":"2025-09-14T08:36:17+00:00","breadcrumb":{"@id":"https:\/\/www.notibras.com\/site\/vodu-entre-a-luz-e-a-sombra-sem-supersticao\/#breadcrumb"},"inLanguage":"pt-BR","potentialAction":[{"@type":"ReadAction","target":["https:\/\/www.notibras.com\/site\/vodu-entre-a-luz-e-a-sombra-sem-supersticao\/"]}]},{"@type":"ImageObject","inLanguage":"pt-BR","@id":"https:\/\/www.notibras.com\/site\/vodu-entre-a-luz-e-a-sombra-sem-supersticao\/#primaryimage","url":"https:\/\/www.notibras.com\/site\/wp-content\/uploads\/2025\/09\/ad1c92bd-396c-4905-89c4-51b46ebef4f1.png","contentUrl":"https:\/\/www.notibras.com\/site\/wp-content\/uploads\/2025\/09\/ad1c92bd-396c-4905-89c4-51b46ebef4f1.png","width":1024,"height":1536},{"@type":"BreadcrumbList","@id":"https:\/\/www.notibras.com\/site\/vodu-entre-a-luz-e-a-sombra-sem-supersticao\/#breadcrumb","itemListElement":[{"@type":"ListItem","position":1,"name":"In\u00edcio","item":"https:\/\/www.notibras.com\/site\/"},{"@type":"ListItem","position":2,"name":"Vodu, entre a Luz e a Sombra, sem supersti\u00e7\u00e3o"}]},{"@type":"WebSite","@id":"https:\/\/www.notibras.com\/site\/#website","url":"https:\/\/www.notibras.com\/site\/","name":"Notibras","description":"Not\u00edcias de Bras\u00edlia, do Brasil e do Mundo","publisher":{"@id":"https:\/\/www.notibras.com\/site\/#organization"},"potentialAction":[{"@type":"SearchAction","target":{"@type":"EntryPoint","urlTemplate":"https:\/\/www.notibras.com\/site\/?s={search_term_string}"},"query-input":{"@type":"PropertyValueSpecification","valueRequired":true,"valueName":"search_term_string"}}],"inLanguage":"pt-BR"},{"@type":"Organization","@id":"https:\/\/www.notibras.com\/site\/#organization","name":"Grupo Notibras de Comunica\u00e7\u00e3o","url":"https:\/\/www.notibras.com\/site\/","logo":{"@type":"ImageObject","inLanguage":"pt-BR","@id":"https:\/\/www.notibras.com\/site\/#\/schema\/logo\/image\/","url":"https:\/\/www.notibras.com\/site\/wp-content\/uploads\/2023\/01\/notibras23.png","contentUrl":"https:\/\/www.notibras.com\/site\/wp-content\/uploads\/2023\/01\/notibras23.png","width":350,"height":87,"caption":"Grupo Notibras de Comunica\u00e7\u00e3o"},"image":{"@id":"https:\/\/www.notibras.com\/site\/#\/schema\/logo\/image\/"},"sameAs":["https:\/\/www.facebook.com\/notibras\/","https:\/\/x.com\/Notibras","https:\/\/www.instagram.com\/notibras\/"]},{"@type":"Person","@id":"https:\/\/www.notibras.com\/site\/#\/schema\/person\/36ab0979449956132d3e5b517ea76ac8","name":"Reda\u00e7\u00e3o","image":{"@type":"ImageObject","inLanguage":"pt-BR","@id":"https:\/\/secure.gravatar.com\/avatar\/e0a867bdedb85fd243eadf09663511f96fc81e0720a4a42581f334ad4303aa6b?s=96&d=mm&r=g","url":"https:\/\/secure.gravatar.com\/avatar\/e0a867bdedb85fd243eadf09663511f96fc81e0720a4a42581f334ad4303aa6b?s=96&d=mm&r=g","contentUrl":"https:\/\/secure.gravatar.com\/avatar\/e0a867bdedb85fd243eadf09663511f96fc81e0720a4a42581f334ad4303aa6b?s=96&d=mm&r=g","caption":"Reda\u00e7\u00e3o"}}]}},"amp_enabled":true,"_links":{"self":[{"href":"https:\/\/www.notibras.com\/site\/wp-json\/wp\/v2\/posts\/364266","targetHints":{"allow":["GET"]}}],"collection":[{"href":"https:\/\/www.notibras.com\/site\/wp-json\/wp\/v2\/posts"}],"about":[{"href":"https:\/\/www.notibras.com\/site\/wp-json\/wp\/v2\/types\/post"}],"author":[{"embeddable":true,"href":"https:\/\/www.notibras.com\/site\/wp-json\/wp\/v2\/users\/2"}],"replies":[{"embeddable":true,"href":"https:\/\/www.notibras.com\/site\/wp-json\/wp\/v2\/comments?post=364266"}],"version-history":[{"count":1,"href":"https:\/\/www.notibras.com\/site\/wp-json\/wp\/v2\/posts\/364266\/revisions"}],"predecessor-version":[{"id":364268,"href":"https:\/\/www.notibras.com\/site\/wp-json\/wp\/v2\/posts\/364266\/revisions\/364268"}],"wp:featuredmedia":[{"embeddable":true,"href":"https:\/\/www.notibras.com\/site\/wp-json\/wp\/v2\/media\/364267"}],"wp:attachment":[{"href":"https:\/\/www.notibras.com\/site\/wp-json\/wp\/v2\/media?parent=364266"}],"wp:term":[{"taxonomy":"category","embeddable":true,"href":"https:\/\/www.notibras.com\/site\/wp-json\/wp\/v2\/categories?post=364266"},{"taxonomy":"post_tag","embeddable":true,"href":"https:\/\/www.notibras.com\/site\/wp-json\/wp\/v2\/tags?post=364266"}],"curies":[{"name":"wp","href":"https:\/\/api.w.org\/{rel}","templated":true}]}}