{"id":364339,"date":"2025-09-15T00:53:52","date_gmt":"2025-09-15T03:53:52","guid":{"rendered":"https:\/\/www.notibras.com\/site\/?p=364339"},"modified":"2025-09-15T06:08:22","modified_gmt":"2025-09-15T09:08:22","slug":"semana-sera-marcada-por-esclarecimentos-claros","status":"publish","type":"post","link":"https:\/\/www.notibras.com\/site\/semana-sera-marcada-por-esclarecimentos-claros\/","title":{"rendered":"Semana ser\u00e1 marcada por esclarecimentos claros"},"content":{"rendered":"<p data-start=\"224\" data-end=\"746\">Entramos em uma semana marcada por um misto de introspec\u00e7\u00e3o e movimento. O Sol avan\u00e7a pelo meticuloso signo de Virgem, trazendo foco em organiza\u00e7\u00e3o, sa\u00fade e rotina, enquanto a Lua passeia por fases que despertam emo\u00e7\u00f5es mais profundas e um desejo de clareza nos relacionamentos.<\/p>\n<p data-start=\"224\" data-end=\"746\">Marte traz energia extra para projetos profissionais, mas pede cuidado com impulsividade. J\u00e1 V\u00eanus abre espa\u00e7o para di\u00e1logos mais sinceros no campo afetivo. \u00c9 tempo de olhar para os detalhes sem perder de vista o quadro maior.<\/p>\n<h2 data-start=\"753\" data-end=\"765\">\u2648 \u00c1ries<\/h2>\n<p data-start=\"766\" data-end=\"986\">Semana de ajustes pr\u00e1ticos. No trabalho, sua energia precisa ser canalizada em projetos que exigem disciplina. Aten\u00e7\u00e3o com discuss\u00f5es desnecess\u00e1rias: evite agir no calor do momento. No amor, valorize os gestos simples.<\/p>\n<h2 data-start=\"988\" data-end=\"1000\">\u2649 Touro<\/h2>\n<p data-start=\"1001\" data-end=\"1235\">Um per\u00edodo favor\u00e1vel para valorizar suas conquistas e refor\u00e7ar sua autoestima. A energia da semana inspira criatividade e prazer em atividades art\u00edsticas ou de lazer. No campo amoroso, momentos de afeto e cumplicidade est\u00e3o em alta.<\/p>\n<h2 data-start=\"1237\" data-end=\"1250\">\u264a G\u00eameos<\/h2>\n<p data-start=\"1251\" data-end=\"1465\">A rotina pede mais aten\u00e7\u00e3o. \u00c9 hora de colocar ordem na casa e cuidar da sa\u00fade f\u00edsica e mental. Conversas em fam\u00edlia podem trazer resolu\u00e7\u00e3o de pend\u00eancias antigas. Nos relacionamentos, clareza evita mal-entendidos.<\/p>\n<h2 data-start=\"1467\" data-end=\"1480\">\u264b C\u00e2ncer<\/h2>\n<p data-start=\"1481\" data-end=\"1703\">A comunica\u00e7\u00e3o \u00e9 sua aliada nesta semana. Uma boa fase para estudos, troca de ideias e reuni\u00f5es. No amor, palavras podem curar m\u00e1goas e abrir novas possibilidades. Evite se fechar em sil\u00eancios que pesam mais do que falas.<\/p>\n<h2 data-start=\"1705\" data-end=\"1716\">\u264c Le\u00e3o<\/h2>\n<p data-start=\"1717\" data-end=\"1957\">Quest\u00f5es financeiras ganham destaque. \u00c9 um bom momento para organizar contas e buscar equil\u00edbrio entre gastos e investimentos. No campo afetivo, pequenos gestos de generosidade fortalecem v\u00ednculos. Evite prometer al\u00e9m do que pode cumprir.<\/p>\n<h2 data-start=\"1959\" data-end=\"1972\">\u264d Virgem<\/h2>\n<p data-start=\"1973\" data-end=\"2191\">Com o Sol iluminando seu signo, voc\u00ea sente mais clareza e poder de decis\u00e3o. A semana favorece novos come\u00e7os, seja em projetos pessoais ou profissionais. No amor, confian\u00e7a e autenticidade abrem caminhos mais s\u00f3lidos.<\/p>\n<h2 data-start=\"2193\" data-end=\"2205\">\u264e Libra<\/h2>\n<p data-start=\"2206\" data-end=\"2418\">O per\u00edodo pede recolhimento e reflex\u00e3o. Aproveite para rever planos antes de dar passos definitivos. O cora\u00e7\u00e3o pode pedir mais aten\u00e7\u00e3o: escute suas necessidades afetivas sem medo de reconhecer vulnerabilidades.<\/p>\n<h2 data-start=\"2420\" data-end=\"2436\">\u264f Escorpi\u00e3o<\/h2>\n<p data-start=\"2437\" data-end=\"2640\">Semana de conex\u00f5es. Amizades e contatos profissionais podem abrir portas inesperadas. No amor, cumplicidade e trocas mais profundas ganham for\u00e7a. Evite a tenta\u00e7\u00e3o de controlar tudo; permita-se confiar.<\/p>\n<h2 data-start=\"2642\" data-end=\"2658\">\u2650 Sagit\u00e1rio<\/h2>\n<p data-start=\"2659\" data-end=\"2884\">O trabalho ganha protagonismo. Reconhecimento pode vir, mas exige esfor\u00e7o consistente. Na vida amorosa, \u00e9 hora de alinhar expectativas e evitar exageros emocionais. Viagens ou novos aprendizados podem trazer boas surpresas.<\/p>\n<h2 data-start=\"2886\" data-end=\"2904\">\u2651 Capric\u00f3rnio<\/h2>\n<p data-start=\"2905\" data-end=\"3138\">Boa fase para expandir horizontes. Estudos, cursos ou mesmo viagens curtas est\u00e3o favorecidos. No campo afetivo, cumplicidade e apoio m\u00fatuo fortalecem o relacionamento. Aten\u00e7\u00e3o apenas para n\u00e3o cobrar demais de quem est\u00e1 ao seu lado.<\/p>\n<h2 data-start=\"3140\" data-end=\"3154\">\u2652 Aqu\u00e1rio<\/h2>\n<p data-start=\"3155\" data-end=\"3380\">A energia da semana favorece transforma\u00e7\u00f5es internas. Quest\u00f5es emocionais e espirituais pedem aten\u00e7\u00e3o. No amor, \u00e9 hora de aprofundar v\u00ednculos e deixar de lado superficialidades. No trabalho, revise acordos antes de assinar.<\/p>\n<h2 data-start=\"3382\" data-end=\"3395\">\u2653 Peixes<\/h2>\n<p data-start=\"3396\" data-end=\"3622\">Relacionamentos ganham destaque. Parcerias \u2014 amorosas ou profissionais \u2014 pedem mais di\u00e1logo e equil\u00edbrio. Ou\u00e7a o outro lado com calma. A semana traz tamb\u00e9m inspira\u00e7\u00e3o para projetos criativos. Cuide da sa\u00fade e evite excessos.<\/p>\n","protected":false},"excerpt":{"rendered":"<p>Entramos em uma semana marcada por um misto de introspec\u00e7\u00e3o e movimento. O Sol avan\u00e7a pelo meticuloso signo de Virgem, trazendo foco em organiza\u00e7\u00e3o, sa\u00fade e rotina, enquanto a Lua passeia por fases que despertam emo\u00e7\u00f5es mais profundas e um desejo de clareza nos relacionamentos. Marte traz energia extra para projetos profissionais, mas pede cuidado [&hellip;]<\/p>\n","protected":false},"author":2,"featured_media":364340,"comment_status":"closed","ping_status":"closed","sticky":false,"template":"","format":"standard","meta":{"_acf_changed":false,"footnotes":""},"categories":[237],"tags":[],"class_list":["post-364339","post","type-post","status-publish","format-standard","has-post-thumbnail","hentry","category-oraculos"],"acf":[],"yoast_head":"<!-- This site is optimized with the Yoast SEO plugin v27.2 - https:\/\/yoast.com\/product\/yoast-seo-wordpress\/ -->\n<title>Semana ser\u00e1 marcada por esclarecimentos claros - Notibras<\/title>\n<meta name=\"robots\" content=\"index, follow, max-snippet:-1, max-image-preview:large, max-video-preview:-1\" \/>\n<link rel=\"canonical\" href=\"https:\/\/www.notibras.com\/site\/semana-sera-marcada-por-esclarecimentos-claros\/\" \/>\n<meta property=\"og:locale\" content=\"pt_BR\" \/>\n<meta property=\"og:type\" content=\"article\" \/>\n<meta property=\"og:title\" content=\"Semana ser\u00e1 marcada por esclarecimentos claros - Notibras\" \/>\n<meta property=\"og:description\" content=\"Entramos em uma semana marcada por um misto de introspec\u00e7\u00e3o e movimento. O Sol avan\u00e7a pelo meticuloso signo de Virgem, trazendo foco em organiza\u00e7\u00e3o, sa\u00fade e rotina, enquanto a Lua passeia por fases que despertam emo\u00e7\u00f5es mais profundas e um desejo de clareza nos relacionamentos. Marte traz energia extra para projetos profissionais, mas pede cuidado [&hellip;]\" \/>\n<meta property=\"og:url\" content=\"https:\/\/www.notibras.com\/site\/semana-sera-marcada-por-esclarecimentos-claros\/\" \/>\n<meta property=\"og:site_name\" content=\"Notibras\" \/>\n<meta property=\"article:publisher\" content=\"https:\/\/www.facebook.com\/notibras\/\" \/>\n<meta property=\"article:published_time\" content=\"2025-09-15T03:53:52+00:00\" \/>\n<meta property=\"article:modified_time\" content=\"2025-09-15T09:08:22+00:00\" \/>\n<meta property=\"og:image\" content=\"https:\/\/www.notibras.com\/site\/wp-content\/uploads\/2025\/09\/df9c1eb0-be1a-4fc8-9dc5-5e7f1821148c-683x1024.png\" \/>\n\t<meta property=\"og:image:width\" content=\"683\" \/>\n\t<meta property=\"og:image:height\" content=\"1024\" \/>\n\t<meta property=\"og:image:type\" content=\"image\/png\" \/>\n<meta name=\"author\" content=\"Reda\u00e7\u00e3o\" \/>\n<meta name=\"twitter:card\" content=\"summary_large_image\" \/>\n<meta name=\"twitter:creator\" content=\"@Notibras\" \/>\n<meta name=\"twitter:site\" content=\"@Notibras\" \/>\n<meta name=\"twitter:label1\" content=\"Escrito por\" \/>\n\t<meta name=\"twitter:data1\" content=\"Reda\u00e7\u00e3o\" \/>\n\t<meta name=\"twitter:label2\" content=\"Est. tempo de leitura\" \/>\n\t<meta name=\"twitter:data2\" content=\"4 minutos\" \/>\n<script type=\"application\/ld+json\" class=\"yoast-schema-graph\">{\"@context\":\"https:\/\/schema.org\",\"@graph\":[{\"@type\":\"Article\",\"@id\":\"https:\/\/www.notibras.com\/site\/semana-sera-marcada-por-esclarecimentos-claros\/#article\",\"isPartOf\":{\"@id\":\"https:\/\/www.notibras.com\/site\/semana-sera-marcada-por-esclarecimentos-claros\/\"},\"author\":{\"name\":\"Reda\u00e7\u00e3o\",\"@id\":\"https:\/\/www.notibras.com\/site\/#\/schema\/person\/36ab0979449956132d3e5b517ea76ac8\"},\"headline\":\"Semana ser\u00e1 marcada por esclarecimentos claros\",\"datePublished\":\"2025-09-15T03:53:52+00:00\",\"dateModified\":\"2025-09-15T09:08:22+00:00\",\"mainEntityOfPage\":{\"@id\":\"https:\/\/www.notibras.com\/site\/semana-sera-marcada-por-esclarecimentos-claros\/\"},\"wordCount\":553,\"publisher\":{\"@id\":\"https:\/\/www.notibras.com\/site\/#organization\"},\"image\":{\"@id\":\"https:\/\/www.notibras.com\/site\/semana-sera-marcada-por-esclarecimentos-claros\/#primaryimage\"},\"thumbnailUrl\":\"https:\/\/www.notibras.com\/site\/wp-content\/uploads\/2025\/09\/df9c1eb0-be1a-4fc8-9dc5-5e7f1821148c.png\",\"articleSection\":[\"Or\u00e1culos\"],\"inLanguage\":\"pt-BR\"},{\"@type\":\"WebPage\",\"@id\":\"https:\/\/www.notibras.com\/site\/semana-sera-marcada-por-esclarecimentos-claros\/\",\"url\":\"https:\/\/www.notibras.com\/site\/semana-sera-marcada-por-esclarecimentos-claros\/\",\"name\":\"Semana ser\u00e1 marcada por esclarecimentos claros - Notibras\",\"isPartOf\":{\"@id\":\"https:\/\/www.notibras.com\/site\/#website\"},\"primaryImageOfPage\":{\"@id\":\"https:\/\/www.notibras.com\/site\/semana-sera-marcada-por-esclarecimentos-claros\/#primaryimage\"},\"image\":{\"@id\":\"https:\/\/www.notibras.com\/site\/semana-sera-marcada-por-esclarecimentos-claros\/#primaryimage\"},\"thumbnailUrl\":\"https:\/\/www.notibras.com\/site\/wp-content\/uploads\/2025\/09\/df9c1eb0-be1a-4fc8-9dc5-5e7f1821148c.png\",\"datePublished\":\"2025-09-15T03:53:52+00:00\",\"dateModified\":\"2025-09-15T09:08:22+00:00\",\"breadcrumb\":{\"@id\":\"https:\/\/www.notibras.com\/site\/semana-sera-marcada-por-esclarecimentos-claros\/#breadcrumb\"},\"inLanguage\":\"pt-BR\",\"potentialAction\":[{\"@type\":\"ReadAction\",\"target\":[\"https:\/\/www.notibras.com\/site\/semana-sera-marcada-por-esclarecimentos-claros\/\"]}]},{\"@type\":\"ImageObject\",\"inLanguage\":\"pt-BR\",\"@id\":\"https:\/\/www.notibras.com\/site\/semana-sera-marcada-por-esclarecimentos-claros\/#primaryimage\",\"url\":\"https:\/\/www.notibras.com\/site\/wp-content\/uploads\/2025\/09\/df9c1eb0-be1a-4fc8-9dc5-5e7f1821148c.png\",\"contentUrl\":\"https:\/\/www.notibras.com\/site\/wp-content\/uploads\/2025\/09\/df9c1eb0-be1a-4fc8-9dc5-5e7f1821148c.png\",\"width\":1024,\"height\":1536},{\"@type\":\"BreadcrumbList\",\"@id\":\"https:\/\/www.notibras.com\/site\/semana-sera-marcada-por-esclarecimentos-claros\/#breadcrumb\",\"itemListElement\":[{\"@type\":\"ListItem\",\"position\":1,\"name\":\"In\u00edcio\",\"item\":\"https:\/\/www.notibras.com\/site\/\"},{\"@type\":\"ListItem\",\"position\":2,\"name\":\"Semana ser\u00e1 marcada por esclarecimentos claros\"}]},{\"@type\":\"WebSite\",\"@id\":\"https:\/\/www.notibras.com\/site\/#website\",\"url\":\"https:\/\/www.notibras.com\/site\/\",\"name\":\"Notibras\",\"description\":\"Not\u00edcias de Bras\u00edlia, do Brasil e do Mundo\",\"publisher\":{\"@id\":\"https:\/\/www.notibras.com\/site\/#organization\"},\"potentialAction\":[{\"@type\":\"SearchAction\",\"target\":{\"@type\":\"EntryPoint\",\"urlTemplate\":\"https:\/\/www.notibras.com\/site\/?s={search_term_string}\"},\"query-input\":{\"@type\":\"PropertyValueSpecification\",\"valueRequired\":true,\"valueName\":\"search_term_string\"}}],\"inLanguage\":\"pt-BR\"},{\"@type\":\"Organization\",\"@id\":\"https:\/\/www.notibras.com\/site\/#organization\",\"name\":\"Grupo Notibras de Comunica\u00e7\u00e3o\",\"url\":\"https:\/\/www.notibras.com\/site\/\",\"logo\":{\"@type\":\"ImageObject\",\"inLanguage\":\"pt-BR\",\"@id\":\"https:\/\/www.notibras.com\/site\/#\/schema\/logo\/image\/\",\"url\":\"https:\/\/www.notibras.com\/site\/wp-content\/uploads\/2023\/01\/notibras23.png\",\"contentUrl\":\"https:\/\/www.notibras.com\/site\/wp-content\/uploads\/2023\/01\/notibras23.png\",\"width\":350,\"height\":87,\"caption\":\"Grupo Notibras de Comunica\u00e7\u00e3o\"},\"image\":{\"@id\":\"https:\/\/www.notibras.com\/site\/#\/schema\/logo\/image\/\"},\"sameAs\":[\"https:\/\/www.facebook.com\/notibras\/\",\"https:\/\/x.com\/Notibras\",\"https:\/\/www.instagram.com\/notibras\/\"]},{\"@type\":\"Person\",\"@id\":\"https:\/\/www.notibras.com\/site\/#\/schema\/person\/36ab0979449956132d3e5b517ea76ac8\",\"name\":\"Reda\u00e7\u00e3o\",\"image\":{\"@type\":\"ImageObject\",\"inLanguage\":\"pt-BR\",\"@id\":\"https:\/\/secure.gravatar.com\/avatar\/e0a867bdedb85fd243eadf09663511f96fc81e0720a4a42581f334ad4303aa6b?s=96&d=mm&r=g\",\"url\":\"https:\/\/secure.gravatar.com\/avatar\/e0a867bdedb85fd243eadf09663511f96fc81e0720a4a42581f334ad4303aa6b?s=96&d=mm&r=g\",\"contentUrl\":\"https:\/\/secure.gravatar.com\/avatar\/e0a867bdedb85fd243eadf09663511f96fc81e0720a4a42581f334ad4303aa6b?s=96&d=mm&r=g\",\"caption\":\"Reda\u00e7\u00e3o\"}}]}<\/script>\n<!-- \/ Yoast SEO plugin. -->","yoast_head_json":{"title":"Semana ser\u00e1 marcada por esclarecimentos claros - Notibras","robots":{"index":"index","follow":"follow","max-snippet":"max-snippet:-1","max-image-preview":"max-image-preview:large","max-video-preview":"max-video-preview:-1"},"canonical":"https:\/\/www.notibras.com\/site\/semana-sera-marcada-por-esclarecimentos-claros\/","og_locale":"pt_BR","og_type":"article","og_title":"Semana ser\u00e1 marcada por esclarecimentos claros - Notibras","og_description":"Entramos em uma semana marcada por um misto de introspec\u00e7\u00e3o e movimento. O Sol avan\u00e7a pelo meticuloso signo de Virgem, trazendo foco em organiza\u00e7\u00e3o, sa\u00fade e rotina, enquanto a Lua passeia por fases que despertam emo\u00e7\u00f5es mais profundas e um desejo de clareza nos relacionamentos. Marte traz energia extra para projetos profissionais, mas pede cuidado [&hellip;]","og_url":"https:\/\/www.notibras.com\/site\/semana-sera-marcada-por-esclarecimentos-claros\/","og_site_name":"Notibras","article_publisher":"https:\/\/www.facebook.com\/notibras\/","article_published_time":"2025-09-15T03:53:52+00:00","article_modified_time":"2025-09-15T09:08:22+00:00","og_image":[{"width":683,"height":1024,"url":"https:\/\/www.notibras.com\/site\/wp-content\/uploads\/2025\/09\/df9c1eb0-be1a-4fc8-9dc5-5e7f1821148c-683x1024.png","type":"image\/png"}],"author":"Reda\u00e7\u00e3o","twitter_card":"summary_large_image","twitter_creator":"@Notibras","twitter_site":"@Notibras","twitter_misc":{"Escrito por":"Reda\u00e7\u00e3o","Est. tempo de leitura":"4 minutos"},"schema":{"@context":"https:\/\/schema.org","@graph":[{"@type":"Article","@id":"https:\/\/www.notibras.com\/site\/semana-sera-marcada-por-esclarecimentos-claros\/#article","isPartOf":{"@id":"https:\/\/www.notibras.com\/site\/semana-sera-marcada-por-esclarecimentos-claros\/"},"author":{"name":"Reda\u00e7\u00e3o","@id":"https:\/\/www.notibras.com\/site\/#\/schema\/person\/36ab0979449956132d3e5b517ea76ac8"},"headline":"Semana ser\u00e1 marcada por esclarecimentos claros","datePublished":"2025-09-15T03:53:52+00:00","dateModified":"2025-09-15T09:08:22+00:00","mainEntityOfPage":{"@id":"https:\/\/www.notibras.com\/site\/semana-sera-marcada-por-esclarecimentos-claros\/"},"wordCount":553,"publisher":{"@id":"https:\/\/www.notibras.com\/site\/#organization"},"image":{"@id":"https:\/\/www.notibras.com\/site\/semana-sera-marcada-por-esclarecimentos-claros\/#primaryimage"},"thumbnailUrl":"https:\/\/www.notibras.com\/site\/wp-content\/uploads\/2025\/09\/df9c1eb0-be1a-4fc8-9dc5-5e7f1821148c.png","articleSection":["Or\u00e1culos"],"inLanguage":"pt-BR"},{"@type":"WebPage","@id":"https:\/\/www.notibras.com\/site\/semana-sera-marcada-por-esclarecimentos-claros\/","url":"https:\/\/www.notibras.com\/site\/semana-sera-marcada-por-esclarecimentos-claros\/","name":"Semana ser\u00e1 marcada por esclarecimentos claros - Notibras","isPartOf":{"@id":"https:\/\/www.notibras.com\/site\/#website"},"primaryImageOfPage":{"@id":"https:\/\/www.notibras.com\/site\/semana-sera-marcada-por-esclarecimentos-claros\/#primaryimage"},"image":{"@id":"https:\/\/www.notibras.com\/site\/semana-sera-marcada-por-esclarecimentos-claros\/#primaryimage"},"thumbnailUrl":"https:\/\/www.notibras.com\/site\/wp-content\/uploads\/2025\/09\/df9c1eb0-be1a-4fc8-9dc5-5e7f1821148c.png","datePublished":"2025-09-15T03:53:52+00:00","dateModified":"2025-09-15T09:08:22+00:00","breadcrumb":{"@id":"https:\/\/www.notibras.com\/site\/semana-sera-marcada-por-esclarecimentos-claros\/#breadcrumb"},"inLanguage":"pt-BR","potentialAction":[{"@type":"ReadAction","target":["https:\/\/www.notibras.com\/site\/semana-sera-marcada-por-esclarecimentos-claros\/"]}]},{"@type":"ImageObject","inLanguage":"pt-BR","@id":"https:\/\/www.notibras.com\/site\/semana-sera-marcada-por-esclarecimentos-claros\/#primaryimage","url":"https:\/\/www.notibras.com\/site\/wp-content\/uploads\/2025\/09\/df9c1eb0-be1a-4fc8-9dc5-5e7f1821148c.png","contentUrl":"https:\/\/www.notibras.com\/site\/wp-content\/uploads\/2025\/09\/df9c1eb0-be1a-4fc8-9dc5-5e7f1821148c.png","width":1024,"height":1536},{"@type":"BreadcrumbList","@id":"https:\/\/www.notibras.com\/site\/semana-sera-marcada-por-esclarecimentos-claros\/#breadcrumb","itemListElement":[{"@type":"ListItem","position":1,"name":"In\u00edcio","item":"https:\/\/www.notibras.com\/site\/"},{"@type":"ListItem","position":2,"name":"Semana ser\u00e1 marcada por esclarecimentos claros"}]},{"@type":"WebSite","@id":"https:\/\/www.notibras.com\/site\/#website","url":"https:\/\/www.notibras.com\/site\/","name":"Notibras","description":"Not\u00edcias de Bras\u00edlia, do Brasil e do Mundo","publisher":{"@id":"https:\/\/www.notibras.com\/site\/#organization"},"potentialAction":[{"@type":"SearchAction","target":{"@type":"EntryPoint","urlTemplate":"https:\/\/www.notibras.com\/site\/?s={search_term_string}"},"query-input":{"@type":"PropertyValueSpecification","valueRequired":true,"valueName":"search_term_string"}}],"inLanguage":"pt-BR"},{"@type":"Organization","@id":"https:\/\/www.notibras.com\/site\/#organization","name":"Grupo Notibras de Comunica\u00e7\u00e3o","url":"https:\/\/www.notibras.com\/site\/","logo":{"@type":"ImageObject","inLanguage":"pt-BR","@id":"https:\/\/www.notibras.com\/site\/#\/schema\/logo\/image\/","url":"https:\/\/www.notibras.com\/site\/wp-content\/uploads\/2023\/01\/notibras23.png","contentUrl":"https:\/\/www.notibras.com\/site\/wp-content\/uploads\/2023\/01\/notibras23.png","width":350,"height":87,"caption":"Grupo Notibras de Comunica\u00e7\u00e3o"},"image":{"@id":"https:\/\/www.notibras.com\/site\/#\/schema\/logo\/image\/"},"sameAs":["https:\/\/www.facebook.com\/notibras\/","https:\/\/x.com\/Notibras","https:\/\/www.instagram.com\/notibras\/"]},{"@type":"Person","@id":"https:\/\/www.notibras.com\/site\/#\/schema\/person\/36ab0979449956132d3e5b517ea76ac8","name":"Reda\u00e7\u00e3o","image":{"@type":"ImageObject","inLanguage":"pt-BR","@id":"https:\/\/secure.gravatar.com\/avatar\/e0a867bdedb85fd243eadf09663511f96fc81e0720a4a42581f334ad4303aa6b?s=96&d=mm&r=g","url":"https:\/\/secure.gravatar.com\/avatar\/e0a867bdedb85fd243eadf09663511f96fc81e0720a4a42581f334ad4303aa6b?s=96&d=mm&r=g","contentUrl":"https:\/\/secure.gravatar.com\/avatar\/e0a867bdedb85fd243eadf09663511f96fc81e0720a4a42581f334ad4303aa6b?s=96&d=mm&r=g","caption":"Reda\u00e7\u00e3o"}}]}},"amp_enabled":true,"_links":{"self":[{"href":"https:\/\/www.notibras.com\/site\/wp-json\/wp\/v2\/posts\/364339","targetHints":{"allow":["GET"]}}],"collection":[{"href":"https:\/\/www.notibras.com\/site\/wp-json\/wp\/v2\/posts"}],"about":[{"href":"https:\/\/www.notibras.com\/site\/wp-json\/wp\/v2\/types\/post"}],"author":[{"embeddable":true,"href":"https:\/\/www.notibras.com\/site\/wp-json\/wp\/v2\/users\/2"}],"replies":[{"embeddable":true,"href":"https:\/\/www.notibras.com\/site\/wp-json\/wp\/v2\/comments?post=364339"}],"version-history":[{"count":1,"href":"https:\/\/www.notibras.com\/site\/wp-json\/wp\/v2\/posts\/364339\/revisions"}],"predecessor-version":[{"id":364341,"href":"https:\/\/www.notibras.com\/site\/wp-json\/wp\/v2\/posts\/364339\/revisions\/364341"}],"wp:featuredmedia":[{"embeddable":true,"href":"https:\/\/www.notibras.com\/site\/wp-json\/wp\/v2\/media\/364340"}],"wp:attachment":[{"href":"https:\/\/www.notibras.com\/site\/wp-json\/wp\/v2\/media?parent=364339"}],"wp:term":[{"taxonomy":"category","embeddable":true,"href":"https:\/\/www.notibras.com\/site\/wp-json\/wp\/v2\/categories?post=364339"},{"taxonomy":"post_tag","embeddable":true,"href":"https:\/\/www.notibras.com\/site\/wp-json\/wp\/v2\/tags?post=364339"}],"curies":[{"name":"wp","href":"https:\/\/api.w.org\/{rel}","templated":true}]}}