{"id":364504,"date":"2025-09-17T01:43:51","date_gmt":"2025-09-17T04:43:51","guid":{"rendered":"https:\/\/www.notibras.com\/site\/?p=364504"},"modified":"2025-09-17T06:42:02","modified_gmt":"2025-09-17T09:42:02","slug":"saiba-a-seducao-atracao-e-misterios-da-rosa","status":"publish","type":"post","link":"https:\/\/www.notibras.com\/site\/saiba-a-seducao-atracao-e-misterios-da-rosa\/","title":{"rendered":"Saiba a sedu\u00e7\u00e3o, atra\u00e7\u00e3o e mist\u00e9rios da Rosa"},"content":{"rendered":"<p>A rosa, considerada a \u201crainha das flores\u201d, transcende sua beleza est\u00e9tica e perfume delicado para assumir um papel central nas pr\u00e1ticas m\u00edsticas, m\u00e1gicas e espirituais. Desde a Antiguidade, civiliza\u00e7\u00f5es associaram suas p\u00e9talas e cores \u00e0s for\u00e7as sutis do Universo, tornando-a s\u00edmbolo de amor, pureza, prote\u00e7\u00e3o e mist\u00e9rio. Em tradi\u00e7\u00f5es como a Magia Cerimonial, a Wicca e a feiti\u00e7aria popular, o poder da rosa \u00e9 invocado em rituais que buscam equil\u00edbrio, conex\u00e3o espiritual e transforma\u00e7\u00e3o interior. Sua geometria, aroma e hist\u00f3ria cultural tornam a rosa um ve\u00edculo ideal para pr\u00e1ticas devocionais, alqu\u00edmicas e perfum\u00edsticas. Um s\u00edmbolo que condensa ideias de beleza, mist\u00e9rio, regenera\u00e7\u00e3o e centro sagrado.<\/p>\n<p>Trata-se de uma das flores mais carregadas de simbolismo na hist\u00f3ria das religi\u00f5es, da magia e das artes. Pertencente \u00e0 fam\u00edlia Rosaceae, compreende algo em torno de 285\u2013300 esp\u00e9cies e milhares de variedades h\u00edbridas, distribu\u00eddas principalmente nas regi\u00f5es temperadas do hemisf\u00e9rio norte, de onde a planta \u00e9 origin\u00e1ria. Regi\u00f5es como o Vale das Rosas na Bulg\u00e1ria, Isparta na Turquia e zonas do Ir\u00e3 produzem as mat\u00e9rias-primas mais apreciadas na perfumaria. Entretanto, os grandes deslocamentos humanos dispersaram a rosa pelos quatro cantos da Terra.<\/p>\n<p>As p\u00e9talas s\u00e3o numerosas, com diversas formas de dobra e uma not\u00e1vel concentra\u00e7\u00e3o de compostos arom\u00e1ticos, s\u00e3o respons\u00e1veis pela famosa fragr\u00e2ncia que faz da rosa mat\u00e9ria-prima essencial na perfumaria e na produ\u00e7\u00e3o de \u00f3leos essenciais.<\/p>\n<p>O crescimento em camadas conc\u00eantricas de p\u00e9talas em torno do eixo central evoca padr\u00f5es mand\u00e1licos meditativos. Tal configura\u00e7\u00e3o remete \u00e0 ideia de microcosmo\/ macrocosmo, de desenvolvimento centr\u00edpeto da consci\u00eancia e de ciclos inici\u00e1ticos. A rosa \u00e9, portanto, uma imagem privilegiada em pr\u00e1ticas meditativas, desenhos talism\u00e2nicos e representa\u00e7\u00f5es de centros esot\u00e9ricos. Em suas diferentes cores, guarda segredos que ultrapassam o campo do sens\u00edvel. Cada tonalidade revela uma faceta do sagrado, capaz de guiar o praticante em rituais de amor, cura, prote\u00e7\u00e3o, prosperidade e transforma\u00e7\u00e3o. Seja como oferenda, defuma\u00e7\u00e3o, banho ou elemento de altar, a rosa permanece como s\u00edmbolo universal do mist\u00e9rio da vida, do poder do cora\u00e7\u00e3o e da eternidade do esp\u00edrito.<\/p>\n<p>A rosa inscrita na cruz (Rosy Cross \/ Rose Cross \/ Rosa Cruz) \u00e9 um s\u00edmbolo central de tradi\u00e7\u00f5es rosacruzes e ordens herm\u00e9ticas. A rosa representa o centro vivo, o princ\u00edpio espiritual, ao passo que a cruz simboliza a manifesta\u00e7\u00e3o, a mat\u00e9ria ou a estrutura sacramental. A iconografia rosacruz usa a rosa como emblema do mist\u00e9rio regenerador e da uni\u00e3o do divino com o humano. Essa representa\u00e7\u00e3o simb\u00f3lica est\u00e1 amplamente documentada na literatura esot\u00e9rica e nos emblemas hist\u00f3ricos da fraternidade.<\/p>\n<p><img loading=\"lazy\" decoding=\"async\" class=\"wp-image-364507 aligncenter\" src=\"https:\/\/www.notibras.com\/site\/wp-content\/uploads\/2025\/09\/meio-225x300.jpg\" alt=\"\" width=\"499\" height=\"665\" srcset=\"https:\/\/www.notibras.com\/site\/wp-content\/uploads\/2025\/09\/meio-225x300.jpg 225w, https:\/\/www.notibras.com\/site\/wp-content\/uploads\/2025\/09\/meio-768x1024.jpg 768w, https:\/\/www.notibras.com\/site\/wp-content\/uploads\/2025\/09\/meio-1152x1536.jpg 1152w, https:\/\/www.notibras.com\/site\/wp-content\/uploads\/2025\/09\/meio.jpg 1200w\" sizes=\"auto, (max-width: 499px) 100vw, 499px\" \/><\/p>\n<p>Na pr\u00e1tica ritual\u00edstica, desde ritos populares at\u00e9 Alta Magia Herm\u00e9tica e tradi\u00e7\u00f5es Wicca, a rosa cumpre pap\u00e9is m\u00faltiplos, seja como s\u00edmbolo do amor divino e humano, oferenda para deidades e esp\u00edritos, e tamb\u00e9m como v\u00e9u de prote\u00e7\u00e3o e elemento de consagra\u00e7\u00e3o. As rosas brancas para purifica\u00e7\u00e3o, vermelhas para paix\u00e3o, vigor e prote\u00e7\u00e3o, cor-de-rosa para afei\u00e7\u00e3o e cura), por exemplo. As p\u00e9talas, \u00e1gua de rosas e \u00f3leo de rosa aparecem em f\u00f3rmulas de unguentos, defuma\u00e7\u00f5es e diferentes po\u00e7\u00f5es alqu\u00edmicas destinados \u00e0 cura, aproxima\u00e7\u00f5es, banimentos e prosperidade, de acordo com a necessidade e inten\u00e7\u00e3o de cada um. Muitos grim\u00f3rios e manuais contempor\u00e2neos de Magia Cerimonial incorporam receitas de rosas.<\/p>\n<p>Nos rituais pr\u00e1ticos s\u00e3o empregadas as rosas inaturas de diferentes cores, combinadas com ervas, incensos e sigilos, de acordo com o prop\u00f3sito. Assim, banho de purifica\u00e7\u00e3o e amor, p\u00e9talas brancas e cor-de-rosa em \u00e1gua de lua cheia; na defuma\u00e7\u00e3o de prosperidade s\u00e3o usadas p\u00e9talas amarelas com folhas de louro; nas oferendas de amor, tr\u00eas rosas vermelhas em altar com vela rosa e mel; medita\u00e7\u00e3o com rosa azu, c\u00edrculo de p\u00e9talas azuis em pr\u00e1ticas meditativas. Se o caso \u00e9 grave ou grav\u00edssimo,envolvendo amea\u00e7as e ataques \u00e9 recomendado o banimento com rosa negra, cozinhando as p\u00e9talas negras em caldeir\u00e3o, visualizando liberta\u00e7\u00e3o.<\/p>\n<p>Os procedimentos ritual\u00edsticos devem ser acompanhados de magos, sacerdotisas, mestres e iniciados, todavia. Pelo sim, pelo n\u00e3o, todo cuidado \u00e9 pouco.<\/p>\n<p>&#8230;&#8230;&#8230;&#8230;&#8230;&#8230;<\/p>\n<p><strong>Bahirah Abdalla <\/strong><br \/>\n<strong>Mestre Conselheira do Col\u00e9gio dos Magos e Sacerdotisas<\/strong><br \/>\n<strong>@colegiodosmagosesacerdotisas<\/strong><\/p>\n","protected":false},"excerpt":{"rendered":"<p>A rosa, considerada a \u201crainha das flores\u201d, transcende sua beleza est\u00e9tica e perfume delicado para assumir um papel central nas pr\u00e1ticas m\u00edsticas, m\u00e1gicas e espirituais. Desde a Antiguidade, civiliza\u00e7\u00f5es associaram suas p\u00e9talas e cores \u00e0s for\u00e7as sutis do Universo, tornando-a s\u00edmbolo de amor, pureza, prote\u00e7\u00e3o e mist\u00e9rio. Em tradi\u00e7\u00f5es como a Magia Cerimonial, a Wicca [&hellip;]<\/p>\n","protected":false},"author":2,"featured_media":364506,"comment_status":"closed","ping_status":"closed","sticky":false,"template":"","format":"standard","meta":{"_acf_changed":false,"footnotes":""},"categories":[237],"tags":[],"class_list":["post-364504","post","type-post","status-publish","format-standard","has-post-thumbnail","hentry","category-oraculos"],"acf":[],"yoast_head":"<!-- This site is optimized with the Yoast SEO plugin v27.2 - https:\/\/yoast.com\/product\/yoast-seo-wordpress\/ -->\n<title>Saiba a sedu\u00e7\u00e3o, atra\u00e7\u00e3o e mist\u00e9rios da Rosa - Notibras<\/title>\n<meta name=\"robots\" content=\"index, follow, max-snippet:-1, max-image-preview:large, max-video-preview:-1\" \/>\n<link rel=\"canonical\" href=\"https:\/\/www.notibras.com\/site\/saiba-a-seducao-atracao-e-misterios-da-rosa\/\" \/>\n<meta property=\"og:locale\" content=\"pt_BR\" \/>\n<meta property=\"og:type\" content=\"article\" \/>\n<meta property=\"og:title\" content=\"Saiba a sedu\u00e7\u00e3o, atra\u00e7\u00e3o e mist\u00e9rios da Rosa - Notibras\" \/>\n<meta property=\"og:description\" content=\"A rosa, considerada a \u201crainha das flores\u201d, transcende sua beleza est\u00e9tica e perfume delicado para assumir um papel central nas pr\u00e1ticas m\u00edsticas, m\u00e1gicas e espirituais. Desde a Antiguidade, civiliza\u00e7\u00f5es associaram suas p\u00e9talas e cores \u00e0s for\u00e7as sutis do Universo, tornando-a s\u00edmbolo de amor, pureza, prote\u00e7\u00e3o e mist\u00e9rio. Em tradi\u00e7\u00f5es como a Magia Cerimonial, a Wicca [&hellip;]\" \/>\n<meta property=\"og:url\" content=\"https:\/\/www.notibras.com\/site\/saiba-a-seducao-atracao-e-misterios-da-rosa\/\" \/>\n<meta property=\"og:site_name\" content=\"Notibras\" \/>\n<meta property=\"article:publisher\" content=\"https:\/\/www.facebook.com\/notibras\/\" \/>\n<meta property=\"article:published_time\" content=\"2025-09-17T04:43:51+00:00\" \/>\n<meta property=\"article:modified_time\" content=\"2025-09-17T09:42:02+00:00\" \/>\n<meta property=\"og:image\" content=\"https:\/\/www.notibras.com\/site\/wp-content\/uploads\/2025\/09\/e9bc0ddc-5934-4c59-b01c-50b6da82dde2-1.jpg\" \/>\n\t<meta property=\"og:image:width\" content=\"1241\" \/>\n\t<meta property=\"og:image:height\" content=\"1600\" \/>\n\t<meta property=\"og:image:type\" content=\"image\/jpeg\" \/>\n<meta name=\"author\" content=\"Reda\u00e7\u00e3o\" \/>\n<meta name=\"twitter:card\" content=\"summary_large_image\" \/>\n<meta name=\"twitter:creator\" content=\"@Notibras\" \/>\n<meta name=\"twitter:site\" content=\"@Notibras\" \/>\n<meta name=\"twitter:label1\" content=\"Escrito por\" \/>\n\t<meta name=\"twitter:data1\" content=\"Reda\u00e7\u00e3o\" \/>\n\t<meta name=\"twitter:label2\" content=\"Est. tempo de leitura\" \/>\n\t<meta name=\"twitter:data2\" content=\"5 minutos\" \/>\n<script type=\"application\/ld+json\" class=\"yoast-schema-graph\">{\"@context\":\"https:\/\/schema.org\",\"@graph\":[{\"@type\":\"Article\",\"@id\":\"https:\/\/www.notibras.com\/site\/saiba-a-seducao-atracao-e-misterios-da-rosa\/#article\",\"isPartOf\":{\"@id\":\"https:\/\/www.notibras.com\/site\/saiba-a-seducao-atracao-e-misterios-da-rosa\/\"},\"author\":{\"name\":\"Reda\u00e7\u00e3o\",\"@id\":\"https:\/\/www.notibras.com\/site\/#\/schema\/person\/36ab0979449956132d3e5b517ea76ac8\"},\"headline\":\"Saiba a sedu\u00e7\u00e3o, atra\u00e7\u00e3o e mist\u00e9rios da Rosa\",\"datePublished\":\"2025-09-17T04:43:51+00:00\",\"dateModified\":\"2025-09-17T09:42:02+00:00\",\"mainEntityOfPage\":{\"@id\":\"https:\/\/www.notibras.com\/site\/saiba-a-seducao-atracao-e-misterios-da-rosa\/\"},\"wordCount\":774,\"publisher\":{\"@id\":\"https:\/\/www.notibras.com\/site\/#organization\"},\"image\":{\"@id\":\"https:\/\/www.notibras.com\/site\/saiba-a-seducao-atracao-e-misterios-da-rosa\/#primaryimage\"},\"thumbnailUrl\":\"https:\/\/www.notibras.com\/site\/wp-content\/uploads\/2025\/09\/e9bc0ddc-5934-4c59-b01c-50b6da82dde2-1.jpg\",\"articleSection\":[\"Or\u00e1culos\"],\"inLanguage\":\"pt-BR\"},{\"@type\":\"WebPage\",\"@id\":\"https:\/\/www.notibras.com\/site\/saiba-a-seducao-atracao-e-misterios-da-rosa\/\",\"url\":\"https:\/\/www.notibras.com\/site\/saiba-a-seducao-atracao-e-misterios-da-rosa\/\",\"name\":\"Saiba a sedu\u00e7\u00e3o, atra\u00e7\u00e3o e mist\u00e9rios da Rosa - Notibras\",\"isPartOf\":{\"@id\":\"https:\/\/www.notibras.com\/site\/#website\"},\"primaryImageOfPage\":{\"@id\":\"https:\/\/www.notibras.com\/site\/saiba-a-seducao-atracao-e-misterios-da-rosa\/#primaryimage\"},\"image\":{\"@id\":\"https:\/\/www.notibras.com\/site\/saiba-a-seducao-atracao-e-misterios-da-rosa\/#primaryimage\"},\"thumbnailUrl\":\"https:\/\/www.notibras.com\/site\/wp-content\/uploads\/2025\/09\/e9bc0ddc-5934-4c59-b01c-50b6da82dde2-1.jpg\",\"datePublished\":\"2025-09-17T04:43:51+00:00\",\"dateModified\":\"2025-09-17T09:42:02+00:00\",\"breadcrumb\":{\"@id\":\"https:\/\/www.notibras.com\/site\/saiba-a-seducao-atracao-e-misterios-da-rosa\/#breadcrumb\"},\"inLanguage\":\"pt-BR\",\"potentialAction\":[{\"@type\":\"ReadAction\",\"target\":[\"https:\/\/www.notibras.com\/site\/saiba-a-seducao-atracao-e-misterios-da-rosa\/\"]}]},{\"@type\":\"ImageObject\",\"inLanguage\":\"pt-BR\",\"@id\":\"https:\/\/www.notibras.com\/site\/saiba-a-seducao-atracao-e-misterios-da-rosa\/#primaryimage\",\"url\":\"https:\/\/www.notibras.com\/site\/wp-content\/uploads\/2025\/09\/e9bc0ddc-5934-4c59-b01c-50b6da82dde2-1.jpg\",\"contentUrl\":\"https:\/\/www.notibras.com\/site\/wp-content\/uploads\/2025\/09\/e9bc0ddc-5934-4c59-b01c-50b6da82dde2-1.jpg\",\"width\":1241,\"height\":1600},{\"@type\":\"BreadcrumbList\",\"@id\":\"https:\/\/www.notibras.com\/site\/saiba-a-seducao-atracao-e-misterios-da-rosa\/#breadcrumb\",\"itemListElement\":[{\"@type\":\"ListItem\",\"position\":1,\"name\":\"In\u00edcio\",\"item\":\"https:\/\/www.notibras.com\/site\/\"},{\"@type\":\"ListItem\",\"position\":2,\"name\":\"Saiba a sedu\u00e7\u00e3o, atra\u00e7\u00e3o e mist\u00e9rios da Rosa\"}]},{\"@type\":\"WebSite\",\"@id\":\"https:\/\/www.notibras.com\/site\/#website\",\"url\":\"https:\/\/www.notibras.com\/site\/\",\"name\":\"Notibras\",\"description\":\"Not\u00edcias de Bras\u00edlia, do Brasil e do Mundo\",\"publisher\":{\"@id\":\"https:\/\/www.notibras.com\/site\/#organization\"},\"potentialAction\":[{\"@type\":\"SearchAction\",\"target\":{\"@type\":\"EntryPoint\",\"urlTemplate\":\"https:\/\/www.notibras.com\/site\/?s={search_term_string}\"},\"query-input\":{\"@type\":\"PropertyValueSpecification\",\"valueRequired\":true,\"valueName\":\"search_term_string\"}}],\"inLanguage\":\"pt-BR\"},{\"@type\":\"Organization\",\"@id\":\"https:\/\/www.notibras.com\/site\/#organization\",\"name\":\"Grupo Notibras de Comunica\u00e7\u00e3o\",\"url\":\"https:\/\/www.notibras.com\/site\/\",\"logo\":{\"@type\":\"ImageObject\",\"inLanguage\":\"pt-BR\",\"@id\":\"https:\/\/www.notibras.com\/site\/#\/schema\/logo\/image\/\",\"url\":\"https:\/\/www.notibras.com\/site\/wp-content\/uploads\/2023\/01\/notibras23.png\",\"contentUrl\":\"https:\/\/www.notibras.com\/site\/wp-content\/uploads\/2023\/01\/notibras23.png\",\"width\":350,\"height\":87,\"caption\":\"Grupo Notibras de Comunica\u00e7\u00e3o\"},\"image\":{\"@id\":\"https:\/\/www.notibras.com\/site\/#\/schema\/logo\/image\/\"},\"sameAs\":[\"https:\/\/www.facebook.com\/notibras\/\",\"https:\/\/x.com\/Notibras\",\"https:\/\/www.instagram.com\/notibras\/\"]},{\"@type\":\"Person\",\"@id\":\"https:\/\/www.notibras.com\/site\/#\/schema\/person\/36ab0979449956132d3e5b517ea76ac8\",\"name\":\"Reda\u00e7\u00e3o\",\"image\":{\"@type\":\"ImageObject\",\"inLanguage\":\"pt-BR\",\"@id\":\"https:\/\/secure.gravatar.com\/avatar\/e0a867bdedb85fd243eadf09663511f96fc81e0720a4a42581f334ad4303aa6b?s=96&d=mm&r=g\",\"url\":\"https:\/\/secure.gravatar.com\/avatar\/e0a867bdedb85fd243eadf09663511f96fc81e0720a4a42581f334ad4303aa6b?s=96&d=mm&r=g\",\"contentUrl\":\"https:\/\/secure.gravatar.com\/avatar\/e0a867bdedb85fd243eadf09663511f96fc81e0720a4a42581f334ad4303aa6b?s=96&d=mm&r=g\",\"caption\":\"Reda\u00e7\u00e3o\"}}]}<\/script>\n<!-- \/ Yoast SEO plugin. -->","yoast_head_json":{"title":"Saiba a sedu\u00e7\u00e3o, atra\u00e7\u00e3o e mist\u00e9rios da Rosa - Notibras","robots":{"index":"index","follow":"follow","max-snippet":"max-snippet:-1","max-image-preview":"max-image-preview:large","max-video-preview":"max-video-preview:-1"},"canonical":"https:\/\/www.notibras.com\/site\/saiba-a-seducao-atracao-e-misterios-da-rosa\/","og_locale":"pt_BR","og_type":"article","og_title":"Saiba a sedu\u00e7\u00e3o, atra\u00e7\u00e3o e mist\u00e9rios da Rosa - Notibras","og_description":"A rosa, considerada a \u201crainha das flores\u201d, transcende sua beleza est\u00e9tica e perfume delicado para assumir um papel central nas pr\u00e1ticas m\u00edsticas, m\u00e1gicas e espirituais. Desde a Antiguidade, civiliza\u00e7\u00f5es associaram suas p\u00e9talas e cores \u00e0s for\u00e7as sutis do Universo, tornando-a s\u00edmbolo de amor, pureza, prote\u00e7\u00e3o e mist\u00e9rio. Em tradi\u00e7\u00f5es como a Magia Cerimonial, a Wicca [&hellip;]","og_url":"https:\/\/www.notibras.com\/site\/saiba-a-seducao-atracao-e-misterios-da-rosa\/","og_site_name":"Notibras","article_publisher":"https:\/\/www.facebook.com\/notibras\/","article_published_time":"2025-09-17T04:43:51+00:00","article_modified_time":"2025-09-17T09:42:02+00:00","og_image":[{"width":1241,"height":1600,"url":"https:\/\/www.notibras.com\/site\/wp-content\/uploads\/2025\/09\/e9bc0ddc-5934-4c59-b01c-50b6da82dde2-1.jpg","type":"image\/jpeg"}],"author":"Reda\u00e7\u00e3o","twitter_card":"summary_large_image","twitter_creator":"@Notibras","twitter_site":"@Notibras","twitter_misc":{"Escrito por":"Reda\u00e7\u00e3o","Est. tempo de leitura":"5 minutos"},"schema":{"@context":"https:\/\/schema.org","@graph":[{"@type":"Article","@id":"https:\/\/www.notibras.com\/site\/saiba-a-seducao-atracao-e-misterios-da-rosa\/#article","isPartOf":{"@id":"https:\/\/www.notibras.com\/site\/saiba-a-seducao-atracao-e-misterios-da-rosa\/"},"author":{"name":"Reda\u00e7\u00e3o","@id":"https:\/\/www.notibras.com\/site\/#\/schema\/person\/36ab0979449956132d3e5b517ea76ac8"},"headline":"Saiba a sedu\u00e7\u00e3o, atra\u00e7\u00e3o e mist\u00e9rios da Rosa","datePublished":"2025-09-17T04:43:51+00:00","dateModified":"2025-09-17T09:42:02+00:00","mainEntityOfPage":{"@id":"https:\/\/www.notibras.com\/site\/saiba-a-seducao-atracao-e-misterios-da-rosa\/"},"wordCount":774,"publisher":{"@id":"https:\/\/www.notibras.com\/site\/#organization"},"image":{"@id":"https:\/\/www.notibras.com\/site\/saiba-a-seducao-atracao-e-misterios-da-rosa\/#primaryimage"},"thumbnailUrl":"https:\/\/www.notibras.com\/site\/wp-content\/uploads\/2025\/09\/e9bc0ddc-5934-4c59-b01c-50b6da82dde2-1.jpg","articleSection":["Or\u00e1culos"],"inLanguage":"pt-BR"},{"@type":"WebPage","@id":"https:\/\/www.notibras.com\/site\/saiba-a-seducao-atracao-e-misterios-da-rosa\/","url":"https:\/\/www.notibras.com\/site\/saiba-a-seducao-atracao-e-misterios-da-rosa\/","name":"Saiba a sedu\u00e7\u00e3o, atra\u00e7\u00e3o e mist\u00e9rios da Rosa - Notibras","isPartOf":{"@id":"https:\/\/www.notibras.com\/site\/#website"},"primaryImageOfPage":{"@id":"https:\/\/www.notibras.com\/site\/saiba-a-seducao-atracao-e-misterios-da-rosa\/#primaryimage"},"image":{"@id":"https:\/\/www.notibras.com\/site\/saiba-a-seducao-atracao-e-misterios-da-rosa\/#primaryimage"},"thumbnailUrl":"https:\/\/www.notibras.com\/site\/wp-content\/uploads\/2025\/09\/e9bc0ddc-5934-4c59-b01c-50b6da82dde2-1.jpg","datePublished":"2025-09-17T04:43:51+00:00","dateModified":"2025-09-17T09:42:02+00:00","breadcrumb":{"@id":"https:\/\/www.notibras.com\/site\/saiba-a-seducao-atracao-e-misterios-da-rosa\/#breadcrumb"},"inLanguage":"pt-BR","potentialAction":[{"@type":"ReadAction","target":["https:\/\/www.notibras.com\/site\/saiba-a-seducao-atracao-e-misterios-da-rosa\/"]}]},{"@type":"ImageObject","inLanguage":"pt-BR","@id":"https:\/\/www.notibras.com\/site\/saiba-a-seducao-atracao-e-misterios-da-rosa\/#primaryimage","url":"https:\/\/www.notibras.com\/site\/wp-content\/uploads\/2025\/09\/e9bc0ddc-5934-4c59-b01c-50b6da82dde2-1.jpg","contentUrl":"https:\/\/www.notibras.com\/site\/wp-content\/uploads\/2025\/09\/e9bc0ddc-5934-4c59-b01c-50b6da82dde2-1.jpg","width":1241,"height":1600},{"@type":"BreadcrumbList","@id":"https:\/\/www.notibras.com\/site\/saiba-a-seducao-atracao-e-misterios-da-rosa\/#breadcrumb","itemListElement":[{"@type":"ListItem","position":1,"name":"In\u00edcio","item":"https:\/\/www.notibras.com\/site\/"},{"@type":"ListItem","position":2,"name":"Saiba a sedu\u00e7\u00e3o, atra\u00e7\u00e3o e mist\u00e9rios da Rosa"}]},{"@type":"WebSite","@id":"https:\/\/www.notibras.com\/site\/#website","url":"https:\/\/www.notibras.com\/site\/","name":"Notibras","description":"Not\u00edcias de Bras\u00edlia, do Brasil e do Mundo","publisher":{"@id":"https:\/\/www.notibras.com\/site\/#organization"},"potentialAction":[{"@type":"SearchAction","target":{"@type":"EntryPoint","urlTemplate":"https:\/\/www.notibras.com\/site\/?s={search_term_string}"},"query-input":{"@type":"PropertyValueSpecification","valueRequired":true,"valueName":"search_term_string"}}],"inLanguage":"pt-BR"},{"@type":"Organization","@id":"https:\/\/www.notibras.com\/site\/#organization","name":"Grupo Notibras de Comunica\u00e7\u00e3o","url":"https:\/\/www.notibras.com\/site\/","logo":{"@type":"ImageObject","inLanguage":"pt-BR","@id":"https:\/\/www.notibras.com\/site\/#\/schema\/logo\/image\/","url":"https:\/\/www.notibras.com\/site\/wp-content\/uploads\/2023\/01\/notibras23.png","contentUrl":"https:\/\/www.notibras.com\/site\/wp-content\/uploads\/2023\/01\/notibras23.png","width":350,"height":87,"caption":"Grupo Notibras de Comunica\u00e7\u00e3o"},"image":{"@id":"https:\/\/www.notibras.com\/site\/#\/schema\/logo\/image\/"},"sameAs":["https:\/\/www.facebook.com\/notibras\/","https:\/\/x.com\/Notibras","https:\/\/www.instagram.com\/notibras\/"]},{"@type":"Person","@id":"https:\/\/www.notibras.com\/site\/#\/schema\/person\/36ab0979449956132d3e5b517ea76ac8","name":"Reda\u00e7\u00e3o","image":{"@type":"ImageObject","inLanguage":"pt-BR","@id":"https:\/\/secure.gravatar.com\/avatar\/e0a867bdedb85fd243eadf09663511f96fc81e0720a4a42581f334ad4303aa6b?s=96&d=mm&r=g","url":"https:\/\/secure.gravatar.com\/avatar\/e0a867bdedb85fd243eadf09663511f96fc81e0720a4a42581f334ad4303aa6b?s=96&d=mm&r=g","contentUrl":"https:\/\/secure.gravatar.com\/avatar\/e0a867bdedb85fd243eadf09663511f96fc81e0720a4a42581f334ad4303aa6b?s=96&d=mm&r=g","caption":"Reda\u00e7\u00e3o"}}]}},"amp_enabled":true,"_links":{"self":[{"href":"https:\/\/www.notibras.com\/site\/wp-json\/wp\/v2\/posts\/364504","targetHints":{"allow":["GET"]}}],"collection":[{"href":"https:\/\/www.notibras.com\/site\/wp-json\/wp\/v2\/posts"}],"about":[{"href":"https:\/\/www.notibras.com\/site\/wp-json\/wp\/v2\/types\/post"}],"author":[{"embeddable":true,"href":"https:\/\/www.notibras.com\/site\/wp-json\/wp\/v2\/users\/2"}],"replies":[{"embeddable":true,"href":"https:\/\/www.notibras.com\/site\/wp-json\/wp\/v2\/comments?post=364504"}],"version-history":[{"count":5,"href":"https:\/\/www.notibras.com\/site\/wp-json\/wp\/v2\/posts\/364504\/revisions"}],"predecessor-version":[{"id":364534,"href":"https:\/\/www.notibras.com\/site\/wp-json\/wp\/v2\/posts\/364504\/revisions\/364534"}],"wp:featuredmedia":[{"embeddable":true,"href":"https:\/\/www.notibras.com\/site\/wp-json\/wp\/v2\/media\/364506"}],"wp:attachment":[{"href":"https:\/\/www.notibras.com\/site\/wp-json\/wp\/v2\/media?parent=364504"}],"wp:term":[{"taxonomy":"category","embeddable":true,"href":"https:\/\/www.notibras.com\/site\/wp-json\/wp\/v2\/categories?post=364504"},{"taxonomy":"post_tag","embeddable":true,"href":"https:\/\/www.notibras.com\/site\/wp-json\/wp\/v2\/tags?post=364504"}],"curies":[{"name":"wp","href":"https:\/\/api.w.org\/{rel}","templated":true}]}}