{"id":36453,"date":"2015-02-08T17:13:45","date_gmt":"2015-02-08T20:13:45","guid":{"rendered":"http:\/\/www.notibras.com\/site\/?p=36453"},"modified":"2015-02-08T18:16:32","modified_gmt":"2015-02-08T21:16:32","slug":"moreno-marca-dois-mas-nao-sabe-se-fica-no-vitorioso-gremio","status":"publish","type":"post","link":"https:\/\/www.notibras.com\/site\/moreno-marca-dois-mas-nao-sabe-se-fica-no-vitorioso-gremio\/","title":{"rendered":"Moreno marca dois mas n\u00e3o sabe se fica no vitorioso Gr\u00eamio"},"content":{"rendered":"<p class=\"text\">O acanhado est\u00e1dio do Avenida, em Santa Cruz do Sul, recebeu uma partida quente entre Gr\u00eamio e o pequeno time do interior ga\u00facho. N\u00e3o s\u00f3 na temperatura, que atingiu a casa dos 35\u00ba C e fez o juiz for\u00e7ar paradas t\u00e9cnicas para os jogadores.<\/p>\n<p class=\"text\">Em campo, o duelo teve duas expuls\u00f5es e s\u00f3 foi ganho pela equipe da capital, que viu Marcelo Moreno come\u00e7ar no banco por causa de uma poss\u00edvel negocia\u00e7\u00e3o, no fim por 3\u00a0a 1, com dois gols exatamente do atacante.<\/p>\n<blockquote>\n<p class=\"text\">Marcelo Moreno era o assunto desde antes da partida. Titular absoluto de Felip\u00e3o, o atacante foi para o banco de reservas do time \u00a0por causa de uma poss\u00edvel negocia\u00e7\u00e3o. Sem ele em campo, o Gr\u00eamio penou para jogar bem e marcar gols. Com ele, saiu com a vit\u00f3ria. E agora?<\/p>\n<\/blockquote>\n<p class=\"text\">Fora de casa, o time da capital saiu na frente aos 30min com gol de p\u00eanalti de Douglas. A equipe jogava melhor e ainda foi contemplada com a expuls\u00e3o de um advers\u00e1rio no primeiro tempo. No segundo, entretanto, tomou o empate e viu Luan tamb\u00e9m ser expulso para o jogo ficar igual numericamente. A equipe de Felip\u00e3o s\u00f3 foi salva por dois gols de Moreno.<\/p>\n<p class=\"text\">O Gr\u00eamio vive come\u00e7o de temporada inconstante \u2013 tinha uma vit\u00f3ria e uma derrota antes do jogo deste domingo. Agora, vai aos seis pontos e lidera provisoriamente o Gauch\u00e3o. Na pr\u00f3xima rodada, o Gr\u00eamio pega o Brasil de Pelotas.<\/p>\n","protected":false},"excerpt":{"rendered":"<p>O acanhado est\u00e1dio do Avenida, em Santa Cruz do Sul, recebeu uma partida quente entre Gr\u00eamio e o pequeno time do interior ga\u00facho. N\u00e3o s\u00f3 na temperatura, que atingiu a casa dos 35\u00ba C e fez o juiz for\u00e7ar paradas t\u00e9cnicas para os jogadores. Em campo, o duelo teve duas expuls\u00f5es e s\u00f3 foi ganho [&hellip;]<\/p>\n","protected":false},"author":2,"featured_media":36454,"comment_status":"open","ping_status":"closed","sticky":false,"template":"","format":"standard","meta":{"_acf_changed":false,"footnotes":""},"categories":[19,29],"tags":[],"class_list":["post-36453","post","type-post","status-publish","format-standard","has-post-thumbnail","hentry","category-esportes","category-futebol"],"acf":[],"yoast_head":"<!-- This site is optimized with the Yoast SEO plugin v27.2 - https:\/\/yoast.com\/product\/yoast-seo-wordpress\/ -->\n<title>Moreno marca dois mas n\u00e3o sabe se fica no vitorioso Gr\u00eamio - Notibras<\/title>\n<meta name=\"robots\" content=\"index, follow, max-snippet:-1, max-image-preview:large, max-video-preview:-1\" \/>\n<link rel=\"canonical\" href=\"https:\/\/www.notibras.com\/site\/moreno-marca-dois-mas-nao-sabe-se-fica-no-vitorioso-gremio\/\" \/>\n<meta property=\"og:locale\" content=\"pt_BR\" \/>\n<meta property=\"og:type\" content=\"article\" \/>\n<meta property=\"og:title\" content=\"Moreno marca dois mas n\u00e3o sabe se fica no vitorioso Gr\u00eamio - Notibras\" \/>\n<meta property=\"og:description\" content=\"O acanhado est\u00e1dio do Avenida, em Santa Cruz do Sul, recebeu uma partida quente entre Gr\u00eamio e o pequeno time do interior ga\u00facho. N\u00e3o s\u00f3 na temperatura, que atingiu a casa dos 35\u00ba C e fez o juiz for\u00e7ar paradas t\u00e9cnicas para os jogadores. Em campo, o duelo teve duas expuls\u00f5es e s\u00f3 foi ganho [&hellip;]\" \/>\n<meta property=\"og:url\" content=\"https:\/\/www.notibras.com\/site\/moreno-marca-dois-mas-nao-sabe-se-fica-no-vitorioso-gremio\/\" \/>\n<meta property=\"og:site_name\" content=\"Notibras\" \/>\n<meta property=\"article:publisher\" content=\"https:\/\/www.facebook.com\/notibras\/\" \/>\n<meta property=\"article:published_time\" content=\"2015-02-08T20:13:45+00:00\" \/>\n<meta property=\"article:modified_time\" content=\"2015-02-08T21:16:32+00:00\" \/>\n<meta property=\"og:image\" content=\"https:\/\/www.notibras.com\/site\/wp-content\/uploads\/2015\/02\/g.jpg\" \/>\n\t<meta property=\"og:image:width\" content=\"460\" \/>\n\t<meta property=\"og:image:height\" content=\"307\" \/>\n\t<meta property=\"og:image:type\" content=\"image\/jpeg\" \/>\n<meta name=\"author\" content=\"Reda\u00e7\u00e3o\" \/>\n<meta name=\"twitter:card\" content=\"summary_large_image\" \/>\n<meta name=\"twitter:creator\" content=\"@Notibras\" \/>\n<meta name=\"twitter:site\" content=\"@Notibras\" \/>\n<meta name=\"twitter:label1\" content=\"Escrito por\" \/>\n\t<meta name=\"twitter:data1\" content=\"Reda\u00e7\u00e3o\" \/>\n\t<meta name=\"twitter:label2\" content=\"Est. tempo de leitura\" \/>\n\t<meta name=\"twitter:data2\" content=\"1 minuto\" \/>\n<script type=\"application\/ld+json\" class=\"yoast-schema-graph\">{\"@context\":\"https:\/\/schema.org\",\"@graph\":[{\"@type\":\"Article\",\"@id\":\"https:\/\/www.notibras.com\/site\/moreno-marca-dois-mas-nao-sabe-se-fica-no-vitorioso-gremio\/#article\",\"isPartOf\":{\"@id\":\"https:\/\/www.notibras.com\/site\/moreno-marca-dois-mas-nao-sabe-se-fica-no-vitorioso-gremio\/\"},\"author\":{\"name\":\"Reda\u00e7\u00e3o\",\"@id\":\"https:\/\/www.notibras.com\/site\/#\/schema\/person\/36ab0979449956132d3e5b517ea76ac8\"},\"headline\":\"Moreno marca dois mas n\u00e3o sabe se fica no vitorioso Gr\u00eamio\",\"datePublished\":\"2015-02-08T20:13:45+00:00\",\"dateModified\":\"2015-02-08T21:16:32+00:00\",\"mainEntityOfPage\":{\"@id\":\"https:\/\/www.notibras.com\/site\/moreno-marca-dois-mas-nao-sabe-se-fica-no-vitorioso-gremio\/\"},\"wordCount\":273,\"commentCount\":0,\"publisher\":{\"@id\":\"https:\/\/www.notibras.com\/site\/#organization\"},\"image\":{\"@id\":\"https:\/\/www.notibras.com\/site\/moreno-marca-dois-mas-nao-sabe-se-fica-no-vitorioso-gremio\/#primaryimage\"},\"thumbnailUrl\":\"https:\/\/www.notibras.com\/site\/wp-content\/uploads\/2015\/02\/g.jpg\",\"articleSection\":[\"Esportes\",\"Futebol\"],\"inLanguage\":\"pt-BR\",\"potentialAction\":[{\"@type\":\"CommentAction\",\"name\":\"Comment\",\"target\":[\"https:\/\/www.notibras.com\/site\/moreno-marca-dois-mas-nao-sabe-se-fica-no-vitorioso-gremio\/#respond\"]}]},{\"@type\":\"WebPage\",\"@id\":\"https:\/\/www.notibras.com\/site\/moreno-marca-dois-mas-nao-sabe-se-fica-no-vitorioso-gremio\/\",\"url\":\"https:\/\/www.notibras.com\/site\/moreno-marca-dois-mas-nao-sabe-se-fica-no-vitorioso-gremio\/\",\"name\":\"Moreno marca dois mas n\u00e3o sabe se fica no vitorioso Gr\u00eamio - Notibras\",\"isPartOf\":{\"@id\":\"https:\/\/www.notibras.com\/site\/#website\"},\"primaryImageOfPage\":{\"@id\":\"https:\/\/www.notibras.com\/site\/moreno-marca-dois-mas-nao-sabe-se-fica-no-vitorioso-gremio\/#primaryimage\"},\"image\":{\"@id\":\"https:\/\/www.notibras.com\/site\/moreno-marca-dois-mas-nao-sabe-se-fica-no-vitorioso-gremio\/#primaryimage\"},\"thumbnailUrl\":\"https:\/\/www.notibras.com\/site\/wp-content\/uploads\/2015\/02\/g.jpg\",\"datePublished\":\"2015-02-08T20:13:45+00:00\",\"dateModified\":\"2015-02-08T21:16:32+00:00\",\"breadcrumb\":{\"@id\":\"https:\/\/www.notibras.com\/site\/moreno-marca-dois-mas-nao-sabe-se-fica-no-vitorioso-gremio\/#breadcrumb\"},\"inLanguage\":\"pt-BR\",\"potentialAction\":[{\"@type\":\"ReadAction\",\"target\":[\"https:\/\/www.notibras.com\/site\/moreno-marca-dois-mas-nao-sabe-se-fica-no-vitorioso-gremio\/\"]}]},{\"@type\":\"ImageObject\",\"inLanguage\":\"pt-BR\",\"@id\":\"https:\/\/www.notibras.com\/site\/moreno-marca-dois-mas-nao-sabe-se-fica-no-vitorioso-gremio\/#primaryimage\",\"url\":\"https:\/\/www.notibras.com\/site\/wp-content\/uploads\/2015\/02\/g.jpg\",\"contentUrl\":\"https:\/\/www.notibras.com\/site\/wp-content\/uploads\/2015\/02\/g.jpg\",\"width\":460,\"height\":307},{\"@type\":\"BreadcrumbList\",\"@id\":\"https:\/\/www.notibras.com\/site\/moreno-marca-dois-mas-nao-sabe-se-fica-no-vitorioso-gremio\/#breadcrumb\",\"itemListElement\":[{\"@type\":\"ListItem\",\"position\":1,\"name\":\"In\u00edcio\",\"item\":\"https:\/\/www.notibras.com\/site\/\"},{\"@type\":\"ListItem\",\"position\":2,\"name\":\"Moreno marca dois mas n\u00e3o sabe se fica no vitorioso Gr\u00eamio\"}]},{\"@type\":\"WebSite\",\"@id\":\"https:\/\/www.notibras.com\/site\/#website\",\"url\":\"https:\/\/www.notibras.com\/site\/\",\"name\":\"Notibras\",\"description\":\"Not\u00edcias de Bras\u00edlia, do Brasil e do Mundo\",\"publisher\":{\"@id\":\"https:\/\/www.notibras.com\/site\/#organization\"},\"potentialAction\":[{\"@type\":\"SearchAction\",\"target\":{\"@type\":\"EntryPoint\",\"urlTemplate\":\"https:\/\/www.notibras.com\/site\/?s={search_term_string}\"},\"query-input\":{\"@type\":\"PropertyValueSpecification\",\"valueRequired\":true,\"valueName\":\"search_term_string\"}}],\"inLanguage\":\"pt-BR\"},{\"@type\":\"Organization\",\"@id\":\"https:\/\/www.notibras.com\/site\/#organization\",\"name\":\"Grupo Notibras de Comunica\u00e7\u00e3o\",\"url\":\"https:\/\/www.notibras.com\/site\/\",\"logo\":{\"@type\":\"ImageObject\",\"inLanguage\":\"pt-BR\",\"@id\":\"https:\/\/www.notibras.com\/site\/#\/schema\/logo\/image\/\",\"url\":\"https:\/\/www.notibras.com\/site\/wp-content\/uploads\/2023\/01\/notibras23.png\",\"contentUrl\":\"https:\/\/www.notibras.com\/site\/wp-content\/uploads\/2023\/01\/notibras23.png\",\"width\":350,\"height\":87,\"caption\":\"Grupo Notibras de Comunica\u00e7\u00e3o\"},\"image\":{\"@id\":\"https:\/\/www.notibras.com\/site\/#\/schema\/logo\/image\/\"},\"sameAs\":[\"https:\/\/www.facebook.com\/notibras\/\",\"https:\/\/x.com\/Notibras\",\"https:\/\/www.instagram.com\/notibras\/\"]},{\"@type\":\"Person\",\"@id\":\"https:\/\/www.notibras.com\/site\/#\/schema\/person\/36ab0979449956132d3e5b517ea76ac8\",\"name\":\"Reda\u00e7\u00e3o\",\"image\":{\"@type\":\"ImageObject\",\"inLanguage\":\"pt-BR\",\"@id\":\"https:\/\/secure.gravatar.com\/avatar\/e0a867bdedb85fd243eadf09663511f96fc81e0720a4a42581f334ad4303aa6b?s=96&d=mm&r=g\",\"url\":\"https:\/\/secure.gravatar.com\/avatar\/e0a867bdedb85fd243eadf09663511f96fc81e0720a4a42581f334ad4303aa6b?s=96&d=mm&r=g\",\"contentUrl\":\"https:\/\/secure.gravatar.com\/avatar\/e0a867bdedb85fd243eadf09663511f96fc81e0720a4a42581f334ad4303aa6b?s=96&d=mm&r=g\",\"caption\":\"Reda\u00e7\u00e3o\"}}]}<\/script>\n<!-- \/ Yoast SEO plugin. -->","yoast_head_json":{"title":"Moreno marca dois mas n\u00e3o sabe se fica no vitorioso Gr\u00eamio - Notibras","robots":{"index":"index","follow":"follow","max-snippet":"max-snippet:-1","max-image-preview":"max-image-preview:large","max-video-preview":"max-video-preview:-1"},"canonical":"https:\/\/www.notibras.com\/site\/moreno-marca-dois-mas-nao-sabe-se-fica-no-vitorioso-gremio\/","og_locale":"pt_BR","og_type":"article","og_title":"Moreno marca dois mas n\u00e3o sabe se fica no vitorioso Gr\u00eamio - Notibras","og_description":"O acanhado est\u00e1dio do Avenida, em Santa Cruz do Sul, recebeu uma partida quente entre Gr\u00eamio e o pequeno time do interior ga\u00facho. N\u00e3o s\u00f3 na temperatura, que atingiu a casa dos 35\u00ba C e fez o juiz for\u00e7ar paradas t\u00e9cnicas para os jogadores. Em campo, o duelo teve duas expuls\u00f5es e s\u00f3 foi ganho [&hellip;]","og_url":"https:\/\/www.notibras.com\/site\/moreno-marca-dois-mas-nao-sabe-se-fica-no-vitorioso-gremio\/","og_site_name":"Notibras","article_publisher":"https:\/\/www.facebook.com\/notibras\/","article_published_time":"2015-02-08T20:13:45+00:00","article_modified_time":"2015-02-08T21:16:32+00:00","og_image":[{"width":460,"height":307,"url":"https:\/\/www.notibras.com\/site\/wp-content\/uploads\/2015\/02\/g.jpg","type":"image\/jpeg"}],"author":"Reda\u00e7\u00e3o","twitter_card":"summary_large_image","twitter_creator":"@Notibras","twitter_site":"@Notibras","twitter_misc":{"Escrito por":"Reda\u00e7\u00e3o","Est. tempo de leitura":"1 minuto"},"schema":{"@context":"https:\/\/schema.org","@graph":[{"@type":"Article","@id":"https:\/\/www.notibras.com\/site\/moreno-marca-dois-mas-nao-sabe-se-fica-no-vitorioso-gremio\/#article","isPartOf":{"@id":"https:\/\/www.notibras.com\/site\/moreno-marca-dois-mas-nao-sabe-se-fica-no-vitorioso-gremio\/"},"author":{"name":"Reda\u00e7\u00e3o","@id":"https:\/\/www.notibras.com\/site\/#\/schema\/person\/36ab0979449956132d3e5b517ea76ac8"},"headline":"Moreno marca dois mas n\u00e3o sabe se fica no vitorioso Gr\u00eamio","datePublished":"2015-02-08T20:13:45+00:00","dateModified":"2015-02-08T21:16:32+00:00","mainEntityOfPage":{"@id":"https:\/\/www.notibras.com\/site\/moreno-marca-dois-mas-nao-sabe-se-fica-no-vitorioso-gremio\/"},"wordCount":273,"commentCount":0,"publisher":{"@id":"https:\/\/www.notibras.com\/site\/#organization"},"image":{"@id":"https:\/\/www.notibras.com\/site\/moreno-marca-dois-mas-nao-sabe-se-fica-no-vitorioso-gremio\/#primaryimage"},"thumbnailUrl":"https:\/\/www.notibras.com\/site\/wp-content\/uploads\/2015\/02\/g.jpg","articleSection":["Esportes","Futebol"],"inLanguage":"pt-BR","potentialAction":[{"@type":"CommentAction","name":"Comment","target":["https:\/\/www.notibras.com\/site\/moreno-marca-dois-mas-nao-sabe-se-fica-no-vitorioso-gremio\/#respond"]}]},{"@type":"WebPage","@id":"https:\/\/www.notibras.com\/site\/moreno-marca-dois-mas-nao-sabe-se-fica-no-vitorioso-gremio\/","url":"https:\/\/www.notibras.com\/site\/moreno-marca-dois-mas-nao-sabe-se-fica-no-vitorioso-gremio\/","name":"Moreno marca dois mas n\u00e3o sabe se fica no vitorioso Gr\u00eamio - Notibras","isPartOf":{"@id":"https:\/\/www.notibras.com\/site\/#website"},"primaryImageOfPage":{"@id":"https:\/\/www.notibras.com\/site\/moreno-marca-dois-mas-nao-sabe-se-fica-no-vitorioso-gremio\/#primaryimage"},"image":{"@id":"https:\/\/www.notibras.com\/site\/moreno-marca-dois-mas-nao-sabe-se-fica-no-vitorioso-gremio\/#primaryimage"},"thumbnailUrl":"https:\/\/www.notibras.com\/site\/wp-content\/uploads\/2015\/02\/g.jpg","datePublished":"2015-02-08T20:13:45+00:00","dateModified":"2015-02-08T21:16:32+00:00","breadcrumb":{"@id":"https:\/\/www.notibras.com\/site\/moreno-marca-dois-mas-nao-sabe-se-fica-no-vitorioso-gremio\/#breadcrumb"},"inLanguage":"pt-BR","potentialAction":[{"@type":"ReadAction","target":["https:\/\/www.notibras.com\/site\/moreno-marca-dois-mas-nao-sabe-se-fica-no-vitorioso-gremio\/"]}]},{"@type":"ImageObject","inLanguage":"pt-BR","@id":"https:\/\/www.notibras.com\/site\/moreno-marca-dois-mas-nao-sabe-se-fica-no-vitorioso-gremio\/#primaryimage","url":"https:\/\/www.notibras.com\/site\/wp-content\/uploads\/2015\/02\/g.jpg","contentUrl":"https:\/\/www.notibras.com\/site\/wp-content\/uploads\/2015\/02\/g.jpg","width":460,"height":307},{"@type":"BreadcrumbList","@id":"https:\/\/www.notibras.com\/site\/moreno-marca-dois-mas-nao-sabe-se-fica-no-vitorioso-gremio\/#breadcrumb","itemListElement":[{"@type":"ListItem","position":1,"name":"In\u00edcio","item":"https:\/\/www.notibras.com\/site\/"},{"@type":"ListItem","position":2,"name":"Moreno marca dois mas n\u00e3o sabe se fica no vitorioso Gr\u00eamio"}]},{"@type":"WebSite","@id":"https:\/\/www.notibras.com\/site\/#website","url":"https:\/\/www.notibras.com\/site\/","name":"Notibras","description":"Not\u00edcias de Bras\u00edlia, do Brasil e do Mundo","publisher":{"@id":"https:\/\/www.notibras.com\/site\/#organization"},"potentialAction":[{"@type":"SearchAction","target":{"@type":"EntryPoint","urlTemplate":"https:\/\/www.notibras.com\/site\/?s={search_term_string}"},"query-input":{"@type":"PropertyValueSpecification","valueRequired":true,"valueName":"search_term_string"}}],"inLanguage":"pt-BR"},{"@type":"Organization","@id":"https:\/\/www.notibras.com\/site\/#organization","name":"Grupo Notibras de Comunica\u00e7\u00e3o","url":"https:\/\/www.notibras.com\/site\/","logo":{"@type":"ImageObject","inLanguage":"pt-BR","@id":"https:\/\/www.notibras.com\/site\/#\/schema\/logo\/image\/","url":"https:\/\/www.notibras.com\/site\/wp-content\/uploads\/2023\/01\/notibras23.png","contentUrl":"https:\/\/www.notibras.com\/site\/wp-content\/uploads\/2023\/01\/notibras23.png","width":350,"height":87,"caption":"Grupo Notibras de Comunica\u00e7\u00e3o"},"image":{"@id":"https:\/\/www.notibras.com\/site\/#\/schema\/logo\/image\/"},"sameAs":["https:\/\/www.facebook.com\/notibras\/","https:\/\/x.com\/Notibras","https:\/\/www.instagram.com\/notibras\/"]},{"@type":"Person","@id":"https:\/\/www.notibras.com\/site\/#\/schema\/person\/36ab0979449956132d3e5b517ea76ac8","name":"Reda\u00e7\u00e3o","image":{"@type":"ImageObject","inLanguage":"pt-BR","@id":"https:\/\/secure.gravatar.com\/avatar\/e0a867bdedb85fd243eadf09663511f96fc81e0720a4a42581f334ad4303aa6b?s=96&d=mm&r=g","url":"https:\/\/secure.gravatar.com\/avatar\/e0a867bdedb85fd243eadf09663511f96fc81e0720a4a42581f334ad4303aa6b?s=96&d=mm&r=g","contentUrl":"https:\/\/secure.gravatar.com\/avatar\/e0a867bdedb85fd243eadf09663511f96fc81e0720a4a42581f334ad4303aa6b?s=96&d=mm&r=g","caption":"Reda\u00e7\u00e3o"}}]}},"amp_enabled":true,"_links":{"self":[{"href":"https:\/\/www.notibras.com\/site\/wp-json\/wp\/v2\/posts\/36453","targetHints":{"allow":["GET"]}}],"collection":[{"href":"https:\/\/www.notibras.com\/site\/wp-json\/wp\/v2\/posts"}],"about":[{"href":"https:\/\/www.notibras.com\/site\/wp-json\/wp\/v2\/types\/post"}],"author":[{"embeddable":true,"href":"https:\/\/www.notibras.com\/site\/wp-json\/wp\/v2\/users\/2"}],"replies":[{"embeddable":true,"href":"https:\/\/www.notibras.com\/site\/wp-json\/wp\/v2\/comments?post=36453"}],"version-history":[{"count":0,"href":"https:\/\/www.notibras.com\/site\/wp-json\/wp\/v2\/posts\/36453\/revisions"}],"wp:featuredmedia":[{"embeddable":true,"href":"https:\/\/www.notibras.com\/site\/wp-json\/wp\/v2\/media\/36454"}],"wp:attachment":[{"href":"https:\/\/www.notibras.com\/site\/wp-json\/wp\/v2\/media?parent=36453"}],"wp:term":[{"taxonomy":"category","embeddable":true,"href":"https:\/\/www.notibras.com\/site\/wp-json\/wp\/v2\/categories?post=36453"},{"taxonomy":"post_tag","embeddable":true,"href":"https:\/\/www.notibras.com\/site\/wp-json\/wp\/v2\/tags?post=36453"}],"curies":[{"name":"wp","href":"https:\/\/api.w.org\/{rel}","templated":true}]}}